{"id":377567,"date":"2026-01-03T15:52:43","date_gmt":"2026-01-03T18:52:43","guid":{"rendered":"https:\/\/www.notibras.com\/site\/?p=377567"},"modified":"2026-01-03T16:00:02","modified_gmt":"2026-01-03T19:00:02","slug":"trump-vira-nero-digital-ao-expor-maduro-como-trofeu-de-terrorismo","status":"publish","type":"post","link":"https:\/\/www.notibras.com\/site\/trump-vira-nero-digital-ao-expor-maduro-como-trofeu-de-terrorismo\/","title":{"rendered":"Trump vira Nero digital ao expor Maduro como trof\u00e9u de terrorismo"},"content":{"rendered":"<p>Ao longo da minha carreira jornal\u00edstica &#8211; e l\u00e1 se v\u00e3o meio s\u00e9culo e metade de uma d\u00e9cada &#8211; cobri por um bom per\u00edodo o Itamaraty e o corpo diplom\u00e1tico acreditado em Bras\u00edlia. Cruzei os port\u00f5es da festiva, embora trai\u00e7oeira, embaixada dos Estados Unidos; os da ent\u00e3o Uni\u00e3o Sovi\u00e9tica, imponente, como que coberta por uma cortina de ferro; e os da China, t\u00e3o silenciosa que me fazia imaginar-me no jardim de um mosteiro no topo do Himalaia.<\/p>\n<p>Com a experi\u00eancia adquirida nas conversas com adidos de imprensa, secret\u00e1rios e um ou outro embaixador, aprendi que h\u00e1 momentos na Hist\u00f3ria em que n\u00e3o cabe neutralidade, nem pondera\u00e7\u00e3o diplom\u00e1tica, muito menos aquele vocabul\u00e1rio frouxo que transforma crime em movimento estrat\u00e9gico. Permito-me afirmar, portanto, que a imagem divulgada por Donald Trump exibindo Nicol\u00e1s Maduro vendado, algemado e exposto como trof\u00e9u de guerra, indica que n\u00e3o estamos assistindo a uma crise internacional comum, mas que presenciamos um ato de barb\u00e1rie travestido de poder.<\/p>\n<p>N\u00e3o se trata de simpatia ou antipatia por Maduro. Isso \u00e9 irrelevante. At\u00e9 porque, ditadores n\u00e3o perdem automaticamente a condi\u00e7\u00e3o de chefes de Estado aos olhos do Direito Internacional. O que Trump fez foi algo muito mais grave, uma vez que rasgou a Carta da ONU em pra\u00e7a p\u00fablica, diante de c\u00e2meras, e sorriu.<\/p>\n<p>Nunca ficou t\u00e3o claro que Trump n\u00e3o governa como estadista, mas como produtor de conte\u00fado b\u00e9lico. A foto postada nas redes sociais n\u00e3o comunica for\u00e7a, mas desprezo absoluto por qualquer limite civilizat\u00f3rio. Ao reduzir um presidente estrangeiro a objeto de humilha\u00e7\u00e3o, Trump inaugurou uma doutrina perigos\u00edssima, tendo o sequestro de um desafeto como narrativa pol\u00edtica.<\/p>\n<p>Se a moda pega (cuidado, Lula), nenhum governante do mundo estar\u00e1 seguro. N\u00e3o por ser culpado, mas por ser fraco demais para se proteger. A exce\u00e7\u00e3o fica para quem tem o bot\u00e3o das armas nucleares. A\u00ed, o bicho pega.<\/p>\n<p>Trump &#8211; redimindo o que foi dito aqui &#8211; n\u00e3o age como imperador, porque imperadores, ao menos, tinham consci\u00eancia do peso hist\u00f3rico de seus atos. O hoje ocupante da Casa Branca se comporta como um Nero tardio, incendiando a ordem internacional enquanto toca sua lira digital para uma plateia interna sedenta por espet\u00e1culo e revanche.<\/p>\n<p>O problema \u00e9 que o mundo real n\u00e3o \u00e9 reiniciado ap\u00f3s o inc\u00eandio. E a China e a R\u00fassia, com investimentos trilion\u00e1rios na rep\u00fablica bolivariana, n\u00e3o est\u00e3o aplaudindo. Apenas tomam conhecimento e anotam. Quem espera uma rea\u00e7\u00e3o imediata de Pequim ou Moscou em forma de m\u00edsseis demonstra incompreens\u00e3o estrat\u00e9gica. As grandes pot\u00eancias n\u00e3o reagem no calor do espet\u00e1culo. Elas memorizam, fazem seus c\u00e1lculos e ajustes necess\u00e1rios.<\/p>\n<p>O recado que Trump envia n\u00e3o \u00e9 apenas \u00e0 Venezuela. \u00c9 \u00e0 China, \u00e0 R\u00fassia, ao Ir\u00e3, \u00e0 \u00c1frica, \u00e0 Am\u00e9rica Latina inteira. \u00c9 como se o fantasiado Tio Sam dissesse que o Direito Internacional acabou e valem as regras de quem pode mais. E essa mensagem ter\u00e1 resposta. N\u00e3o hoje. Talvez n\u00e3o amanh\u00e3. Mas em algum ponto do planeta onde Washington n\u00e3o controla o tabuleiro.<\/p>\n<p>A Hist\u00f3ria ensina, sob, sobre e ao lado de cad\u00e1veres, que atos de for\u00e7a espetacular n\u00e3o intimidam indefinidamente. Eles alimentam ressentimento, fanatismo, a\u00e7\u00f5es solit\u00e1rias, terrorismo difuso, viol\u00eancia fora de qualquer cadeia de comando. E Trump parece ignorar uma li\u00e7\u00e3o elementar: ningu\u00e9m controla o \u00f3dio que ajuda a fabricar. Porque quando o Estado vira predador expl\u00edcito, ele autoriza todo tipo de loucura em nome da vingan\u00e7a, da f\u00e9, da p\u00e1tria ou da insanidade pura.<\/p>\n<p>O mais assustador n\u00e3o \u00e9 a imagem de Nicol\u00e1s Maduro preso, algemado. \u00c9 o precedente. Se isso passa sem rea\u00e7\u00e3o firme da comunidade internacional, o mundo entra numa era em que n\u00e3o h\u00e1 mais linhas vermelhas, apenas conveni\u00eancias moment\u00e2neas. Se hoje foi Caracas, amanh\u00e3 pode ser qualquer capital. Qualquer l\u00edder. Qualquer pa\u00eds fora do eixo do poder.<\/p>\n<p>O ataque trai\u00e7oeiro de Trump n\u00e3o foi para defender a democracia, mas para ensinar o mundo a desprez\u00e1-la. Foi para roubar o petr\u00f3leo, as riquezas do povo venezuelano. E quando a barb\u00e1rie vira pol\u00edtica oficial, o planeta n\u00e3o caminha para a ordem. Marcha, sim, para o acidente. Algo grande, irrevers\u00edvel e global.<\/p>\n<p>&#8230;&#8230;&#8230;..<\/p>\n<p><strong>Jos\u00e9 Seabra \u00e9 CEO fundador de Notibras<\/strong><\/p>\n","protected":false},"excerpt":{"rendered":"<p>Ao longo da minha carreira jornal\u00edstica &#8211; e l\u00e1 se v\u00e3o meio s\u00e9culo e metade de uma d\u00e9cada &#8211; cobri por um bom per\u00edodo o Itamaraty e o corpo diplom\u00e1tico acreditado em Bras\u00edlia. Cruzei os port\u00f5es da festiva, embora trai\u00e7oeira, embaixada dos Estados Unidos; os da ent\u00e3o Uni\u00e3o Sovi\u00e9tica, imponente, como que coberta por uma [&hellip;]<\/p>\n","protected":false},"author":2,"featured_media":377569,"comment_status":"closed","ping_status":"closed","sticky":false,"template":"","format":"standard","meta":{"_acf_changed":false,"footnotes":""},"categories":[159],"tags":[95],"class_list":["post-377567","post","type-post","status-publish","format-standard","has-post-thumbnail","hentry","category-apocalipse","tag-capa"],"acf":[],"yoast_head":"<!-- This site is optimized with the Yoast SEO plugin v27.2 - https:\/\/yoast.com\/product\/yoast-seo-wordpress\/ -->\n<title>Trump vira Nero digital ao expor Maduro como trof\u00e9u de terrorismo - Notibras<\/title>\n<meta name=\"robots\" content=\"index, follow, max-snippet:-1, max-image-preview:large, max-video-preview:-1\" \/>\n<link rel=\"canonical\" href=\"https:\/\/www.notibras.com\/site\/trump-vira-nero-digital-ao-expor-maduro-como-trofeu-de-terrorismo\/\" \/>\n<meta property=\"og:locale\" content=\"pt_BR\" \/>\n<meta property=\"og:type\" content=\"article\" \/>\n<meta property=\"og:title\" content=\"Trump vira Nero digital ao expor Maduro como trof\u00e9u de terrorismo - Notibras\" \/>\n<meta property=\"og:description\" content=\"Ao longo da minha carreira jornal\u00edstica &#8211; e l\u00e1 se v\u00e3o meio s\u00e9culo e metade de uma d\u00e9cada &#8211; cobri por um bom per\u00edodo o Itamaraty e o corpo diplom\u00e1tico acreditado em Bras\u00edlia. Cruzei os port\u00f5es da festiva, embora trai\u00e7oeira, embaixada dos Estados Unidos; os da ent\u00e3o Uni\u00e3o Sovi\u00e9tica, imponente, como que coberta por uma [&hellip;]\" \/>\n<meta property=\"og:url\" content=\"https:\/\/www.notibras.com\/site\/trump-vira-nero-digital-ao-expor-maduro-como-trofeu-de-terrorismo\/\" \/>\n<meta property=\"og:site_name\" content=\"Notibras\" \/>\n<meta property=\"article:publisher\" content=\"https:\/\/www.facebook.com\/notibras\/\" \/>\n<meta property=\"article:published_time\" content=\"2026-01-03T18:52:43+00:00\" \/>\n<meta property=\"article:modified_time\" content=\"2026-01-03T19:00:02+00:00\" \/>\n<meta property=\"og:image\" content=\"https:\/\/www.notibras.com\/site\/wp-content\/uploads\/2026\/01\/guerra.ve_.jpg\" \/>\n\t<meta property=\"og:image:width\" content=\"699\" \/>\n\t<meta property=\"og:image:height\" content=\"1084\" \/>\n\t<meta property=\"og:image:type\" content=\"image\/jpeg\" \/>\n<meta name=\"author\" content=\"Reda\u00e7\u00e3o\" \/>\n<meta name=\"twitter:card\" content=\"summary_large_image\" \/>\n<meta name=\"twitter:creator\" content=\"@Notibras\" \/>\n<meta name=\"twitter:site\" content=\"@Notibras\" \/>\n<meta name=\"twitter:label1\" content=\"Escrito por\" \/>\n\t<meta name=\"twitter:data1\" content=\"Reda\u00e7\u00e3o\" \/>\n\t<meta name=\"twitter:label2\" content=\"Est. tempo de leitura\" \/>\n\t<meta name=\"twitter:data2\" content=\"5 minutos\" \/>\n<script type=\"application\/ld+json\" class=\"yoast-schema-graph\">{\"@context\":\"https:\/\/schema.org\",\"@graph\":[{\"@type\":\"Article\",\"@id\":\"https:\/\/www.notibras.com\/site\/trump-vira-nero-digital-ao-expor-maduro-como-trofeu-de-terrorismo\/#article\",\"isPartOf\":{\"@id\":\"https:\/\/www.notibras.com\/site\/trump-vira-nero-digital-ao-expor-maduro-como-trofeu-de-terrorismo\/\"},\"author\":{\"name\":\"Reda\u00e7\u00e3o\",\"@id\":\"https:\/\/www.notibras.com\/site\/#\/schema\/person\/36ab0979449956132d3e5b517ea76ac8\"},\"headline\":\"Trump vira Nero digital ao expor Maduro como trof\u00e9u de terrorismo\",\"datePublished\":\"2026-01-03T18:52:43+00:00\",\"dateModified\":\"2026-01-03T19:00:02+00:00\",\"mainEntityOfPage\":{\"@id\":\"https:\/\/www.notibras.com\/site\/trump-vira-nero-digital-ao-expor-maduro-como-trofeu-de-terrorismo\/\"},\"wordCount\":780,\"publisher\":{\"@id\":\"https:\/\/www.notibras.com\/site\/#organization\"},\"image\":{\"@id\":\"https:\/\/www.notibras.com\/site\/trump-vira-nero-digital-ao-expor-maduro-como-trofeu-de-terrorismo\/#primaryimage\"},\"thumbnailUrl\":\"https:\/\/www.notibras.com\/site\/wp-content\/uploads\/2026\/01\/guerra.ve_.jpg\",\"keywords\":[\"capa\"],\"articleSection\":[\"Apocalipse\"],\"inLanguage\":\"pt-BR\"},{\"@type\":\"WebPage\",\"@id\":\"https:\/\/www.notibras.com\/site\/trump-vira-nero-digital-ao-expor-maduro-como-trofeu-de-terrorismo\/\",\"url\":\"https:\/\/www.notibras.com\/site\/trump-vira-nero-digital-ao-expor-maduro-como-trofeu-de-terrorismo\/\",\"name\":\"Trump vira Nero digital ao expor Maduro como trof\u00e9u de terrorismo - Notibras\",\"isPartOf\":{\"@id\":\"https:\/\/www.notibras.com\/site\/#website\"},\"primaryImageOfPage\":{\"@id\":\"https:\/\/www.notibras.com\/site\/trump-vira-nero-digital-ao-expor-maduro-como-trofeu-de-terrorismo\/#primaryimage\"},\"image\":{\"@id\":\"https:\/\/www.notibras.com\/site\/trump-vira-nero-digital-ao-expor-maduro-como-trofeu-de-terrorismo\/#primaryimage\"},\"thumbnailUrl\":\"https:\/\/www.notibras.com\/site\/wp-content\/uploads\/2026\/01\/guerra.ve_.jpg\",\"datePublished\":\"2026-01-03T18:52:43+00:00\",\"dateModified\":\"2026-01-03T19:00:02+00:00\",\"breadcrumb\":{\"@id\":\"https:\/\/www.notibras.com\/site\/trump-vira-nero-digital-ao-expor-maduro-como-trofeu-de-terrorismo\/#breadcrumb\"},\"inLanguage\":\"pt-BR\",\"potentialAction\":[{\"@type\":\"ReadAction\",\"target\":[\"https:\/\/www.notibras.com\/site\/trump-vira-nero-digital-ao-expor-maduro-como-trofeu-de-terrorismo\/\"]}]},{\"@type\":\"ImageObject\",\"inLanguage\":\"pt-BR\",\"@id\":\"https:\/\/www.notibras.com\/site\/trump-vira-nero-digital-ao-expor-maduro-como-trofeu-de-terrorismo\/#primaryimage\",\"url\":\"https:\/\/www.notibras.com\/site\/wp-content\/uploads\/2026\/01\/guerra.ve_.jpg\",\"contentUrl\":\"https:\/\/www.notibras.com\/site\/wp-content\/uploads\/2026\/01\/guerra.ve_.jpg\",\"width\":699,\"height\":1084},{\"@type\":\"BreadcrumbList\",\"@id\":\"https:\/\/www.notibras.com\/site\/trump-vira-nero-digital-ao-expor-maduro-como-trofeu-de-terrorismo\/#breadcrumb\",\"itemListElement\":[{\"@type\":\"ListItem\",\"position\":1,\"name\":\"In\u00edcio\",\"item\":\"https:\/\/www.notibras.com\/site\/\"},{\"@type\":\"ListItem\",\"position\":2,\"name\":\"Trump vira Nero digital ao expor Maduro como trof\u00e9u de terrorismo\"}]},{\"@type\":\"WebSite\",\"@id\":\"https:\/\/www.notibras.com\/site\/#website\",\"url\":\"https:\/\/www.notibras.com\/site\/\",\"name\":\"Notibras\",\"description\":\"Not\u00edcias de Bras\u00edlia, do Brasil e do Mundo\",\"publisher\":{\"@id\":\"https:\/\/www.notibras.com\/site\/#organization\"},\"potentialAction\":[{\"@type\":\"SearchAction\",\"target\":{\"@type\":\"EntryPoint\",\"urlTemplate\":\"https:\/\/www.notibras.com\/site\/?s={search_term_string}\"},\"query-input\":{\"@type\":\"PropertyValueSpecification\",\"valueRequired\":true,\"valueName\":\"search_term_string\"}}],\"inLanguage\":\"pt-BR\"},{\"@type\":\"Organization\",\"@id\":\"https:\/\/www.notibras.com\/site\/#organization\",\"name\":\"Grupo Notibras de Comunica\u00e7\u00e3o\",\"url\":\"https:\/\/www.notibras.com\/site\/\",\"logo\":{\"@type\":\"ImageObject\",\"inLanguage\":\"pt-BR\",\"@id\":\"https:\/\/www.notibras.com\/site\/#\/schema\/logo\/image\/\",\"url\":\"https:\/\/www.notibras.com\/site\/wp-content\/uploads\/2023\/01\/notibras23.png\",\"contentUrl\":\"https:\/\/www.notibras.com\/site\/wp-content\/uploads\/2023\/01\/notibras23.png\",\"width\":350,\"height\":87,\"caption\":\"Grupo Notibras de Comunica\u00e7\u00e3o\"},\"image\":{\"@id\":\"https:\/\/www.notibras.com\/site\/#\/schema\/logo\/image\/\"},\"sameAs\":[\"https:\/\/www.facebook.com\/notibras\/\",\"https:\/\/x.com\/Notibras\",\"https:\/\/www.instagram.com\/notibras\/\"]},{\"@type\":\"Person\",\"@id\":\"https:\/\/www.notibras.com\/site\/#\/schema\/person\/36ab0979449956132d3e5b517ea76ac8\",\"name\":\"Reda\u00e7\u00e3o\",\"image\":{\"@type\":\"ImageObject\",\"inLanguage\":\"pt-BR\",\"@id\":\"https:\/\/secure.gravatar.com\/avatar\/e0a867bdedb85fd243eadf09663511f96fc81e0720a4a42581f334ad4303aa6b?s=96&d=mm&r=g\",\"url\":\"https:\/\/secure.gravatar.com\/avatar\/e0a867bdedb85fd243eadf09663511f96fc81e0720a4a42581f334ad4303aa6b?s=96&d=mm&r=g\",\"contentUrl\":\"https:\/\/secure.gravatar.com\/avatar\/e0a867bdedb85fd243eadf09663511f96fc81e0720a4a42581f334ad4303aa6b?s=96&d=mm&r=g\",\"caption\":\"Reda\u00e7\u00e3o\"}}]}<\/script>\n<!-- \/ Yoast SEO plugin. -->","yoast_head_json":{"title":"Trump vira Nero digital ao expor Maduro como trof\u00e9u de terrorismo - Notibras","robots":{"index":"index","follow":"follow","max-snippet":"max-snippet:-1","max-image-preview":"max-image-preview:large","max-video-preview":"max-video-preview:-1"},"canonical":"https:\/\/www.notibras.com\/site\/trump-vira-nero-digital-ao-expor-maduro-como-trofeu-de-terrorismo\/","og_locale":"pt_BR","og_type":"article","og_title":"Trump vira Nero digital ao expor Maduro como trof\u00e9u de terrorismo - Notibras","og_description":"Ao longo da minha carreira jornal\u00edstica &#8211; e l\u00e1 se v\u00e3o meio s\u00e9culo e metade de uma d\u00e9cada &#8211; cobri por um bom per\u00edodo o Itamaraty e o corpo diplom\u00e1tico acreditado em Bras\u00edlia. Cruzei os port\u00f5es da festiva, embora trai\u00e7oeira, embaixada dos Estados Unidos; os da ent\u00e3o Uni\u00e3o Sovi\u00e9tica, imponente, como que coberta por uma [&hellip;]","og_url":"https:\/\/www.notibras.com\/site\/trump-vira-nero-digital-ao-expor-maduro-como-trofeu-de-terrorismo\/","og_site_name":"Notibras","article_publisher":"https:\/\/www.facebook.com\/notibras\/","article_published_time":"2026-01-03T18:52:43+00:00","article_modified_time":"2026-01-03T19:00:02+00:00","og_image":[{"width":699,"height":1084,"url":"https:\/\/www.notibras.com\/site\/wp-content\/uploads\/2026\/01\/guerra.ve_.jpg","type":"image\/jpeg"}],"author":"Reda\u00e7\u00e3o","twitter_card":"summary_large_image","twitter_creator":"@Notibras","twitter_site":"@Notibras","twitter_misc":{"Escrito por":"Reda\u00e7\u00e3o","Est. tempo de leitura":"5 minutos"},"schema":{"@context":"https:\/\/schema.org","@graph":[{"@type":"Article","@id":"https:\/\/www.notibras.com\/site\/trump-vira-nero-digital-ao-expor-maduro-como-trofeu-de-terrorismo\/#article","isPartOf":{"@id":"https:\/\/www.notibras.com\/site\/trump-vira-nero-digital-ao-expor-maduro-como-trofeu-de-terrorismo\/"},"author":{"name":"Reda\u00e7\u00e3o","@id":"https:\/\/www.notibras.com\/site\/#\/schema\/person\/36ab0979449956132d3e5b517ea76ac8"},"headline":"Trump vira Nero digital ao expor Maduro como trof\u00e9u de terrorismo","datePublished":"2026-01-03T18:52:43+00:00","dateModified":"2026-01-03T19:00:02+00:00","mainEntityOfPage":{"@id":"https:\/\/www.notibras.com\/site\/trump-vira-nero-digital-ao-expor-maduro-como-trofeu-de-terrorismo\/"},"wordCount":780,"publisher":{"@id":"https:\/\/www.notibras.com\/site\/#organization"},"image":{"@id":"https:\/\/www.notibras.com\/site\/trump-vira-nero-digital-ao-expor-maduro-como-trofeu-de-terrorismo\/#primaryimage"},"thumbnailUrl":"https:\/\/www.notibras.com\/site\/wp-content\/uploads\/2026\/01\/guerra.ve_.jpg","keywords":["capa"],"articleSection":["Apocalipse"],"inLanguage":"pt-BR"},{"@type":"WebPage","@id":"https:\/\/www.notibras.com\/site\/trump-vira-nero-digital-ao-expor-maduro-como-trofeu-de-terrorismo\/","url":"https:\/\/www.notibras.com\/site\/trump-vira-nero-digital-ao-expor-maduro-como-trofeu-de-terrorismo\/","name":"Trump vira Nero digital ao expor Maduro como trof\u00e9u de terrorismo - Notibras","isPartOf":{"@id":"https:\/\/www.notibras.com\/site\/#website"},"primaryImageOfPage":{"@id":"https:\/\/www.notibras.com\/site\/trump-vira-nero-digital-ao-expor-maduro-como-trofeu-de-terrorismo\/#primaryimage"},"image":{"@id":"https:\/\/www.notibras.com\/site\/trump-vira-nero-digital-ao-expor-maduro-como-trofeu-de-terrorismo\/#primaryimage"},"thumbnailUrl":"https:\/\/www.notibras.com\/site\/wp-content\/uploads\/2026\/01\/guerra.ve_.jpg","datePublished":"2026-01-03T18:52:43+00:00","dateModified":"2026-01-03T19:00:02+00:00","breadcrumb":{"@id":"https:\/\/www.notibras.com\/site\/trump-vira-nero-digital-ao-expor-maduro-como-trofeu-de-terrorismo\/#breadcrumb"},"inLanguage":"pt-BR","potentialAction":[{"@type":"ReadAction","target":["https:\/\/www.notibras.com\/site\/trump-vira-nero-digital-ao-expor-maduro-como-trofeu-de-terrorismo\/"]}]},{"@type":"ImageObject","inLanguage":"pt-BR","@id":"https:\/\/www.notibras.com\/site\/trump-vira-nero-digital-ao-expor-maduro-como-trofeu-de-terrorismo\/#primaryimage","url":"https:\/\/www.notibras.com\/site\/wp-content\/uploads\/2026\/01\/guerra.ve_.jpg","contentUrl":"https:\/\/www.notibras.com\/site\/wp-content\/uploads\/2026\/01\/guerra.ve_.jpg","width":699,"height":1084},{"@type":"BreadcrumbList","@id":"https:\/\/www.notibras.com\/site\/trump-vira-nero-digital-ao-expor-maduro-como-trofeu-de-terrorismo\/#breadcrumb","itemListElement":[{"@type":"ListItem","position":1,"name":"In\u00edcio","item":"https:\/\/www.notibras.com\/site\/"},{"@type":"ListItem","position":2,"name":"Trump vira Nero digital ao expor Maduro como trof\u00e9u de terrorismo"}]},{"@type":"WebSite","@id":"https:\/\/www.notibras.com\/site\/#website","url":"https:\/\/www.notibras.com\/site\/","name":"Notibras","description":"Not\u00edcias de Bras\u00edlia, do Brasil e do Mundo","publisher":{"@id":"https:\/\/www.notibras.com\/site\/#organization"},"potentialAction":[{"@type":"SearchAction","target":{"@type":"EntryPoint","urlTemplate":"https:\/\/www.notibras.com\/site\/?s={search_term_string}"},"query-input":{"@type":"PropertyValueSpecification","valueRequired":true,"valueName":"search_term_string"}}],"inLanguage":"pt-BR"},{"@type":"Organization","@id":"https:\/\/www.notibras.com\/site\/#organization","name":"Grupo Notibras de Comunica\u00e7\u00e3o","url":"https:\/\/www.notibras.com\/site\/","logo":{"@type":"ImageObject","inLanguage":"pt-BR","@id":"https:\/\/www.notibras.com\/site\/#\/schema\/logo\/image\/","url":"https:\/\/www.notibras.com\/site\/wp-content\/uploads\/2023\/01\/notibras23.png","contentUrl":"https:\/\/www.notibras.com\/site\/wp-content\/uploads\/2023\/01\/notibras23.png","width":350,"height":87,"caption":"Grupo Notibras de Comunica\u00e7\u00e3o"},"image":{"@id":"https:\/\/www.notibras.com\/site\/#\/schema\/logo\/image\/"},"sameAs":["https:\/\/www.facebook.com\/notibras\/","https:\/\/x.com\/Notibras","https:\/\/www.instagram.com\/notibras\/"]},{"@type":"Person","@id":"https:\/\/www.notibras.com\/site\/#\/schema\/person\/36ab0979449956132d3e5b517ea76ac8","name":"Reda\u00e7\u00e3o","image":{"@type":"ImageObject","inLanguage":"pt-BR","@id":"https:\/\/secure.gravatar.com\/avatar\/e0a867bdedb85fd243eadf09663511f96fc81e0720a4a42581f334ad4303aa6b?s=96&d=mm&r=g","url":"https:\/\/secure.gravatar.com\/avatar\/e0a867bdedb85fd243eadf09663511f96fc81e0720a4a42581f334ad4303aa6b?s=96&d=mm&r=g","contentUrl":"https:\/\/secure.gravatar.com\/avatar\/e0a867bdedb85fd243eadf09663511f96fc81e0720a4a42581f334ad4303aa6b?s=96&d=mm&r=g","caption":"Reda\u00e7\u00e3o"}}]}},"amp_enabled":true,"_links":{"self":[{"href":"https:\/\/www.notibras.com\/site\/wp-json\/wp\/v2\/posts\/377567","targetHints":{"allow":["GET"]}}],"collection":[{"href":"https:\/\/www.notibras.com\/site\/wp-json\/wp\/v2\/posts"}],"about":[{"href":"https:\/\/www.notibras.com\/site\/wp-json\/wp\/v2\/types\/post"}],"author":[{"embeddable":true,"href":"https:\/\/www.notibras.com\/site\/wp-json\/wp\/v2\/users\/2"}],"replies":[{"embeddable":true,"href":"https:\/\/www.notibras.com\/site\/wp-json\/wp\/v2\/comments?post=377567"}],"version-history":[{"count":7,"href":"https:\/\/www.notibras.com\/site\/wp-json\/wp\/v2\/posts\/377567\/revisions"}],"predecessor-version":[{"id":377576,"href":"https:\/\/www.notibras.com\/site\/wp-json\/wp\/v2\/posts\/377567\/revisions\/377576"}],"wp:featuredmedia":[{"embeddable":true,"href":"https:\/\/www.notibras.com\/site\/wp-json\/wp\/v2\/media\/377569"}],"wp:attachment":[{"href":"https:\/\/www.notibras.com\/site\/wp-json\/wp\/v2\/media?parent=377567"}],"wp:term":[{"taxonomy":"category","embeddable":true,"href":"https:\/\/www.notibras.com\/site\/wp-json\/wp\/v2\/categories?post=377567"},{"taxonomy":"post_tag","embeddable":true,"href":"https:\/\/www.notibras.com\/site\/wp-json\/wp\/v2\/tags?post=377567"}],"curies":[{"name":"wp","href":"https:\/\/api.w.org\/{rel}","templated":true}]}}