{"id":377620,"date":"2026-01-04T01:06:11","date_gmt":"2026-01-04T04:06:11","guid":{"rendered":"https:\/\/www.notibras.com\/site\/?p=377620"},"modified":"2026-01-04T01:08:45","modified_gmt":"2026-01-04T04:08:45","slug":"horoscopo-traz-um-quadro-geral-de-muita-reflexao-e-sugere-agir-sem-pressa","status":"publish","type":"post","link":"https:\/\/www.notibras.com\/site\/horoscopo-traz-um-quadro-geral-de-muita-reflexao-e-sugere-agir-sem-pressa\/","title":{"rendered":"Hor\u00f3scopo traz um quadro geral de muita reflex\u00e3o e sugere agir sem pressa"},"content":{"rendered":"<p>A primeira semana completa de 2026 chega com clima de ajuste fino entre desejo e realidade. O Sol segue firme em Capric\u00f3rnio, refor\u00e7ando compromissos, metas e a necessidade de organizar o que foi sonhado na virada do ano. \u00c9 um per\u00edodo em que o c\u00e9u cobra coer\u00eancia entre discurso e pr\u00e1tica.<\/p>\n<p>A Lua percorre signos que favorecem altern\u00e2ncia entre introspec\u00e7\u00e3o e a\u00e7\u00e3o, pedindo aten\u00e7\u00e3o ao emocional, sobretudo nas rela\u00e7\u00f5es pessoais e profissionais. O c\u00e9u aponta para decis\u00f5es pr\u00e1ticas, mas alerta contra rigidez excessiva: flexibilidade ser\u00e1 t\u00e3o importante quanto disciplina.<\/p>\n<p>\u00c9 uma semana prop\u00edcia para planejamento financeiro e profissional, conversas francas que evitam conflitos futuros, retomada de projetos engavetados, cuidado com o corpo e com os limites emocionais e, evitar promessas vazias e impulsos de \u00faltima hora.<\/p>\n<p>O momento, como ser visto a seguir, pede const\u00e2ncia, n\u00e3o pressa.<\/p>\n<p>&#x2648; \u00c1ries<br \/>\nA semana pede menos confronto e mais estrat\u00e9gia. Voc\u00ea pode sentir certa lentid\u00e3o externa, mas ela serve para que suas decis\u00f5es ganhem consist\u00eancia. No trabalho, avance com cautela. No amor, ouvir ser\u00e1 mais poderoso do que falar.<\/p>\n<p>Dica: controle a ansiedade e escolha bem suas batalhas.<\/p>\n<p>&#x2649; Touro<br \/>\nBoas oportunidades surgem quando voc\u00ea aceita sair um pouco da zona de conforto. Estudos, viagens ou novos aprendizados ganham destaque. No campo afetivo, conversas profundas fortalecem v\u00ednculos.<\/p>\n<p>Dica: n\u00e3o subestime uma ideia diferente da sua.<\/p>\n<p>&#x264a; G\u00eameos<br \/>\nSemana de ajustes internos. Quest\u00f5es emocionais ou financeiras pedem organiza\u00e7\u00e3o. \u00c9 um bom momento para colocar limites claros, principalmente em rela\u00e7\u00f5es desgastantes.<\/p>\n<p>Dica: menos dispers\u00e3o, mais foco no essencial.<\/p>\n<p>&#x264b; C\u00e2ncer<br \/>\nRelacionamentos est\u00e3o no centro da semana. Parcerias \u2014 amorosas ou profissionais \u2014 passam por testes de maturidade. O di\u00e1logo honesto ser\u00e1 decisivo para evitar ru\u00eddos.<\/p>\n<p>Dica: n\u00e3o leve tudo para o lado pessoal.<\/p>\n<p>&#x264c; Le\u00e3o<br \/>\nA rotina pede disciplina. Organiza\u00e7\u00e3o, sa\u00fade e produtividade ganham destaque. Pequenos descuidos podem gerar desgaste f\u00edsico ou mental. No amor, atitudes pr\u00e1ticas falam mais que grandes discursos.<\/p>\n<p>Dica: cuide do b\u00e1sico antes de buscar aplausos.<\/p>\n<p>&#x264d; Virgem<br \/>\nCriatividade e sensibilidade em alta. A semana favorece projetos autorais, romances e tudo o que envolve prazer e express\u00e3o pessoal. Evite apenas o excesso de autocr\u00edtica.<\/p>\n<p>Dica: permita-se errar e experimentar.<\/p>\n<p>&#x264e; Libra<br \/>\nAssuntos familiares e dom\u00e9sticos pedem aten\u00e7\u00e3o. Pode ser hora de reorganizar a casa \u2014 externa e interna. Emo\u00e7\u00f5es antigas ressurgem pedindo resolu\u00e7\u00e3o.<\/p>\n<p>Dica: estabilidade come\u00e7a dentro de voc\u00ea.<\/p>\n<p>&#x264f; Escorpi\u00e3o<br \/>\nComunica\u00e7\u00e3o \u00e9 a palavra-chave. Conversas importantes, documentos e decis\u00f5es r\u00e1pidas podem marcar a semana. Evite jogos de poder: a clareza ser\u00e1 sua melhor arma.<\/p>\n<p>Dica: diga o que pensa, mas com eleg\u00e2ncia.<\/p>\n<p>&#x2650; Sagit\u00e1rio<br \/>\nFoco em finan\u00e7as e valores pessoais. \u00c9 um bom momento para reorganizar gastos e repensar prioridades. No amor, evite exageros e promessas dif\u00edceis de cumprir.<\/p>\n<p>Dica: liberdade tamb\u00e9m exige responsabilidade.<\/p>\n<p>&#x2651; Capric\u00f3rnio<br \/>\nCom o Sol em seu signo, voc\u00ea est\u00e1 no centro do palco. A semana favorece iniciativas pessoais, desde que n\u00e3o ignore o impacto delas sobre os outros. Liderar \u00e9 tamb\u00e9m saber acolher.<\/p>\n<p>Dica: firmeza n\u00e3o precisa ser dureza.<\/p>\n<p>&#x2652; Aqu\u00e1rio<br \/>\nSemana mais introspectiva. O c\u00e9u pede sil\u00eancio, observa\u00e7\u00e3o e fechamento de ciclos. N\u00e3o force decis\u00f5es agora: algumas respostas chegam melhor no tempo certo.<\/p>\n<p>Dica: escute sua intui\u00e7\u00e3o antes de agir.<\/p>\n<p>&#x2653; Peixes<br \/>\nVida social e projetos coletivos ganham for\u00e7a. Amigos, grupos e parcerias inspiram novas ideias. Aten\u00e7\u00e3o apenas para n\u00e3o assumir mais do que consegue cumprir.<\/p>\n<p>Dica: sonhos precisam de estrutura para se manterem vivos.<\/p>\n<p>&#8230;&#8230;&#8230;&#8230;&#8230;&#8230;<\/p>\n<p><strong>Anabelle Santa&#8217;cruz \u00e9 Editora de Or\u00e1culos<\/strong><\/p>\n","protected":false},"excerpt":{"rendered":"<p>A primeira semana completa de 2026 chega com clima de ajuste fino entre desejo e realidade. O Sol segue firme em Capric\u00f3rnio, refor\u00e7ando compromissos, metas e a necessidade de organizar o que foi sonhado na virada do ano. \u00c9 um per\u00edodo em que o c\u00e9u cobra coer\u00eancia entre discurso e pr\u00e1tica. A Lua percorre signos [&hellip;]<\/p>\n","protected":false},"author":2,"featured_media":377621,"comment_status":"closed","ping_status":"closed","sticky":false,"template":"","format":"standard","meta":{"_acf_changed":false,"footnotes":""},"categories":[237],"tags":[],"class_list":["post-377620","post","type-post","status-publish","format-standard","has-post-thumbnail","hentry","category-oraculos"],"acf":[],"yoast_head":"<!-- This site is optimized with the Yoast SEO plugin v27.2 - https:\/\/yoast.com\/product\/yoast-seo-wordpress\/ -->\n<title>Hor\u00f3scopo traz um quadro geral de muita reflex\u00e3o e sugere agir sem pressa - Notibras<\/title>\n<meta name=\"robots\" content=\"index, follow, max-snippet:-1, max-image-preview:large, max-video-preview:-1\" \/>\n<link rel=\"canonical\" href=\"https:\/\/www.notibras.com\/site\/horoscopo-traz-um-quadro-geral-de-muita-reflexao-e-sugere-agir-sem-pressa\/\" \/>\n<meta property=\"og:locale\" content=\"pt_BR\" \/>\n<meta property=\"og:type\" content=\"article\" \/>\n<meta property=\"og:title\" content=\"Hor\u00f3scopo traz um quadro geral de muita reflex\u00e3o e sugere agir sem pressa - Notibras\" \/>\n<meta property=\"og:description\" content=\"A primeira semana completa de 2026 chega com clima de ajuste fino entre desejo e realidade. O Sol segue firme em Capric\u00f3rnio, refor\u00e7ando compromissos, metas e a necessidade de organizar o que foi sonhado na virada do ano. \u00c9 um per\u00edodo em que o c\u00e9u cobra coer\u00eancia entre discurso e pr\u00e1tica. A Lua percorre signos [&hellip;]\" \/>\n<meta property=\"og:url\" content=\"https:\/\/www.notibras.com\/site\/horoscopo-traz-um-quadro-geral-de-muita-reflexao-e-sugere-agir-sem-pressa\/\" \/>\n<meta property=\"og:site_name\" content=\"Notibras\" \/>\n<meta property=\"article:publisher\" content=\"https:\/\/www.facebook.com\/notibras\/\" \/>\n<meta property=\"article:published_time\" content=\"2026-01-04T04:06:11+00:00\" \/>\n<meta property=\"article:modified_time\" content=\"2026-01-04T04:08:45+00:00\" \/>\n<meta property=\"og:image\" content=\"https:\/\/www.notibras.com\/site\/wp-content\/uploads\/2026\/01\/69af7a6e-a56a-45f9-80ff-73bc48403a76-683x1024.png\" \/>\n\t<meta property=\"og:image:width\" content=\"683\" \/>\n\t<meta property=\"og:image:height\" content=\"1024\" \/>\n\t<meta property=\"og:image:type\" content=\"image\/png\" \/>\n<meta name=\"author\" content=\"Reda\u00e7\u00e3o\" \/>\n<meta name=\"twitter:card\" content=\"summary_large_image\" \/>\n<meta name=\"twitter:creator\" content=\"@Notibras\" \/>\n<meta name=\"twitter:site\" content=\"@Notibras\" \/>\n<meta name=\"twitter:label1\" content=\"Escrito por\" \/>\n\t<meta name=\"twitter:data1\" content=\"Reda\u00e7\u00e3o\" \/>\n\t<meta name=\"twitter:label2\" content=\"Est. tempo de leitura\" \/>\n\t<meta name=\"twitter:data2\" content=\"4 minutos\" \/>\n<script type=\"application\/ld+json\" class=\"yoast-schema-graph\">{\"@context\":\"https:\/\/schema.org\",\"@graph\":[{\"@type\":\"Article\",\"@id\":\"https:\/\/www.notibras.com\/site\/horoscopo-traz-um-quadro-geral-de-muita-reflexao-e-sugere-agir-sem-pressa\/#article\",\"isPartOf\":{\"@id\":\"https:\/\/www.notibras.com\/site\/horoscopo-traz-um-quadro-geral-de-muita-reflexao-e-sugere-agir-sem-pressa\/\"},\"author\":{\"name\":\"Reda\u00e7\u00e3o\",\"@id\":\"https:\/\/www.notibras.com\/site\/#\/schema\/person\/36ab0979449956132d3e5b517ea76ac8\"},\"headline\":\"Hor\u00f3scopo traz um quadro geral de muita reflex\u00e3o e sugere agir sem pressa\",\"datePublished\":\"2026-01-04T04:06:11+00:00\",\"dateModified\":\"2026-01-04T04:08:45+00:00\",\"mainEntityOfPage\":{\"@id\":\"https:\/\/www.notibras.com\/site\/horoscopo-traz-um-quadro-geral-de-muita-reflexao-e-sugere-agir-sem-pressa\/\"},\"wordCount\":648,\"publisher\":{\"@id\":\"https:\/\/www.notibras.com\/site\/#organization\"},\"image\":{\"@id\":\"https:\/\/www.notibras.com\/site\/horoscopo-traz-um-quadro-geral-de-muita-reflexao-e-sugere-agir-sem-pressa\/#primaryimage\"},\"thumbnailUrl\":\"https:\/\/www.notibras.com\/site\/wp-content\/uploads\/2026\/01\/69af7a6e-a56a-45f9-80ff-73bc48403a76.png\",\"articleSection\":[\"Or\u00e1culos\"],\"inLanguage\":\"pt-BR\"},{\"@type\":\"WebPage\",\"@id\":\"https:\/\/www.notibras.com\/site\/horoscopo-traz-um-quadro-geral-de-muita-reflexao-e-sugere-agir-sem-pressa\/\",\"url\":\"https:\/\/www.notibras.com\/site\/horoscopo-traz-um-quadro-geral-de-muita-reflexao-e-sugere-agir-sem-pressa\/\",\"name\":\"Hor\u00f3scopo traz um quadro geral de muita reflex\u00e3o e sugere agir sem pressa - Notibras\",\"isPartOf\":{\"@id\":\"https:\/\/www.notibras.com\/site\/#website\"},\"primaryImageOfPage\":{\"@id\":\"https:\/\/www.notibras.com\/site\/horoscopo-traz-um-quadro-geral-de-muita-reflexao-e-sugere-agir-sem-pressa\/#primaryimage\"},\"image\":{\"@id\":\"https:\/\/www.notibras.com\/site\/horoscopo-traz-um-quadro-geral-de-muita-reflexao-e-sugere-agir-sem-pressa\/#primaryimage\"},\"thumbnailUrl\":\"https:\/\/www.notibras.com\/site\/wp-content\/uploads\/2026\/01\/69af7a6e-a56a-45f9-80ff-73bc48403a76.png\",\"datePublished\":\"2026-01-04T04:06:11+00:00\",\"dateModified\":\"2026-01-04T04:08:45+00:00\",\"breadcrumb\":{\"@id\":\"https:\/\/www.notibras.com\/site\/horoscopo-traz-um-quadro-geral-de-muita-reflexao-e-sugere-agir-sem-pressa\/#breadcrumb\"},\"inLanguage\":\"pt-BR\",\"potentialAction\":[{\"@type\":\"ReadAction\",\"target\":[\"https:\/\/www.notibras.com\/site\/horoscopo-traz-um-quadro-geral-de-muita-reflexao-e-sugere-agir-sem-pressa\/\"]}]},{\"@type\":\"ImageObject\",\"inLanguage\":\"pt-BR\",\"@id\":\"https:\/\/www.notibras.com\/site\/horoscopo-traz-um-quadro-geral-de-muita-reflexao-e-sugere-agir-sem-pressa\/#primaryimage\",\"url\":\"https:\/\/www.notibras.com\/site\/wp-content\/uploads\/2026\/01\/69af7a6e-a56a-45f9-80ff-73bc48403a76.png\",\"contentUrl\":\"https:\/\/www.notibras.com\/site\/wp-content\/uploads\/2026\/01\/69af7a6e-a56a-45f9-80ff-73bc48403a76.png\",\"width\":1024,\"height\":1536},{\"@type\":\"BreadcrumbList\",\"@id\":\"https:\/\/www.notibras.com\/site\/horoscopo-traz-um-quadro-geral-de-muita-reflexao-e-sugere-agir-sem-pressa\/#breadcrumb\",\"itemListElement\":[{\"@type\":\"ListItem\",\"position\":1,\"name\":\"In\u00edcio\",\"item\":\"https:\/\/www.notibras.com\/site\/\"},{\"@type\":\"ListItem\",\"position\":2,\"name\":\"Hor\u00f3scopo traz um quadro geral de muita reflex\u00e3o e sugere agir sem pressa\"}]},{\"@type\":\"WebSite\",\"@id\":\"https:\/\/www.notibras.com\/site\/#website\",\"url\":\"https:\/\/www.notibras.com\/site\/\",\"name\":\"Notibras\",\"description\":\"Not\u00edcias de Bras\u00edlia, do Brasil e do Mundo\",\"publisher\":{\"@id\":\"https:\/\/www.notibras.com\/site\/#organization\"},\"potentialAction\":[{\"@type\":\"SearchAction\",\"target\":{\"@type\":\"EntryPoint\",\"urlTemplate\":\"https:\/\/www.notibras.com\/site\/?s={search_term_string}\"},\"query-input\":{\"@type\":\"PropertyValueSpecification\",\"valueRequired\":true,\"valueName\":\"search_term_string\"}}],\"inLanguage\":\"pt-BR\"},{\"@type\":\"Organization\",\"@id\":\"https:\/\/www.notibras.com\/site\/#organization\",\"name\":\"Grupo Notibras de Comunica\u00e7\u00e3o\",\"url\":\"https:\/\/www.notibras.com\/site\/\",\"logo\":{\"@type\":\"ImageObject\",\"inLanguage\":\"pt-BR\",\"@id\":\"https:\/\/www.notibras.com\/site\/#\/schema\/logo\/image\/\",\"url\":\"https:\/\/www.notibras.com\/site\/wp-content\/uploads\/2023\/01\/notibras23.png\",\"contentUrl\":\"https:\/\/www.notibras.com\/site\/wp-content\/uploads\/2023\/01\/notibras23.png\",\"width\":350,\"height\":87,\"caption\":\"Grupo Notibras de Comunica\u00e7\u00e3o\"},\"image\":{\"@id\":\"https:\/\/www.notibras.com\/site\/#\/schema\/logo\/image\/\"},\"sameAs\":[\"https:\/\/www.facebook.com\/notibras\/\",\"https:\/\/x.com\/Notibras\",\"https:\/\/www.instagram.com\/notibras\/\"]},{\"@type\":\"Person\",\"@id\":\"https:\/\/www.notibras.com\/site\/#\/schema\/person\/36ab0979449956132d3e5b517ea76ac8\",\"name\":\"Reda\u00e7\u00e3o\",\"image\":{\"@type\":\"ImageObject\",\"inLanguage\":\"pt-BR\",\"@id\":\"https:\/\/secure.gravatar.com\/avatar\/e0a867bdedb85fd243eadf09663511f96fc81e0720a4a42581f334ad4303aa6b?s=96&d=mm&r=g\",\"url\":\"https:\/\/secure.gravatar.com\/avatar\/e0a867bdedb85fd243eadf09663511f96fc81e0720a4a42581f334ad4303aa6b?s=96&d=mm&r=g\",\"contentUrl\":\"https:\/\/secure.gravatar.com\/avatar\/e0a867bdedb85fd243eadf09663511f96fc81e0720a4a42581f334ad4303aa6b?s=96&d=mm&r=g\",\"caption\":\"Reda\u00e7\u00e3o\"}}]}<\/script>\n<!-- \/ Yoast SEO plugin. -->","yoast_head_json":{"title":"Hor\u00f3scopo traz um quadro geral de muita reflex\u00e3o e sugere agir sem pressa - Notibras","robots":{"index":"index","follow":"follow","max-snippet":"max-snippet:-1","max-image-preview":"max-image-preview:large","max-video-preview":"max-video-preview:-1"},"canonical":"https:\/\/www.notibras.com\/site\/horoscopo-traz-um-quadro-geral-de-muita-reflexao-e-sugere-agir-sem-pressa\/","og_locale":"pt_BR","og_type":"article","og_title":"Hor\u00f3scopo traz um quadro geral de muita reflex\u00e3o e sugere agir sem pressa - Notibras","og_description":"A primeira semana completa de 2026 chega com clima de ajuste fino entre desejo e realidade. O Sol segue firme em Capric\u00f3rnio, refor\u00e7ando compromissos, metas e a necessidade de organizar o que foi sonhado na virada do ano. \u00c9 um per\u00edodo em que o c\u00e9u cobra coer\u00eancia entre discurso e pr\u00e1tica. A Lua percorre signos [&hellip;]","og_url":"https:\/\/www.notibras.com\/site\/horoscopo-traz-um-quadro-geral-de-muita-reflexao-e-sugere-agir-sem-pressa\/","og_site_name":"Notibras","article_publisher":"https:\/\/www.facebook.com\/notibras\/","article_published_time":"2026-01-04T04:06:11+00:00","article_modified_time":"2026-01-04T04:08:45+00:00","og_image":[{"width":683,"height":1024,"url":"https:\/\/www.notibras.com\/site\/wp-content\/uploads\/2026\/01\/69af7a6e-a56a-45f9-80ff-73bc48403a76-683x1024.png","type":"image\/png"}],"author":"Reda\u00e7\u00e3o","twitter_card":"summary_large_image","twitter_creator":"@Notibras","twitter_site":"@Notibras","twitter_misc":{"Escrito por":"Reda\u00e7\u00e3o","Est. tempo de leitura":"4 minutos"},"schema":{"@context":"https:\/\/schema.org","@graph":[{"@type":"Article","@id":"https:\/\/www.notibras.com\/site\/horoscopo-traz-um-quadro-geral-de-muita-reflexao-e-sugere-agir-sem-pressa\/#article","isPartOf":{"@id":"https:\/\/www.notibras.com\/site\/horoscopo-traz-um-quadro-geral-de-muita-reflexao-e-sugere-agir-sem-pressa\/"},"author":{"name":"Reda\u00e7\u00e3o","@id":"https:\/\/www.notibras.com\/site\/#\/schema\/person\/36ab0979449956132d3e5b517ea76ac8"},"headline":"Hor\u00f3scopo traz um quadro geral de muita reflex\u00e3o e sugere agir sem pressa","datePublished":"2026-01-04T04:06:11+00:00","dateModified":"2026-01-04T04:08:45+00:00","mainEntityOfPage":{"@id":"https:\/\/www.notibras.com\/site\/horoscopo-traz-um-quadro-geral-de-muita-reflexao-e-sugere-agir-sem-pressa\/"},"wordCount":648,"publisher":{"@id":"https:\/\/www.notibras.com\/site\/#organization"},"image":{"@id":"https:\/\/www.notibras.com\/site\/horoscopo-traz-um-quadro-geral-de-muita-reflexao-e-sugere-agir-sem-pressa\/#primaryimage"},"thumbnailUrl":"https:\/\/www.notibras.com\/site\/wp-content\/uploads\/2026\/01\/69af7a6e-a56a-45f9-80ff-73bc48403a76.png","articleSection":["Or\u00e1culos"],"inLanguage":"pt-BR"},{"@type":"WebPage","@id":"https:\/\/www.notibras.com\/site\/horoscopo-traz-um-quadro-geral-de-muita-reflexao-e-sugere-agir-sem-pressa\/","url":"https:\/\/www.notibras.com\/site\/horoscopo-traz-um-quadro-geral-de-muita-reflexao-e-sugere-agir-sem-pressa\/","name":"Hor\u00f3scopo traz um quadro geral de muita reflex\u00e3o e sugere agir sem pressa - Notibras","isPartOf":{"@id":"https:\/\/www.notibras.com\/site\/#website"},"primaryImageOfPage":{"@id":"https:\/\/www.notibras.com\/site\/horoscopo-traz-um-quadro-geral-de-muita-reflexao-e-sugere-agir-sem-pressa\/#primaryimage"},"image":{"@id":"https:\/\/www.notibras.com\/site\/horoscopo-traz-um-quadro-geral-de-muita-reflexao-e-sugere-agir-sem-pressa\/#primaryimage"},"thumbnailUrl":"https:\/\/www.notibras.com\/site\/wp-content\/uploads\/2026\/01\/69af7a6e-a56a-45f9-80ff-73bc48403a76.png","datePublished":"2026-01-04T04:06:11+00:00","dateModified":"2026-01-04T04:08:45+00:00","breadcrumb":{"@id":"https:\/\/www.notibras.com\/site\/horoscopo-traz-um-quadro-geral-de-muita-reflexao-e-sugere-agir-sem-pressa\/#breadcrumb"},"inLanguage":"pt-BR","potentialAction":[{"@type":"ReadAction","target":["https:\/\/www.notibras.com\/site\/horoscopo-traz-um-quadro-geral-de-muita-reflexao-e-sugere-agir-sem-pressa\/"]}]},{"@type":"ImageObject","inLanguage":"pt-BR","@id":"https:\/\/www.notibras.com\/site\/horoscopo-traz-um-quadro-geral-de-muita-reflexao-e-sugere-agir-sem-pressa\/#primaryimage","url":"https:\/\/www.notibras.com\/site\/wp-content\/uploads\/2026\/01\/69af7a6e-a56a-45f9-80ff-73bc48403a76.png","contentUrl":"https:\/\/www.notibras.com\/site\/wp-content\/uploads\/2026\/01\/69af7a6e-a56a-45f9-80ff-73bc48403a76.png","width":1024,"height":1536},{"@type":"BreadcrumbList","@id":"https:\/\/www.notibras.com\/site\/horoscopo-traz-um-quadro-geral-de-muita-reflexao-e-sugere-agir-sem-pressa\/#breadcrumb","itemListElement":[{"@type":"ListItem","position":1,"name":"In\u00edcio","item":"https:\/\/www.notibras.com\/site\/"},{"@type":"ListItem","position":2,"name":"Hor\u00f3scopo traz um quadro geral de muita reflex\u00e3o e sugere agir sem pressa"}]},{"@type":"WebSite","@id":"https:\/\/www.notibras.com\/site\/#website","url":"https:\/\/www.notibras.com\/site\/","name":"Notibras","description":"Not\u00edcias de Bras\u00edlia, do Brasil e do Mundo","publisher":{"@id":"https:\/\/www.notibras.com\/site\/#organization"},"potentialAction":[{"@type":"SearchAction","target":{"@type":"EntryPoint","urlTemplate":"https:\/\/www.notibras.com\/site\/?s={search_term_string}"},"query-input":{"@type":"PropertyValueSpecification","valueRequired":true,"valueName":"search_term_string"}}],"inLanguage":"pt-BR"},{"@type":"Organization","@id":"https:\/\/www.notibras.com\/site\/#organization","name":"Grupo Notibras de Comunica\u00e7\u00e3o","url":"https:\/\/www.notibras.com\/site\/","logo":{"@type":"ImageObject","inLanguage":"pt-BR","@id":"https:\/\/www.notibras.com\/site\/#\/schema\/logo\/image\/","url":"https:\/\/www.notibras.com\/site\/wp-content\/uploads\/2023\/01\/notibras23.png","contentUrl":"https:\/\/www.notibras.com\/site\/wp-content\/uploads\/2023\/01\/notibras23.png","width":350,"height":87,"caption":"Grupo Notibras de Comunica\u00e7\u00e3o"},"image":{"@id":"https:\/\/www.notibras.com\/site\/#\/schema\/logo\/image\/"},"sameAs":["https:\/\/www.facebook.com\/notibras\/","https:\/\/x.com\/Notibras","https:\/\/www.instagram.com\/notibras\/"]},{"@type":"Person","@id":"https:\/\/www.notibras.com\/site\/#\/schema\/person\/36ab0979449956132d3e5b517ea76ac8","name":"Reda\u00e7\u00e3o","image":{"@type":"ImageObject","inLanguage":"pt-BR","@id":"https:\/\/secure.gravatar.com\/avatar\/e0a867bdedb85fd243eadf09663511f96fc81e0720a4a42581f334ad4303aa6b?s=96&d=mm&r=g","url":"https:\/\/secure.gravatar.com\/avatar\/e0a867bdedb85fd243eadf09663511f96fc81e0720a4a42581f334ad4303aa6b?s=96&d=mm&r=g","contentUrl":"https:\/\/secure.gravatar.com\/avatar\/e0a867bdedb85fd243eadf09663511f96fc81e0720a4a42581f334ad4303aa6b?s=96&d=mm&r=g","caption":"Reda\u00e7\u00e3o"}}]}},"amp_enabled":true,"_links":{"self":[{"href":"https:\/\/www.notibras.com\/site\/wp-json\/wp\/v2\/posts\/377620","targetHints":{"allow":["GET"]}}],"collection":[{"href":"https:\/\/www.notibras.com\/site\/wp-json\/wp\/v2\/posts"}],"about":[{"href":"https:\/\/www.notibras.com\/site\/wp-json\/wp\/v2\/types\/post"}],"author":[{"embeddable":true,"href":"https:\/\/www.notibras.com\/site\/wp-json\/wp\/v2\/users\/2"}],"replies":[{"embeddable":true,"href":"https:\/\/www.notibras.com\/site\/wp-json\/wp\/v2\/comments?post=377620"}],"version-history":[{"count":3,"href":"https:\/\/www.notibras.com\/site\/wp-json\/wp\/v2\/posts\/377620\/revisions"}],"predecessor-version":[{"id":377624,"href":"https:\/\/www.notibras.com\/site\/wp-json\/wp\/v2\/posts\/377620\/revisions\/377624"}],"wp:featuredmedia":[{"embeddable":true,"href":"https:\/\/www.notibras.com\/site\/wp-json\/wp\/v2\/media\/377621"}],"wp:attachment":[{"href":"https:\/\/www.notibras.com\/site\/wp-json\/wp\/v2\/media?parent=377620"}],"wp:term":[{"taxonomy":"category","embeddable":true,"href":"https:\/\/www.notibras.com\/site\/wp-json\/wp\/v2\/categories?post=377620"},{"taxonomy":"post_tag","embeddable":true,"href":"https:\/\/www.notibras.com\/site\/wp-json\/wp\/v2\/tags?post=377620"}],"curies":[{"name":"wp","href":"https:\/\/api.w.org\/{rel}","templated":true}]}}