{"id":377625,"date":"2026-01-09T01:15:33","date_gmt":"2026-01-09T04:15:33","guid":{"rendered":"https:\/\/www.notibras.com\/site\/?p=377625"},"modified":"2026-01-04T01:34:25","modified_gmt":"2026-01-04T04:34:25","slug":"quando-a-oracao-vem-em-forma-de-pessoa-e-muda-um-destino","status":"publish","type":"post","link":"https:\/\/www.notibras.com\/site\/quando-a-oracao-vem-em-forma-de-pessoa-e-muda-um-destino\/","title":{"rendered":"Quando a ora\u00e7\u00e3o vem em forma de pessoa e muda um destino"},"content":{"rendered":"<p>\u00c9 verdade que tenho uma religi\u00e3o, pela qual enxergo a liga\u00e7\u00e3o com o sagrado e pela qual me utilizo para a comunica\u00e7\u00e3o com o mesmo. Acredito em um Deus \u00fanico que fragmenta pingos de Sua energia em cada um de n\u00f3s quando nos permitiu a vida.<\/p>\n<p>\u00c9 verdade, tamb\u00e9m, que tenho um olhar cient\u00edfico pautado em uma trajet\u00f3ria cr\u00edtica que me permite questionar e problematizar minha conex\u00e3o com o Sagrado. Mas por mais contradit\u00f3ria que voc\u00eas achem ser a \u00f3tica cient\u00edfica com a espiritual, eu lhes digo que, para mim, tudo faz sentido.<\/p>\n<p>A ci\u00eancia diz que o universo surgiu em uma grande explos\u00e3o, conhecida como \u201cBig Bang\u201d, cujo barulho continua reverberando at\u00e9 os dias de hoje e, desta explos\u00e3o, surgiram os astros que se expandem. O livro do G\u00eanesis, cap\u00edtulo 1, diz que no princ\u00edpio Deus criou o c\u00e9u e a terra. Tempos depois, o livro de Jo\u00e3o, cap\u00edtulo 1:1-3, afirmaria que: \u201cNo princ\u00edpio era o Verbo, e o Verbo estava com Deus, e o Verbo era Deus. Ele estava no princ\u00edpio com Deus. Todas as coisas foram feitas por ele, e sem ele nada do que foi feito se fez\u201d. O que h\u00e1 de contradit\u00f3rio entre a vers\u00e3o cient\u00edfica e religiosa da cria\u00e7\u00e3o? A meu ver, nada. No princ\u00edpio tudo era o divino em suas formas, que chamo de Deus \u00fanico. O Universo surge de uma explos\u00e3o dessa energia. Dessa energia tudo se forma. Nesta energia, \u201cnada se cria, nada se perde, mas tudo se transforma\u201d (Lavoisier).<\/p>\n<p>At\u00e9 o surgimento do ser humano, foram bilh\u00f5es de anos terrestres. Mas acredito que cada um de n\u00f3s, cada ser com sopro de vida, carrega um pouco da Energia do Divino em si. A m\u00fasica de Joan Osborne \u2013 \u201cOne of Us\u201d (Um de n\u00f3s) &#8211; nos diz: \u201cWhat if God was one of us? Just a slob like one of us? Just a stranger on the bus Tryin&#8217; to make His way home?\u201d (E se Deus fosse um de n\u00f3s? Apenas um coitado como um de n\u00f3s? Apenas um estranho no \u00f4nibus, Tentando ir para casa?). Queridos, n\u00e3o tenho pretens\u00e3o de ser divindade, mas tenho cren\u00e7a no \u201csentir\u201d Deus est\u00e1 em n\u00f3s. Por termos sua energia podemos nos conectar, curar e incentivar. Impulsionar. Podemos escolher entre fazer bem, nos carregarmos do que \u00e9 positivo, ou fazer mal, e nos contaminarmos com o que n\u00e3o \u00e9 legal.<\/p>\n<p>Quantos de voc\u00eas sentem que o outro tem uma energia boa? Que o outro pode ser um ser de luz. Que voc\u00ea gosta de ficar perto porque te incentiva? \u00c9 claro que o contr\u00e1rio tamb\u00e9m se sente, e lhe afirmo que, nesses casos, o cuidado deve ser redobrado. Absorver sentimentos, energias e ideias negativas \u00e9 um veneno.<\/p>\n<p>Voltemos ao lado positivo. Acredito que anjos existam. Acredito que respostas de ora\u00e7\u00f5es podem vir por eles e mais, acredito que, quando bem conectados, n\u00f3s somos pontes e servimos como anjos na vida um dos outros, independente de religi\u00e3o. Quantas vezes voc\u00ea pensou em algum problema, rezou, pediu ajuda ao Sagrado e tempos, dias ou mesmo horas depois algu\u00e9m apareceu e te ajudou, resolveu, ou mesmo te falou algo que voc\u00ea precisava entender ou ouvir naquele momento? Quantas vezes se sentiu pra baixo e algu\u00e9m veio e de modo muito simples te jogou pra cima? Quantas vezes na sua vida, algu\u00e9m apareceu de forma despretensiosa, sem cobran\u00e7a de reciprocidade e lhe ajudou de alguma forma, mudando at\u00e9 mesmo sua vida?<\/p>\n<p>Conheci o caso de um amigo que queria fazer faculdade de enfermagem, mas sabia muito de tecnologia. Ele foi trabalhar em uma assist\u00eancia t\u00e9cnica de inform\u00e1tica. Recebeu bem um cliente que precisava urgentemente de resolu\u00e7\u00e3o de uma alta demanda com seus computadores. Resolveu r\u00e1pido o problema. O cliente conversou com ele, o conheceu, e disse: Voc\u00ea precisa estudar tecnologia. Voc\u00ea sabe, entende. Conclus\u00e3o: o cliente, que eu chamo de anjo, pagou a faculdade do meu amigo. Mudou a vida dele e consequentemente de sua fam\u00edlia, sem esperar nada em troca. Depois desapareceu. Meu amigo prosperou. Se o cliente n\u00e3o foi um anjo, n\u00e3o sei o que mais ele foi.<\/p>\n<p>Eu sou professora. Durante muito tempo n\u00e3o enxerguei meu poder de anjo. Eu n\u00e3o paguei faculdade pra ningu\u00e9m, n\u00e3o sei se resolvi grandes problemas dos outros. Mas um dia, finalmente, percebi que minhas palavras poderiam incentivar pessoas com sonhos. O meu conhecimento e a minha comunica\u00e7\u00e3o poderiam mudar a vida daquelas pessoas que, muitas vezes, vem para minha sala ap\u00f3s um dia de desilus\u00e3o, de cansa\u00e7o e de frustra\u00e7\u00e3o e esperam apenas uma esperan\u00e7a de dias melhores. Ou ainda, que precisam de um pux\u00e3o de orelha ou uma bronca para acordarem.<\/p>\n<p>Acredito que o mundo n\u00e3o explodiu at\u00e9 hoje, n\u00e3o sucumbiu, n\u00e3o se acabou, porque ainda temos anjos que, mesmo sem se conhecer ou se reconhecer, exercem sua fun\u00e7\u00e3o. Eu assumi meu poder de anjo na vida de outros, ou pelo menos, na vida daqueles que querem e precisam ser atendidos por n\u00f3s, anjos terrestres. Respondendo \u00e0 Joan Osborne, n\u00e3o sei se Deus pode ser um de n\u00f3s, mas acredito que est\u00e1 em n\u00f3s e por isso podemos ser anjos. Eu escolhi ser anjo. N\u00e3o \u00e9 f\u00e1cil. D\u00f3i e, muitas vezes, eu preciso de mais anjos para me ajudarem. Mas escolhi. Escolho.<\/p>\n<p>Tamb\u00e9m acredito na manifesta\u00e7\u00e3o direta do Sagrado. Tive respostas diretas enquanto fazia pesquisa. Mas esta \u00e9 uma reflex\u00e3o espiritual e profunda mais para frente, para outra cr\u00f4nica.<\/p>\n<p>&#8230;&#8230;&#8230;&#8230;.<\/p>\n<p><strong>Rachel Gomes de Lima (@rachel.lima.prof), escritora, \u00e9 doutora em Hist\u00f3ria e professora universit\u00e1ria carioca.<\/strong><\/p>\n","protected":false},"excerpt":{"rendered":"<p>\u00c9 verdade que tenho uma religi\u00e3o, pela qual enxergo a liga\u00e7\u00e3o com o sagrado e pela qual me utilizo para a comunica\u00e7\u00e3o com o mesmo. Acredito em um Deus \u00fanico que fragmenta pingos de Sua energia em cada um de n\u00f3s quando nos permitiu a vida. \u00c9 verdade, tamb\u00e9m, que tenho um olhar cient\u00edfico pautado [&hellip;]<\/p>\n","protected":false},"author":21,"featured_media":377630,"comment_status":"closed","ping_status":"closed","sticky":false,"template":"","format":"standard","meta":{"_acf_changed":false,"footnotes":""},"categories":[234],"tags":[],"class_list":["post-377625","post","type-post","status-publish","format-standard","has-post-thumbnail","hentry","category-cafe-literario"],"acf":[],"yoast_head":"<!-- This site is optimized with the Yoast SEO plugin v27.2 - https:\/\/yoast.com\/product\/yoast-seo-wordpress\/ -->\n<title>Quando a ora\u00e7\u00e3o vem em forma de pessoa e muda um destino - Notibras<\/title>\n<meta name=\"robots\" content=\"index, follow, max-snippet:-1, max-image-preview:large, max-video-preview:-1\" \/>\n<link rel=\"canonical\" href=\"https:\/\/www.notibras.com\/site\/quando-a-oracao-vem-em-forma-de-pessoa-e-muda-um-destino\/\" \/>\n<meta property=\"og:locale\" content=\"pt_BR\" \/>\n<meta property=\"og:type\" content=\"article\" \/>\n<meta property=\"og:title\" content=\"Quando a ora\u00e7\u00e3o vem em forma de pessoa e muda um destino - Notibras\" \/>\n<meta property=\"og:description\" content=\"\u00c9 verdade que tenho uma religi\u00e3o, pela qual enxergo a liga\u00e7\u00e3o com o sagrado e pela qual me utilizo para a comunica\u00e7\u00e3o com o mesmo. Acredito em um Deus \u00fanico que fragmenta pingos de Sua energia em cada um de n\u00f3s quando nos permitiu a vida. \u00c9 verdade, tamb\u00e9m, que tenho um olhar cient\u00edfico pautado [&hellip;]\" \/>\n<meta property=\"og:url\" content=\"https:\/\/www.notibras.com\/site\/quando-a-oracao-vem-em-forma-de-pessoa-e-muda-um-destino\/\" \/>\n<meta property=\"og:site_name\" content=\"Notibras\" \/>\n<meta property=\"article:publisher\" content=\"https:\/\/www.facebook.com\/notibras\/\" \/>\n<meta property=\"article:published_time\" content=\"2026-01-09T04:15:33+00:00\" \/>\n<meta property=\"og:image\" content=\"https:\/\/www.notibras.com\/site\/wp-content\/uploads\/2026\/01\/ChatGPT-Image-4_01_2026-01_23_30.png\" \/>\n\t<meta property=\"og:image:width\" content=\"1536\" \/>\n\t<meta property=\"og:image:height\" content=\"1024\" \/>\n\t<meta property=\"og:image:type\" content=\"image\/png\" \/>\n<meta name=\"author\" content=\"Eduardo Mart\u00ednez\" \/>\n<meta name=\"twitter:card\" content=\"summary_large_image\" \/>\n<meta name=\"twitter:creator\" content=\"@Notibras\" \/>\n<meta name=\"twitter:site\" content=\"@Notibras\" \/>\n<meta name=\"twitter:label1\" content=\"Escrito por\" \/>\n\t<meta name=\"twitter:data1\" content=\"Eduardo Mart\u00ednez\" \/>\n\t<meta name=\"twitter:label2\" content=\"Est. tempo de leitura\" \/>\n\t<meta name=\"twitter:data2\" content=\"6 minutos\" \/>\n<script type=\"application\/ld+json\" class=\"yoast-schema-graph\">{\"@context\":\"https:\/\/schema.org\",\"@graph\":[{\"@type\":\"Article\",\"@id\":\"https:\/\/www.notibras.com\/site\/quando-a-oracao-vem-em-forma-de-pessoa-e-muda-um-destino\/#article\",\"isPartOf\":{\"@id\":\"https:\/\/www.notibras.com\/site\/quando-a-oracao-vem-em-forma-de-pessoa-e-muda-um-destino\/\"},\"author\":{\"name\":\"Eduardo Mart\u00ednez\",\"@id\":\"https:\/\/www.notibras.com\/site\/#\/schema\/person\/5b7fabf2aedc3ada2105f03b22b4d3dd\"},\"headline\":\"Quando a ora\u00e7\u00e3o vem em forma de pessoa e muda um destino\",\"datePublished\":\"2026-01-09T04:15:33+00:00\",\"mainEntityOfPage\":{\"@id\":\"https:\/\/www.notibras.com\/site\/quando-a-oracao-vem-em-forma-de-pessoa-e-muda-um-destino\/\"},\"wordCount\":1005,\"publisher\":{\"@id\":\"https:\/\/www.notibras.com\/site\/#organization\"},\"image\":{\"@id\":\"https:\/\/www.notibras.com\/site\/quando-a-oracao-vem-em-forma-de-pessoa-e-muda-um-destino\/#primaryimage\"},\"thumbnailUrl\":\"https:\/\/www.notibras.com\/site\/wp-content\/uploads\/2026\/01\/ChatGPT-Image-4_01_2026-01_23_30.png\",\"articleSection\":[\"Caf\u00e9 Liter\u00e1rio\"],\"inLanguage\":\"pt-BR\"},{\"@type\":\"WebPage\",\"@id\":\"https:\/\/www.notibras.com\/site\/quando-a-oracao-vem-em-forma-de-pessoa-e-muda-um-destino\/\",\"url\":\"https:\/\/www.notibras.com\/site\/quando-a-oracao-vem-em-forma-de-pessoa-e-muda-um-destino\/\",\"name\":\"Quando a ora\u00e7\u00e3o vem em forma de pessoa e muda um destino - Notibras\",\"isPartOf\":{\"@id\":\"https:\/\/www.notibras.com\/site\/#website\"},\"primaryImageOfPage\":{\"@id\":\"https:\/\/www.notibras.com\/site\/quando-a-oracao-vem-em-forma-de-pessoa-e-muda-um-destino\/#primaryimage\"},\"image\":{\"@id\":\"https:\/\/www.notibras.com\/site\/quando-a-oracao-vem-em-forma-de-pessoa-e-muda-um-destino\/#primaryimage\"},\"thumbnailUrl\":\"https:\/\/www.notibras.com\/site\/wp-content\/uploads\/2026\/01\/ChatGPT-Image-4_01_2026-01_23_30.png\",\"datePublished\":\"2026-01-09T04:15:33+00:00\",\"breadcrumb\":{\"@id\":\"https:\/\/www.notibras.com\/site\/quando-a-oracao-vem-em-forma-de-pessoa-e-muda-um-destino\/#breadcrumb\"},\"inLanguage\":\"pt-BR\",\"potentialAction\":[{\"@type\":\"ReadAction\",\"target\":[\"https:\/\/www.notibras.com\/site\/quando-a-oracao-vem-em-forma-de-pessoa-e-muda-um-destino\/\"]}]},{\"@type\":\"ImageObject\",\"inLanguage\":\"pt-BR\",\"@id\":\"https:\/\/www.notibras.com\/site\/quando-a-oracao-vem-em-forma-de-pessoa-e-muda-um-destino\/#primaryimage\",\"url\":\"https:\/\/www.notibras.com\/site\/wp-content\/uploads\/2026\/01\/ChatGPT-Image-4_01_2026-01_23_30.png\",\"contentUrl\":\"https:\/\/www.notibras.com\/site\/wp-content\/uploads\/2026\/01\/ChatGPT-Image-4_01_2026-01_23_30.png\",\"width\":1536,\"height\":1024},{\"@type\":\"BreadcrumbList\",\"@id\":\"https:\/\/www.notibras.com\/site\/quando-a-oracao-vem-em-forma-de-pessoa-e-muda-um-destino\/#breadcrumb\",\"itemListElement\":[{\"@type\":\"ListItem\",\"position\":1,\"name\":\"In\u00edcio\",\"item\":\"https:\/\/www.notibras.com\/site\/\"},{\"@type\":\"ListItem\",\"position\":2,\"name\":\"Quando a ora\u00e7\u00e3o vem em forma de pessoa e muda um destino\"}]},{\"@type\":\"WebSite\",\"@id\":\"https:\/\/www.notibras.com\/site\/#website\",\"url\":\"https:\/\/www.notibras.com\/site\/\",\"name\":\"Notibras\",\"description\":\"Not\u00edcias de Bras\u00edlia, do Brasil e do Mundo\",\"publisher\":{\"@id\":\"https:\/\/www.notibras.com\/site\/#organization\"},\"potentialAction\":[{\"@type\":\"SearchAction\",\"target\":{\"@type\":\"EntryPoint\",\"urlTemplate\":\"https:\/\/www.notibras.com\/site\/?s={search_term_string}\"},\"query-input\":{\"@type\":\"PropertyValueSpecification\",\"valueRequired\":true,\"valueName\":\"search_term_string\"}}],\"inLanguage\":\"pt-BR\"},{\"@type\":\"Organization\",\"@id\":\"https:\/\/www.notibras.com\/site\/#organization\",\"name\":\"Grupo Notibras de Comunica\u00e7\u00e3o\",\"url\":\"https:\/\/www.notibras.com\/site\/\",\"logo\":{\"@type\":\"ImageObject\",\"inLanguage\":\"pt-BR\",\"@id\":\"https:\/\/www.notibras.com\/site\/#\/schema\/logo\/image\/\",\"url\":\"https:\/\/www.notibras.com\/site\/wp-content\/uploads\/2023\/01\/notibras23.png\",\"contentUrl\":\"https:\/\/www.notibras.com\/site\/wp-content\/uploads\/2023\/01\/notibras23.png\",\"width\":350,\"height\":87,\"caption\":\"Grupo Notibras de Comunica\u00e7\u00e3o\"},\"image\":{\"@id\":\"https:\/\/www.notibras.com\/site\/#\/schema\/logo\/image\/\"},\"sameAs\":[\"https:\/\/www.facebook.com\/notibras\/\",\"https:\/\/x.com\/Notibras\",\"https:\/\/www.instagram.com\/notibras\/\"]},{\"@type\":\"Person\",\"@id\":\"https:\/\/www.notibras.com\/site\/#\/schema\/person\/5b7fabf2aedc3ada2105f03b22b4d3dd\",\"name\":\"Eduardo Mart\u00ednez\",\"image\":{\"@type\":\"ImageObject\",\"inLanguage\":\"pt-BR\",\"@id\":\"https:\/\/secure.gravatar.com\/avatar\/7902f906289926289cbcda644b5197c796b893c6ffd7b9a536a42d290f7704a0?s=96&d=mm&r=g\",\"url\":\"https:\/\/secure.gravatar.com\/avatar\/7902f906289926289cbcda644b5197c796b893c6ffd7b9a536a42d290f7704a0?s=96&d=mm&r=g\",\"contentUrl\":\"https:\/\/secure.gravatar.com\/avatar\/7902f906289926289cbcda644b5197c796b893c6ffd7b9a536a42d290f7704a0?s=96&d=mm&r=g\",\"caption\":\"Eduardo Mart\u00ednez\"}}]}<\/script>\n<!-- \/ Yoast SEO plugin. -->","yoast_head_json":{"title":"Quando a ora\u00e7\u00e3o vem em forma de pessoa e muda um destino - Notibras","robots":{"index":"index","follow":"follow","max-snippet":"max-snippet:-1","max-image-preview":"max-image-preview:large","max-video-preview":"max-video-preview:-1"},"canonical":"https:\/\/www.notibras.com\/site\/quando-a-oracao-vem-em-forma-de-pessoa-e-muda-um-destino\/","og_locale":"pt_BR","og_type":"article","og_title":"Quando a ora\u00e7\u00e3o vem em forma de pessoa e muda um destino - Notibras","og_description":"\u00c9 verdade que tenho uma religi\u00e3o, pela qual enxergo a liga\u00e7\u00e3o com o sagrado e pela qual me utilizo para a comunica\u00e7\u00e3o com o mesmo. Acredito em um Deus \u00fanico que fragmenta pingos de Sua energia em cada um de n\u00f3s quando nos permitiu a vida. \u00c9 verdade, tamb\u00e9m, que tenho um olhar cient\u00edfico pautado [&hellip;]","og_url":"https:\/\/www.notibras.com\/site\/quando-a-oracao-vem-em-forma-de-pessoa-e-muda-um-destino\/","og_site_name":"Notibras","article_publisher":"https:\/\/www.facebook.com\/notibras\/","article_published_time":"2026-01-09T04:15:33+00:00","og_image":[{"width":1536,"height":1024,"url":"https:\/\/www.notibras.com\/site\/wp-content\/uploads\/2026\/01\/ChatGPT-Image-4_01_2026-01_23_30.png","type":"image\/png"}],"author":"Eduardo Mart\u00ednez","twitter_card":"summary_large_image","twitter_creator":"@Notibras","twitter_site":"@Notibras","twitter_misc":{"Escrito por":"Eduardo Mart\u00ednez","Est. tempo de leitura":"6 minutos"},"schema":{"@context":"https:\/\/schema.org","@graph":[{"@type":"Article","@id":"https:\/\/www.notibras.com\/site\/quando-a-oracao-vem-em-forma-de-pessoa-e-muda-um-destino\/#article","isPartOf":{"@id":"https:\/\/www.notibras.com\/site\/quando-a-oracao-vem-em-forma-de-pessoa-e-muda-um-destino\/"},"author":{"name":"Eduardo Mart\u00ednez","@id":"https:\/\/www.notibras.com\/site\/#\/schema\/person\/5b7fabf2aedc3ada2105f03b22b4d3dd"},"headline":"Quando a ora\u00e7\u00e3o vem em forma de pessoa e muda um destino","datePublished":"2026-01-09T04:15:33+00:00","mainEntityOfPage":{"@id":"https:\/\/www.notibras.com\/site\/quando-a-oracao-vem-em-forma-de-pessoa-e-muda-um-destino\/"},"wordCount":1005,"publisher":{"@id":"https:\/\/www.notibras.com\/site\/#organization"},"image":{"@id":"https:\/\/www.notibras.com\/site\/quando-a-oracao-vem-em-forma-de-pessoa-e-muda-um-destino\/#primaryimage"},"thumbnailUrl":"https:\/\/www.notibras.com\/site\/wp-content\/uploads\/2026\/01\/ChatGPT-Image-4_01_2026-01_23_30.png","articleSection":["Caf\u00e9 Liter\u00e1rio"],"inLanguage":"pt-BR"},{"@type":"WebPage","@id":"https:\/\/www.notibras.com\/site\/quando-a-oracao-vem-em-forma-de-pessoa-e-muda-um-destino\/","url":"https:\/\/www.notibras.com\/site\/quando-a-oracao-vem-em-forma-de-pessoa-e-muda-um-destino\/","name":"Quando a ora\u00e7\u00e3o vem em forma de pessoa e muda um destino - Notibras","isPartOf":{"@id":"https:\/\/www.notibras.com\/site\/#website"},"primaryImageOfPage":{"@id":"https:\/\/www.notibras.com\/site\/quando-a-oracao-vem-em-forma-de-pessoa-e-muda-um-destino\/#primaryimage"},"image":{"@id":"https:\/\/www.notibras.com\/site\/quando-a-oracao-vem-em-forma-de-pessoa-e-muda-um-destino\/#primaryimage"},"thumbnailUrl":"https:\/\/www.notibras.com\/site\/wp-content\/uploads\/2026\/01\/ChatGPT-Image-4_01_2026-01_23_30.png","datePublished":"2026-01-09T04:15:33+00:00","breadcrumb":{"@id":"https:\/\/www.notibras.com\/site\/quando-a-oracao-vem-em-forma-de-pessoa-e-muda-um-destino\/#breadcrumb"},"inLanguage":"pt-BR","potentialAction":[{"@type":"ReadAction","target":["https:\/\/www.notibras.com\/site\/quando-a-oracao-vem-em-forma-de-pessoa-e-muda-um-destino\/"]}]},{"@type":"ImageObject","inLanguage":"pt-BR","@id":"https:\/\/www.notibras.com\/site\/quando-a-oracao-vem-em-forma-de-pessoa-e-muda-um-destino\/#primaryimage","url":"https:\/\/www.notibras.com\/site\/wp-content\/uploads\/2026\/01\/ChatGPT-Image-4_01_2026-01_23_30.png","contentUrl":"https:\/\/www.notibras.com\/site\/wp-content\/uploads\/2026\/01\/ChatGPT-Image-4_01_2026-01_23_30.png","width":1536,"height":1024},{"@type":"BreadcrumbList","@id":"https:\/\/www.notibras.com\/site\/quando-a-oracao-vem-em-forma-de-pessoa-e-muda-um-destino\/#breadcrumb","itemListElement":[{"@type":"ListItem","position":1,"name":"In\u00edcio","item":"https:\/\/www.notibras.com\/site\/"},{"@type":"ListItem","position":2,"name":"Quando a ora\u00e7\u00e3o vem em forma de pessoa e muda um destino"}]},{"@type":"WebSite","@id":"https:\/\/www.notibras.com\/site\/#website","url":"https:\/\/www.notibras.com\/site\/","name":"Notibras","description":"Not\u00edcias de Bras\u00edlia, do Brasil e do Mundo","publisher":{"@id":"https:\/\/www.notibras.com\/site\/#organization"},"potentialAction":[{"@type":"SearchAction","target":{"@type":"EntryPoint","urlTemplate":"https:\/\/www.notibras.com\/site\/?s={search_term_string}"},"query-input":{"@type":"PropertyValueSpecification","valueRequired":true,"valueName":"search_term_string"}}],"inLanguage":"pt-BR"},{"@type":"Organization","@id":"https:\/\/www.notibras.com\/site\/#organization","name":"Grupo Notibras de Comunica\u00e7\u00e3o","url":"https:\/\/www.notibras.com\/site\/","logo":{"@type":"ImageObject","inLanguage":"pt-BR","@id":"https:\/\/www.notibras.com\/site\/#\/schema\/logo\/image\/","url":"https:\/\/www.notibras.com\/site\/wp-content\/uploads\/2023\/01\/notibras23.png","contentUrl":"https:\/\/www.notibras.com\/site\/wp-content\/uploads\/2023\/01\/notibras23.png","width":350,"height":87,"caption":"Grupo Notibras de Comunica\u00e7\u00e3o"},"image":{"@id":"https:\/\/www.notibras.com\/site\/#\/schema\/logo\/image\/"},"sameAs":["https:\/\/www.facebook.com\/notibras\/","https:\/\/x.com\/Notibras","https:\/\/www.instagram.com\/notibras\/"]},{"@type":"Person","@id":"https:\/\/www.notibras.com\/site\/#\/schema\/person\/5b7fabf2aedc3ada2105f03b22b4d3dd","name":"Eduardo Mart\u00ednez","image":{"@type":"ImageObject","inLanguage":"pt-BR","@id":"https:\/\/secure.gravatar.com\/avatar\/7902f906289926289cbcda644b5197c796b893c6ffd7b9a536a42d290f7704a0?s=96&d=mm&r=g","url":"https:\/\/secure.gravatar.com\/avatar\/7902f906289926289cbcda644b5197c796b893c6ffd7b9a536a42d290f7704a0?s=96&d=mm&r=g","contentUrl":"https:\/\/secure.gravatar.com\/avatar\/7902f906289926289cbcda644b5197c796b893c6ffd7b9a536a42d290f7704a0?s=96&d=mm&r=g","caption":"Eduardo Mart\u00ednez"}}]}},"amp_enabled":true,"_links":{"self":[{"href":"https:\/\/www.notibras.com\/site\/wp-json\/wp\/v2\/posts\/377625","targetHints":{"allow":["GET"]}}],"collection":[{"href":"https:\/\/www.notibras.com\/site\/wp-json\/wp\/v2\/posts"}],"about":[{"href":"https:\/\/www.notibras.com\/site\/wp-json\/wp\/v2\/types\/post"}],"author":[{"embeddable":true,"href":"https:\/\/www.notibras.com\/site\/wp-json\/wp\/v2\/users\/21"}],"replies":[{"embeddable":true,"href":"https:\/\/www.notibras.com\/site\/wp-json\/wp\/v2\/comments?post=377625"}],"version-history":[{"count":3,"href":"https:\/\/www.notibras.com\/site\/wp-json\/wp\/v2\/posts\/377625\/revisions"}],"predecessor-version":[{"id":377636,"href":"https:\/\/www.notibras.com\/site\/wp-json\/wp\/v2\/posts\/377625\/revisions\/377636"}],"wp:featuredmedia":[{"embeddable":true,"href":"https:\/\/www.notibras.com\/site\/wp-json\/wp\/v2\/media\/377630"}],"wp:attachment":[{"href":"https:\/\/www.notibras.com\/site\/wp-json\/wp\/v2\/media?parent=377625"}],"wp:term":[{"taxonomy":"category","embeddable":true,"href":"https:\/\/www.notibras.com\/site\/wp-json\/wp\/v2\/categories?post=377625"},{"taxonomy":"post_tag","embeddable":true,"href":"https:\/\/www.notibras.com\/site\/wp-json\/wp\/v2\/tags?post=377625"}],"curies":[{"name":"wp","href":"https:\/\/api.w.org\/{rel}","templated":true}]}}