{"id":377626,"date":"2026-01-04T01:22:11","date_gmt":"2026-01-04T04:22:11","guid":{"rendered":"https:\/\/www.notibras.com\/site\/?p=377626"},"modified":"2026-01-04T01:23:27","modified_gmt":"2026-01-04T04:23:27","slug":"brasil-nao-esta-em-disputa-mas-em-exaustao","status":"publish","type":"post","link":"https:\/\/www.notibras.com\/site\/brasil-nao-esta-em-disputa-mas-em-exaustao\/","title":{"rendered":"Brasil n\u00e3o est\u00e1 em disputa, mas em exaust\u00e3o"},"content":{"rendered":"<p>H\u00e1 elei\u00e7\u00f5es que nascem de projetos. Outras, de rupturas. A de 2026 nasce de algo mais prosaico e, por isso mesmo, mais dif\u00edcil de captar em pesquisas tradicionais: o cansa\u00e7o. N\u00e3o um cansa\u00e7o barulhento, desses que viram palavra de ordem. \u00c9 outro. Um desgaste acumulado, silencioso, que atravessa conversas privadas, mesas de bar, grupos de fam\u00edlia e at\u00e9 aquelas longas pausas antes de algu\u00e9m responder uma pergunta simples sobre pol\u00edtica. Quando a resposta demora demais, quase sempre n\u00e3o \u00e9 falta de opini\u00e3o. \u00c9 excesso de satura\u00e7\u00e3o.<\/p>\n<p>O Brasil j\u00e1 viveu isso antes. Em momentos distintos da sua hist\u00f3ria recente, ciclos pol\u00edticos longos produziram n\u00e3o apenas oposi\u00e7\u00e3o organizada, mas algo mais profundo: a sensa\u00e7\u00e3o difusa de que o debate perdeu utilidade pr\u00e1tica. Foi assim no final da ditadura, quando o desejo n\u00e3o era ideol\u00f3gico, mas respirat\u00f3rio. Foi assim ap\u00f3s anos de hiperinfla\u00e7\u00e3o, quando o eleitor n\u00e3o queria discursos, queria normalidade. E foi assim tamb\u00e9m em outros per\u00edodos em que o embate simb\u00f3lico seguiu existindo, mas a maioria silenciosa j\u00e1 tinha mudado de assunto por dentro.<\/p>\n<p>O que se desenha agora guarda semelhan\u00e7as. O pa\u00eds seguir\u00e1 polarizado, n\u00e3o h\u00e1 ingenuidade nisso. Os polos continuar\u00e3o ocupados por convic\u00e7\u00e3o, identidade e, em alguns casos, voca\u00e7\u00e3o para o confronto. Mas uma parcela grande da sociedade n\u00e3o chegou ali por ades\u00e3o ideol\u00f3gica profunda. Chegou por falta de alternativa. Empurrada. Apertada. Encurralada num debate bin\u00e1rio que n\u00e3o oferecia sa\u00edda lateral.<\/p>\n<p>Essa \u00e9 uma distin\u00e7\u00e3o importante. Os extremos permanecem porque acreditam. A maioria que hoje habita esses espa\u00e7os o faz porque n\u00e3o encontrou onde repousar. E repousar, aqui, n\u00e3o significa aliena\u00e7\u00e3o. Significa poder discordar sem ter que gritar, apoiar sem virar militante, criticar sem ser imediatamente enquadrado.<\/p>\n<p>H\u00e1, portanto, um deslocamento em curso que n\u00e3o aparece nos slogans. Um movimento de retorno ao equil\u00edbrio, n\u00e3o como virtude moral, mas como mecanismo de defesa social. N\u00e3o \u00e9 o fim do conflito, \u00e9 a busca por um ponto de menor atrito. O p\u00eandulo, quando vai longe demais, n\u00e3o retorna por nostalgia do centro, mas por fadiga dos extremos.<\/p>\n<p>Isso ajuda a entender por que tantos discursos continuam altos enquanto a aten\u00e7\u00e3o coletiva cai. O debate segue inflamado, mas a audi\u00eancia j\u00e1 n\u00e3o reage como antes. A indigna\u00e7\u00e3o, quando repetida \u00e0 exaust\u00e3o, perde pot\u00eancia. E o eleitor, mesmo aquele politizado, come\u00e7a a escolher menos pelo entusiasmo e mais pela previsibilidade. N\u00e3o \u00e9 um voto de paix\u00e3o. \u00c9 um voto de conten\u00e7\u00e3o.<\/p>\n<p>No plano nacional, isso cria um cen\u00e1rio curioso. A disputa existe, os nomes s\u00e3o conhecidos, as for\u00e7as est\u00e3o organizadas. Mas o clima n\u00e3o \u00e9 de expectativa, \u00e9 de toler\u00e2ncia. Tolera-se mais do que se acredita. Defende-se menos do que se justifica em p\u00fablico. E cresce a dist\u00e2ncia entre o discurso que circula e o sentimento que se acumula.<\/p>\n<p>No Distrito Federal, esse fen\u00f4meno ganha contornos pr\u00f3prios. Bras\u00edlia n\u00e3o reage bem ao improviso prolongado. A cidade convive diariamente com o peso das institui\u00e7\u00f5es e desenvolveu, ao longo do tempo, um radar sens\u00edvel para aventuras pol\u00edticas. Aqui, a ret\u00f3rica pode at\u00e9 passar, mas n\u00e3o governa sozinha. A prefer\u00eancia costuma recair sobre quem transmite controle, m\u00e9todo e alguma capacidade de manter as engrenagens funcionando sem sobressaltos desnecess\u00e1rios.<\/p>\n<p>Isso n\u00e3o significa avers\u00e3o \u00e0 mudan\u00e7a. Significa seletividade. A mudan\u00e7a aceita \u00e9 aquela que n\u00e3o amea\u00e7a a rotina institucional. \u00c9 uma pol\u00edtica menos \u00e9pica e mais operacional. Menos discurso de salva\u00e7\u00e3o, mais garantia de funcionamento. Em Bras\u00edlia, quem promete incendiar o sistema raramente convence quem depende dele para trabalhar todos os dias.<\/p>\n<p>Tudo isso aponta para uma elei\u00e7\u00e3o que ser\u00e1 decidida menos pelo volume da fala e mais pelo sil\u00eancio que a precede. H\u00e1 um sentimento comum, ainda pouco vis\u00edvel, que atravessa grupos distintos. Pessoas que n\u00e3o se falam, n\u00e3o se seguem e n\u00e3o compartilham refer\u00eancias come\u00e7am a experimentar sensa\u00e7\u00f5es parecidas. N\u00e3o \u00e9 concord\u00e2ncia. \u00c9 exaust\u00e3o compartilhada.<\/p>\n<p>Talvez por isso a grande pergunta de 2026 n\u00e3o seja quem representa melhor um lado, mas quem oferece algum al\u00edvio ao ambiente. Quem reduz ru\u00eddo. Quem n\u00e3o transforma cada gesto administrativo em manifesto. Pode parecer pouco inspirador. Mas, em ciclos longos, a pol\u00edtica raramente \u00e9 sobre inspira\u00e7\u00e3o. \u00c9 sobre sobreviv\u00eancia do cotidiano.<\/p>\n<p>E aqui cabe uma observa\u00e7\u00e3o quase bem-humorada, ainda que reveladora. Quando o eleitor come\u00e7a a dizer \u201cs\u00f3 quero que funcione\u201d, n\u00e3o \u00e9 porque ficou menos exigente. \u00c9 porque j\u00e1 exigiu demais e foi pouco atendido. A simplicidade, nesse caso, n\u00e3o \u00e9 pobreza de expectativa. \u00c9 filtro.<\/p>\n<p>O pa\u00eds n\u00e3o est\u00e1 exatamente em busca de novidade. Est\u00e1 em busca de pausa. A elei\u00e7\u00e3o de 2026 tende a refletir isso. N\u00e3o como ruptura expl\u00edcita, mas como ajuste silencioso. Quem entender esse clima n\u00e3o vai precisar gritar. Vai falar baixo. E, curiosamente, ser\u00e1 ouvido. Sigamos.<\/p>\n","protected":false},"excerpt":{"rendered":"<p>H\u00e1 elei\u00e7\u00f5es que nascem de projetos. Outras, de rupturas. A de 2026 nasce de algo mais prosaico e, por isso mesmo, mais dif\u00edcil de captar em pesquisas tradicionais: o cansa\u00e7o. N\u00e3o um cansa\u00e7o barulhento, desses que viram palavra de ordem. \u00c9 outro. Um desgaste acumulado, silencioso, que atravessa conversas privadas, mesas de bar, grupos de [&hellip;]<\/p>\n","protected":false},"author":2,"featured_media":377627,"comment_status":"closed","ping_status":"closed","sticky":false,"template":"","format":"standard","meta":{"_acf_changed":false,"footnotes":""},"categories":[16],"tags":[95],"class_list":["post-377626","post","type-post","status-publish","format-standard","has-post-thumbnail","hentry","category-brasil","tag-capa"],"acf":[],"yoast_head":"<!-- This site is optimized with the Yoast SEO plugin v27.2 - https:\/\/yoast.com\/product\/yoast-seo-wordpress\/ -->\n<title>Brasil n\u00e3o est\u00e1 em disputa, mas em exaust\u00e3o - Notibras<\/title>\n<meta name=\"robots\" content=\"index, follow, max-snippet:-1, max-image-preview:large, max-video-preview:-1\" \/>\n<link rel=\"canonical\" href=\"https:\/\/www.notibras.com\/site\/brasil-nao-esta-em-disputa-mas-em-exaustao\/\" \/>\n<meta property=\"og:locale\" content=\"pt_BR\" \/>\n<meta property=\"og:type\" content=\"article\" \/>\n<meta property=\"og:title\" content=\"Brasil n\u00e3o est\u00e1 em disputa, mas em exaust\u00e3o - Notibras\" \/>\n<meta property=\"og:description\" content=\"H\u00e1 elei\u00e7\u00f5es que nascem de projetos. Outras, de rupturas. A de 2026 nasce de algo mais prosaico e, por isso mesmo, mais dif\u00edcil de captar em pesquisas tradicionais: o cansa\u00e7o. N\u00e3o um cansa\u00e7o barulhento, desses que viram palavra de ordem. \u00c9 outro. Um desgaste acumulado, silencioso, que atravessa conversas privadas, mesas de bar, grupos de [&hellip;]\" \/>\n<meta property=\"og:url\" content=\"https:\/\/www.notibras.com\/site\/brasil-nao-esta-em-disputa-mas-em-exaustao\/\" \/>\n<meta property=\"og:site_name\" content=\"Notibras\" \/>\n<meta property=\"article:publisher\" content=\"https:\/\/www.facebook.com\/notibras\/\" \/>\n<meta property=\"article:published_time\" content=\"2026-01-04T04:22:11+00:00\" \/>\n<meta property=\"article:modified_time\" content=\"2026-01-04T04:23:27+00:00\" \/>\n<meta property=\"og:image\" content=\"https:\/\/www.notibras.com\/site\/wp-content\/uploads\/2026\/01\/6df3c940-dcf5-4f06-8a5a-b737313a3ff1.jpg\" \/>\n\t<meta property=\"og:image:width\" content=\"1280\" \/>\n\t<meta property=\"og:image:height\" content=\"853\" \/>\n\t<meta property=\"og:image:type\" content=\"image\/jpeg\" \/>\n<meta name=\"author\" content=\"Reda\u00e7\u00e3o\" \/>\n<meta name=\"twitter:card\" content=\"summary_large_image\" \/>\n<meta name=\"twitter:creator\" content=\"@Notibras\" \/>\n<meta name=\"twitter:site\" content=\"@Notibras\" \/>\n<meta name=\"twitter:label1\" content=\"Escrito por\" \/>\n\t<meta name=\"twitter:data1\" content=\"Reda\u00e7\u00e3o\" \/>\n\t<meta name=\"twitter:label2\" content=\"Est. tempo de leitura\" \/>\n\t<meta name=\"twitter:data2\" content=\"5 minutos\" \/>\n<script type=\"application\/ld+json\" class=\"yoast-schema-graph\">{\"@context\":\"https:\/\/schema.org\",\"@graph\":[{\"@type\":\"Article\",\"@id\":\"https:\/\/www.notibras.com\/site\/brasil-nao-esta-em-disputa-mas-em-exaustao\/#article\",\"isPartOf\":{\"@id\":\"https:\/\/www.notibras.com\/site\/brasil-nao-esta-em-disputa-mas-em-exaustao\/\"},\"author\":{\"name\":\"Reda\u00e7\u00e3o\",\"@id\":\"https:\/\/www.notibras.com\/site\/#\/schema\/person\/36ab0979449956132d3e5b517ea76ac8\"},\"headline\":\"Brasil n\u00e3o est\u00e1 em disputa, mas em exaust\u00e3o\",\"datePublished\":\"2026-01-04T04:22:11+00:00\",\"dateModified\":\"2026-01-04T04:23:27+00:00\",\"mainEntityOfPage\":{\"@id\":\"https:\/\/www.notibras.com\/site\/brasil-nao-esta-em-disputa-mas-em-exaustao\/\"},\"wordCount\":877,\"publisher\":{\"@id\":\"https:\/\/www.notibras.com\/site\/#organization\"},\"image\":{\"@id\":\"https:\/\/www.notibras.com\/site\/brasil-nao-esta-em-disputa-mas-em-exaustao\/#primaryimage\"},\"thumbnailUrl\":\"https:\/\/www.notibras.com\/site\/wp-content\/uploads\/2026\/01\/6df3c940-dcf5-4f06-8a5a-b737313a3ff1.jpg\",\"keywords\":[\"capa\"],\"articleSection\":[\"Brasil\"],\"inLanguage\":\"pt-BR\"},{\"@type\":\"WebPage\",\"@id\":\"https:\/\/www.notibras.com\/site\/brasil-nao-esta-em-disputa-mas-em-exaustao\/\",\"url\":\"https:\/\/www.notibras.com\/site\/brasil-nao-esta-em-disputa-mas-em-exaustao\/\",\"name\":\"Brasil n\u00e3o est\u00e1 em disputa, mas em exaust\u00e3o - Notibras\",\"isPartOf\":{\"@id\":\"https:\/\/www.notibras.com\/site\/#website\"},\"primaryImageOfPage\":{\"@id\":\"https:\/\/www.notibras.com\/site\/brasil-nao-esta-em-disputa-mas-em-exaustao\/#primaryimage\"},\"image\":{\"@id\":\"https:\/\/www.notibras.com\/site\/brasil-nao-esta-em-disputa-mas-em-exaustao\/#primaryimage\"},\"thumbnailUrl\":\"https:\/\/www.notibras.com\/site\/wp-content\/uploads\/2026\/01\/6df3c940-dcf5-4f06-8a5a-b737313a3ff1.jpg\",\"datePublished\":\"2026-01-04T04:22:11+00:00\",\"dateModified\":\"2026-01-04T04:23:27+00:00\",\"breadcrumb\":{\"@id\":\"https:\/\/www.notibras.com\/site\/brasil-nao-esta-em-disputa-mas-em-exaustao\/#breadcrumb\"},\"inLanguage\":\"pt-BR\",\"potentialAction\":[{\"@type\":\"ReadAction\",\"target\":[\"https:\/\/www.notibras.com\/site\/brasil-nao-esta-em-disputa-mas-em-exaustao\/\"]}]},{\"@type\":\"ImageObject\",\"inLanguage\":\"pt-BR\",\"@id\":\"https:\/\/www.notibras.com\/site\/brasil-nao-esta-em-disputa-mas-em-exaustao\/#primaryimage\",\"url\":\"https:\/\/www.notibras.com\/site\/wp-content\/uploads\/2026\/01\/6df3c940-dcf5-4f06-8a5a-b737313a3ff1.jpg\",\"contentUrl\":\"https:\/\/www.notibras.com\/site\/wp-content\/uploads\/2026\/01\/6df3c940-dcf5-4f06-8a5a-b737313a3ff1.jpg\",\"width\":1280,\"height\":853},{\"@type\":\"BreadcrumbList\",\"@id\":\"https:\/\/www.notibras.com\/site\/brasil-nao-esta-em-disputa-mas-em-exaustao\/#breadcrumb\",\"itemListElement\":[{\"@type\":\"ListItem\",\"position\":1,\"name\":\"In\u00edcio\",\"item\":\"https:\/\/www.notibras.com\/site\/\"},{\"@type\":\"ListItem\",\"position\":2,\"name\":\"Brasil n\u00e3o est\u00e1 em disputa, mas em exaust\u00e3o\"}]},{\"@type\":\"WebSite\",\"@id\":\"https:\/\/www.notibras.com\/site\/#website\",\"url\":\"https:\/\/www.notibras.com\/site\/\",\"name\":\"Notibras\",\"description\":\"Not\u00edcias de Bras\u00edlia, do Brasil e do Mundo\",\"publisher\":{\"@id\":\"https:\/\/www.notibras.com\/site\/#organization\"},\"potentialAction\":[{\"@type\":\"SearchAction\",\"target\":{\"@type\":\"EntryPoint\",\"urlTemplate\":\"https:\/\/www.notibras.com\/site\/?s={search_term_string}\"},\"query-input\":{\"@type\":\"PropertyValueSpecification\",\"valueRequired\":true,\"valueName\":\"search_term_string\"}}],\"inLanguage\":\"pt-BR\"},{\"@type\":\"Organization\",\"@id\":\"https:\/\/www.notibras.com\/site\/#organization\",\"name\":\"Grupo Notibras de Comunica\u00e7\u00e3o\",\"url\":\"https:\/\/www.notibras.com\/site\/\",\"logo\":{\"@type\":\"ImageObject\",\"inLanguage\":\"pt-BR\",\"@id\":\"https:\/\/www.notibras.com\/site\/#\/schema\/logo\/image\/\",\"url\":\"https:\/\/www.notibras.com\/site\/wp-content\/uploads\/2023\/01\/notibras23.png\",\"contentUrl\":\"https:\/\/www.notibras.com\/site\/wp-content\/uploads\/2023\/01\/notibras23.png\",\"width\":350,\"height\":87,\"caption\":\"Grupo Notibras de Comunica\u00e7\u00e3o\"},\"image\":{\"@id\":\"https:\/\/www.notibras.com\/site\/#\/schema\/logo\/image\/\"},\"sameAs\":[\"https:\/\/www.facebook.com\/notibras\/\",\"https:\/\/x.com\/Notibras\",\"https:\/\/www.instagram.com\/notibras\/\"]},{\"@type\":\"Person\",\"@id\":\"https:\/\/www.notibras.com\/site\/#\/schema\/person\/36ab0979449956132d3e5b517ea76ac8\",\"name\":\"Reda\u00e7\u00e3o\",\"image\":{\"@type\":\"ImageObject\",\"inLanguage\":\"pt-BR\",\"@id\":\"https:\/\/secure.gravatar.com\/avatar\/e0a867bdedb85fd243eadf09663511f96fc81e0720a4a42581f334ad4303aa6b?s=96&d=mm&r=g\",\"url\":\"https:\/\/secure.gravatar.com\/avatar\/e0a867bdedb85fd243eadf09663511f96fc81e0720a4a42581f334ad4303aa6b?s=96&d=mm&r=g\",\"contentUrl\":\"https:\/\/secure.gravatar.com\/avatar\/e0a867bdedb85fd243eadf09663511f96fc81e0720a4a42581f334ad4303aa6b?s=96&d=mm&r=g\",\"caption\":\"Reda\u00e7\u00e3o\"}}]}<\/script>\n<!-- \/ Yoast SEO plugin. -->","yoast_head_json":{"title":"Brasil n\u00e3o est\u00e1 em disputa, mas em exaust\u00e3o - Notibras","robots":{"index":"index","follow":"follow","max-snippet":"max-snippet:-1","max-image-preview":"max-image-preview:large","max-video-preview":"max-video-preview:-1"},"canonical":"https:\/\/www.notibras.com\/site\/brasil-nao-esta-em-disputa-mas-em-exaustao\/","og_locale":"pt_BR","og_type":"article","og_title":"Brasil n\u00e3o est\u00e1 em disputa, mas em exaust\u00e3o - Notibras","og_description":"H\u00e1 elei\u00e7\u00f5es que nascem de projetos. Outras, de rupturas. A de 2026 nasce de algo mais prosaico e, por isso mesmo, mais dif\u00edcil de captar em pesquisas tradicionais: o cansa\u00e7o. N\u00e3o um cansa\u00e7o barulhento, desses que viram palavra de ordem. \u00c9 outro. Um desgaste acumulado, silencioso, que atravessa conversas privadas, mesas de bar, grupos de [&hellip;]","og_url":"https:\/\/www.notibras.com\/site\/brasil-nao-esta-em-disputa-mas-em-exaustao\/","og_site_name":"Notibras","article_publisher":"https:\/\/www.facebook.com\/notibras\/","article_published_time":"2026-01-04T04:22:11+00:00","article_modified_time":"2026-01-04T04:23:27+00:00","og_image":[{"width":1280,"height":853,"url":"https:\/\/www.notibras.com\/site\/wp-content\/uploads\/2026\/01\/6df3c940-dcf5-4f06-8a5a-b737313a3ff1.jpg","type":"image\/jpeg"}],"author":"Reda\u00e7\u00e3o","twitter_card":"summary_large_image","twitter_creator":"@Notibras","twitter_site":"@Notibras","twitter_misc":{"Escrito por":"Reda\u00e7\u00e3o","Est. tempo de leitura":"5 minutos"},"schema":{"@context":"https:\/\/schema.org","@graph":[{"@type":"Article","@id":"https:\/\/www.notibras.com\/site\/brasil-nao-esta-em-disputa-mas-em-exaustao\/#article","isPartOf":{"@id":"https:\/\/www.notibras.com\/site\/brasil-nao-esta-em-disputa-mas-em-exaustao\/"},"author":{"name":"Reda\u00e7\u00e3o","@id":"https:\/\/www.notibras.com\/site\/#\/schema\/person\/36ab0979449956132d3e5b517ea76ac8"},"headline":"Brasil n\u00e3o est\u00e1 em disputa, mas em exaust\u00e3o","datePublished":"2026-01-04T04:22:11+00:00","dateModified":"2026-01-04T04:23:27+00:00","mainEntityOfPage":{"@id":"https:\/\/www.notibras.com\/site\/brasil-nao-esta-em-disputa-mas-em-exaustao\/"},"wordCount":877,"publisher":{"@id":"https:\/\/www.notibras.com\/site\/#organization"},"image":{"@id":"https:\/\/www.notibras.com\/site\/brasil-nao-esta-em-disputa-mas-em-exaustao\/#primaryimage"},"thumbnailUrl":"https:\/\/www.notibras.com\/site\/wp-content\/uploads\/2026\/01\/6df3c940-dcf5-4f06-8a5a-b737313a3ff1.jpg","keywords":["capa"],"articleSection":["Brasil"],"inLanguage":"pt-BR"},{"@type":"WebPage","@id":"https:\/\/www.notibras.com\/site\/brasil-nao-esta-em-disputa-mas-em-exaustao\/","url":"https:\/\/www.notibras.com\/site\/brasil-nao-esta-em-disputa-mas-em-exaustao\/","name":"Brasil n\u00e3o est\u00e1 em disputa, mas em exaust\u00e3o - Notibras","isPartOf":{"@id":"https:\/\/www.notibras.com\/site\/#website"},"primaryImageOfPage":{"@id":"https:\/\/www.notibras.com\/site\/brasil-nao-esta-em-disputa-mas-em-exaustao\/#primaryimage"},"image":{"@id":"https:\/\/www.notibras.com\/site\/brasil-nao-esta-em-disputa-mas-em-exaustao\/#primaryimage"},"thumbnailUrl":"https:\/\/www.notibras.com\/site\/wp-content\/uploads\/2026\/01\/6df3c940-dcf5-4f06-8a5a-b737313a3ff1.jpg","datePublished":"2026-01-04T04:22:11+00:00","dateModified":"2026-01-04T04:23:27+00:00","breadcrumb":{"@id":"https:\/\/www.notibras.com\/site\/brasil-nao-esta-em-disputa-mas-em-exaustao\/#breadcrumb"},"inLanguage":"pt-BR","potentialAction":[{"@type":"ReadAction","target":["https:\/\/www.notibras.com\/site\/brasil-nao-esta-em-disputa-mas-em-exaustao\/"]}]},{"@type":"ImageObject","inLanguage":"pt-BR","@id":"https:\/\/www.notibras.com\/site\/brasil-nao-esta-em-disputa-mas-em-exaustao\/#primaryimage","url":"https:\/\/www.notibras.com\/site\/wp-content\/uploads\/2026\/01\/6df3c940-dcf5-4f06-8a5a-b737313a3ff1.jpg","contentUrl":"https:\/\/www.notibras.com\/site\/wp-content\/uploads\/2026\/01\/6df3c940-dcf5-4f06-8a5a-b737313a3ff1.jpg","width":1280,"height":853},{"@type":"BreadcrumbList","@id":"https:\/\/www.notibras.com\/site\/brasil-nao-esta-em-disputa-mas-em-exaustao\/#breadcrumb","itemListElement":[{"@type":"ListItem","position":1,"name":"In\u00edcio","item":"https:\/\/www.notibras.com\/site\/"},{"@type":"ListItem","position":2,"name":"Brasil n\u00e3o est\u00e1 em disputa, mas em exaust\u00e3o"}]},{"@type":"WebSite","@id":"https:\/\/www.notibras.com\/site\/#website","url":"https:\/\/www.notibras.com\/site\/","name":"Notibras","description":"Not\u00edcias de Bras\u00edlia, do Brasil e do Mundo","publisher":{"@id":"https:\/\/www.notibras.com\/site\/#organization"},"potentialAction":[{"@type":"SearchAction","target":{"@type":"EntryPoint","urlTemplate":"https:\/\/www.notibras.com\/site\/?s={search_term_string}"},"query-input":{"@type":"PropertyValueSpecification","valueRequired":true,"valueName":"search_term_string"}}],"inLanguage":"pt-BR"},{"@type":"Organization","@id":"https:\/\/www.notibras.com\/site\/#organization","name":"Grupo Notibras de Comunica\u00e7\u00e3o","url":"https:\/\/www.notibras.com\/site\/","logo":{"@type":"ImageObject","inLanguage":"pt-BR","@id":"https:\/\/www.notibras.com\/site\/#\/schema\/logo\/image\/","url":"https:\/\/www.notibras.com\/site\/wp-content\/uploads\/2023\/01\/notibras23.png","contentUrl":"https:\/\/www.notibras.com\/site\/wp-content\/uploads\/2023\/01\/notibras23.png","width":350,"height":87,"caption":"Grupo Notibras de Comunica\u00e7\u00e3o"},"image":{"@id":"https:\/\/www.notibras.com\/site\/#\/schema\/logo\/image\/"},"sameAs":["https:\/\/www.facebook.com\/notibras\/","https:\/\/x.com\/Notibras","https:\/\/www.instagram.com\/notibras\/"]},{"@type":"Person","@id":"https:\/\/www.notibras.com\/site\/#\/schema\/person\/36ab0979449956132d3e5b517ea76ac8","name":"Reda\u00e7\u00e3o","image":{"@type":"ImageObject","inLanguage":"pt-BR","@id":"https:\/\/secure.gravatar.com\/avatar\/e0a867bdedb85fd243eadf09663511f96fc81e0720a4a42581f334ad4303aa6b?s=96&d=mm&r=g","url":"https:\/\/secure.gravatar.com\/avatar\/e0a867bdedb85fd243eadf09663511f96fc81e0720a4a42581f334ad4303aa6b?s=96&d=mm&r=g","contentUrl":"https:\/\/secure.gravatar.com\/avatar\/e0a867bdedb85fd243eadf09663511f96fc81e0720a4a42581f334ad4303aa6b?s=96&d=mm&r=g","caption":"Reda\u00e7\u00e3o"}}]}},"amp_enabled":true,"_links":{"self":[{"href":"https:\/\/www.notibras.com\/site\/wp-json\/wp\/v2\/posts\/377626","targetHints":{"allow":["GET"]}}],"collection":[{"href":"https:\/\/www.notibras.com\/site\/wp-json\/wp\/v2\/posts"}],"about":[{"href":"https:\/\/www.notibras.com\/site\/wp-json\/wp\/v2\/types\/post"}],"author":[{"embeddable":true,"href":"https:\/\/www.notibras.com\/site\/wp-json\/wp\/v2\/users\/2"}],"replies":[{"embeddable":true,"href":"https:\/\/www.notibras.com\/site\/wp-json\/wp\/v2\/comments?post=377626"}],"version-history":[{"count":2,"href":"https:\/\/www.notibras.com\/site\/wp-json\/wp\/v2\/posts\/377626\/revisions"}],"predecessor-version":[{"id":377629,"href":"https:\/\/www.notibras.com\/site\/wp-json\/wp\/v2\/posts\/377626\/revisions\/377629"}],"wp:featuredmedia":[{"embeddable":true,"href":"https:\/\/www.notibras.com\/site\/wp-json\/wp\/v2\/media\/377627"}],"wp:attachment":[{"href":"https:\/\/www.notibras.com\/site\/wp-json\/wp\/v2\/media?parent=377626"}],"wp:term":[{"taxonomy":"category","embeddable":true,"href":"https:\/\/www.notibras.com\/site\/wp-json\/wp\/v2\/categories?post=377626"},{"taxonomy":"post_tag","embeddable":true,"href":"https:\/\/www.notibras.com\/site\/wp-json\/wp\/v2\/tags?post=377626"}],"curies":[{"name":"wp","href":"https:\/\/api.w.org\/{rel}","templated":true}]}}