{"id":377683,"date":"2026-01-04T03:52:08","date_gmt":"2026-01-04T06:52:08","guid":{"rendered":"https:\/\/www.notibras.com\/site\/?p=377683"},"modified":"2026-01-04T03:52:08","modified_gmt":"2026-01-04T06:52:08","slug":"tradicao-mantem-viva-a-alma-da-cultura-nordestina","status":"publish","type":"post","link":"https:\/\/www.notibras.com\/site\/tradicao-mantem-viva-a-alma-da-cultura-nordestina\/","title":{"rendered":"Tradi\u00e7\u00e3o mant\u00e9m viva a alma da cultura nordestina"},"content":{"rendered":"<p>Entre o som dos pandeiros, a sanfona que suspira mem\u00f3rias e as vozes que entoam cantigas antigas, a Folia de Reis segue resistindo ao tempo como uma das manifesta\u00e7\u00f5es mais aut\u00eanticas da cultura popular brasileira. No Nordeste, essa tradi\u00e7\u00e3o ganha cores pr\u00f3prias, misturando f\u00e9, m\u00fasica e identidade comunit\u00e1ria em um ritual que atravessa gera\u00e7\u00f5es.<\/p>\n<p>Celebrada entre o Natal e o Dia de Reis, em 6 de janeiro, a Folia rememora a peregrina\u00e7\u00e3o dos tr\u00eas Reis Magos \u2014 Gaspar, Melchior e Baltazar \u2014 at\u00e9 o menino Jesus. Mas, para al\u00e9m da narrativa b\u00edblica, o que se v\u00ea nos povoados, cidades do interior e periferias urbanas nordestinas \u00e9 um ato coletivo de preserva\u00e7\u00e3o cultural, onde religi\u00e3o e vida cotidiana caminham lado a lado.<\/p>\n<p>No Nordeste, os grupos de Folia \u2014 tamb\u00e9m chamados de ternos, ranchos ou companhias \u2014 percorrem ruas e estradas de terra visitando casas, levando b\u00ean\u00e7\u00e3os, m\u00fasica e alegria. Os foli\u00f5es vestem trajes coloridos, carregam estandartes e instrumentos simples, como violas, zabumbas, reco-recos e tri\u00e2ngulos. Cada visita \u00e9 um rito: canta-se, reza-se, agradece-se e, muitas vezes, partilha-se o pouco que se tem.<\/p>\n<p>A hospitalidade nordestina encontra na Folia de Reis um de seus s\u00edmbolos mais fortes. Quem abre a porta n\u00e3o recebe apenas uma cantoria, mas reafirma o pertencimento a uma tradi\u00e7\u00e3o que ensina solidariedade, respeito e mem\u00f3ria.<\/p>\n<p>Em alguns estados nordestinos, a Folia incorpora elementos c\u00eanicos marcantes, como m\u00e1scaras, personagens simb\u00f3licos e encena\u00e7\u00f5es, aproximando-se do teatro popular. Essas varia\u00e7\u00f5es mostram como a tradi\u00e7\u00e3o soube se adaptar aos contextos locais sem perder sua ess\u00eancia.<\/p>\n<p>Mesmo enfrentando desafios como o \u00eaxodo rural, a urbaniza\u00e7\u00e3o acelerada e a falta de pol\u00edticas p\u00fablicas consistentes para a cultura popular, a Folia de Reis segue viva gra\u00e7as \u00e0 transmiss\u00e3o oral e familiar. Av\u00f4s ensinam aos netos, mestres formam novos foli\u00f5es, comunidades se organizam para n\u00e3o deixar a tradi\u00e7\u00e3o desaparecer.<\/p>\n<p>Mais do que uma celebra\u00e7\u00e3o religiosa, a Folia de Reis \u00e9 um arquivo vivo da hist\u00f3ria nordestina. Nela est\u00e3o guardados sotaques, melodias, modos de viver e de crer. Em tempos de globaliza\u00e7\u00e3o acelerada e homogeneiza\u00e7\u00e3o cultural, a Folia resiste como um lembrete de que o Brasil profundo pulsa fora dos grandes centros.<\/p>\n<p>Preservar a Folia de Reis \u00e9 preservar a mem\u00f3ria coletiva, \u00e9 reconhecer o valor de quem canta para manter viva a pr\u00f3pria hist\u00f3ria. No Nordeste, cada estrofe entoada, cada casa visitada e cada passo dado pelos foli\u00f5es reafirma que tradi\u00e7\u00e3o n\u00e3o \u00e9 passado \u2014 \u00e9 presente em movimento.<\/p>\n","protected":false},"excerpt":{"rendered":"<p>Entre o som dos pandeiros, a sanfona que suspira mem\u00f3rias e as vozes que entoam cantigas antigas, a Folia de Reis segue resistindo ao tempo como uma das manifesta\u00e7\u00f5es mais aut\u00eanticas da cultura popular brasileira. No Nordeste, essa tradi\u00e7\u00e3o ganha cores pr\u00f3prias, misturando f\u00e9, m\u00fasica e identidade comunit\u00e1ria em um ritual que atravessa gera\u00e7\u00f5es. Celebrada [&hellip;]<\/p>\n","protected":false},"author":2,"featured_media":377684,"comment_status":"closed","ping_status":"closed","sticky":false,"template":"","format":"standard","meta":{"_acf_changed":false,"footnotes":""},"categories":[165],"tags":[],"class_list":["post-377683","post","type-post","status-publish","format-standard","has-post-thumbnail","hentry","category-nordeste"],"acf":[],"_links":{"self":[{"href":"https:\/\/www.notibras.com\/site\/wp-json\/wp\/v2\/posts\/377683","targetHints":{"allow":["GET"]}}],"collection":[{"href":"https:\/\/www.notibras.com\/site\/wp-json\/wp\/v2\/posts"}],"about":[{"href":"https:\/\/www.notibras.com\/site\/wp-json\/wp\/v2\/types\/post"}],"author":[{"embeddable":true,"href":"https:\/\/www.notibras.com\/site\/wp-json\/wp\/v2\/users\/2"}],"replies":[{"embeddable":true,"href":"https:\/\/www.notibras.com\/site\/wp-json\/wp\/v2\/comments?post=377683"}],"version-history":[{"count":1,"href":"https:\/\/www.notibras.com\/site\/wp-json\/wp\/v2\/posts\/377683\/revisions"}],"predecessor-version":[{"id":377685,"href":"https:\/\/www.notibras.com\/site\/wp-json\/wp\/v2\/posts\/377683\/revisions\/377685"}],"wp:featuredmedia":[{"embeddable":true,"href":"https:\/\/www.notibras.com\/site\/wp-json\/wp\/v2\/media\/377684"}],"wp:attachment":[{"href":"https:\/\/www.notibras.com\/site\/wp-json\/wp\/v2\/media?parent=377683"}],"wp:term":[{"taxonomy":"category","embeddable":true,"href":"https:\/\/www.notibras.com\/site\/wp-json\/wp\/v2\/categories?post=377683"},{"taxonomy":"post_tag","embeddable":true,"href":"https:\/\/www.notibras.com\/site\/wp-json\/wp\/v2\/tags?post=377683"}],"curies":[{"name":"wp","href":"https:\/\/api.w.org\/{rel}","templated":true}]}}