{"id":377707,"date":"2026-01-04T12:52:58","date_gmt":"2026-01-04T15:52:58","guid":{"rendered":"https:\/\/www.notibras.com\/site\/?p=377707"},"modified":"2026-01-04T18:23:13","modified_gmt":"2026-01-04T21:23:13","slug":"ainda-da-tempo-dos-desejos-para-2026-que-tal-redeas-em-trump","status":"publish","type":"post","link":"https:\/\/www.notibras.com\/site\/ainda-da-tempo-dos-desejos-para-2026-que-tal-redeas-em-trump\/","title":{"rendered":"Ainda d\u00e1 tempo dos desejos para 2026. Que tal r\u00e9deas em Trump?"},"content":{"rendered":"<p>Embora a mercantiliza\u00e7\u00e3o da vida derivada do consumismo desenfreado nos brinde o tempo como uma entidade que se inicia e se estanca ano a ano, a verdade \u00e9 que as divis\u00f5es do tempo como o compreendemos \u00e9 absolutamente arbitr\u00e1ria. Ainda bem, pois as coisas continuam, umas de encerram e novas se iniciam. Assim acontece com o ano.<\/p>\n<p>Por conven\u00e7\u00e3o come\u00e7amos um novo ciclo no tamb\u00e9m convencionado 1\u00ba de janeiro, mas os acontecimentos n\u00e3o se prendem assim \u00e0s conven\u00e7\u00f5es e, ou se encerram, se iniciam ou prosseguem. Dentro desta especificidade, da perman\u00eancia do que prossegue, 2026 continua com um qu\u00ea de 2025, e nos faz refletir sobre a necessidade de resolu\u00e7\u00f5es que possam convergir para a exist\u00eancia real de algo novo, que v\u00e1 ao encontro da ess\u00eancia que deve permear a conviv\u00eancia entre n\u00f3s humanos e a natureza que nos cerca.<\/p>\n<p>Dito isto elenco algumas coisas que quero muito, e tor\u00e7o sobremaneira, para que encontrem solu\u00e7\u00e3o positiva neste convencionado 2026.<\/p>\n<p>Oxal\u00e1 a Europa consiga perceber que alimentar a guerra na Ucr\u00e2nia n\u00e3o resolver\u00e1 o conflito como querem, pelo contr\u00e1rio, s\u00f3 promover\u00e1 mais sofrimento. N\u00e3o que Putin seja um santo e que mere\u00e7a a vit\u00f3ria, pois de fato \u00e9 um agressor imperialista autocr\u00e1tico; mas o povo russo e principalmente ucraniano n\u00e3o merece o sofrimento a que est\u00e3o submetidos, e somente uma negocia\u00e7\u00e3o s\u00e9ria que coloque a vida acima de qualquer coisa pode resolver este conflito. Ainda sobre conflitos, espero n\u00e3o apenas uma resolu\u00e7\u00e3o deste mas de todos os que ocorrem, pois, em um n\u00edvel talvez mais cruel e desumano, embora esquecido, temos conflitos no Sud\u00e3o onde senhores da guerra colocam sudaneses lutando entre si; temos um Israel agressor e opressor que continua a esmagar o povo palestino; temos combates \u00e9tnicos na Rep\u00fablica Democr\u00e1tica do Congo; disputas territoriais na \u00cdndia e Paquist\u00e3o, e ainda outros conflitos que n\u00e3o s\u00e3o midi\u00e1ticos at\u00e9 por se desenvolverem na periferia do mundo como o que ocorre entre Tail\u00e2ndia e Camboja.<\/p>\n<p>Louvo a Deus que se intensifique a investiga\u00e7\u00e3o sobre os desmandos de S\u00e9rgio Moro, e que se puna este sujeito por tudo de ruim que sua atua\u00e7\u00e3o derivou para o Brasil, desde um golpe contra uma presidenta legitimamente eleita, passando pela destrui\u00e7\u00e3o de empregos e da cadeia de infraestrutura brasileira, chegando \u00e0 aberra\u00e7\u00e3o de ter contribu\u00eddo para colocar no governo uma extrema direita nociva e destrutiva. Neste particular, que o Brasil se livre definitivamente do fantasma moribundo e zumbi do bolsonarismo.<\/p>\n<p>Tor\u00e7amos ainda para que o Brasil continue o caminho alvissareiro de conquistas sociais que t\u00eam vindo, mesmo que lentamente, mitigado a grave desigualdade social que viceja no pa\u00eds, promovendo mais emprego, mais renda, mais acesso \u00e0 educa\u00e7\u00e3o e \u00e0 sa\u00fade, e tamb\u00e9m \u00e0 seguran\u00e7a que permita o livre exerc\u00edcio do ir e vir da sociedade. E que Deus ilumine o povo brasileiro para que em outubro de 2026 n\u00e3o permita retrocessos nas elei\u00e7\u00f5es gerais que se realizar\u00e3o.<\/p>\n<p>Sem esquecer Trump, que ele encontre um freio para suas loucuras movidas a agress\u00f5es \u00e0s na\u00e7\u00f5es, ao meio ambiente, \u00e0 sa\u00fade, \u00e0s pessoas, num mundo que n\u00e3o permite nem tolera mais a l\u00f3gica da guerra como solu\u00e7\u00e3o para o atendimento dos desejos prom\u00edscuos de um ser abjeto e sem limites como ele. Que se dissipem estas loucuras perpetradas por Trump, dentre elas, que o povo da Venezuela exer\u00e7a livremente sua autonomia e encontre uma solu\u00e7\u00e3o para a grave crise que se abate naquele pa\u00eds, uma solu\u00e7\u00e3o do povo e para o povo.<\/p>\n<p>H\u00e1 uma infinidade de desejos de que se chegue a imperman\u00eancias de perman\u00eancias que nos afligem a todos. Mas o espa\u00e7o \u00e9 curto e n\u00e3o permite alongamentos. Ent\u00e3o, encerro pedindo a Deus aquilo que fundamentalmente importa a todos: paz, sa\u00fade, justi\u00e7a e fraternidade. UM FELIZ 2026.<\/p>\n<p>&#8230;&#8230;&#8230;&#8230;&#8230;&#8230;<\/p>\n<p><strong>Antonio Eust\u00e1quio \u00e9 correspondente de Notibras na Europa<\/strong><\/p>\n","protected":false},"excerpt":{"rendered":"<p>Embora a mercantiliza\u00e7\u00e3o da vida derivada do consumismo desenfreado nos brinde o tempo como uma entidade que se inicia e se estanca ano a ano, a verdade \u00e9 que as divis\u00f5es do tempo como o compreendemos \u00e9 absolutamente arbitr\u00e1ria. Ainda bem, pois as coisas continuam, umas de encerram e novas se iniciam. Assim acontece com [&hellip;]<\/p>\n","protected":false},"author":2,"featured_media":286405,"comment_status":"closed","ping_status":"closed","sticky":false,"template":"","format":"standard","meta":{"_acf_changed":false,"footnotes":""},"categories":[16],"tags":[95],"class_list":["post-377707","post","type-post","status-publish","format-standard","has-post-thumbnail","hentry","category-brasil","tag-capa"],"acf":[],"yoast_head":"<!-- This site is optimized with the Yoast SEO plugin v27.2 - https:\/\/yoast.com\/product\/yoast-seo-wordpress\/ -->\n<title>Ainda d\u00e1 tempo dos desejos para 2026. Que tal r\u00e9deas em Trump? - Notibras<\/title>\n<meta name=\"robots\" content=\"index, follow, max-snippet:-1, max-image-preview:large, max-video-preview:-1\" \/>\n<link rel=\"canonical\" href=\"https:\/\/www.notibras.com\/site\/ainda-da-tempo-dos-desejos-para-2026-que-tal-redeas-em-trump\/\" \/>\n<meta property=\"og:locale\" content=\"pt_BR\" \/>\n<meta property=\"og:type\" content=\"article\" \/>\n<meta property=\"og:title\" content=\"Ainda d\u00e1 tempo dos desejos para 2026. Que tal r\u00e9deas em Trump? - Notibras\" \/>\n<meta property=\"og:description\" content=\"Embora a mercantiliza\u00e7\u00e3o da vida derivada do consumismo desenfreado nos brinde o tempo como uma entidade que se inicia e se estanca ano a ano, a verdade \u00e9 que as divis\u00f5es do tempo como o compreendemos \u00e9 absolutamente arbitr\u00e1ria. Ainda bem, pois as coisas continuam, umas de encerram e novas se iniciam. Assim acontece com [&hellip;]\" \/>\n<meta property=\"og:url\" content=\"https:\/\/www.notibras.com\/site\/ainda-da-tempo-dos-desejos-para-2026-que-tal-redeas-em-trump\/\" \/>\n<meta property=\"og:site_name\" content=\"Notibras\" \/>\n<meta property=\"article:publisher\" content=\"https:\/\/www.facebook.com\/notibras\/\" \/>\n<meta property=\"article:published_time\" content=\"2026-01-04T15:52:58+00:00\" \/>\n<meta property=\"article:modified_time\" content=\"2026-01-04T21:23:13+00:00\" \/>\n<meta property=\"og:image\" content=\"https:\/\/www.notibras.com\/site\/wp-content\/uploads\/2022\/05\/trump.guerra.webp\" \/>\n\t<meta property=\"og:image:width\" content=\"1920\" \/>\n\t<meta property=\"og:image:height\" content=\"1080\" \/>\n\t<meta property=\"og:image:type\" content=\"image\/webp\" \/>\n<meta name=\"author\" content=\"Reda\u00e7\u00e3o\" \/>\n<meta name=\"twitter:card\" content=\"summary_large_image\" \/>\n<meta name=\"twitter:creator\" content=\"@Notibras\" \/>\n<meta name=\"twitter:site\" content=\"@Notibras\" \/>\n<meta name=\"twitter:label1\" content=\"Escrito por\" \/>\n\t<meta name=\"twitter:data1\" content=\"Reda\u00e7\u00e3o\" \/>\n\t<meta name=\"twitter:label2\" content=\"Est. tempo de leitura\" \/>\n\t<meta name=\"twitter:data2\" content=\"4 minutos\" \/>\n<script type=\"application\/ld+json\" class=\"yoast-schema-graph\">{\"@context\":\"https:\/\/schema.org\",\"@graph\":[{\"@type\":\"Article\",\"@id\":\"https:\/\/www.notibras.com\/site\/ainda-da-tempo-dos-desejos-para-2026-que-tal-redeas-em-trump\/#article\",\"isPartOf\":{\"@id\":\"https:\/\/www.notibras.com\/site\/ainda-da-tempo-dos-desejos-para-2026-que-tal-redeas-em-trump\/\"},\"author\":{\"name\":\"Reda\u00e7\u00e3o\",\"@id\":\"https:\/\/www.notibras.com\/site\/#\/schema\/person\/36ab0979449956132d3e5b517ea76ac8\"},\"headline\":\"Ainda d\u00e1 tempo dos desejos para 2026. Que tal r\u00e9deas em Trump?\",\"datePublished\":\"2026-01-04T15:52:58+00:00\",\"dateModified\":\"2026-01-04T21:23:13+00:00\",\"mainEntityOfPage\":{\"@id\":\"https:\/\/www.notibras.com\/site\/ainda-da-tempo-dos-desejos-para-2026-que-tal-redeas-em-trump\/\"},\"wordCount\":697,\"publisher\":{\"@id\":\"https:\/\/www.notibras.com\/site\/#organization\"},\"image\":{\"@id\":\"https:\/\/www.notibras.com\/site\/ainda-da-tempo-dos-desejos-para-2026-que-tal-redeas-em-trump\/#primaryimage\"},\"thumbnailUrl\":\"https:\/\/www.notibras.com\/site\/wp-content\/uploads\/2022\/05\/trump.guerra.webp\",\"keywords\":[\"capa\"],\"articleSection\":[\"Brasil\"],\"inLanguage\":\"pt-BR\"},{\"@type\":\"WebPage\",\"@id\":\"https:\/\/www.notibras.com\/site\/ainda-da-tempo-dos-desejos-para-2026-que-tal-redeas-em-trump\/\",\"url\":\"https:\/\/www.notibras.com\/site\/ainda-da-tempo-dos-desejos-para-2026-que-tal-redeas-em-trump\/\",\"name\":\"Ainda d\u00e1 tempo dos desejos para 2026. Que tal r\u00e9deas em Trump? - Notibras\",\"isPartOf\":{\"@id\":\"https:\/\/www.notibras.com\/site\/#website\"},\"primaryImageOfPage\":{\"@id\":\"https:\/\/www.notibras.com\/site\/ainda-da-tempo-dos-desejos-para-2026-que-tal-redeas-em-trump\/#primaryimage\"},\"image\":{\"@id\":\"https:\/\/www.notibras.com\/site\/ainda-da-tempo-dos-desejos-para-2026-que-tal-redeas-em-trump\/#primaryimage\"},\"thumbnailUrl\":\"https:\/\/www.notibras.com\/site\/wp-content\/uploads\/2022\/05\/trump.guerra.webp\",\"datePublished\":\"2026-01-04T15:52:58+00:00\",\"dateModified\":\"2026-01-04T21:23:13+00:00\",\"breadcrumb\":{\"@id\":\"https:\/\/www.notibras.com\/site\/ainda-da-tempo-dos-desejos-para-2026-que-tal-redeas-em-trump\/#breadcrumb\"},\"inLanguage\":\"pt-BR\",\"potentialAction\":[{\"@type\":\"ReadAction\",\"target\":[\"https:\/\/www.notibras.com\/site\/ainda-da-tempo-dos-desejos-para-2026-que-tal-redeas-em-trump\/\"]}]},{\"@type\":\"ImageObject\",\"inLanguage\":\"pt-BR\",\"@id\":\"https:\/\/www.notibras.com\/site\/ainda-da-tempo-dos-desejos-para-2026-que-tal-redeas-em-trump\/#primaryimage\",\"url\":\"https:\/\/www.notibras.com\/site\/wp-content\/uploads\/2022\/05\/trump.guerra.webp\",\"contentUrl\":\"https:\/\/www.notibras.com\/site\/wp-content\/uploads\/2022\/05\/trump.guerra.webp\",\"width\":1920,\"height\":1080},{\"@type\":\"BreadcrumbList\",\"@id\":\"https:\/\/www.notibras.com\/site\/ainda-da-tempo-dos-desejos-para-2026-que-tal-redeas-em-trump\/#breadcrumb\",\"itemListElement\":[{\"@type\":\"ListItem\",\"position\":1,\"name\":\"In\u00edcio\",\"item\":\"https:\/\/www.notibras.com\/site\/\"},{\"@type\":\"ListItem\",\"position\":2,\"name\":\"Ainda d\u00e1 tempo dos desejos para 2026. Que tal r\u00e9deas em Trump?\"}]},{\"@type\":\"WebSite\",\"@id\":\"https:\/\/www.notibras.com\/site\/#website\",\"url\":\"https:\/\/www.notibras.com\/site\/\",\"name\":\"Notibras\",\"description\":\"Not\u00edcias de Bras\u00edlia, do Brasil e do Mundo\",\"publisher\":{\"@id\":\"https:\/\/www.notibras.com\/site\/#organization\"},\"potentialAction\":[{\"@type\":\"SearchAction\",\"target\":{\"@type\":\"EntryPoint\",\"urlTemplate\":\"https:\/\/www.notibras.com\/site\/?s={search_term_string}\"},\"query-input\":{\"@type\":\"PropertyValueSpecification\",\"valueRequired\":true,\"valueName\":\"search_term_string\"}}],\"inLanguage\":\"pt-BR\"},{\"@type\":\"Organization\",\"@id\":\"https:\/\/www.notibras.com\/site\/#organization\",\"name\":\"Grupo Notibras de Comunica\u00e7\u00e3o\",\"url\":\"https:\/\/www.notibras.com\/site\/\",\"logo\":{\"@type\":\"ImageObject\",\"inLanguage\":\"pt-BR\",\"@id\":\"https:\/\/www.notibras.com\/site\/#\/schema\/logo\/image\/\",\"url\":\"https:\/\/www.notibras.com\/site\/wp-content\/uploads\/2023\/01\/notibras23.png\",\"contentUrl\":\"https:\/\/www.notibras.com\/site\/wp-content\/uploads\/2023\/01\/notibras23.png\",\"width\":350,\"height\":87,\"caption\":\"Grupo Notibras de Comunica\u00e7\u00e3o\"},\"image\":{\"@id\":\"https:\/\/www.notibras.com\/site\/#\/schema\/logo\/image\/\"},\"sameAs\":[\"https:\/\/www.facebook.com\/notibras\/\",\"https:\/\/x.com\/Notibras\",\"https:\/\/www.instagram.com\/notibras\/\"]},{\"@type\":\"Person\",\"@id\":\"https:\/\/www.notibras.com\/site\/#\/schema\/person\/36ab0979449956132d3e5b517ea76ac8\",\"name\":\"Reda\u00e7\u00e3o\",\"image\":{\"@type\":\"ImageObject\",\"inLanguage\":\"pt-BR\",\"@id\":\"https:\/\/secure.gravatar.com\/avatar\/e0a867bdedb85fd243eadf09663511f96fc81e0720a4a42581f334ad4303aa6b?s=96&d=mm&r=g\",\"url\":\"https:\/\/secure.gravatar.com\/avatar\/e0a867bdedb85fd243eadf09663511f96fc81e0720a4a42581f334ad4303aa6b?s=96&d=mm&r=g\",\"contentUrl\":\"https:\/\/secure.gravatar.com\/avatar\/e0a867bdedb85fd243eadf09663511f96fc81e0720a4a42581f334ad4303aa6b?s=96&d=mm&r=g\",\"caption\":\"Reda\u00e7\u00e3o\"}}]}<\/script>\n<!-- \/ Yoast SEO plugin. -->","yoast_head_json":{"title":"Ainda d\u00e1 tempo dos desejos para 2026. Que tal r\u00e9deas em Trump? - Notibras","robots":{"index":"index","follow":"follow","max-snippet":"max-snippet:-1","max-image-preview":"max-image-preview:large","max-video-preview":"max-video-preview:-1"},"canonical":"https:\/\/www.notibras.com\/site\/ainda-da-tempo-dos-desejos-para-2026-que-tal-redeas-em-trump\/","og_locale":"pt_BR","og_type":"article","og_title":"Ainda d\u00e1 tempo dos desejos para 2026. Que tal r\u00e9deas em Trump? - Notibras","og_description":"Embora a mercantiliza\u00e7\u00e3o da vida derivada do consumismo desenfreado nos brinde o tempo como uma entidade que se inicia e se estanca ano a ano, a verdade \u00e9 que as divis\u00f5es do tempo como o compreendemos \u00e9 absolutamente arbitr\u00e1ria. Ainda bem, pois as coisas continuam, umas de encerram e novas se iniciam. Assim acontece com [&hellip;]","og_url":"https:\/\/www.notibras.com\/site\/ainda-da-tempo-dos-desejos-para-2026-que-tal-redeas-em-trump\/","og_site_name":"Notibras","article_publisher":"https:\/\/www.facebook.com\/notibras\/","article_published_time":"2026-01-04T15:52:58+00:00","article_modified_time":"2026-01-04T21:23:13+00:00","og_image":[{"width":1920,"height":1080,"url":"https:\/\/www.notibras.com\/site\/wp-content\/uploads\/2022\/05\/trump.guerra.webp","type":"image\/webp"}],"author":"Reda\u00e7\u00e3o","twitter_card":"summary_large_image","twitter_creator":"@Notibras","twitter_site":"@Notibras","twitter_misc":{"Escrito por":"Reda\u00e7\u00e3o","Est. tempo de leitura":"4 minutos"},"schema":{"@context":"https:\/\/schema.org","@graph":[{"@type":"Article","@id":"https:\/\/www.notibras.com\/site\/ainda-da-tempo-dos-desejos-para-2026-que-tal-redeas-em-trump\/#article","isPartOf":{"@id":"https:\/\/www.notibras.com\/site\/ainda-da-tempo-dos-desejos-para-2026-que-tal-redeas-em-trump\/"},"author":{"name":"Reda\u00e7\u00e3o","@id":"https:\/\/www.notibras.com\/site\/#\/schema\/person\/36ab0979449956132d3e5b517ea76ac8"},"headline":"Ainda d\u00e1 tempo dos desejos para 2026. Que tal r\u00e9deas em Trump?","datePublished":"2026-01-04T15:52:58+00:00","dateModified":"2026-01-04T21:23:13+00:00","mainEntityOfPage":{"@id":"https:\/\/www.notibras.com\/site\/ainda-da-tempo-dos-desejos-para-2026-que-tal-redeas-em-trump\/"},"wordCount":697,"publisher":{"@id":"https:\/\/www.notibras.com\/site\/#organization"},"image":{"@id":"https:\/\/www.notibras.com\/site\/ainda-da-tempo-dos-desejos-para-2026-que-tal-redeas-em-trump\/#primaryimage"},"thumbnailUrl":"https:\/\/www.notibras.com\/site\/wp-content\/uploads\/2022\/05\/trump.guerra.webp","keywords":["capa"],"articleSection":["Brasil"],"inLanguage":"pt-BR"},{"@type":"WebPage","@id":"https:\/\/www.notibras.com\/site\/ainda-da-tempo-dos-desejos-para-2026-que-tal-redeas-em-trump\/","url":"https:\/\/www.notibras.com\/site\/ainda-da-tempo-dos-desejos-para-2026-que-tal-redeas-em-trump\/","name":"Ainda d\u00e1 tempo dos desejos para 2026. Que tal r\u00e9deas em Trump? - Notibras","isPartOf":{"@id":"https:\/\/www.notibras.com\/site\/#website"},"primaryImageOfPage":{"@id":"https:\/\/www.notibras.com\/site\/ainda-da-tempo-dos-desejos-para-2026-que-tal-redeas-em-trump\/#primaryimage"},"image":{"@id":"https:\/\/www.notibras.com\/site\/ainda-da-tempo-dos-desejos-para-2026-que-tal-redeas-em-trump\/#primaryimage"},"thumbnailUrl":"https:\/\/www.notibras.com\/site\/wp-content\/uploads\/2022\/05\/trump.guerra.webp","datePublished":"2026-01-04T15:52:58+00:00","dateModified":"2026-01-04T21:23:13+00:00","breadcrumb":{"@id":"https:\/\/www.notibras.com\/site\/ainda-da-tempo-dos-desejos-para-2026-que-tal-redeas-em-trump\/#breadcrumb"},"inLanguage":"pt-BR","potentialAction":[{"@type":"ReadAction","target":["https:\/\/www.notibras.com\/site\/ainda-da-tempo-dos-desejos-para-2026-que-tal-redeas-em-trump\/"]}]},{"@type":"ImageObject","inLanguage":"pt-BR","@id":"https:\/\/www.notibras.com\/site\/ainda-da-tempo-dos-desejos-para-2026-que-tal-redeas-em-trump\/#primaryimage","url":"https:\/\/www.notibras.com\/site\/wp-content\/uploads\/2022\/05\/trump.guerra.webp","contentUrl":"https:\/\/www.notibras.com\/site\/wp-content\/uploads\/2022\/05\/trump.guerra.webp","width":1920,"height":1080},{"@type":"BreadcrumbList","@id":"https:\/\/www.notibras.com\/site\/ainda-da-tempo-dos-desejos-para-2026-que-tal-redeas-em-trump\/#breadcrumb","itemListElement":[{"@type":"ListItem","position":1,"name":"In\u00edcio","item":"https:\/\/www.notibras.com\/site\/"},{"@type":"ListItem","position":2,"name":"Ainda d\u00e1 tempo dos desejos para 2026. Que tal r\u00e9deas em Trump?"}]},{"@type":"WebSite","@id":"https:\/\/www.notibras.com\/site\/#website","url":"https:\/\/www.notibras.com\/site\/","name":"Notibras","description":"Not\u00edcias de Bras\u00edlia, do Brasil e do Mundo","publisher":{"@id":"https:\/\/www.notibras.com\/site\/#organization"},"potentialAction":[{"@type":"SearchAction","target":{"@type":"EntryPoint","urlTemplate":"https:\/\/www.notibras.com\/site\/?s={search_term_string}"},"query-input":{"@type":"PropertyValueSpecification","valueRequired":true,"valueName":"search_term_string"}}],"inLanguage":"pt-BR"},{"@type":"Organization","@id":"https:\/\/www.notibras.com\/site\/#organization","name":"Grupo Notibras de Comunica\u00e7\u00e3o","url":"https:\/\/www.notibras.com\/site\/","logo":{"@type":"ImageObject","inLanguage":"pt-BR","@id":"https:\/\/www.notibras.com\/site\/#\/schema\/logo\/image\/","url":"https:\/\/www.notibras.com\/site\/wp-content\/uploads\/2023\/01\/notibras23.png","contentUrl":"https:\/\/www.notibras.com\/site\/wp-content\/uploads\/2023\/01\/notibras23.png","width":350,"height":87,"caption":"Grupo Notibras de Comunica\u00e7\u00e3o"},"image":{"@id":"https:\/\/www.notibras.com\/site\/#\/schema\/logo\/image\/"},"sameAs":["https:\/\/www.facebook.com\/notibras\/","https:\/\/x.com\/Notibras","https:\/\/www.instagram.com\/notibras\/"]},{"@type":"Person","@id":"https:\/\/www.notibras.com\/site\/#\/schema\/person\/36ab0979449956132d3e5b517ea76ac8","name":"Reda\u00e7\u00e3o","image":{"@type":"ImageObject","inLanguage":"pt-BR","@id":"https:\/\/secure.gravatar.com\/avatar\/e0a867bdedb85fd243eadf09663511f96fc81e0720a4a42581f334ad4303aa6b?s=96&d=mm&r=g","url":"https:\/\/secure.gravatar.com\/avatar\/e0a867bdedb85fd243eadf09663511f96fc81e0720a4a42581f334ad4303aa6b?s=96&d=mm&r=g","contentUrl":"https:\/\/secure.gravatar.com\/avatar\/e0a867bdedb85fd243eadf09663511f96fc81e0720a4a42581f334ad4303aa6b?s=96&d=mm&r=g","caption":"Reda\u00e7\u00e3o"}}]}},"amp_enabled":true,"_links":{"self":[{"href":"https:\/\/www.notibras.com\/site\/wp-json\/wp\/v2\/posts\/377707","targetHints":{"allow":["GET"]}}],"collection":[{"href":"https:\/\/www.notibras.com\/site\/wp-json\/wp\/v2\/posts"}],"about":[{"href":"https:\/\/www.notibras.com\/site\/wp-json\/wp\/v2\/types\/post"}],"author":[{"embeddable":true,"href":"https:\/\/www.notibras.com\/site\/wp-json\/wp\/v2\/users\/2"}],"replies":[{"embeddable":true,"href":"https:\/\/www.notibras.com\/site\/wp-json\/wp\/v2\/comments?post=377707"}],"version-history":[{"count":5,"href":"https:\/\/www.notibras.com\/site\/wp-json\/wp\/v2\/posts\/377707\/revisions"}],"predecessor-version":[{"id":377717,"href":"https:\/\/www.notibras.com\/site\/wp-json\/wp\/v2\/posts\/377707\/revisions\/377717"}],"wp:featuredmedia":[{"embeddable":true,"href":"https:\/\/www.notibras.com\/site\/wp-json\/wp\/v2\/media\/286405"}],"wp:attachment":[{"href":"https:\/\/www.notibras.com\/site\/wp-json\/wp\/v2\/media?parent=377707"}],"wp:term":[{"taxonomy":"category","embeddable":true,"href":"https:\/\/www.notibras.com\/site\/wp-json\/wp\/v2\/categories?post=377707"},{"taxonomy":"post_tag","embeddable":true,"href":"https:\/\/www.notibras.com\/site\/wp-json\/wp\/v2\/tags?post=377707"}],"curies":[{"name":"wp","href":"https:\/\/api.w.org\/{rel}","templated":true}]}}