{"id":377718,"date":"2026-01-05T00:15:43","date_gmt":"2026-01-05T03:15:43","guid":{"rendered":"https:\/\/www.notibras.com\/site\/?p=377718"},"modified":"2026-01-04T21:32:43","modified_gmt":"2026-01-05T00:32:43","slug":"professor-e-encontrado-morto-ao-lado-de-parada-de-onibus","status":"publish","type":"post","link":"https:\/\/www.notibras.com\/site\/professor-e-encontrado-morto-ao-lado-de-parada-de-onibus\/","title":{"rendered":"Professor \u00e9 encontrado morto ao lado de parada de \u00f4nibus"},"content":{"rendered":"<p>A Pol\u00edcia Civil do Distrito Federal investiga a morte de Jo\u00e3o Emmanuel Ribeiro Gon\u00e7alves de Moura Carvalho, de 32 anos, encontrado morto ao lado de um ponto de \u00f4nibus na regi\u00e3o da Ch\u00e1cara dos Dinossauros, em Sobradinho II, neste domingo (4).<\/p>\n<p>De acordo com informa\u00e7\u00f5es, o Corpo de Bombeiros Militar do Distrito Federal (CBMDF) foi acionado e encontrou a v\u00edtima ca\u00edda ao solo. O \u00f3bito foi constatado pelo m\u00e9dico do Servi\u00e7o de Atendimento M\u00f3vel de Urg\u00eancia (SAMU).<\/p>\n<p>Jo\u00e3o Emmanuel era professor em uma escola privada da regi\u00e3o e filho do vice-prefeito do munic\u00edpio de Isa\u00edas Coelho, no Piau\u00ed, George Moura. A morte do professor causou como\u00e7\u00e3o na comunidade escolar, que lamentou a perda.<\/p>\n<p>&#8220;O Instituto S\u00e3o Jos\u00e9 comunica o falecimento de nosso colaborador, Jo\u00e3o Emmanuel. Jo\u00e3o foi um. profissional dedicado e uma presen\u00e7a luminosa que marcou a hist\u00f3ria da Institui\u00e7\u00e3o e a vida de nossos alunos&#8221;, diz nota do Instituto S\u00e3o Jos\u00e9.<\/p>\n<p>A investiga\u00e7\u00e3o est\u00e1 sob responsabilidade da 35\u00aa Delegacia de Pol\u00edcia (Sobradinho II). O corpo foi recolhido e encaminhado ao Instituto M\u00e9dico Legal (IML) para necropsia. As circunst\u00e2ncias da morte ainda s\u00e3o desconhecidas.<\/p>\n","protected":false},"excerpt":{"rendered":"<p>A Pol\u00edcia Civil do Distrito Federal investiga a morte de Jo\u00e3o Emmanuel Ribeiro Gon\u00e7alves de Moura Carvalho, de 32 anos, encontrado morto ao lado de um ponto de \u00f4nibus na regi\u00e3o da Ch\u00e1cara dos Dinossauros, em Sobradinho II, neste domingo (4). De acordo com informa\u00e7\u00f5es, o Corpo de Bombeiros Militar do Distrito Federal (CBMDF) foi [&hellip;]<\/p>\n","protected":false},"author":21,"featured_media":377719,"comment_status":"closed","ping_status":"closed","sticky":false,"template":"","format":"standard","meta":{"_acf_changed":false,"footnotes":""},"categories":[161],"tags":[],"class_list":["post-377718","post","type-post","status-publish","format-standard","has-post-thumbnail","hentry","category-quadradinho-em-foco"],"acf":[],"yoast_head":"<!-- This site is optimized with the Yoast SEO plugin v27.2 - https:\/\/yoast.com\/product\/yoast-seo-wordpress\/ -->\n<title>Professor \u00e9 encontrado morto ao lado de parada de \u00f4nibus - Notibras<\/title>\n<meta name=\"robots\" content=\"index, follow, max-snippet:-1, max-image-preview:large, max-video-preview:-1\" \/>\n<link rel=\"canonical\" href=\"https:\/\/www.notibras.com\/site\/professor-e-encontrado-morto-ao-lado-de-parada-de-onibus\/\" \/>\n<meta property=\"og:locale\" content=\"pt_BR\" \/>\n<meta property=\"og:type\" content=\"article\" \/>\n<meta property=\"og:title\" content=\"Professor \u00e9 encontrado morto ao lado de parada de \u00f4nibus - Notibras\" \/>\n<meta property=\"og:description\" content=\"A Pol\u00edcia Civil do Distrito Federal investiga a morte de Jo\u00e3o Emmanuel Ribeiro Gon\u00e7alves de Moura Carvalho, de 32 anos, encontrado morto ao lado de um ponto de \u00f4nibus na regi\u00e3o da Ch\u00e1cara dos Dinossauros, em Sobradinho II, neste domingo (4). De acordo com informa\u00e7\u00f5es, o Corpo de Bombeiros Militar do Distrito Federal (CBMDF) foi [&hellip;]\" \/>\n<meta property=\"og:url\" content=\"https:\/\/www.notibras.com\/site\/professor-e-encontrado-morto-ao-lado-de-parada-de-onibus\/\" \/>\n<meta property=\"og:site_name\" content=\"Notibras\" \/>\n<meta property=\"article:publisher\" content=\"https:\/\/www.facebook.com\/notibras\/\" \/>\n<meta property=\"article:published_time\" content=\"2026-01-05T03:15:43+00:00\" \/>\n<meta property=\"og:image\" content=\"https:\/\/www.notibras.com\/site\/wp-content\/uploads\/2026\/01\/IMG-20260104-WA0030-780x470-1.jpg\" \/>\n\t<meta property=\"og:image:width\" content=\"780\" \/>\n\t<meta property=\"og:image:height\" content=\"470\" \/>\n\t<meta property=\"og:image:type\" content=\"image\/jpeg\" \/>\n<meta name=\"author\" content=\"Eduardo Mart\u00ednez\" \/>\n<meta name=\"twitter:card\" content=\"summary_large_image\" \/>\n<meta name=\"twitter:creator\" content=\"@Notibras\" \/>\n<meta name=\"twitter:site\" content=\"@Notibras\" \/>\n<meta name=\"twitter:label1\" content=\"Escrito por\" \/>\n\t<meta name=\"twitter:data1\" content=\"Eduardo Mart\u00ednez\" \/>\n\t<meta name=\"twitter:label2\" content=\"Est. tempo de leitura\" \/>\n\t<meta name=\"twitter:data2\" content=\"2 minutos\" \/>\n<script type=\"application\/ld+json\" class=\"yoast-schema-graph\">{\"@context\":\"https:\/\/schema.org\",\"@graph\":[{\"@type\":\"Article\",\"@id\":\"https:\/\/www.notibras.com\/site\/professor-e-encontrado-morto-ao-lado-de-parada-de-onibus\/#article\",\"isPartOf\":{\"@id\":\"https:\/\/www.notibras.com\/site\/professor-e-encontrado-morto-ao-lado-de-parada-de-onibus\/\"},\"author\":{\"name\":\"Eduardo Mart\u00ednez\",\"@id\":\"https:\/\/www.notibras.com\/site\/#\/schema\/person\/5b7fabf2aedc3ada2105f03b22b4d3dd\"},\"headline\":\"Professor \u00e9 encontrado morto ao lado de parada de \u00f4nibus\",\"datePublished\":\"2026-01-05T03:15:43+00:00\",\"mainEntityOfPage\":{\"@id\":\"https:\/\/www.notibras.com\/site\/professor-e-encontrado-morto-ao-lado-de-parada-de-onibus\/\"},\"wordCount\":219,\"publisher\":{\"@id\":\"https:\/\/www.notibras.com\/site\/#organization\"},\"image\":{\"@id\":\"https:\/\/www.notibras.com\/site\/professor-e-encontrado-morto-ao-lado-de-parada-de-onibus\/#primaryimage\"},\"thumbnailUrl\":\"https:\/\/www.notibras.com\/site\/wp-content\/uploads\/2026\/01\/IMG-20260104-WA0030-780x470-1.jpg\",\"articleSection\":[\"Quadradinho em Foco\"],\"inLanguage\":\"pt-BR\"},{\"@type\":\"WebPage\",\"@id\":\"https:\/\/www.notibras.com\/site\/professor-e-encontrado-morto-ao-lado-de-parada-de-onibus\/\",\"url\":\"https:\/\/www.notibras.com\/site\/professor-e-encontrado-morto-ao-lado-de-parada-de-onibus\/\",\"name\":\"Professor \u00e9 encontrado morto ao lado de parada de \u00f4nibus - Notibras\",\"isPartOf\":{\"@id\":\"https:\/\/www.notibras.com\/site\/#website\"},\"primaryImageOfPage\":{\"@id\":\"https:\/\/www.notibras.com\/site\/professor-e-encontrado-morto-ao-lado-de-parada-de-onibus\/#primaryimage\"},\"image\":{\"@id\":\"https:\/\/www.notibras.com\/site\/professor-e-encontrado-morto-ao-lado-de-parada-de-onibus\/#primaryimage\"},\"thumbnailUrl\":\"https:\/\/www.notibras.com\/site\/wp-content\/uploads\/2026\/01\/IMG-20260104-WA0030-780x470-1.jpg\",\"datePublished\":\"2026-01-05T03:15:43+00:00\",\"breadcrumb\":{\"@id\":\"https:\/\/www.notibras.com\/site\/professor-e-encontrado-morto-ao-lado-de-parada-de-onibus\/#breadcrumb\"},\"inLanguage\":\"pt-BR\",\"potentialAction\":[{\"@type\":\"ReadAction\",\"target\":[\"https:\/\/www.notibras.com\/site\/professor-e-encontrado-morto-ao-lado-de-parada-de-onibus\/\"]}]},{\"@type\":\"ImageObject\",\"inLanguage\":\"pt-BR\",\"@id\":\"https:\/\/www.notibras.com\/site\/professor-e-encontrado-morto-ao-lado-de-parada-de-onibus\/#primaryimage\",\"url\":\"https:\/\/www.notibras.com\/site\/wp-content\/uploads\/2026\/01\/IMG-20260104-WA0030-780x470-1.jpg\",\"contentUrl\":\"https:\/\/www.notibras.com\/site\/wp-content\/uploads\/2026\/01\/IMG-20260104-WA0030-780x470-1.jpg\",\"width\":780,\"height\":470},{\"@type\":\"BreadcrumbList\",\"@id\":\"https:\/\/www.notibras.com\/site\/professor-e-encontrado-morto-ao-lado-de-parada-de-onibus\/#breadcrumb\",\"itemListElement\":[{\"@type\":\"ListItem\",\"position\":1,\"name\":\"In\u00edcio\",\"item\":\"https:\/\/www.notibras.com\/site\/\"},{\"@type\":\"ListItem\",\"position\":2,\"name\":\"Professor \u00e9 encontrado morto ao lado de parada de \u00f4nibus\"}]},{\"@type\":\"WebSite\",\"@id\":\"https:\/\/www.notibras.com\/site\/#website\",\"url\":\"https:\/\/www.notibras.com\/site\/\",\"name\":\"Notibras\",\"description\":\"Not\u00edcias de Bras\u00edlia, do Brasil e do Mundo\",\"publisher\":{\"@id\":\"https:\/\/www.notibras.com\/site\/#organization\"},\"potentialAction\":[{\"@type\":\"SearchAction\",\"target\":{\"@type\":\"EntryPoint\",\"urlTemplate\":\"https:\/\/www.notibras.com\/site\/?s={search_term_string}\"},\"query-input\":{\"@type\":\"PropertyValueSpecification\",\"valueRequired\":true,\"valueName\":\"search_term_string\"}}],\"inLanguage\":\"pt-BR\"},{\"@type\":\"Organization\",\"@id\":\"https:\/\/www.notibras.com\/site\/#organization\",\"name\":\"Grupo Notibras de Comunica\u00e7\u00e3o\",\"url\":\"https:\/\/www.notibras.com\/site\/\",\"logo\":{\"@type\":\"ImageObject\",\"inLanguage\":\"pt-BR\",\"@id\":\"https:\/\/www.notibras.com\/site\/#\/schema\/logo\/image\/\",\"url\":\"https:\/\/www.notibras.com\/site\/wp-content\/uploads\/2023\/01\/notibras23.png\",\"contentUrl\":\"https:\/\/www.notibras.com\/site\/wp-content\/uploads\/2023\/01\/notibras23.png\",\"width\":350,\"height\":87,\"caption\":\"Grupo Notibras de Comunica\u00e7\u00e3o\"},\"image\":{\"@id\":\"https:\/\/www.notibras.com\/site\/#\/schema\/logo\/image\/\"},\"sameAs\":[\"https:\/\/www.facebook.com\/notibras\/\",\"https:\/\/x.com\/Notibras\",\"https:\/\/www.instagram.com\/notibras\/\"]},{\"@type\":\"Person\",\"@id\":\"https:\/\/www.notibras.com\/site\/#\/schema\/person\/5b7fabf2aedc3ada2105f03b22b4d3dd\",\"name\":\"Eduardo Mart\u00ednez\",\"image\":{\"@type\":\"ImageObject\",\"inLanguage\":\"pt-BR\",\"@id\":\"https:\/\/secure.gravatar.com\/avatar\/7902f906289926289cbcda644b5197c796b893c6ffd7b9a536a42d290f7704a0?s=96&d=mm&r=g\",\"url\":\"https:\/\/secure.gravatar.com\/avatar\/7902f906289926289cbcda644b5197c796b893c6ffd7b9a536a42d290f7704a0?s=96&d=mm&r=g\",\"contentUrl\":\"https:\/\/secure.gravatar.com\/avatar\/7902f906289926289cbcda644b5197c796b893c6ffd7b9a536a42d290f7704a0?s=96&d=mm&r=g\",\"caption\":\"Eduardo Mart\u00ednez\"}}]}<\/script>\n<!-- \/ Yoast SEO plugin. -->","yoast_head_json":{"title":"Professor \u00e9 encontrado morto ao lado de parada de \u00f4nibus - Notibras","robots":{"index":"index","follow":"follow","max-snippet":"max-snippet:-1","max-image-preview":"max-image-preview:large","max-video-preview":"max-video-preview:-1"},"canonical":"https:\/\/www.notibras.com\/site\/professor-e-encontrado-morto-ao-lado-de-parada-de-onibus\/","og_locale":"pt_BR","og_type":"article","og_title":"Professor \u00e9 encontrado morto ao lado de parada de \u00f4nibus - Notibras","og_description":"A Pol\u00edcia Civil do Distrito Federal investiga a morte de Jo\u00e3o Emmanuel Ribeiro Gon\u00e7alves de Moura Carvalho, de 32 anos, encontrado morto ao lado de um ponto de \u00f4nibus na regi\u00e3o da Ch\u00e1cara dos Dinossauros, em Sobradinho II, neste domingo (4). De acordo com informa\u00e7\u00f5es, o Corpo de Bombeiros Militar do Distrito Federal (CBMDF) foi [&hellip;]","og_url":"https:\/\/www.notibras.com\/site\/professor-e-encontrado-morto-ao-lado-de-parada-de-onibus\/","og_site_name":"Notibras","article_publisher":"https:\/\/www.facebook.com\/notibras\/","article_published_time":"2026-01-05T03:15:43+00:00","og_image":[{"width":780,"height":470,"url":"https:\/\/www.notibras.com\/site\/wp-content\/uploads\/2026\/01\/IMG-20260104-WA0030-780x470-1.jpg","type":"image\/jpeg"}],"author":"Eduardo Mart\u00ednez","twitter_card":"summary_large_image","twitter_creator":"@Notibras","twitter_site":"@Notibras","twitter_misc":{"Escrito por":"Eduardo Mart\u00ednez","Est. tempo de leitura":"2 minutos"},"schema":{"@context":"https:\/\/schema.org","@graph":[{"@type":"Article","@id":"https:\/\/www.notibras.com\/site\/professor-e-encontrado-morto-ao-lado-de-parada-de-onibus\/#article","isPartOf":{"@id":"https:\/\/www.notibras.com\/site\/professor-e-encontrado-morto-ao-lado-de-parada-de-onibus\/"},"author":{"name":"Eduardo Mart\u00ednez","@id":"https:\/\/www.notibras.com\/site\/#\/schema\/person\/5b7fabf2aedc3ada2105f03b22b4d3dd"},"headline":"Professor \u00e9 encontrado morto ao lado de parada de \u00f4nibus","datePublished":"2026-01-05T03:15:43+00:00","mainEntityOfPage":{"@id":"https:\/\/www.notibras.com\/site\/professor-e-encontrado-morto-ao-lado-de-parada-de-onibus\/"},"wordCount":219,"publisher":{"@id":"https:\/\/www.notibras.com\/site\/#organization"},"image":{"@id":"https:\/\/www.notibras.com\/site\/professor-e-encontrado-morto-ao-lado-de-parada-de-onibus\/#primaryimage"},"thumbnailUrl":"https:\/\/www.notibras.com\/site\/wp-content\/uploads\/2026\/01\/IMG-20260104-WA0030-780x470-1.jpg","articleSection":["Quadradinho em Foco"],"inLanguage":"pt-BR"},{"@type":"WebPage","@id":"https:\/\/www.notibras.com\/site\/professor-e-encontrado-morto-ao-lado-de-parada-de-onibus\/","url":"https:\/\/www.notibras.com\/site\/professor-e-encontrado-morto-ao-lado-de-parada-de-onibus\/","name":"Professor \u00e9 encontrado morto ao lado de parada de \u00f4nibus - Notibras","isPartOf":{"@id":"https:\/\/www.notibras.com\/site\/#website"},"primaryImageOfPage":{"@id":"https:\/\/www.notibras.com\/site\/professor-e-encontrado-morto-ao-lado-de-parada-de-onibus\/#primaryimage"},"image":{"@id":"https:\/\/www.notibras.com\/site\/professor-e-encontrado-morto-ao-lado-de-parada-de-onibus\/#primaryimage"},"thumbnailUrl":"https:\/\/www.notibras.com\/site\/wp-content\/uploads\/2026\/01\/IMG-20260104-WA0030-780x470-1.jpg","datePublished":"2026-01-05T03:15:43+00:00","breadcrumb":{"@id":"https:\/\/www.notibras.com\/site\/professor-e-encontrado-morto-ao-lado-de-parada-de-onibus\/#breadcrumb"},"inLanguage":"pt-BR","potentialAction":[{"@type":"ReadAction","target":["https:\/\/www.notibras.com\/site\/professor-e-encontrado-morto-ao-lado-de-parada-de-onibus\/"]}]},{"@type":"ImageObject","inLanguage":"pt-BR","@id":"https:\/\/www.notibras.com\/site\/professor-e-encontrado-morto-ao-lado-de-parada-de-onibus\/#primaryimage","url":"https:\/\/www.notibras.com\/site\/wp-content\/uploads\/2026\/01\/IMG-20260104-WA0030-780x470-1.jpg","contentUrl":"https:\/\/www.notibras.com\/site\/wp-content\/uploads\/2026\/01\/IMG-20260104-WA0030-780x470-1.jpg","width":780,"height":470},{"@type":"BreadcrumbList","@id":"https:\/\/www.notibras.com\/site\/professor-e-encontrado-morto-ao-lado-de-parada-de-onibus\/#breadcrumb","itemListElement":[{"@type":"ListItem","position":1,"name":"In\u00edcio","item":"https:\/\/www.notibras.com\/site\/"},{"@type":"ListItem","position":2,"name":"Professor \u00e9 encontrado morto ao lado de parada de \u00f4nibus"}]},{"@type":"WebSite","@id":"https:\/\/www.notibras.com\/site\/#website","url":"https:\/\/www.notibras.com\/site\/","name":"Notibras","description":"Not\u00edcias de Bras\u00edlia, do Brasil e do Mundo","publisher":{"@id":"https:\/\/www.notibras.com\/site\/#organization"},"potentialAction":[{"@type":"SearchAction","target":{"@type":"EntryPoint","urlTemplate":"https:\/\/www.notibras.com\/site\/?s={search_term_string}"},"query-input":{"@type":"PropertyValueSpecification","valueRequired":true,"valueName":"search_term_string"}}],"inLanguage":"pt-BR"},{"@type":"Organization","@id":"https:\/\/www.notibras.com\/site\/#organization","name":"Grupo Notibras de Comunica\u00e7\u00e3o","url":"https:\/\/www.notibras.com\/site\/","logo":{"@type":"ImageObject","inLanguage":"pt-BR","@id":"https:\/\/www.notibras.com\/site\/#\/schema\/logo\/image\/","url":"https:\/\/www.notibras.com\/site\/wp-content\/uploads\/2023\/01\/notibras23.png","contentUrl":"https:\/\/www.notibras.com\/site\/wp-content\/uploads\/2023\/01\/notibras23.png","width":350,"height":87,"caption":"Grupo Notibras de Comunica\u00e7\u00e3o"},"image":{"@id":"https:\/\/www.notibras.com\/site\/#\/schema\/logo\/image\/"},"sameAs":["https:\/\/www.facebook.com\/notibras\/","https:\/\/x.com\/Notibras","https:\/\/www.instagram.com\/notibras\/"]},{"@type":"Person","@id":"https:\/\/www.notibras.com\/site\/#\/schema\/person\/5b7fabf2aedc3ada2105f03b22b4d3dd","name":"Eduardo Mart\u00ednez","image":{"@type":"ImageObject","inLanguage":"pt-BR","@id":"https:\/\/secure.gravatar.com\/avatar\/7902f906289926289cbcda644b5197c796b893c6ffd7b9a536a42d290f7704a0?s=96&d=mm&r=g","url":"https:\/\/secure.gravatar.com\/avatar\/7902f906289926289cbcda644b5197c796b893c6ffd7b9a536a42d290f7704a0?s=96&d=mm&r=g","contentUrl":"https:\/\/secure.gravatar.com\/avatar\/7902f906289926289cbcda644b5197c796b893c6ffd7b9a536a42d290f7704a0?s=96&d=mm&r=g","caption":"Eduardo Mart\u00ednez"}}]}},"amp_enabled":true,"_links":{"self":[{"href":"https:\/\/www.notibras.com\/site\/wp-json\/wp\/v2\/posts\/377718","targetHints":{"allow":["GET"]}}],"collection":[{"href":"https:\/\/www.notibras.com\/site\/wp-json\/wp\/v2\/posts"}],"about":[{"href":"https:\/\/www.notibras.com\/site\/wp-json\/wp\/v2\/types\/post"}],"author":[{"embeddable":true,"href":"https:\/\/www.notibras.com\/site\/wp-json\/wp\/v2\/users\/21"}],"replies":[{"embeddable":true,"href":"https:\/\/www.notibras.com\/site\/wp-json\/wp\/v2\/comments?post=377718"}],"version-history":[{"count":3,"href":"https:\/\/www.notibras.com\/site\/wp-json\/wp\/v2\/posts\/377718\/revisions"}],"predecessor-version":[{"id":377722,"href":"https:\/\/www.notibras.com\/site\/wp-json\/wp\/v2\/posts\/377718\/revisions\/377722"}],"wp:featuredmedia":[{"embeddable":true,"href":"https:\/\/www.notibras.com\/site\/wp-json\/wp\/v2\/media\/377719"}],"wp:attachment":[{"href":"https:\/\/www.notibras.com\/site\/wp-json\/wp\/v2\/media?parent=377718"}],"wp:term":[{"taxonomy":"category","embeddable":true,"href":"https:\/\/www.notibras.com\/site\/wp-json\/wp\/v2\/categories?post=377718"},{"taxonomy":"post_tag","embeddable":true,"href":"https:\/\/www.notibras.com\/site\/wp-json\/wp\/v2\/tags?post=377718"}],"curies":[{"name":"wp","href":"https:\/\/api.w.org\/{rel}","templated":true}]}}