{"id":377723,"date":"2026-01-05T02:00:25","date_gmt":"2026-01-05T05:00:25","guid":{"rendered":"https:\/\/www.notibras.com\/site\/?p=377723"},"modified":"2026-01-04T23:17:35","modified_gmt":"2026-01-05T02:17:35","slug":"o-inusitado-dentro-do-coletivo","status":"publish","type":"post","link":"https:\/\/www.notibras.com\/site\/o-inusitado-dentro-do-coletivo\/","title":{"rendered":"O inusitado dentro do coletivo"},"content":{"rendered":"<p>Entediada de ficar em casa, Salete decidiu, logo ap\u00f3s tomar caf\u00e9, ir fazer uma visita para Paula, uma amiga que acabara de se separar. N\u00e3o se sabe se houve trai\u00e7\u00e3o ou, ent\u00e3o, seriam meras incompatibilidades de conviv\u00eancia. O problema \u00e9 que, j\u00e1 devidamente acomodada no banco do seu velho Chevette, girou a chave e nada do carango dar sinal de vida.<\/p>\n<p>Salete girou duas, tr\u00eas, quinze vezes. E n\u00e3o era falta de gasolina, pois fazia apenas dois dias que ela enchera o tanque. Sem tempo de chamar um mec\u00e2nico, resolveu se aventurar a andar de \u00f4nibus desde que trocara a minissaia por um emprego no Banco do Brasil.<\/p>\n<p>Telefonou para Paula e disse que iria se atrasar. Aproveitou para saber qual o \u00f4nibus que passava mais perto. A colega disse para pegar um t\u00e1xi, que era mais r\u00e1pido, mas Salete, talvez por economia, talvez por desejar um pouco de aventura, declinou.<\/p>\n<p>\u2014 Creio que ser\u00e1 at\u00e9 bom relembrar os tempos de pobretona.<\/p>\n<p>\u2014 E por acaso ficou milion\u00e1ria e est\u00e1 escondendo o jogo?<\/p>\n<p>\u2014 Sou banc\u00e1ria e n\u00e3o banqueira, Paula.<\/p>\n<p>J\u00e1 no ponto, Salete ficou atenta aos \u00f4nibus que chegavam e partiam, at\u00e9 que, finalmente, surgiu o seu. Um pequeno frio na barriga ao subir os degraus, pura falta de costume. Cumprimentou o motorista, um sujeito de bigode grosso e aparente educa\u00e7\u00e3o. Em seguida, nova sauda\u00e7\u00e3o, agora para o cobrador. Pagou-lhe a quantia, passou a roleta e, ainda perdida, escolheu um lugar no fundo do coletivo. Sentou-se.<\/p>\n<p>Salete buscou alguma distra\u00e7\u00e3o olhando atrav\u00e9s da janela, mas duas vozes aflitas chamaram sua aten\u00e7\u00e3o. Era um casal, ao menos foi a impress\u00e3o que teve, pois a conversa era carregada de sentimentos.<\/p>\n<p>\u2014 Voc\u00ea promete?<\/p>\n<p>\u2014 Vou ver se consigo, meu amor.<\/p>\n<p>\u2014 Ah, mas ontem voc\u00ea disse que iria.<\/p>\n<p>\u2014 Vou tentar. Te ligo antes do almo\u00e7o. Pode ser?<\/p>\n<p>\u2014 Mas voc\u00ea promete?<\/p>\n<p>\u2014 T\u00e1. Preciso descer no pr\u00f3ximo ponto.<\/p>\n<p>O homem, antes de se levantar, deu um breve beijo nos l\u00e1bios da mulher ansiosa por saber se a tal promessa se cumpriria ou n\u00e3o. Salete sorriu, como se desejando o mesmo para a conhecida de \u00faltima hora, apesar de nem saber do que se tratava, muito menos quais eram os nomes dos pombinhos.<\/p>\n<p>Voltou os olhos para fora do \u00f4nibus, quando viu o homem, passos apertados, indo em dire\u00e7\u00e3o a uma padaria. Trabalharia ali ou, n\u00e3o era imposs\u00edvel, teria entrado apenas para comer algo ou comprar cigarros antes de ir para o emprego?<\/p>\n<p>Quando ainda tentava desvendar aquele mist\u00e9rio, eis que um rapaz, 10 ou 15 anos mais jovem, entrou no \u00f4nibus e foi se sentar justamente ao lado da bonitona que queria porque queria que o marido (?) lhe prometesse algo que permanecia uma inc\u00f3gnita para Salete. E foi a\u00ed que algo inesperado aconteceu, como se quisesse provar que Blaise Pascal, fil\u00f3sofo e matem\u00e1tico franc\u00eas do s\u00e9culo XVII, n\u00e3o estava enganado: &#8220;O cora\u00e7\u00e3o tem raz\u00f5es que a pr\u00f3pria raz\u00e3o desconhece&#8221;.<\/p>\n<p>\u2014 Voc\u00ea \u00e9 louco!<\/p>\n<p>\u2014 Louco por voc\u00ea, meu amor!<\/p>\n<p>\u2014 Por que n\u00e3o esperou na outra parada? Voc\u00ea sabe que o Ademir sempre desce aqui.<\/p>\n<p>\u2014 Um pouquinho de perigo \u00e9 bom pra apimentar a paix\u00e3o.<\/p>\n<p>Beijaram-se, beijaram-se, beijaram-se, que Salete imaginou que talvez aqueles dois, certamente amantes, pensassem que estavam em uma boate ou num quarto de motel.<\/p>\n<p>\u2014 Para! N\u00e3o d\u00e1 pra esperar?<\/p>\n<p>\u2014 Desculpe, C\u00edntia. \u00c9 que estava com saudade.<\/p>\n<p>\u2014 Tamb\u00e9m, tolinho. Ah, vem c\u00e1, J\u00falio!<\/p>\n<p>Salete, boquiaberta, tentou buscar algo fora do \u00f4nibus para disfar\u00e7ar seu espanto. \u00d3bvio que n\u00e3o iria falar nem sequer meia v\u00edrgula, mas n\u00e3o queria provocar constrangimento aos enamorados. Constrangimento? Ser\u00e1 que aqueles dois sabiam o que era isso? Ela levou a m\u00e3o \u00e0 boca e sorriu sem provocar barulho.<\/p>\n<p>Tr\u00eas pontos adiante, desceu quase em frente ao pr\u00e9dio da Paula. Conversaram por quase duas horas. Enquanto a agora separada falava mal do ex-marido, Salete n\u00e3o conseguia deixar de se lembrar do ocorrido dentro do coletivo. Tanto \u00e9 que, durante quase um m\u00eas, visitou a amiga, n\u00e3o somente com o intuito de consol\u00e1-la, mas principalmente de reencontrar aquele trio inusitado.<\/p>\n<p>Nunca mais viu qualquer um dos envolvidos. Teria Ademir descoberto a trai\u00e7\u00e3o? Ou C\u00edntia teria fugido com J\u00falio? Se ao menos ela tivesse a oportunidade de encontr\u00e1-los&#8230; Que fossem felizes. Era o que Salete desejou do fundo do cora\u00e7\u00e3o.<\/p>\n<p><strong>\u2026\u2026\u2026\u2026\u2026\u2026\u2026\u2026<\/strong><\/p>\n<p><strong>Eduardo Mart\u00ednez \u00e9 autor do livro \u201957 Contos e Cr\u00f4nicas por um Autor Muito Velho\u2019 (Vencedor do Pr\u00eamio Liter\u00e1rio Clarice Lispector \u2013 2025 na categoria livro de contos).<\/strong><\/p>\n<p><strong>Compre aqui<\/strong><\/p>\n<p><a href=\"https:\/\/www.joanineditora.com.br\/57-contos-e-cronicas-por-um-autor-muito-velho\"><strong>https:\/\/www.joanineditora.com.br\/57-contos-e-cronicas-por-um-autor-muito-velho<\/strong><\/a><\/p>\n","protected":false},"excerpt":{"rendered":"<p>Entediada de ficar em casa, Salete decidiu, logo ap\u00f3s tomar caf\u00e9, ir fazer uma visita para Paula, uma amiga que acabara de se separar. N\u00e3o se sabe se houve trai\u00e7\u00e3o ou, ent\u00e3o, seriam meras incompatibilidades de conviv\u00eancia. O problema \u00e9 que, j\u00e1 devidamente acomodada no banco do seu velho Chevette, girou a chave e nada [&hellip;]<\/p>\n","protected":false},"author":21,"featured_media":377724,"comment_status":"closed","ping_status":"closed","sticky":false,"template":"","format":"standard","meta":{"_acf_changed":false,"footnotes":""},"categories":[161],"tags":[],"class_list":["post-377723","post","type-post","status-publish","format-standard","has-post-thumbnail","hentry","category-quadradinho-em-foco"],"acf":[],"yoast_head":"<!-- This site is optimized with the Yoast SEO plugin v27.2 - https:\/\/yoast.com\/product\/yoast-seo-wordpress\/ -->\n<title>O inusitado dentro do coletivo - Notibras<\/title>\n<meta name=\"robots\" content=\"index, follow, max-snippet:-1, max-image-preview:large, max-video-preview:-1\" \/>\n<link rel=\"canonical\" href=\"https:\/\/www.notibras.com\/site\/o-inusitado-dentro-do-coletivo\/\" \/>\n<meta property=\"og:locale\" content=\"pt_BR\" \/>\n<meta property=\"og:type\" content=\"article\" \/>\n<meta property=\"og:title\" content=\"O inusitado dentro do coletivo - Notibras\" \/>\n<meta property=\"og:description\" content=\"Entediada de ficar em casa, Salete decidiu, logo ap\u00f3s tomar caf\u00e9, ir fazer uma visita para Paula, uma amiga que acabara de se separar. N\u00e3o se sabe se houve trai\u00e7\u00e3o ou, ent\u00e3o, seriam meras incompatibilidades de conviv\u00eancia. O problema \u00e9 que, j\u00e1 devidamente acomodada no banco do seu velho Chevette, girou a chave e nada [&hellip;]\" \/>\n<meta property=\"og:url\" content=\"https:\/\/www.notibras.com\/site\/o-inusitado-dentro-do-coletivo\/\" \/>\n<meta property=\"og:site_name\" content=\"Notibras\" \/>\n<meta property=\"article:publisher\" content=\"https:\/\/www.facebook.com\/notibras\/\" \/>\n<meta property=\"article:published_time\" content=\"2026-01-05T05:00:25+00:00\" \/>\n<meta property=\"og:image\" content=\"https:\/\/www.notibras.com\/site\/wp-content\/uploads\/2026\/01\/IMG_0056.jpg\" \/>\n\t<meta property=\"og:image:width\" content=\"1023\" \/>\n\t<meta property=\"og:image:height\" content=\"908\" \/>\n\t<meta property=\"og:image:type\" content=\"image\/jpeg\" \/>\n<meta name=\"author\" content=\"Eduardo Mart\u00ednez\" \/>\n<meta name=\"twitter:card\" content=\"summary_large_image\" \/>\n<meta name=\"twitter:creator\" content=\"@Notibras\" \/>\n<meta name=\"twitter:site\" content=\"@Notibras\" \/>\n<meta name=\"twitter:label1\" content=\"Escrito por\" \/>\n\t<meta name=\"twitter:data1\" content=\"Eduardo Mart\u00ednez\" \/>\n\t<meta name=\"twitter:label2\" content=\"Est. tempo de leitura\" \/>\n\t<meta name=\"twitter:data2\" content=\"5 minutos\" \/>\n<script type=\"application\/ld+json\" class=\"yoast-schema-graph\">{\"@context\":\"https:\/\/schema.org\",\"@graph\":[{\"@type\":\"Article\",\"@id\":\"https:\/\/www.notibras.com\/site\/o-inusitado-dentro-do-coletivo\/#article\",\"isPartOf\":{\"@id\":\"https:\/\/www.notibras.com\/site\/o-inusitado-dentro-do-coletivo\/\"},\"author\":{\"name\":\"Eduardo Mart\u00ednez\",\"@id\":\"https:\/\/www.notibras.com\/site\/#\/schema\/person\/5b7fabf2aedc3ada2105f03b22b4d3dd\"},\"headline\":\"O inusitado dentro do coletivo\",\"datePublished\":\"2026-01-05T05:00:25+00:00\",\"mainEntityOfPage\":{\"@id\":\"https:\/\/www.notibras.com\/site\/o-inusitado-dentro-do-coletivo\/\"},\"wordCount\":794,\"publisher\":{\"@id\":\"https:\/\/www.notibras.com\/site\/#organization\"},\"image\":{\"@id\":\"https:\/\/www.notibras.com\/site\/o-inusitado-dentro-do-coletivo\/#primaryimage\"},\"thumbnailUrl\":\"https:\/\/www.notibras.com\/site\/wp-content\/uploads\/2026\/01\/IMG_0056.jpg\",\"articleSection\":[\"Quadradinho em Foco\"],\"inLanguage\":\"pt-BR\"},{\"@type\":\"WebPage\",\"@id\":\"https:\/\/www.notibras.com\/site\/o-inusitado-dentro-do-coletivo\/\",\"url\":\"https:\/\/www.notibras.com\/site\/o-inusitado-dentro-do-coletivo\/\",\"name\":\"O inusitado dentro do coletivo - Notibras\",\"isPartOf\":{\"@id\":\"https:\/\/www.notibras.com\/site\/#website\"},\"primaryImageOfPage\":{\"@id\":\"https:\/\/www.notibras.com\/site\/o-inusitado-dentro-do-coletivo\/#primaryimage\"},\"image\":{\"@id\":\"https:\/\/www.notibras.com\/site\/o-inusitado-dentro-do-coletivo\/#primaryimage\"},\"thumbnailUrl\":\"https:\/\/www.notibras.com\/site\/wp-content\/uploads\/2026\/01\/IMG_0056.jpg\",\"datePublished\":\"2026-01-05T05:00:25+00:00\",\"breadcrumb\":{\"@id\":\"https:\/\/www.notibras.com\/site\/o-inusitado-dentro-do-coletivo\/#breadcrumb\"},\"inLanguage\":\"pt-BR\",\"potentialAction\":[{\"@type\":\"ReadAction\",\"target\":[\"https:\/\/www.notibras.com\/site\/o-inusitado-dentro-do-coletivo\/\"]}]},{\"@type\":\"ImageObject\",\"inLanguage\":\"pt-BR\",\"@id\":\"https:\/\/www.notibras.com\/site\/o-inusitado-dentro-do-coletivo\/#primaryimage\",\"url\":\"https:\/\/www.notibras.com\/site\/wp-content\/uploads\/2026\/01\/IMG_0056.jpg\",\"contentUrl\":\"https:\/\/www.notibras.com\/site\/wp-content\/uploads\/2026\/01\/IMG_0056.jpg\",\"width\":1023,\"height\":908},{\"@type\":\"BreadcrumbList\",\"@id\":\"https:\/\/www.notibras.com\/site\/o-inusitado-dentro-do-coletivo\/#breadcrumb\",\"itemListElement\":[{\"@type\":\"ListItem\",\"position\":1,\"name\":\"In\u00edcio\",\"item\":\"https:\/\/www.notibras.com\/site\/\"},{\"@type\":\"ListItem\",\"position\":2,\"name\":\"O inusitado dentro do coletivo\"}]},{\"@type\":\"WebSite\",\"@id\":\"https:\/\/www.notibras.com\/site\/#website\",\"url\":\"https:\/\/www.notibras.com\/site\/\",\"name\":\"Notibras\",\"description\":\"Not\u00edcias de Bras\u00edlia, do Brasil e do Mundo\",\"publisher\":{\"@id\":\"https:\/\/www.notibras.com\/site\/#organization\"},\"potentialAction\":[{\"@type\":\"SearchAction\",\"target\":{\"@type\":\"EntryPoint\",\"urlTemplate\":\"https:\/\/www.notibras.com\/site\/?s={search_term_string}\"},\"query-input\":{\"@type\":\"PropertyValueSpecification\",\"valueRequired\":true,\"valueName\":\"search_term_string\"}}],\"inLanguage\":\"pt-BR\"},{\"@type\":\"Organization\",\"@id\":\"https:\/\/www.notibras.com\/site\/#organization\",\"name\":\"Grupo Notibras de Comunica\u00e7\u00e3o\",\"url\":\"https:\/\/www.notibras.com\/site\/\",\"logo\":{\"@type\":\"ImageObject\",\"inLanguage\":\"pt-BR\",\"@id\":\"https:\/\/www.notibras.com\/site\/#\/schema\/logo\/image\/\",\"url\":\"https:\/\/www.notibras.com\/site\/wp-content\/uploads\/2023\/01\/notibras23.png\",\"contentUrl\":\"https:\/\/www.notibras.com\/site\/wp-content\/uploads\/2023\/01\/notibras23.png\",\"width\":350,\"height\":87,\"caption\":\"Grupo Notibras de Comunica\u00e7\u00e3o\"},\"image\":{\"@id\":\"https:\/\/www.notibras.com\/site\/#\/schema\/logo\/image\/\"},\"sameAs\":[\"https:\/\/www.facebook.com\/notibras\/\",\"https:\/\/x.com\/Notibras\",\"https:\/\/www.instagram.com\/notibras\/\"]},{\"@type\":\"Person\",\"@id\":\"https:\/\/www.notibras.com\/site\/#\/schema\/person\/5b7fabf2aedc3ada2105f03b22b4d3dd\",\"name\":\"Eduardo Mart\u00ednez\",\"image\":{\"@type\":\"ImageObject\",\"inLanguage\":\"pt-BR\",\"@id\":\"https:\/\/secure.gravatar.com\/avatar\/7902f906289926289cbcda644b5197c796b893c6ffd7b9a536a42d290f7704a0?s=96&d=mm&r=g\",\"url\":\"https:\/\/secure.gravatar.com\/avatar\/7902f906289926289cbcda644b5197c796b893c6ffd7b9a536a42d290f7704a0?s=96&d=mm&r=g\",\"contentUrl\":\"https:\/\/secure.gravatar.com\/avatar\/7902f906289926289cbcda644b5197c796b893c6ffd7b9a536a42d290f7704a0?s=96&d=mm&r=g\",\"caption\":\"Eduardo Mart\u00ednez\"}}]}<\/script>\n<!-- \/ Yoast SEO plugin. -->","yoast_head_json":{"title":"O inusitado dentro do coletivo - Notibras","robots":{"index":"index","follow":"follow","max-snippet":"max-snippet:-1","max-image-preview":"max-image-preview:large","max-video-preview":"max-video-preview:-1"},"canonical":"https:\/\/www.notibras.com\/site\/o-inusitado-dentro-do-coletivo\/","og_locale":"pt_BR","og_type":"article","og_title":"O inusitado dentro do coletivo - Notibras","og_description":"Entediada de ficar em casa, Salete decidiu, logo ap\u00f3s tomar caf\u00e9, ir fazer uma visita para Paula, uma amiga que acabara de se separar. N\u00e3o se sabe se houve trai\u00e7\u00e3o ou, ent\u00e3o, seriam meras incompatibilidades de conviv\u00eancia. O problema \u00e9 que, j\u00e1 devidamente acomodada no banco do seu velho Chevette, girou a chave e nada [&hellip;]","og_url":"https:\/\/www.notibras.com\/site\/o-inusitado-dentro-do-coletivo\/","og_site_name":"Notibras","article_publisher":"https:\/\/www.facebook.com\/notibras\/","article_published_time":"2026-01-05T05:00:25+00:00","og_image":[{"width":1023,"height":908,"url":"https:\/\/www.notibras.com\/site\/wp-content\/uploads\/2026\/01\/IMG_0056.jpg","type":"image\/jpeg"}],"author":"Eduardo Mart\u00ednez","twitter_card":"summary_large_image","twitter_creator":"@Notibras","twitter_site":"@Notibras","twitter_misc":{"Escrito por":"Eduardo Mart\u00ednez","Est. tempo de leitura":"5 minutos"},"schema":{"@context":"https:\/\/schema.org","@graph":[{"@type":"Article","@id":"https:\/\/www.notibras.com\/site\/o-inusitado-dentro-do-coletivo\/#article","isPartOf":{"@id":"https:\/\/www.notibras.com\/site\/o-inusitado-dentro-do-coletivo\/"},"author":{"name":"Eduardo Mart\u00ednez","@id":"https:\/\/www.notibras.com\/site\/#\/schema\/person\/5b7fabf2aedc3ada2105f03b22b4d3dd"},"headline":"O inusitado dentro do coletivo","datePublished":"2026-01-05T05:00:25+00:00","mainEntityOfPage":{"@id":"https:\/\/www.notibras.com\/site\/o-inusitado-dentro-do-coletivo\/"},"wordCount":794,"publisher":{"@id":"https:\/\/www.notibras.com\/site\/#organization"},"image":{"@id":"https:\/\/www.notibras.com\/site\/o-inusitado-dentro-do-coletivo\/#primaryimage"},"thumbnailUrl":"https:\/\/www.notibras.com\/site\/wp-content\/uploads\/2026\/01\/IMG_0056.jpg","articleSection":["Quadradinho em Foco"],"inLanguage":"pt-BR"},{"@type":"WebPage","@id":"https:\/\/www.notibras.com\/site\/o-inusitado-dentro-do-coletivo\/","url":"https:\/\/www.notibras.com\/site\/o-inusitado-dentro-do-coletivo\/","name":"O inusitado dentro do coletivo - Notibras","isPartOf":{"@id":"https:\/\/www.notibras.com\/site\/#website"},"primaryImageOfPage":{"@id":"https:\/\/www.notibras.com\/site\/o-inusitado-dentro-do-coletivo\/#primaryimage"},"image":{"@id":"https:\/\/www.notibras.com\/site\/o-inusitado-dentro-do-coletivo\/#primaryimage"},"thumbnailUrl":"https:\/\/www.notibras.com\/site\/wp-content\/uploads\/2026\/01\/IMG_0056.jpg","datePublished":"2026-01-05T05:00:25+00:00","breadcrumb":{"@id":"https:\/\/www.notibras.com\/site\/o-inusitado-dentro-do-coletivo\/#breadcrumb"},"inLanguage":"pt-BR","potentialAction":[{"@type":"ReadAction","target":["https:\/\/www.notibras.com\/site\/o-inusitado-dentro-do-coletivo\/"]}]},{"@type":"ImageObject","inLanguage":"pt-BR","@id":"https:\/\/www.notibras.com\/site\/o-inusitado-dentro-do-coletivo\/#primaryimage","url":"https:\/\/www.notibras.com\/site\/wp-content\/uploads\/2026\/01\/IMG_0056.jpg","contentUrl":"https:\/\/www.notibras.com\/site\/wp-content\/uploads\/2026\/01\/IMG_0056.jpg","width":1023,"height":908},{"@type":"BreadcrumbList","@id":"https:\/\/www.notibras.com\/site\/o-inusitado-dentro-do-coletivo\/#breadcrumb","itemListElement":[{"@type":"ListItem","position":1,"name":"In\u00edcio","item":"https:\/\/www.notibras.com\/site\/"},{"@type":"ListItem","position":2,"name":"O inusitado dentro do coletivo"}]},{"@type":"WebSite","@id":"https:\/\/www.notibras.com\/site\/#website","url":"https:\/\/www.notibras.com\/site\/","name":"Notibras","description":"Not\u00edcias de Bras\u00edlia, do Brasil e do Mundo","publisher":{"@id":"https:\/\/www.notibras.com\/site\/#organization"},"potentialAction":[{"@type":"SearchAction","target":{"@type":"EntryPoint","urlTemplate":"https:\/\/www.notibras.com\/site\/?s={search_term_string}"},"query-input":{"@type":"PropertyValueSpecification","valueRequired":true,"valueName":"search_term_string"}}],"inLanguage":"pt-BR"},{"@type":"Organization","@id":"https:\/\/www.notibras.com\/site\/#organization","name":"Grupo Notibras de Comunica\u00e7\u00e3o","url":"https:\/\/www.notibras.com\/site\/","logo":{"@type":"ImageObject","inLanguage":"pt-BR","@id":"https:\/\/www.notibras.com\/site\/#\/schema\/logo\/image\/","url":"https:\/\/www.notibras.com\/site\/wp-content\/uploads\/2023\/01\/notibras23.png","contentUrl":"https:\/\/www.notibras.com\/site\/wp-content\/uploads\/2023\/01\/notibras23.png","width":350,"height":87,"caption":"Grupo Notibras de Comunica\u00e7\u00e3o"},"image":{"@id":"https:\/\/www.notibras.com\/site\/#\/schema\/logo\/image\/"},"sameAs":["https:\/\/www.facebook.com\/notibras\/","https:\/\/x.com\/Notibras","https:\/\/www.instagram.com\/notibras\/"]},{"@type":"Person","@id":"https:\/\/www.notibras.com\/site\/#\/schema\/person\/5b7fabf2aedc3ada2105f03b22b4d3dd","name":"Eduardo Mart\u00ednez","image":{"@type":"ImageObject","inLanguage":"pt-BR","@id":"https:\/\/secure.gravatar.com\/avatar\/7902f906289926289cbcda644b5197c796b893c6ffd7b9a536a42d290f7704a0?s=96&d=mm&r=g","url":"https:\/\/secure.gravatar.com\/avatar\/7902f906289926289cbcda644b5197c796b893c6ffd7b9a536a42d290f7704a0?s=96&d=mm&r=g","contentUrl":"https:\/\/secure.gravatar.com\/avatar\/7902f906289926289cbcda644b5197c796b893c6ffd7b9a536a42d290f7704a0?s=96&d=mm&r=g","caption":"Eduardo Mart\u00ednez"}}]}},"amp_enabled":true,"_links":{"self":[{"href":"https:\/\/www.notibras.com\/site\/wp-json\/wp\/v2\/posts\/377723","targetHints":{"allow":["GET"]}}],"collection":[{"href":"https:\/\/www.notibras.com\/site\/wp-json\/wp\/v2\/posts"}],"about":[{"href":"https:\/\/www.notibras.com\/site\/wp-json\/wp\/v2\/types\/post"}],"author":[{"embeddable":true,"href":"https:\/\/www.notibras.com\/site\/wp-json\/wp\/v2\/users\/21"}],"replies":[{"embeddable":true,"href":"https:\/\/www.notibras.com\/site\/wp-json\/wp\/v2\/comments?post=377723"}],"version-history":[{"count":2,"href":"https:\/\/www.notibras.com\/site\/wp-json\/wp\/v2\/posts\/377723\/revisions"}],"predecessor-version":[{"id":377726,"href":"https:\/\/www.notibras.com\/site\/wp-json\/wp\/v2\/posts\/377723\/revisions\/377726"}],"wp:featuredmedia":[{"embeddable":true,"href":"https:\/\/www.notibras.com\/site\/wp-json\/wp\/v2\/media\/377724"}],"wp:attachment":[{"href":"https:\/\/www.notibras.com\/site\/wp-json\/wp\/v2\/media?parent=377723"}],"wp:term":[{"taxonomy":"category","embeddable":true,"href":"https:\/\/www.notibras.com\/site\/wp-json\/wp\/v2\/categories?post=377723"},{"taxonomy":"post_tag","embeddable":true,"href":"https:\/\/www.notibras.com\/site\/wp-json\/wp\/v2\/tags?post=377723"}],"curies":[{"name":"wp","href":"https:\/\/api.w.org\/{rel}","templated":true}]}}