{"id":377748,"date":"2026-01-05T01:00:16","date_gmt":"2026-01-05T04:00:16","guid":{"rendered":"https:\/\/www.notibras.com\/site\/?p=377748"},"modified":"2026-01-05T00:29:34","modified_gmt":"2026-01-05T03:29:34","slug":"inscricoes-gratuitas-atraves-do-portal-vao-ate-o-dia-20","status":"publish","type":"post","link":"https:\/\/www.notibras.com\/site\/inscricoes-gratuitas-atraves-do-portal-vao-ate-o-dia-20\/","title":{"rendered":"Inscri\u00e7\u00f5es gratuitas atrav\u00e9s do portal v\u00e3o at\u00e9 o dia 20"},"content":{"rendered":"<p>At\u00e9 o dia 20 deste m\u00eas, estar\u00e3o abertas, no <a href=\"https:\/\/www.familiaejuventude.df.gov.br\/\">portal da Secretaria da Fam\u00edlia (Sefami-DF)<\/a> janeiro de 2026, por meio do portal da Sefami-DF, as inscri\u00e7\u00f5es para o Programa de Volunt\u00e1rios Fam\u00edlia Protegida. Podem participar pessoas maiores de 18 anos interessadas em contribuir com a\u00e7\u00f5es sociais e comunit\u00e1rias. O programa \u00e9 gratuito e oferece certifica\u00e7\u00e3o.<\/p>\n<p>O secret\u00e1rio da Fam\u00edlia, Rodrigo Delmasso, afirma: \u201cA campanha Fam\u00edlia Protegida nasce para mostrar que cada cidad\u00e3o tem um papel fundamental na prote\u00e7\u00e3o das pessoas mais vulner\u00e1veis\u201d | Foto: Divulga\u00e7\u00e3o\/Sefami-DF<\/p>\n<p>A iniciativa \u00e9 voltada \u00e0 mobiliza\u00e7\u00e3o de cidad\u00e3os e lideran\u00e7as comunit\u00e1rias para a promo\u00e7\u00e3o da cultura de paz, da conviv\u00eancia familiar saud\u00e1vel e da preven\u00e7\u00e3o \u00e0 viol\u00eancia em todo o DF.<\/p>\n<p>A capacita\u00e7\u00e3o integra as a\u00e7\u00f5es do projeto Fam\u00edlia Protegida e est\u00e1 amparado pela Lei n\u00ba 6.857\/2021, que institui o Programa de Incentivo ao Voluntariado no DF. A proposta \u00e9 formar uma rede de volunt\u00e1rios capacitados para atuar de forma educativa e preventiva nas comunidades, fortalecendo v\u00ednculos familiares e estimulando o engajamento social.<\/p>\n<p>Os volunt\u00e1rios inscritos participar\u00e3o de um workshop de capacita\u00e7\u00e3o, que ser\u00e1 realizado no dia 24, no audit\u00f3rio da Sefami-DF, com carga hor\u00e1ria de seis horas. A programa\u00e7\u00e3o inclui palestras e oficinas sobre o papel do voluntariado na transforma\u00e7\u00e3o social, escuta ativa, media\u00e7\u00e3o de conflitos, cultura de paz e constru\u00e7\u00e3o de a\u00e7\u00f5es comunit\u00e1rias.<\/p>\n<p><strong>Voluntariado<\/strong><\/p>\n<p>Ap\u00f3s a etapa de forma\u00e7\u00e3o, os participantes atuar\u00e3o no apoio a campanhas educativas, palestras e eventos comunit\u00e1rios, sempre sob a supervis\u00e3o t\u00e9cnica da secretaria. As a\u00e7\u00f5es abordar\u00e3o temas como conviv\u00eancia familiar, respeito m\u00fatuo, preven\u00e7\u00e3o \u00e0 viol\u00eancia dom\u00e9stica, prote\u00e7\u00e3o infantil e valoriza\u00e7\u00e3o dos v\u00ednculos familiares.<\/p>\n<p>Ao final do programa, as pessoas receber\u00e3o certificado de participa\u00e7\u00e3o e capacita\u00e7\u00e3o em voluntariado social, com registro das horas dedicadas, conforme previsto na legisla\u00e7\u00e3o. A expectativa \u00e9 capacitar 100 volunt\u00e1rios, criar um banco de talentos sociais do projeto Fam\u00edlia Consciente e ampliar as a\u00e7\u00f5es de preven\u00e7\u00e3o e fortalecimento familiar nas regi\u00f5es administrativas do DF.<\/p>\n<p>O secret\u00e1rio da Fam\u00edlia, Rodrigo Delmasso, enfatiza que o programa amplia o alcance das pol\u00edticas p\u00fablicas voltadas \u00e0 prote\u00e7\u00e3o das fam\u00edlias: \u201cA viol\u00eancia familiar n\u00e3o pode ser vista como um problema privado. Ela \u00e9 uma quest\u00e3o social, que afeta a todos n\u00f3s. A campanha Fam\u00edlia Protegida nasce para mostrar que cada cidad\u00e3o tem um papel fundamental na prote\u00e7\u00e3o das pessoas mais vulner\u00e1veis\u201d.<\/p>\n<p>Fa\u00e7a sua inscri\u00e7\u00e3o <a href=\"https:\/\/www.familiaejuventude.df.gov.br\/w\/programa-de-voluntariado-do-familia-protegida-abre-inscricoes-nesta-sexta-feira-02-\">por este link<\/a>.<\/p>\n","protected":false},"excerpt":{"rendered":"<p>At\u00e9 o dia 20 deste m\u00eas, estar\u00e3o abertas, no portal da Secretaria da Fam\u00edlia (Sefami-DF) janeiro de 2026, por meio do portal da Sefami-DF, as inscri\u00e7\u00f5es para o Programa de Volunt\u00e1rios Fam\u00edlia Protegida. Podem participar pessoas maiores de 18 anos interessadas em contribuir com a\u00e7\u00f5es sociais e comunit\u00e1rias. O programa \u00e9 gratuito e oferece certifica\u00e7\u00e3o. [&hellip;]<\/p>\n","protected":false},"author":21,"featured_media":377749,"comment_status":"closed","ping_status":"closed","sticky":false,"template":"","format":"standard","meta":{"_acf_changed":false,"footnotes":""},"categories":[161],"tags":[],"class_list":["post-377748","post","type-post","status-publish","format-standard","has-post-thumbnail","hentry","category-quadradinho-em-foco"],"acf":[],"yoast_head":"<!-- This site is optimized with the Yoast SEO plugin v27.2 - https:\/\/yoast.com\/product\/yoast-seo-wordpress\/ -->\n<title>Inscri\u00e7\u00f5es gratuitas atrav\u00e9s do portal v\u00e3o at\u00e9 o dia 20 - Notibras<\/title>\n<meta name=\"robots\" content=\"index, follow, max-snippet:-1, max-image-preview:large, max-video-preview:-1\" \/>\n<link rel=\"canonical\" href=\"https:\/\/www.notibras.com\/site\/inscricoes-gratuitas-atraves-do-portal-vao-ate-o-dia-20\/\" \/>\n<meta property=\"og:locale\" content=\"pt_BR\" \/>\n<meta property=\"og:type\" content=\"article\" \/>\n<meta property=\"og:title\" content=\"Inscri\u00e7\u00f5es gratuitas atrav\u00e9s do portal v\u00e3o at\u00e9 o dia 20 - Notibras\" \/>\n<meta property=\"og:description\" content=\"At\u00e9 o dia 20 deste m\u00eas, estar\u00e3o abertas, no portal da Secretaria da Fam\u00edlia (Sefami-DF) janeiro de 2026, por meio do portal da Sefami-DF, as inscri\u00e7\u00f5es para o Programa de Volunt\u00e1rios Fam\u00edlia Protegida. Podem participar pessoas maiores de 18 anos interessadas em contribuir com a\u00e7\u00f5es sociais e comunit\u00e1rias. O programa \u00e9 gratuito e oferece certifica\u00e7\u00e3o. [&hellip;]\" \/>\n<meta property=\"og:url\" content=\"https:\/\/www.notibras.com\/site\/inscricoes-gratuitas-atraves-do-portal-vao-ate-o-dia-20\/\" \/>\n<meta property=\"og:site_name\" content=\"Notibras\" \/>\n<meta property=\"article:publisher\" content=\"https:\/\/www.facebook.com\/notibras\/\" \/>\n<meta property=\"article:published_time\" content=\"2026-01-05T04:00:16+00:00\" \/>\n<meta property=\"og:image\" content=\"https:\/\/www.notibras.com\/site\/wp-content\/uploads\/2026\/01\/2.1.-Familia.-Foto-Divulgacao-Iped.jpg\" \/>\n\t<meta property=\"og:image:width\" content=\"1600\" \/>\n\t<meta property=\"og:image:height\" content=\"1066\" \/>\n\t<meta property=\"og:image:type\" content=\"image\/jpeg\" \/>\n<meta name=\"author\" content=\"Eduardo Mart\u00ednez\" \/>\n<meta name=\"twitter:card\" content=\"summary_large_image\" \/>\n<meta name=\"twitter:creator\" content=\"@Notibras\" \/>\n<meta name=\"twitter:site\" content=\"@Notibras\" \/>\n<meta name=\"twitter:label1\" content=\"Escrito por\" \/>\n\t<meta name=\"twitter:data1\" content=\"Eduardo Mart\u00ednez\" \/>\n\t<meta name=\"twitter:label2\" content=\"Est. tempo de leitura\" \/>\n\t<meta name=\"twitter:data2\" content=\"3 minutos\" \/>\n<script type=\"application\/ld+json\" class=\"yoast-schema-graph\">{\"@context\":\"https:\/\/schema.org\",\"@graph\":[{\"@type\":\"Article\",\"@id\":\"https:\/\/www.notibras.com\/site\/inscricoes-gratuitas-atraves-do-portal-vao-ate-o-dia-20\/#article\",\"isPartOf\":{\"@id\":\"https:\/\/www.notibras.com\/site\/inscricoes-gratuitas-atraves-do-portal-vao-ate-o-dia-20\/\"},\"author\":{\"name\":\"Eduardo Mart\u00ednez\",\"@id\":\"https:\/\/www.notibras.com\/site\/#\/schema\/person\/5b7fabf2aedc3ada2105f03b22b4d3dd\"},\"headline\":\"Inscri\u00e7\u00f5es gratuitas atrav\u00e9s do portal v\u00e3o at\u00e9 o dia 20\",\"datePublished\":\"2026-01-05T04:00:16+00:00\",\"mainEntityOfPage\":{\"@id\":\"https:\/\/www.notibras.com\/site\/inscricoes-gratuitas-atraves-do-portal-vao-ate-o-dia-20\/\"},\"wordCount\":466,\"publisher\":{\"@id\":\"https:\/\/www.notibras.com\/site\/#organization\"},\"image\":{\"@id\":\"https:\/\/www.notibras.com\/site\/inscricoes-gratuitas-atraves-do-portal-vao-ate-o-dia-20\/#primaryimage\"},\"thumbnailUrl\":\"https:\/\/www.notibras.com\/site\/wp-content\/uploads\/2026\/01\/2.1.-Familia.-Foto-Divulgacao-Iped.jpg\",\"articleSection\":[\"Quadradinho em Foco\"],\"inLanguage\":\"pt-BR\"},{\"@type\":\"WebPage\",\"@id\":\"https:\/\/www.notibras.com\/site\/inscricoes-gratuitas-atraves-do-portal-vao-ate-o-dia-20\/\",\"url\":\"https:\/\/www.notibras.com\/site\/inscricoes-gratuitas-atraves-do-portal-vao-ate-o-dia-20\/\",\"name\":\"Inscri\u00e7\u00f5es gratuitas atrav\u00e9s do portal v\u00e3o at\u00e9 o dia 20 - Notibras\",\"isPartOf\":{\"@id\":\"https:\/\/www.notibras.com\/site\/#website\"},\"primaryImageOfPage\":{\"@id\":\"https:\/\/www.notibras.com\/site\/inscricoes-gratuitas-atraves-do-portal-vao-ate-o-dia-20\/#primaryimage\"},\"image\":{\"@id\":\"https:\/\/www.notibras.com\/site\/inscricoes-gratuitas-atraves-do-portal-vao-ate-o-dia-20\/#primaryimage\"},\"thumbnailUrl\":\"https:\/\/www.notibras.com\/site\/wp-content\/uploads\/2026\/01\/2.1.-Familia.-Foto-Divulgacao-Iped.jpg\",\"datePublished\":\"2026-01-05T04:00:16+00:00\",\"breadcrumb\":{\"@id\":\"https:\/\/www.notibras.com\/site\/inscricoes-gratuitas-atraves-do-portal-vao-ate-o-dia-20\/#breadcrumb\"},\"inLanguage\":\"pt-BR\",\"potentialAction\":[{\"@type\":\"ReadAction\",\"target\":[\"https:\/\/www.notibras.com\/site\/inscricoes-gratuitas-atraves-do-portal-vao-ate-o-dia-20\/\"]}]},{\"@type\":\"ImageObject\",\"inLanguage\":\"pt-BR\",\"@id\":\"https:\/\/www.notibras.com\/site\/inscricoes-gratuitas-atraves-do-portal-vao-ate-o-dia-20\/#primaryimage\",\"url\":\"https:\/\/www.notibras.com\/site\/wp-content\/uploads\/2026\/01\/2.1.-Familia.-Foto-Divulgacao-Iped.jpg\",\"contentUrl\":\"https:\/\/www.notibras.com\/site\/wp-content\/uploads\/2026\/01\/2.1.-Familia.-Foto-Divulgacao-Iped.jpg\",\"width\":1600,\"height\":1066},{\"@type\":\"BreadcrumbList\",\"@id\":\"https:\/\/www.notibras.com\/site\/inscricoes-gratuitas-atraves-do-portal-vao-ate-o-dia-20\/#breadcrumb\",\"itemListElement\":[{\"@type\":\"ListItem\",\"position\":1,\"name\":\"In\u00edcio\",\"item\":\"https:\/\/www.notibras.com\/site\/\"},{\"@type\":\"ListItem\",\"position\":2,\"name\":\"Inscri\u00e7\u00f5es gratuitas atrav\u00e9s do portal v\u00e3o at\u00e9 o dia 20\"}]},{\"@type\":\"WebSite\",\"@id\":\"https:\/\/www.notibras.com\/site\/#website\",\"url\":\"https:\/\/www.notibras.com\/site\/\",\"name\":\"Notibras\",\"description\":\"Not\u00edcias de Bras\u00edlia, do Brasil e do Mundo\",\"publisher\":{\"@id\":\"https:\/\/www.notibras.com\/site\/#organization\"},\"potentialAction\":[{\"@type\":\"SearchAction\",\"target\":{\"@type\":\"EntryPoint\",\"urlTemplate\":\"https:\/\/www.notibras.com\/site\/?s={search_term_string}\"},\"query-input\":{\"@type\":\"PropertyValueSpecification\",\"valueRequired\":true,\"valueName\":\"search_term_string\"}}],\"inLanguage\":\"pt-BR\"},{\"@type\":\"Organization\",\"@id\":\"https:\/\/www.notibras.com\/site\/#organization\",\"name\":\"Grupo Notibras de Comunica\u00e7\u00e3o\",\"url\":\"https:\/\/www.notibras.com\/site\/\",\"logo\":{\"@type\":\"ImageObject\",\"inLanguage\":\"pt-BR\",\"@id\":\"https:\/\/www.notibras.com\/site\/#\/schema\/logo\/image\/\",\"url\":\"https:\/\/www.notibras.com\/site\/wp-content\/uploads\/2023\/01\/notibras23.png\",\"contentUrl\":\"https:\/\/www.notibras.com\/site\/wp-content\/uploads\/2023\/01\/notibras23.png\",\"width\":350,\"height\":87,\"caption\":\"Grupo Notibras de Comunica\u00e7\u00e3o\"},\"image\":{\"@id\":\"https:\/\/www.notibras.com\/site\/#\/schema\/logo\/image\/\"},\"sameAs\":[\"https:\/\/www.facebook.com\/notibras\/\",\"https:\/\/x.com\/Notibras\",\"https:\/\/www.instagram.com\/notibras\/\"]},{\"@type\":\"Person\",\"@id\":\"https:\/\/www.notibras.com\/site\/#\/schema\/person\/5b7fabf2aedc3ada2105f03b22b4d3dd\",\"name\":\"Eduardo Mart\u00ednez\",\"image\":{\"@type\":\"ImageObject\",\"inLanguage\":\"pt-BR\",\"@id\":\"https:\/\/secure.gravatar.com\/avatar\/7902f906289926289cbcda644b5197c796b893c6ffd7b9a536a42d290f7704a0?s=96&d=mm&r=g\",\"url\":\"https:\/\/secure.gravatar.com\/avatar\/7902f906289926289cbcda644b5197c796b893c6ffd7b9a536a42d290f7704a0?s=96&d=mm&r=g\",\"contentUrl\":\"https:\/\/secure.gravatar.com\/avatar\/7902f906289926289cbcda644b5197c796b893c6ffd7b9a536a42d290f7704a0?s=96&d=mm&r=g\",\"caption\":\"Eduardo Mart\u00ednez\"}}]}<\/script>\n<!-- \/ Yoast SEO plugin. -->","yoast_head_json":{"title":"Inscri\u00e7\u00f5es gratuitas atrav\u00e9s do portal v\u00e3o at\u00e9 o dia 20 - Notibras","robots":{"index":"index","follow":"follow","max-snippet":"max-snippet:-1","max-image-preview":"max-image-preview:large","max-video-preview":"max-video-preview:-1"},"canonical":"https:\/\/www.notibras.com\/site\/inscricoes-gratuitas-atraves-do-portal-vao-ate-o-dia-20\/","og_locale":"pt_BR","og_type":"article","og_title":"Inscri\u00e7\u00f5es gratuitas atrav\u00e9s do portal v\u00e3o at\u00e9 o dia 20 - Notibras","og_description":"At\u00e9 o dia 20 deste m\u00eas, estar\u00e3o abertas, no portal da Secretaria da Fam\u00edlia (Sefami-DF) janeiro de 2026, por meio do portal da Sefami-DF, as inscri\u00e7\u00f5es para o Programa de Volunt\u00e1rios Fam\u00edlia Protegida. Podem participar pessoas maiores de 18 anos interessadas em contribuir com a\u00e7\u00f5es sociais e comunit\u00e1rias. O programa \u00e9 gratuito e oferece certifica\u00e7\u00e3o. [&hellip;]","og_url":"https:\/\/www.notibras.com\/site\/inscricoes-gratuitas-atraves-do-portal-vao-ate-o-dia-20\/","og_site_name":"Notibras","article_publisher":"https:\/\/www.facebook.com\/notibras\/","article_published_time":"2026-01-05T04:00:16+00:00","og_image":[{"width":1600,"height":1066,"url":"https:\/\/www.notibras.com\/site\/wp-content\/uploads\/2026\/01\/2.1.-Familia.-Foto-Divulgacao-Iped.jpg","type":"image\/jpeg"}],"author":"Eduardo Mart\u00ednez","twitter_card":"summary_large_image","twitter_creator":"@Notibras","twitter_site":"@Notibras","twitter_misc":{"Escrito por":"Eduardo Mart\u00ednez","Est. tempo de leitura":"3 minutos"},"schema":{"@context":"https:\/\/schema.org","@graph":[{"@type":"Article","@id":"https:\/\/www.notibras.com\/site\/inscricoes-gratuitas-atraves-do-portal-vao-ate-o-dia-20\/#article","isPartOf":{"@id":"https:\/\/www.notibras.com\/site\/inscricoes-gratuitas-atraves-do-portal-vao-ate-o-dia-20\/"},"author":{"name":"Eduardo Mart\u00ednez","@id":"https:\/\/www.notibras.com\/site\/#\/schema\/person\/5b7fabf2aedc3ada2105f03b22b4d3dd"},"headline":"Inscri\u00e7\u00f5es gratuitas atrav\u00e9s do portal v\u00e3o at\u00e9 o dia 20","datePublished":"2026-01-05T04:00:16+00:00","mainEntityOfPage":{"@id":"https:\/\/www.notibras.com\/site\/inscricoes-gratuitas-atraves-do-portal-vao-ate-o-dia-20\/"},"wordCount":466,"publisher":{"@id":"https:\/\/www.notibras.com\/site\/#organization"},"image":{"@id":"https:\/\/www.notibras.com\/site\/inscricoes-gratuitas-atraves-do-portal-vao-ate-o-dia-20\/#primaryimage"},"thumbnailUrl":"https:\/\/www.notibras.com\/site\/wp-content\/uploads\/2026\/01\/2.1.-Familia.-Foto-Divulgacao-Iped.jpg","articleSection":["Quadradinho em Foco"],"inLanguage":"pt-BR"},{"@type":"WebPage","@id":"https:\/\/www.notibras.com\/site\/inscricoes-gratuitas-atraves-do-portal-vao-ate-o-dia-20\/","url":"https:\/\/www.notibras.com\/site\/inscricoes-gratuitas-atraves-do-portal-vao-ate-o-dia-20\/","name":"Inscri\u00e7\u00f5es gratuitas atrav\u00e9s do portal v\u00e3o at\u00e9 o dia 20 - Notibras","isPartOf":{"@id":"https:\/\/www.notibras.com\/site\/#website"},"primaryImageOfPage":{"@id":"https:\/\/www.notibras.com\/site\/inscricoes-gratuitas-atraves-do-portal-vao-ate-o-dia-20\/#primaryimage"},"image":{"@id":"https:\/\/www.notibras.com\/site\/inscricoes-gratuitas-atraves-do-portal-vao-ate-o-dia-20\/#primaryimage"},"thumbnailUrl":"https:\/\/www.notibras.com\/site\/wp-content\/uploads\/2026\/01\/2.1.-Familia.-Foto-Divulgacao-Iped.jpg","datePublished":"2026-01-05T04:00:16+00:00","breadcrumb":{"@id":"https:\/\/www.notibras.com\/site\/inscricoes-gratuitas-atraves-do-portal-vao-ate-o-dia-20\/#breadcrumb"},"inLanguage":"pt-BR","potentialAction":[{"@type":"ReadAction","target":["https:\/\/www.notibras.com\/site\/inscricoes-gratuitas-atraves-do-portal-vao-ate-o-dia-20\/"]}]},{"@type":"ImageObject","inLanguage":"pt-BR","@id":"https:\/\/www.notibras.com\/site\/inscricoes-gratuitas-atraves-do-portal-vao-ate-o-dia-20\/#primaryimage","url":"https:\/\/www.notibras.com\/site\/wp-content\/uploads\/2026\/01\/2.1.-Familia.-Foto-Divulgacao-Iped.jpg","contentUrl":"https:\/\/www.notibras.com\/site\/wp-content\/uploads\/2026\/01\/2.1.-Familia.-Foto-Divulgacao-Iped.jpg","width":1600,"height":1066},{"@type":"BreadcrumbList","@id":"https:\/\/www.notibras.com\/site\/inscricoes-gratuitas-atraves-do-portal-vao-ate-o-dia-20\/#breadcrumb","itemListElement":[{"@type":"ListItem","position":1,"name":"In\u00edcio","item":"https:\/\/www.notibras.com\/site\/"},{"@type":"ListItem","position":2,"name":"Inscri\u00e7\u00f5es gratuitas atrav\u00e9s do portal v\u00e3o at\u00e9 o dia 20"}]},{"@type":"WebSite","@id":"https:\/\/www.notibras.com\/site\/#website","url":"https:\/\/www.notibras.com\/site\/","name":"Notibras","description":"Not\u00edcias de Bras\u00edlia, do Brasil e do Mundo","publisher":{"@id":"https:\/\/www.notibras.com\/site\/#organization"},"potentialAction":[{"@type":"SearchAction","target":{"@type":"EntryPoint","urlTemplate":"https:\/\/www.notibras.com\/site\/?s={search_term_string}"},"query-input":{"@type":"PropertyValueSpecification","valueRequired":true,"valueName":"search_term_string"}}],"inLanguage":"pt-BR"},{"@type":"Organization","@id":"https:\/\/www.notibras.com\/site\/#organization","name":"Grupo Notibras de Comunica\u00e7\u00e3o","url":"https:\/\/www.notibras.com\/site\/","logo":{"@type":"ImageObject","inLanguage":"pt-BR","@id":"https:\/\/www.notibras.com\/site\/#\/schema\/logo\/image\/","url":"https:\/\/www.notibras.com\/site\/wp-content\/uploads\/2023\/01\/notibras23.png","contentUrl":"https:\/\/www.notibras.com\/site\/wp-content\/uploads\/2023\/01\/notibras23.png","width":350,"height":87,"caption":"Grupo Notibras de Comunica\u00e7\u00e3o"},"image":{"@id":"https:\/\/www.notibras.com\/site\/#\/schema\/logo\/image\/"},"sameAs":["https:\/\/www.facebook.com\/notibras\/","https:\/\/x.com\/Notibras","https:\/\/www.instagram.com\/notibras\/"]},{"@type":"Person","@id":"https:\/\/www.notibras.com\/site\/#\/schema\/person\/5b7fabf2aedc3ada2105f03b22b4d3dd","name":"Eduardo Mart\u00ednez","image":{"@type":"ImageObject","inLanguage":"pt-BR","@id":"https:\/\/secure.gravatar.com\/avatar\/7902f906289926289cbcda644b5197c796b893c6ffd7b9a536a42d290f7704a0?s=96&d=mm&r=g","url":"https:\/\/secure.gravatar.com\/avatar\/7902f906289926289cbcda644b5197c796b893c6ffd7b9a536a42d290f7704a0?s=96&d=mm&r=g","contentUrl":"https:\/\/secure.gravatar.com\/avatar\/7902f906289926289cbcda644b5197c796b893c6ffd7b9a536a42d290f7704a0?s=96&d=mm&r=g","caption":"Eduardo Mart\u00ednez"}}]}},"amp_enabled":true,"_links":{"self":[{"href":"https:\/\/www.notibras.com\/site\/wp-json\/wp\/v2\/posts\/377748","targetHints":{"allow":["GET"]}}],"collection":[{"href":"https:\/\/www.notibras.com\/site\/wp-json\/wp\/v2\/posts"}],"about":[{"href":"https:\/\/www.notibras.com\/site\/wp-json\/wp\/v2\/types\/post"}],"author":[{"embeddable":true,"href":"https:\/\/www.notibras.com\/site\/wp-json\/wp\/v2\/users\/21"}],"replies":[{"embeddable":true,"href":"https:\/\/www.notibras.com\/site\/wp-json\/wp\/v2\/comments?post=377748"}],"version-history":[{"count":5,"href":"https:\/\/www.notibras.com\/site\/wp-json\/wp\/v2\/posts\/377748\/revisions"}],"predecessor-version":[{"id":377754,"href":"https:\/\/www.notibras.com\/site\/wp-json\/wp\/v2\/posts\/377748\/revisions\/377754"}],"wp:featuredmedia":[{"embeddable":true,"href":"https:\/\/www.notibras.com\/site\/wp-json\/wp\/v2\/media\/377749"}],"wp:attachment":[{"href":"https:\/\/www.notibras.com\/site\/wp-json\/wp\/v2\/media?parent=377748"}],"wp:term":[{"taxonomy":"category","embeddable":true,"href":"https:\/\/www.notibras.com\/site\/wp-json\/wp\/v2\/categories?post=377748"},{"taxonomy":"post_tag","embeddable":true,"href":"https:\/\/www.notibras.com\/site\/wp-json\/wp\/v2\/tags?post=377748"}],"curies":[{"name":"wp","href":"https:\/\/api.w.org\/{rel}","templated":true}]}}