{"id":377763,"date":"2026-01-05T07:46:59","date_gmt":"2026-01-05T10:46:59","guid":{"rendered":"https:\/\/www.notibras.com\/site\/?p=377763"},"modified":"2026-01-05T07:48:37","modified_gmt":"2026-01-05T10:48:37","slug":"jeitinho-brasileiro-e-melhor-saida-contra-imperialismo-de-tio-sam","status":"publish","type":"post","link":"https:\/\/www.notibras.com\/site\/jeitinho-brasileiro-e-melhor-saida-contra-imperialismo-de-tio-sam\/","title":{"rendered":"Jeitinho brasileiro \u00e9 melhor sa\u00edda contra imperialismo de Tio Sam"},"content":{"rendered":"<p style=\"font-weight: 400;\">\u201cDe direito\u201d, j\u00e1 estamos no quinto dia do ano novo. No entanto, seguindo o nosso valoroso jeitinho, \u201cde fato\u201d 2026, o ano jorgiano (de S\u00e3o Jorge) come\u00e7a hoje,\u00a0dia 5 de janeiro. Como o termo de direito se refere \u00e0 previs\u00e3o e aplica\u00e7\u00e3o da lei, prefiro sempre a express\u00e3o de fato, que trata da realidade concreta, isto \u00e9, o que acontece na pr\u00e1tica. Portanto, sem delongas, 2026 \u00e9 hoje e ponto final. Infelizmente, come\u00e7amos exatamente como terminamos. Ou seja, mudaram somente os m\u00e9todos. Os objetivos continuam os mesmos.<\/p>\n<p style=\"font-weight: 400;\">De um lado do mundo, um d\u00e9spota forjado no frio da Sib\u00e9ria, se apossou de parte de um dos pa\u00edses vizinhos e, apesar dos burburinhos internacionais, ficou o dito pelo n\u00e3o dito. Do outro, em nome de Deus, um judeu com cara de Javier Milei dos tr\u00f3picos, mandou matar milhares de palestinos inocentes. Mais uma vez, estava em jogo a disputa territorial. No alto das Am\u00e9ricas, o chamado peda\u00e7o do Norte, o buraco \u00e9 mais embaixo. Al\u00e9m de territ\u00f3rios, o tirano criado nas alcovas do prazer quer as riquezas da terra, da \u00e1gua e do ar de quem lhe desagradar.<\/p>\n<p style=\"font-weight: 400;\">Enfim, muito pior do que o Putin siberiano, esse quer ser o dono do mundo. Ele come\u00e7ou proibindo o sagrado ir e vir em seu pa\u00eds, sonhou incorporar o Canad\u00e1, a Groel\u00e2ndia e o Golfo do M\u00e9xico ao seu j\u00e1 rico quinh\u00e3o e, agora, \u00e0 for\u00e7a, tomou para si e para os seus o petr\u00f3leo venezuelano. Antes de adentrar a fronteiri\u00e7a Venezuela, se assanhou contra China, atacou o Ir\u00e3 e, de quebra, amea\u00e7ou a soberania e determinadas autoridades do Brasil. Voltou atr\u00e1s, mas ainda n\u00e3o decidiu se fica onde est\u00e1 ou se segue em frente. O que ele n\u00e3o esconde de ningu\u00e9m \u00e9 o desejo de comandar, de ser o todo poderoso.<\/p>\n<p style=\"font-weight: 400;\">N\u00e3o sei se me fa\u00e7o entender, mas J\u00falio C\u00e9sar, Marco Aur\u00e9lio, Nero, Napole\u00e3o Bonaparte, Hitler, Benito Mussolini e Augusto Pinochet, entre muitos outros, comandaram ex\u00e9rcitos esfomeados e loucos para agradar os chefes na rua, na chuva, na cozinha e na fazenda. Imperialistas e, \u00e0 \u00e9poca, \u201cpropriet\u00e1rios\u201d de grandes pot\u00eancias, quase todos almejavam o mundo a seus p\u00e9s. Hoje, d\u00e9cadas ou s\u00e9culos depois, os menos desinteligentes s\u00f3 se referem a eles como caudilhos, cuja primeira, segunda e terceira inten\u00e7\u00e3o \u00e9 se perpetuar no poder. No m\u00e1ximo, como comandantes de orgias. Os mais s\u00e9rios preferem n\u00e3o comentar nada sobre eles.<\/p>\n<p style=\"font-weight: 400;\">Para isso, atropelam a carta da ONU e fecham os olhos para o Conselho de Seguran\u00e7a. A invas\u00e3o da Venezuela \u00e9 um claro indicativo de que o avan\u00e7o russo sobre a Ucr\u00e2nia e a prov\u00e1vel anexa\u00e7\u00e3o de Taiwan pela China est\u00e3o liberados. Apesar da \u201cboa qu\u00edmica\u201d, o Brasil de Luiz In\u00e1cio aguarda os pr\u00f3ximos passos do autocrata do Norte. Pouca coisa deve mudar, mas politicamente a hist\u00f3ria brasileira n\u00e3o \u00e9 muito diferente do restante dos irm\u00e3os do Sul. De fato e de direito, 2026 teve in\u00edcio em 2018, ano do surgimento daquele imperador que sumiu na poeira. Embora seus protagonistas n\u00e3o fa\u00e7am mais parte do estrelato pol\u00edtico, alguns ainda se acham astros, gal\u00e3s e at\u00e9 her\u00f3is dos contos do vig\u00e1rio. Tudo porque supostamente mantiveram o v\u00ednculo com Tio Sam.<\/p>\n<p style=\"font-weight: 400;\">Velho ou novo, 2026 tem de ser o ano em que o povo fa\u00e7a valer a ambiguidade do democr\u00e1tico jeitinho brasileiro. O voc\u00e1bulo descreve a habilidade de encontrar solu\u00e7\u00f5es criativas e informais para problemas ou situa\u00e7\u00f5es dif\u00edceis, muitas vezes contornando regras, burocracias ou normas sociais. Nesse caso, o uso da simpatia e da cordialidade, aliadas a contatos de terceiro e quarto grau, pode servir para exacerbar tanto nossa capacidade de adapta\u00e7\u00e3o quanto a resili\u00eancia para sobreviver. \u00c9 o jeito nacionalista contra o imperialismo de Tio Sam. Fazemos isso h\u00e1 s\u00e9culos.\u00a0Portanto, desde que haja respeito m\u00fatuo, faremos tudo para que seu mestre ache que realmente est\u00e1 mandando. O que n\u00e3o deve ser servido \u00e0 mesa de Tio Sam \u00e9 a soberania nacional como sobremesa. Em outras palavras, o que o astro fez, a lenda precisa esquecer.<\/p>\n<p style=\"font-weight: 400;\">&#8230;&#8230;&#8230;&#8230;&#8230;<\/p>\n<p style=\"font-weight: 400;\"><strong>Mathuzal\u00e9m J\u00fanior \u00e9 jornalista profissional desde 1978<\/strong><\/p>\n","protected":false},"excerpt":{"rendered":"<p>\u201cDe direito\u201d, j\u00e1 estamos no quinto dia do ano novo. No entanto, seguindo o nosso valoroso jeitinho, \u201cde fato\u201d 2026, o ano jorgiano (de S\u00e3o Jorge) come\u00e7a hoje,\u00a0dia 5 de janeiro. Como o termo de direito se refere \u00e0 previs\u00e3o e aplica\u00e7\u00e3o da lei, prefiro sempre a express\u00e3o de fato, que trata da realidade concreta, [&hellip;]<\/p>\n","protected":false},"author":2,"featured_media":23945,"comment_status":"closed","ping_status":"closed","sticky":false,"template":"","format":"standard","meta":{"_acf_changed":false,"footnotes":""},"categories":[16],"tags":[95],"class_list":["post-377763","post","type-post","status-publish","format-standard","has-post-thumbnail","hentry","category-brasil","tag-capa"],"acf":[],"yoast_head":"<!-- This site is optimized with the Yoast SEO plugin v27.2 - https:\/\/yoast.com\/product\/yoast-seo-wordpress\/ -->\n<title>Jeitinho brasileiro \u00e9 melhor sa\u00edda contra imperialismo de Tio Sam - Notibras<\/title>\n<meta name=\"robots\" content=\"index, follow, max-snippet:-1, max-image-preview:large, max-video-preview:-1\" \/>\n<link rel=\"canonical\" href=\"https:\/\/www.notibras.com\/site\/jeitinho-brasileiro-e-melhor-saida-contra-imperialismo-de-tio-sam\/\" \/>\n<meta property=\"og:locale\" content=\"pt_BR\" \/>\n<meta property=\"og:type\" content=\"article\" \/>\n<meta property=\"og:title\" content=\"Jeitinho brasileiro \u00e9 melhor sa\u00edda contra imperialismo de Tio Sam - Notibras\" \/>\n<meta property=\"og:description\" content=\"\u201cDe direito\u201d, j\u00e1 estamos no quinto dia do ano novo. No entanto, seguindo o nosso valoroso jeitinho, \u201cde fato\u201d 2026, o ano jorgiano (de S\u00e3o Jorge) come\u00e7a hoje,\u00a0dia 5 de janeiro. Como o termo de direito se refere \u00e0 previs\u00e3o e aplica\u00e7\u00e3o da lei, prefiro sempre a express\u00e3o de fato, que trata da realidade concreta, [&hellip;]\" \/>\n<meta property=\"og:url\" content=\"https:\/\/www.notibras.com\/site\/jeitinho-brasileiro-e-melhor-saida-contra-imperialismo-de-tio-sam\/\" \/>\n<meta property=\"og:site_name\" content=\"Notibras\" \/>\n<meta property=\"article:publisher\" content=\"https:\/\/www.facebook.com\/notibras\/\" \/>\n<meta property=\"article:published_time\" content=\"2026-01-05T10:46:59+00:00\" \/>\n<meta property=\"article:modified_time\" content=\"2026-01-05T10:48:37+00:00\" \/>\n<meta property=\"og:image\" content=\"https:\/\/www.notibras.com\/site\/wp-content\/uploads\/2014\/10\/dia-da-bandeira-do-Brasil-43.jpg\" \/>\n\t<meta property=\"og:image:width\" content=\"1440\" \/>\n\t<meta property=\"og:image:height\" content=\"900\" \/>\n\t<meta property=\"og:image:type\" content=\"image\/jpeg\" \/>\n<meta name=\"author\" content=\"Reda\u00e7\u00e3o\" \/>\n<meta name=\"twitter:card\" content=\"summary_large_image\" \/>\n<meta name=\"twitter:creator\" content=\"@Notibras\" \/>\n<meta name=\"twitter:site\" content=\"@Notibras\" \/>\n<meta name=\"twitter:label1\" content=\"Escrito por\" \/>\n\t<meta name=\"twitter:data1\" content=\"Reda\u00e7\u00e3o\" \/>\n\t<meta name=\"twitter:label2\" content=\"Est. tempo de leitura\" \/>\n\t<meta name=\"twitter:data2\" content=\"4 minutos\" \/>\n<script type=\"application\/ld+json\" class=\"yoast-schema-graph\">{\"@context\":\"https:\/\/schema.org\",\"@graph\":[{\"@type\":\"Article\",\"@id\":\"https:\/\/www.notibras.com\/site\/jeitinho-brasileiro-e-melhor-saida-contra-imperialismo-de-tio-sam\/#article\",\"isPartOf\":{\"@id\":\"https:\/\/www.notibras.com\/site\/jeitinho-brasileiro-e-melhor-saida-contra-imperialismo-de-tio-sam\/\"},\"author\":{\"name\":\"Reda\u00e7\u00e3o\",\"@id\":\"https:\/\/www.notibras.com\/site\/#\/schema\/person\/36ab0979449956132d3e5b517ea76ac8\"},\"headline\":\"Jeitinho brasileiro \u00e9 melhor sa\u00edda contra imperialismo de Tio Sam\",\"datePublished\":\"2026-01-05T10:46:59+00:00\",\"dateModified\":\"2026-01-05T10:48:37+00:00\",\"mainEntityOfPage\":{\"@id\":\"https:\/\/www.notibras.com\/site\/jeitinho-brasileiro-e-melhor-saida-contra-imperialismo-de-tio-sam\/\"},\"wordCount\":739,\"publisher\":{\"@id\":\"https:\/\/www.notibras.com\/site\/#organization\"},\"image\":{\"@id\":\"https:\/\/www.notibras.com\/site\/jeitinho-brasileiro-e-melhor-saida-contra-imperialismo-de-tio-sam\/#primaryimage\"},\"thumbnailUrl\":\"https:\/\/www.notibras.com\/site\/wp-content\/uploads\/2014\/10\/dia-da-bandeira-do-Brasil-43.jpg\",\"keywords\":[\"capa\"],\"articleSection\":[\"Brasil\"],\"inLanguage\":\"pt-BR\"},{\"@type\":\"WebPage\",\"@id\":\"https:\/\/www.notibras.com\/site\/jeitinho-brasileiro-e-melhor-saida-contra-imperialismo-de-tio-sam\/\",\"url\":\"https:\/\/www.notibras.com\/site\/jeitinho-brasileiro-e-melhor-saida-contra-imperialismo-de-tio-sam\/\",\"name\":\"Jeitinho brasileiro \u00e9 melhor sa\u00edda contra imperialismo de Tio Sam - Notibras\",\"isPartOf\":{\"@id\":\"https:\/\/www.notibras.com\/site\/#website\"},\"primaryImageOfPage\":{\"@id\":\"https:\/\/www.notibras.com\/site\/jeitinho-brasileiro-e-melhor-saida-contra-imperialismo-de-tio-sam\/#primaryimage\"},\"image\":{\"@id\":\"https:\/\/www.notibras.com\/site\/jeitinho-brasileiro-e-melhor-saida-contra-imperialismo-de-tio-sam\/#primaryimage\"},\"thumbnailUrl\":\"https:\/\/www.notibras.com\/site\/wp-content\/uploads\/2014\/10\/dia-da-bandeira-do-Brasil-43.jpg\",\"datePublished\":\"2026-01-05T10:46:59+00:00\",\"dateModified\":\"2026-01-05T10:48:37+00:00\",\"breadcrumb\":{\"@id\":\"https:\/\/www.notibras.com\/site\/jeitinho-brasileiro-e-melhor-saida-contra-imperialismo-de-tio-sam\/#breadcrumb\"},\"inLanguage\":\"pt-BR\",\"potentialAction\":[{\"@type\":\"ReadAction\",\"target\":[\"https:\/\/www.notibras.com\/site\/jeitinho-brasileiro-e-melhor-saida-contra-imperialismo-de-tio-sam\/\"]}]},{\"@type\":\"ImageObject\",\"inLanguage\":\"pt-BR\",\"@id\":\"https:\/\/www.notibras.com\/site\/jeitinho-brasileiro-e-melhor-saida-contra-imperialismo-de-tio-sam\/#primaryimage\",\"url\":\"https:\/\/www.notibras.com\/site\/wp-content\/uploads\/2014\/10\/dia-da-bandeira-do-Brasil-43.jpg\",\"contentUrl\":\"https:\/\/www.notibras.com\/site\/wp-content\/uploads\/2014\/10\/dia-da-bandeira-do-Brasil-43.jpg\",\"width\":1440,\"height\":900},{\"@type\":\"BreadcrumbList\",\"@id\":\"https:\/\/www.notibras.com\/site\/jeitinho-brasileiro-e-melhor-saida-contra-imperialismo-de-tio-sam\/#breadcrumb\",\"itemListElement\":[{\"@type\":\"ListItem\",\"position\":1,\"name\":\"In\u00edcio\",\"item\":\"https:\/\/www.notibras.com\/site\/\"},{\"@type\":\"ListItem\",\"position\":2,\"name\":\"Jeitinho brasileiro \u00e9 melhor sa\u00edda contra imperialismo de Tio Sam\"}]},{\"@type\":\"WebSite\",\"@id\":\"https:\/\/www.notibras.com\/site\/#website\",\"url\":\"https:\/\/www.notibras.com\/site\/\",\"name\":\"Notibras\",\"description\":\"Not\u00edcias de Bras\u00edlia, do Brasil e do Mundo\",\"publisher\":{\"@id\":\"https:\/\/www.notibras.com\/site\/#organization\"},\"potentialAction\":[{\"@type\":\"SearchAction\",\"target\":{\"@type\":\"EntryPoint\",\"urlTemplate\":\"https:\/\/www.notibras.com\/site\/?s={search_term_string}\"},\"query-input\":{\"@type\":\"PropertyValueSpecification\",\"valueRequired\":true,\"valueName\":\"search_term_string\"}}],\"inLanguage\":\"pt-BR\"},{\"@type\":\"Organization\",\"@id\":\"https:\/\/www.notibras.com\/site\/#organization\",\"name\":\"Grupo Notibras de Comunica\u00e7\u00e3o\",\"url\":\"https:\/\/www.notibras.com\/site\/\",\"logo\":{\"@type\":\"ImageObject\",\"inLanguage\":\"pt-BR\",\"@id\":\"https:\/\/www.notibras.com\/site\/#\/schema\/logo\/image\/\",\"url\":\"https:\/\/www.notibras.com\/site\/wp-content\/uploads\/2023\/01\/notibras23.png\",\"contentUrl\":\"https:\/\/www.notibras.com\/site\/wp-content\/uploads\/2023\/01\/notibras23.png\",\"width\":350,\"height\":87,\"caption\":\"Grupo Notibras de Comunica\u00e7\u00e3o\"},\"image\":{\"@id\":\"https:\/\/www.notibras.com\/site\/#\/schema\/logo\/image\/\"},\"sameAs\":[\"https:\/\/www.facebook.com\/notibras\/\",\"https:\/\/x.com\/Notibras\",\"https:\/\/www.instagram.com\/notibras\/\"]},{\"@type\":\"Person\",\"@id\":\"https:\/\/www.notibras.com\/site\/#\/schema\/person\/36ab0979449956132d3e5b517ea76ac8\",\"name\":\"Reda\u00e7\u00e3o\",\"image\":{\"@type\":\"ImageObject\",\"inLanguage\":\"pt-BR\",\"@id\":\"https:\/\/secure.gravatar.com\/avatar\/e0a867bdedb85fd243eadf09663511f96fc81e0720a4a42581f334ad4303aa6b?s=96&d=mm&r=g\",\"url\":\"https:\/\/secure.gravatar.com\/avatar\/e0a867bdedb85fd243eadf09663511f96fc81e0720a4a42581f334ad4303aa6b?s=96&d=mm&r=g\",\"contentUrl\":\"https:\/\/secure.gravatar.com\/avatar\/e0a867bdedb85fd243eadf09663511f96fc81e0720a4a42581f334ad4303aa6b?s=96&d=mm&r=g\",\"caption\":\"Reda\u00e7\u00e3o\"}}]}<\/script>\n<!-- \/ Yoast SEO plugin. -->","yoast_head_json":{"title":"Jeitinho brasileiro \u00e9 melhor sa\u00edda contra imperialismo de Tio Sam - Notibras","robots":{"index":"index","follow":"follow","max-snippet":"max-snippet:-1","max-image-preview":"max-image-preview:large","max-video-preview":"max-video-preview:-1"},"canonical":"https:\/\/www.notibras.com\/site\/jeitinho-brasileiro-e-melhor-saida-contra-imperialismo-de-tio-sam\/","og_locale":"pt_BR","og_type":"article","og_title":"Jeitinho brasileiro \u00e9 melhor sa\u00edda contra imperialismo de Tio Sam - Notibras","og_description":"\u201cDe direito\u201d, j\u00e1 estamos no quinto dia do ano novo. No entanto, seguindo o nosso valoroso jeitinho, \u201cde fato\u201d 2026, o ano jorgiano (de S\u00e3o Jorge) come\u00e7a hoje,\u00a0dia 5 de janeiro. Como o termo de direito se refere \u00e0 previs\u00e3o e aplica\u00e7\u00e3o da lei, prefiro sempre a express\u00e3o de fato, que trata da realidade concreta, [&hellip;]","og_url":"https:\/\/www.notibras.com\/site\/jeitinho-brasileiro-e-melhor-saida-contra-imperialismo-de-tio-sam\/","og_site_name":"Notibras","article_publisher":"https:\/\/www.facebook.com\/notibras\/","article_published_time":"2026-01-05T10:46:59+00:00","article_modified_time":"2026-01-05T10:48:37+00:00","og_image":[{"width":1440,"height":900,"url":"https:\/\/www.notibras.com\/site\/wp-content\/uploads\/2014\/10\/dia-da-bandeira-do-Brasil-43.jpg","type":"image\/jpeg"}],"author":"Reda\u00e7\u00e3o","twitter_card":"summary_large_image","twitter_creator":"@Notibras","twitter_site":"@Notibras","twitter_misc":{"Escrito por":"Reda\u00e7\u00e3o","Est. tempo de leitura":"4 minutos"},"schema":{"@context":"https:\/\/schema.org","@graph":[{"@type":"Article","@id":"https:\/\/www.notibras.com\/site\/jeitinho-brasileiro-e-melhor-saida-contra-imperialismo-de-tio-sam\/#article","isPartOf":{"@id":"https:\/\/www.notibras.com\/site\/jeitinho-brasileiro-e-melhor-saida-contra-imperialismo-de-tio-sam\/"},"author":{"name":"Reda\u00e7\u00e3o","@id":"https:\/\/www.notibras.com\/site\/#\/schema\/person\/36ab0979449956132d3e5b517ea76ac8"},"headline":"Jeitinho brasileiro \u00e9 melhor sa\u00edda contra imperialismo de Tio Sam","datePublished":"2026-01-05T10:46:59+00:00","dateModified":"2026-01-05T10:48:37+00:00","mainEntityOfPage":{"@id":"https:\/\/www.notibras.com\/site\/jeitinho-brasileiro-e-melhor-saida-contra-imperialismo-de-tio-sam\/"},"wordCount":739,"publisher":{"@id":"https:\/\/www.notibras.com\/site\/#organization"},"image":{"@id":"https:\/\/www.notibras.com\/site\/jeitinho-brasileiro-e-melhor-saida-contra-imperialismo-de-tio-sam\/#primaryimage"},"thumbnailUrl":"https:\/\/www.notibras.com\/site\/wp-content\/uploads\/2014\/10\/dia-da-bandeira-do-Brasil-43.jpg","keywords":["capa"],"articleSection":["Brasil"],"inLanguage":"pt-BR"},{"@type":"WebPage","@id":"https:\/\/www.notibras.com\/site\/jeitinho-brasileiro-e-melhor-saida-contra-imperialismo-de-tio-sam\/","url":"https:\/\/www.notibras.com\/site\/jeitinho-brasileiro-e-melhor-saida-contra-imperialismo-de-tio-sam\/","name":"Jeitinho brasileiro \u00e9 melhor sa\u00edda contra imperialismo de Tio Sam - Notibras","isPartOf":{"@id":"https:\/\/www.notibras.com\/site\/#website"},"primaryImageOfPage":{"@id":"https:\/\/www.notibras.com\/site\/jeitinho-brasileiro-e-melhor-saida-contra-imperialismo-de-tio-sam\/#primaryimage"},"image":{"@id":"https:\/\/www.notibras.com\/site\/jeitinho-brasileiro-e-melhor-saida-contra-imperialismo-de-tio-sam\/#primaryimage"},"thumbnailUrl":"https:\/\/www.notibras.com\/site\/wp-content\/uploads\/2014\/10\/dia-da-bandeira-do-Brasil-43.jpg","datePublished":"2026-01-05T10:46:59+00:00","dateModified":"2026-01-05T10:48:37+00:00","breadcrumb":{"@id":"https:\/\/www.notibras.com\/site\/jeitinho-brasileiro-e-melhor-saida-contra-imperialismo-de-tio-sam\/#breadcrumb"},"inLanguage":"pt-BR","potentialAction":[{"@type":"ReadAction","target":["https:\/\/www.notibras.com\/site\/jeitinho-brasileiro-e-melhor-saida-contra-imperialismo-de-tio-sam\/"]}]},{"@type":"ImageObject","inLanguage":"pt-BR","@id":"https:\/\/www.notibras.com\/site\/jeitinho-brasileiro-e-melhor-saida-contra-imperialismo-de-tio-sam\/#primaryimage","url":"https:\/\/www.notibras.com\/site\/wp-content\/uploads\/2014\/10\/dia-da-bandeira-do-Brasil-43.jpg","contentUrl":"https:\/\/www.notibras.com\/site\/wp-content\/uploads\/2014\/10\/dia-da-bandeira-do-Brasil-43.jpg","width":1440,"height":900},{"@type":"BreadcrumbList","@id":"https:\/\/www.notibras.com\/site\/jeitinho-brasileiro-e-melhor-saida-contra-imperialismo-de-tio-sam\/#breadcrumb","itemListElement":[{"@type":"ListItem","position":1,"name":"In\u00edcio","item":"https:\/\/www.notibras.com\/site\/"},{"@type":"ListItem","position":2,"name":"Jeitinho brasileiro \u00e9 melhor sa\u00edda contra imperialismo de Tio Sam"}]},{"@type":"WebSite","@id":"https:\/\/www.notibras.com\/site\/#website","url":"https:\/\/www.notibras.com\/site\/","name":"Notibras","description":"Not\u00edcias de Bras\u00edlia, do Brasil e do Mundo","publisher":{"@id":"https:\/\/www.notibras.com\/site\/#organization"},"potentialAction":[{"@type":"SearchAction","target":{"@type":"EntryPoint","urlTemplate":"https:\/\/www.notibras.com\/site\/?s={search_term_string}"},"query-input":{"@type":"PropertyValueSpecification","valueRequired":true,"valueName":"search_term_string"}}],"inLanguage":"pt-BR"},{"@type":"Organization","@id":"https:\/\/www.notibras.com\/site\/#organization","name":"Grupo Notibras de Comunica\u00e7\u00e3o","url":"https:\/\/www.notibras.com\/site\/","logo":{"@type":"ImageObject","inLanguage":"pt-BR","@id":"https:\/\/www.notibras.com\/site\/#\/schema\/logo\/image\/","url":"https:\/\/www.notibras.com\/site\/wp-content\/uploads\/2023\/01\/notibras23.png","contentUrl":"https:\/\/www.notibras.com\/site\/wp-content\/uploads\/2023\/01\/notibras23.png","width":350,"height":87,"caption":"Grupo Notibras de Comunica\u00e7\u00e3o"},"image":{"@id":"https:\/\/www.notibras.com\/site\/#\/schema\/logo\/image\/"},"sameAs":["https:\/\/www.facebook.com\/notibras\/","https:\/\/x.com\/Notibras","https:\/\/www.instagram.com\/notibras\/"]},{"@type":"Person","@id":"https:\/\/www.notibras.com\/site\/#\/schema\/person\/36ab0979449956132d3e5b517ea76ac8","name":"Reda\u00e7\u00e3o","image":{"@type":"ImageObject","inLanguage":"pt-BR","@id":"https:\/\/secure.gravatar.com\/avatar\/e0a867bdedb85fd243eadf09663511f96fc81e0720a4a42581f334ad4303aa6b?s=96&d=mm&r=g","url":"https:\/\/secure.gravatar.com\/avatar\/e0a867bdedb85fd243eadf09663511f96fc81e0720a4a42581f334ad4303aa6b?s=96&d=mm&r=g","contentUrl":"https:\/\/secure.gravatar.com\/avatar\/e0a867bdedb85fd243eadf09663511f96fc81e0720a4a42581f334ad4303aa6b?s=96&d=mm&r=g","caption":"Reda\u00e7\u00e3o"}}]}},"amp_enabled":true,"_links":{"self":[{"href":"https:\/\/www.notibras.com\/site\/wp-json\/wp\/v2\/posts\/377763","targetHints":{"allow":["GET"]}}],"collection":[{"href":"https:\/\/www.notibras.com\/site\/wp-json\/wp\/v2\/posts"}],"about":[{"href":"https:\/\/www.notibras.com\/site\/wp-json\/wp\/v2\/types\/post"}],"author":[{"embeddable":true,"href":"https:\/\/www.notibras.com\/site\/wp-json\/wp\/v2\/users\/2"}],"replies":[{"embeddable":true,"href":"https:\/\/www.notibras.com\/site\/wp-json\/wp\/v2\/comments?post=377763"}],"version-history":[{"count":2,"href":"https:\/\/www.notibras.com\/site\/wp-json\/wp\/v2\/posts\/377763\/revisions"}],"predecessor-version":[{"id":377765,"href":"https:\/\/www.notibras.com\/site\/wp-json\/wp\/v2\/posts\/377763\/revisions\/377765"}],"wp:featuredmedia":[{"embeddable":true,"href":"https:\/\/www.notibras.com\/site\/wp-json\/wp\/v2\/media\/23945"}],"wp:attachment":[{"href":"https:\/\/www.notibras.com\/site\/wp-json\/wp\/v2\/media?parent=377763"}],"wp:term":[{"taxonomy":"category","embeddable":true,"href":"https:\/\/www.notibras.com\/site\/wp-json\/wp\/v2\/categories?post=377763"},{"taxonomy":"post_tag","embeddable":true,"href":"https:\/\/www.notibras.com\/site\/wp-json\/wp\/v2\/tags?post=377763"}],"curies":[{"name":"wp","href":"https:\/\/api.w.org\/{rel}","templated":true}]}}