{"id":37778,"date":"2015-02-21T19:06:24","date_gmt":"2015-02-21T22:06:24","guid":{"rendered":"http:\/\/www.notibras.com\/site\/?p=37778"},"modified":"2015-02-22T12:30:03","modified_gmt":"2015-02-22T15:30:03","slug":"sao-paulo-goleia-audax-por-4-a-0-e-torcida-volta-a-aclamar-muricy","status":"publish","type":"post","link":"https:\/\/www.notibras.com\/site\/sao-paulo-goleia-audax-por-4-a-0-e-torcida-volta-a-aclamar-muricy\/","title":{"rendered":"S\u00e3o Paulo goleia Audax e torcida volta a aclamar Muricy"},"content":{"rendered":"<p>A derrota para o Corinthians por 2 a 0 na quarta-feira (18), em jogo v\u00e1lido pela Copa Libertadores, que estava entalada na garganta da torcida do S\u00e3o Paulo foi digerida neste s\u00e1bado, quando o tricolor paulista goleou o Audax por 4 a 0, no Morumbi, pelo estadual.<\/p>\n<p>Alexandre Pato, que n\u00e3o p\u00f4de enfrentar o Corinthians por quest\u00f5es contratuais, fez dois gols. Michel Bastos, que voltou ao meio-campo (havia sido lateral na Libertadores), foi o grande destaque e tamb\u00e9m balan\u00e7ou as redes duas vezes. E Muricy, criticado at\u00e9 outro dia, teve seu nome gritado pela torcida do S\u00e3o Paulo durante o segundo tempo.<\/p>\n<p>A rea\u00e7\u00e3o dos torcedores \u00e9 significativa especialmente porque Muricy decidiu tratar a partida deste s\u00e1bado como um teste para a segunda rodada da Libertadores. O S\u00e3o Paulo jogar\u00e1 na quarta-feira (25), no Morumbi, contra o Danubio. &#8220;O time todo tem de melhorar, e n\u00f3s sabemos disso. N\u00e3o d\u00e1 para irmos t\u00e3o mal quanto fomos na quarta-feira&#8221;, resumiu o treinador sobre a derrota recente.<\/p>\n<blockquote><p>A vit\u00f3ria deste s\u00e1bado manteve o time no topo do Grupo A do Campeonato Paulista. Em sete rodadas, o S\u00e3o Paulo tem 19 pontos (seis vit\u00f3rias e um empate). O Audax, por sua vez, acumulou apenas quatro pontos (quatro empates e duas derrotas) e ocupa a lanterna do Grupo B.<\/p><\/blockquote>\n<p>Um lance podia ter sido sintom\u00e1tico logo a 1min da partida deste s\u00e1bado, no Morumbi. O Audax, formado a partir de compacta\u00e7\u00e3o excessiva e veto a chut\u00f5es, tentou trocar passes em seu campo de defesa; o S\u00e3o Paulo pressionou, adiantou a marca\u00e7\u00e3o e quase roubou a bola \u2013 Alexandre Pato travou o goleiro Felipe Alves, mas a bola saiu pela linha de fundo. Podia ter sido sintom\u00e1tico, mas n\u00e3o foi.<\/p>\n<p>A marca\u00e7\u00e3o press\u00e3o do S\u00e3o Paulo n\u00e3o continou depois disso. Tampouco a presen\u00e7a tricolor no campo ofensivo. Recuado, o time da casa baseou seu ataque em dois expedientes: transi\u00e7\u00e3o lenta da defesa at\u00e9 a intermedi\u00e1ria (o que aconteceu na maioria das vezes) ou lan\u00e7amentos longos. Nada disso funcionou.<\/p>\n<p>A lentid\u00e3o e a in\u00e9pcia do S\u00e3o Paulo travaram o ritmo do primeiro tempo. Nos primeiros 30 minutos, o time tricolor s\u00f3 conseguiu finalizar com Alexandre Pato (ap\u00f3s rebote pego por Souza) e\u00a0 Michel Bastos (duas vezes), sempre de fora da \u00e1rea.<\/p>\n<p>Aos 33min, o S\u00e3o Paulo deu uma demonstra\u00e7\u00e3o clara do quanto o jogo ruim dos minutos anteriores devia-se mais ao desempenho ruim dos mandantes do que \u00e0 qualidade do Audax. Na primeira vez em que conseguiu trocar passes no campo de ataque, o time tricolor marcou. Denilson tocou para Luis Fabiano, que atuou como um piv\u00f4 e lan\u00e7ou na direita. Thiago Mendes foi \u00e0 linha de fundo e cruzou rasteiro para Michel Bastos desviar para as redes.<\/p>\n<p>O gol, sim, foi sintom\u00e1tico. Era o que o S\u00e3o Paulo precisava para ter mais tranquilidade, tocar a bola e usar Luis Fabiano como piv\u00f4 para acertar as costas da defesa do Audax. Foi assim aos 35min, quando o camisa 9 lan\u00e7ou na esquerda para Alexandre Pato. O camisa 11 conduziu a bola em velocidade e tocou na sa\u00edda de Felipe Alves. No segundo lance em que aliou velocidade e toques precisos, o time tricolor fez 2 a 0.<\/p>\n<p>A partir disso, o S\u00e3o Paulo passou a controlar o ritmo da partida. Diante de um advers\u00e1rio que oferecia pouco perigo, os donos da casa aproveitaram e mantiveram o jogo numa velocidade amena. Ainda assim, marcaram duas vezes no segundo tempo (Alexandre Pato, ap\u00f3s cruzamento de Michel Bastos, e Michel Bastos, ap\u00f3s passe de Souza).<\/p>\n","protected":false},"excerpt":{"rendered":"<p>A derrota para o Corinthians por 2 a 0 na quarta-feira (18), em jogo v\u00e1lido pela Copa Libertadores, que estava entalada na garganta da torcida do S\u00e3o Paulo foi digerida neste s\u00e1bado, quando o tricolor paulista goleou o Audax por 4 a 0, no Morumbi, pelo estadual. Alexandre Pato, que n\u00e3o p\u00f4de enfrentar o Corinthians [&hellip;]<\/p>\n","protected":false},"author":2,"featured_media":37779,"comment_status":"open","ping_status":"closed","sticky":false,"template":"","format":"standard","meta":{"_acf_changed":false,"footnotes":""},"categories":[19,29],"tags":[],"class_list":["post-37778","post","type-post","status-publish","format-standard","has-post-thumbnail","hentry","category-esportes","category-futebol"],"acf":[],"yoast_head":"<!-- This site is optimized with the Yoast SEO plugin v27.2 - https:\/\/yoast.com\/product\/yoast-seo-wordpress\/ -->\n<title>S\u00e3o Paulo goleia Audax e torcida volta a aclamar Muricy - Notibras<\/title>\n<meta name=\"robots\" content=\"index, follow, max-snippet:-1, max-image-preview:large, max-video-preview:-1\" \/>\n<link rel=\"canonical\" href=\"https:\/\/www.notibras.com\/site\/sao-paulo-goleia-audax-por-4-a-0-e-torcida-volta-a-aclamar-muricy\/\" \/>\n<meta property=\"og:locale\" content=\"pt_BR\" \/>\n<meta property=\"og:type\" content=\"article\" \/>\n<meta property=\"og:title\" content=\"S\u00e3o Paulo goleia Audax e torcida volta a aclamar Muricy - Notibras\" \/>\n<meta property=\"og:description\" content=\"A derrota para o Corinthians por 2 a 0 na quarta-feira (18), em jogo v\u00e1lido pela Copa Libertadores, que estava entalada na garganta da torcida do S\u00e3o Paulo foi digerida neste s\u00e1bado, quando o tricolor paulista goleou o Audax por 4 a 0, no Morumbi, pelo estadual. Alexandre Pato, que n\u00e3o p\u00f4de enfrentar o Corinthians [&hellip;]\" \/>\n<meta property=\"og:url\" content=\"https:\/\/www.notibras.com\/site\/sao-paulo-goleia-audax-por-4-a-0-e-torcida-volta-a-aclamar-muricy\/\" \/>\n<meta property=\"og:site_name\" content=\"Notibras\" \/>\n<meta property=\"article:publisher\" content=\"https:\/\/www.facebook.com\/notibras\/\" \/>\n<meta property=\"article:published_time\" content=\"2015-02-21T22:06:24+00:00\" \/>\n<meta property=\"article:modified_time\" content=\"2015-02-22T15:30:03+00:00\" \/>\n<meta property=\"og:image\" content=\"https:\/\/www.notibras.com\/site\/wp-content\/uploads\/2015\/02\/sp3.jpg\" \/>\n\t<meta property=\"og:image:width\" content=\"460\" \/>\n\t<meta property=\"og:image:height\" content=\"293\" \/>\n\t<meta property=\"og:image:type\" content=\"image\/jpeg\" \/>\n<meta name=\"author\" content=\"Reda\u00e7\u00e3o\" \/>\n<meta name=\"twitter:card\" content=\"summary_large_image\" \/>\n<meta name=\"twitter:creator\" content=\"@Notibras\" \/>\n<meta name=\"twitter:site\" content=\"@Notibras\" \/>\n<meta name=\"twitter:label1\" content=\"Escrito por\" \/>\n\t<meta name=\"twitter:data1\" content=\"Reda\u00e7\u00e3o\" \/>\n\t<meta name=\"twitter:label2\" content=\"Est. tempo de leitura\" \/>\n\t<meta name=\"twitter:data2\" content=\"3 minutos\" \/>\n<script type=\"application\/ld+json\" class=\"yoast-schema-graph\">{\"@context\":\"https:\/\/schema.org\",\"@graph\":[{\"@type\":\"Article\",\"@id\":\"https:\/\/www.notibras.com\/site\/sao-paulo-goleia-audax-por-4-a-0-e-torcida-volta-a-aclamar-muricy\/#article\",\"isPartOf\":{\"@id\":\"https:\/\/www.notibras.com\/site\/sao-paulo-goleia-audax-por-4-a-0-e-torcida-volta-a-aclamar-muricy\/\"},\"author\":{\"name\":\"Reda\u00e7\u00e3o\",\"@id\":\"https:\/\/www.notibras.com\/site\/#\/schema\/person\/36ab0979449956132d3e5b517ea76ac8\"},\"headline\":\"S\u00e3o Paulo goleia Audax e torcida volta a aclamar Muricy\",\"datePublished\":\"2015-02-21T22:06:24+00:00\",\"dateModified\":\"2015-02-22T15:30:03+00:00\",\"mainEntityOfPage\":{\"@id\":\"https:\/\/www.notibras.com\/site\/sao-paulo-goleia-audax-por-4-a-0-e-torcida-volta-a-aclamar-muricy\/\"},\"wordCount\":631,\"commentCount\":0,\"publisher\":{\"@id\":\"https:\/\/www.notibras.com\/site\/#organization\"},\"image\":{\"@id\":\"https:\/\/www.notibras.com\/site\/sao-paulo-goleia-audax-por-4-a-0-e-torcida-volta-a-aclamar-muricy\/#primaryimage\"},\"thumbnailUrl\":\"https:\/\/www.notibras.com\/site\/wp-content\/uploads\/2015\/02\/sp3.jpg\",\"articleSection\":[\"Esportes\",\"Futebol\"],\"inLanguage\":\"pt-BR\",\"potentialAction\":[{\"@type\":\"CommentAction\",\"name\":\"Comment\",\"target\":[\"https:\/\/www.notibras.com\/site\/sao-paulo-goleia-audax-por-4-a-0-e-torcida-volta-a-aclamar-muricy\/#respond\"]}]},{\"@type\":\"WebPage\",\"@id\":\"https:\/\/www.notibras.com\/site\/sao-paulo-goleia-audax-por-4-a-0-e-torcida-volta-a-aclamar-muricy\/\",\"url\":\"https:\/\/www.notibras.com\/site\/sao-paulo-goleia-audax-por-4-a-0-e-torcida-volta-a-aclamar-muricy\/\",\"name\":\"S\u00e3o Paulo goleia Audax e torcida volta a aclamar Muricy - Notibras\",\"isPartOf\":{\"@id\":\"https:\/\/www.notibras.com\/site\/#website\"},\"primaryImageOfPage\":{\"@id\":\"https:\/\/www.notibras.com\/site\/sao-paulo-goleia-audax-por-4-a-0-e-torcida-volta-a-aclamar-muricy\/#primaryimage\"},\"image\":{\"@id\":\"https:\/\/www.notibras.com\/site\/sao-paulo-goleia-audax-por-4-a-0-e-torcida-volta-a-aclamar-muricy\/#primaryimage\"},\"thumbnailUrl\":\"https:\/\/www.notibras.com\/site\/wp-content\/uploads\/2015\/02\/sp3.jpg\",\"datePublished\":\"2015-02-21T22:06:24+00:00\",\"dateModified\":\"2015-02-22T15:30:03+00:00\",\"breadcrumb\":{\"@id\":\"https:\/\/www.notibras.com\/site\/sao-paulo-goleia-audax-por-4-a-0-e-torcida-volta-a-aclamar-muricy\/#breadcrumb\"},\"inLanguage\":\"pt-BR\",\"potentialAction\":[{\"@type\":\"ReadAction\",\"target\":[\"https:\/\/www.notibras.com\/site\/sao-paulo-goleia-audax-por-4-a-0-e-torcida-volta-a-aclamar-muricy\/\"]}]},{\"@type\":\"ImageObject\",\"inLanguage\":\"pt-BR\",\"@id\":\"https:\/\/www.notibras.com\/site\/sao-paulo-goleia-audax-por-4-a-0-e-torcida-volta-a-aclamar-muricy\/#primaryimage\",\"url\":\"https:\/\/www.notibras.com\/site\/wp-content\/uploads\/2015\/02\/sp3.jpg\",\"contentUrl\":\"https:\/\/www.notibras.com\/site\/wp-content\/uploads\/2015\/02\/sp3.jpg\",\"width\":460,\"height\":293},{\"@type\":\"BreadcrumbList\",\"@id\":\"https:\/\/www.notibras.com\/site\/sao-paulo-goleia-audax-por-4-a-0-e-torcida-volta-a-aclamar-muricy\/#breadcrumb\",\"itemListElement\":[{\"@type\":\"ListItem\",\"position\":1,\"name\":\"In\u00edcio\",\"item\":\"https:\/\/www.notibras.com\/site\/\"},{\"@type\":\"ListItem\",\"position\":2,\"name\":\"S\u00e3o Paulo goleia Audax e torcida volta a aclamar Muricy\"}]},{\"@type\":\"WebSite\",\"@id\":\"https:\/\/www.notibras.com\/site\/#website\",\"url\":\"https:\/\/www.notibras.com\/site\/\",\"name\":\"Notibras\",\"description\":\"Not\u00edcias de Bras\u00edlia, do Brasil e do Mundo\",\"publisher\":{\"@id\":\"https:\/\/www.notibras.com\/site\/#organization\"},\"potentialAction\":[{\"@type\":\"SearchAction\",\"target\":{\"@type\":\"EntryPoint\",\"urlTemplate\":\"https:\/\/www.notibras.com\/site\/?s={search_term_string}\"},\"query-input\":{\"@type\":\"PropertyValueSpecification\",\"valueRequired\":true,\"valueName\":\"search_term_string\"}}],\"inLanguage\":\"pt-BR\"},{\"@type\":\"Organization\",\"@id\":\"https:\/\/www.notibras.com\/site\/#organization\",\"name\":\"Grupo Notibras de Comunica\u00e7\u00e3o\",\"url\":\"https:\/\/www.notibras.com\/site\/\",\"logo\":{\"@type\":\"ImageObject\",\"inLanguage\":\"pt-BR\",\"@id\":\"https:\/\/www.notibras.com\/site\/#\/schema\/logo\/image\/\",\"url\":\"https:\/\/www.notibras.com\/site\/wp-content\/uploads\/2023\/01\/notibras23.png\",\"contentUrl\":\"https:\/\/www.notibras.com\/site\/wp-content\/uploads\/2023\/01\/notibras23.png\",\"width\":350,\"height\":87,\"caption\":\"Grupo Notibras de Comunica\u00e7\u00e3o\"},\"image\":{\"@id\":\"https:\/\/www.notibras.com\/site\/#\/schema\/logo\/image\/\"},\"sameAs\":[\"https:\/\/www.facebook.com\/notibras\/\",\"https:\/\/x.com\/Notibras\",\"https:\/\/www.instagram.com\/notibras\/\"]},{\"@type\":\"Person\",\"@id\":\"https:\/\/www.notibras.com\/site\/#\/schema\/person\/36ab0979449956132d3e5b517ea76ac8\",\"name\":\"Reda\u00e7\u00e3o\",\"image\":{\"@type\":\"ImageObject\",\"inLanguage\":\"pt-BR\",\"@id\":\"https:\/\/secure.gravatar.com\/avatar\/e0a867bdedb85fd243eadf09663511f96fc81e0720a4a42581f334ad4303aa6b?s=96&d=mm&r=g\",\"url\":\"https:\/\/secure.gravatar.com\/avatar\/e0a867bdedb85fd243eadf09663511f96fc81e0720a4a42581f334ad4303aa6b?s=96&d=mm&r=g\",\"contentUrl\":\"https:\/\/secure.gravatar.com\/avatar\/e0a867bdedb85fd243eadf09663511f96fc81e0720a4a42581f334ad4303aa6b?s=96&d=mm&r=g\",\"caption\":\"Reda\u00e7\u00e3o\"}}]}<\/script>\n<!-- \/ Yoast SEO plugin. -->","yoast_head_json":{"title":"S\u00e3o Paulo goleia Audax e torcida volta a aclamar Muricy - Notibras","robots":{"index":"index","follow":"follow","max-snippet":"max-snippet:-1","max-image-preview":"max-image-preview:large","max-video-preview":"max-video-preview:-1"},"canonical":"https:\/\/www.notibras.com\/site\/sao-paulo-goleia-audax-por-4-a-0-e-torcida-volta-a-aclamar-muricy\/","og_locale":"pt_BR","og_type":"article","og_title":"S\u00e3o Paulo goleia Audax e torcida volta a aclamar Muricy - Notibras","og_description":"A derrota para o Corinthians por 2 a 0 na quarta-feira (18), em jogo v\u00e1lido pela Copa Libertadores, que estava entalada na garganta da torcida do S\u00e3o Paulo foi digerida neste s\u00e1bado, quando o tricolor paulista goleou o Audax por 4 a 0, no Morumbi, pelo estadual. Alexandre Pato, que n\u00e3o p\u00f4de enfrentar o Corinthians [&hellip;]","og_url":"https:\/\/www.notibras.com\/site\/sao-paulo-goleia-audax-por-4-a-0-e-torcida-volta-a-aclamar-muricy\/","og_site_name":"Notibras","article_publisher":"https:\/\/www.facebook.com\/notibras\/","article_published_time":"2015-02-21T22:06:24+00:00","article_modified_time":"2015-02-22T15:30:03+00:00","og_image":[{"width":460,"height":293,"url":"https:\/\/www.notibras.com\/site\/wp-content\/uploads\/2015\/02\/sp3.jpg","type":"image\/jpeg"}],"author":"Reda\u00e7\u00e3o","twitter_card":"summary_large_image","twitter_creator":"@Notibras","twitter_site":"@Notibras","twitter_misc":{"Escrito por":"Reda\u00e7\u00e3o","Est. tempo de leitura":"3 minutos"},"schema":{"@context":"https:\/\/schema.org","@graph":[{"@type":"Article","@id":"https:\/\/www.notibras.com\/site\/sao-paulo-goleia-audax-por-4-a-0-e-torcida-volta-a-aclamar-muricy\/#article","isPartOf":{"@id":"https:\/\/www.notibras.com\/site\/sao-paulo-goleia-audax-por-4-a-0-e-torcida-volta-a-aclamar-muricy\/"},"author":{"name":"Reda\u00e7\u00e3o","@id":"https:\/\/www.notibras.com\/site\/#\/schema\/person\/36ab0979449956132d3e5b517ea76ac8"},"headline":"S\u00e3o Paulo goleia Audax e torcida volta a aclamar Muricy","datePublished":"2015-02-21T22:06:24+00:00","dateModified":"2015-02-22T15:30:03+00:00","mainEntityOfPage":{"@id":"https:\/\/www.notibras.com\/site\/sao-paulo-goleia-audax-por-4-a-0-e-torcida-volta-a-aclamar-muricy\/"},"wordCount":631,"commentCount":0,"publisher":{"@id":"https:\/\/www.notibras.com\/site\/#organization"},"image":{"@id":"https:\/\/www.notibras.com\/site\/sao-paulo-goleia-audax-por-4-a-0-e-torcida-volta-a-aclamar-muricy\/#primaryimage"},"thumbnailUrl":"https:\/\/www.notibras.com\/site\/wp-content\/uploads\/2015\/02\/sp3.jpg","articleSection":["Esportes","Futebol"],"inLanguage":"pt-BR","potentialAction":[{"@type":"CommentAction","name":"Comment","target":["https:\/\/www.notibras.com\/site\/sao-paulo-goleia-audax-por-4-a-0-e-torcida-volta-a-aclamar-muricy\/#respond"]}]},{"@type":"WebPage","@id":"https:\/\/www.notibras.com\/site\/sao-paulo-goleia-audax-por-4-a-0-e-torcida-volta-a-aclamar-muricy\/","url":"https:\/\/www.notibras.com\/site\/sao-paulo-goleia-audax-por-4-a-0-e-torcida-volta-a-aclamar-muricy\/","name":"S\u00e3o Paulo goleia Audax e torcida volta a aclamar Muricy - Notibras","isPartOf":{"@id":"https:\/\/www.notibras.com\/site\/#website"},"primaryImageOfPage":{"@id":"https:\/\/www.notibras.com\/site\/sao-paulo-goleia-audax-por-4-a-0-e-torcida-volta-a-aclamar-muricy\/#primaryimage"},"image":{"@id":"https:\/\/www.notibras.com\/site\/sao-paulo-goleia-audax-por-4-a-0-e-torcida-volta-a-aclamar-muricy\/#primaryimage"},"thumbnailUrl":"https:\/\/www.notibras.com\/site\/wp-content\/uploads\/2015\/02\/sp3.jpg","datePublished":"2015-02-21T22:06:24+00:00","dateModified":"2015-02-22T15:30:03+00:00","breadcrumb":{"@id":"https:\/\/www.notibras.com\/site\/sao-paulo-goleia-audax-por-4-a-0-e-torcida-volta-a-aclamar-muricy\/#breadcrumb"},"inLanguage":"pt-BR","potentialAction":[{"@type":"ReadAction","target":["https:\/\/www.notibras.com\/site\/sao-paulo-goleia-audax-por-4-a-0-e-torcida-volta-a-aclamar-muricy\/"]}]},{"@type":"ImageObject","inLanguage":"pt-BR","@id":"https:\/\/www.notibras.com\/site\/sao-paulo-goleia-audax-por-4-a-0-e-torcida-volta-a-aclamar-muricy\/#primaryimage","url":"https:\/\/www.notibras.com\/site\/wp-content\/uploads\/2015\/02\/sp3.jpg","contentUrl":"https:\/\/www.notibras.com\/site\/wp-content\/uploads\/2015\/02\/sp3.jpg","width":460,"height":293},{"@type":"BreadcrumbList","@id":"https:\/\/www.notibras.com\/site\/sao-paulo-goleia-audax-por-4-a-0-e-torcida-volta-a-aclamar-muricy\/#breadcrumb","itemListElement":[{"@type":"ListItem","position":1,"name":"In\u00edcio","item":"https:\/\/www.notibras.com\/site\/"},{"@type":"ListItem","position":2,"name":"S\u00e3o Paulo goleia Audax e torcida volta a aclamar Muricy"}]},{"@type":"WebSite","@id":"https:\/\/www.notibras.com\/site\/#website","url":"https:\/\/www.notibras.com\/site\/","name":"Notibras","description":"Not\u00edcias de Bras\u00edlia, do Brasil e do Mundo","publisher":{"@id":"https:\/\/www.notibras.com\/site\/#organization"},"potentialAction":[{"@type":"SearchAction","target":{"@type":"EntryPoint","urlTemplate":"https:\/\/www.notibras.com\/site\/?s={search_term_string}"},"query-input":{"@type":"PropertyValueSpecification","valueRequired":true,"valueName":"search_term_string"}}],"inLanguage":"pt-BR"},{"@type":"Organization","@id":"https:\/\/www.notibras.com\/site\/#organization","name":"Grupo Notibras de Comunica\u00e7\u00e3o","url":"https:\/\/www.notibras.com\/site\/","logo":{"@type":"ImageObject","inLanguage":"pt-BR","@id":"https:\/\/www.notibras.com\/site\/#\/schema\/logo\/image\/","url":"https:\/\/www.notibras.com\/site\/wp-content\/uploads\/2023\/01\/notibras23.png","contentUrl":"https:\/\/www.notibras.com\/site\/wp-content\/uploads\/2023\/01\/notibras23.png","width":350,"height":87,"caption":"Grupo Notibras de Comunica\u00e7\u00e3o"},"image":{"@id":"https:\/\/www.notibras.com\/site\/#\/schema\/logo\/image\/"},"sameAs":["https:\/\/www.facebook.com\/notibras\/","https:\/\/x.com\/Notibras","https:\/\/www.instagram.com\/notibras\/"]},{"@type":"Person","@id":"https:\/\/www.notibras.com\/site\/#\/schema\/person\/36ab0979449956132d3e5b517ea76ac8","name":"Reda\u00e7\u00e3o","image":{"@type":"ImageObject","inLanguage":"pt-BR","@id":"https:\/\/secure.gravatar.com\/avatar\/e0a867bdedb85fd243eadf09663511f96fc81e0720a4a42581f334ad4303aa6b?s=96&d=mm&r=g","url":"https:\/\/secure.gravatar.com\/avatar\/e0a867bdedb85fd243eadf09663511f96fc81e0720a4a42581f334ad4303aa6b?s=96&d=mm&r=g","contentUrl":"https:\/\/secure.gravatar.com\/avatar\/e0a867bdedb85fd243eadf09663511f96fc81e0720a4a42581f334ad4303aa6b?s=96&d=mm&r=g","caption":"Reda\u00e7\u00e3o"}}]}},"amp_enabled":true,"_links":{"self":[{"href":"https:\/\/www.notibras.com\/site\/wp-json\/wp\/v2\/posts\/37778","targetHints":{"allow":["GET"]}}],"collection":[{"href":"https:\/\/www.notibras.com\/site\/wp-json\/wp\/v2\/posts"}],"about":[{"href":"https:\/\/www.notibras.com\/site\/wp-json\/wp\/v2\/types\/post"}],"author":[{"embeddable":true,"href":"https:\/\/www.notibras.com\/site\/wp-json\/wp\/v2\/users\/2"}],"replies":[{"embeddable":true,"href":"https:\/\/www.notibras.com\/site\/wp-json\/wp\/v2\/comments?post=37778"}],"version-history":[{"count":0,"href":"https:\/\/www.notibras.com\/site\/wp-json\/wp\/v2\/posts\/37778\/revisions"}],"wp:featuredmedia":[{"embeddable":true,"href":"https:\/\/www.notibras.com\/site\/wp-json\/wp\/v2\/media\/37779"}],"wp:attachment":[{"href":"https:\/\/www.notibras.com\/site\/wp-json\/wp\/v2\/media?parent=37778"}],"wp:term":[{"taxonomy":"category","embeddable":true,"href":"https:\/\/www.notibras.com\/site\/wp-json\/wp\/v2\/categories?post=37778"},{"taxonomy":"post_tag","embeddable":true,"href":"https:\/\/www.notibras.com\/site\/wp-json\/wp\/v2\/tags?post=37778"}],"curies":[{"name":"wp","href":"https:\/\/api.w.org\/{rel}","templated":true}]}}