{"id":377781,"date":"2026-01-05T09:06:42","date_gmt":"2026-01-05T12:06:42","guid":{"rendered":"https:\/\/www.notibras.com\/site\/?p=377781"},"modified":"2026-01-05T09:07:31","modified_gmt":"2026-01-05T12:07:31","slug":"quando-o-vermelho-marte-marcha-e-hades-sorri","status":"publish","type":"post","link":"https:\/\/www.notibras.com\/site\/quando-o-vermelho-marte-marcha-e-hades-sorri\/","title":{"rendered":"Quando o vermelho Marte marcha e Hades sorri"},"content":{"rendered":"<p>Na mitologia greco-romana, a guerra nunca chega sozinha. Quando Marte atravessa os c\u00e9us, Hades n\u00e3o tarda a abrir os port\u00f5es do submundo. Um governa o \u00edmpeto, a viol\u00eancia, o choque frontal; o outro administra as consequ\u00eancias. Algo do tipo mortos, medo e o sil\u00eancio que se imp\u00f5e depois do estrondo.<\/p>\n<p>Os recentes ataques dos Estados Unidos \u00e0 Venezuela, mais do que um epis\u00f3dio isolado, reacendem esse imagin\u00e1rio arcaico que insiste em retornar sempre que a diplomacia \u00e9 substitu\u00edda pela l\u00f3gica do porrete. N\u00e3o se trata apenas de um conflito regional, mas de um sinal civilizat\u00f3rio, sugerindo a normaliza\u00e7\u00e3o da for\u00e7a como instrumento leg\u00edtimo de ordenamento global.<\/p>\n<p>Na Roma antiga, Marte era celebrado como protetor do Estado. Mas at\u00e9 ali se sabia que sua presen\u00e7a constante indicava tempos de exce\u00e7\u00e3o. J\u00e1 Hades, senhor invis\u00edvel, n\u00e3o era temido por ser mau, mas por ser inevit\u00e1vel. Onde a guerra se instala, ele prospera \u2014 seja na contagem de cad\u00e1veres, seja na morte simb\u00f3lica do direito internacional, das institui\u00e7\u00f5es multilaterais e da ideia de equil\u00edbrio entre na\u00e7\u00f5es.<\/p>\n<p>A pergunta que ecoa em 2026 \u00e9 menos mitol\u00f3gica e mais pol\u00edtica. Afinal, estamos entrando em um tempo em que volta a valer a lei do mais forte?<\/p>\n<p>Os sinais s\u00e3o inquietantes. Grandes pot\u00eancias agem de forma cada vez mais unilateral, tratados s\u00e3o relativizados, organismos internacionais perdem autoridade e a ret\u00f3rica belicista volta a ser vendida como virtude. Marte marcha n\u00e3o apenas com tanques, mas com discursos inflamados, san\u00e7\u00f5es seletivas e demonstra\u00e7\u00f5es calculadas de poder.<\/p>\n<p>E Hades? Hades sorri no detalhe:<\/p>\n<p>\u2013 no aumento dos deslocados e refugiados,<br \/>\n\u2013 na precariza\u00e7\u00e3o das democracias,<br \/>\n\u2013 na naturaliza\u00e7\u00e3o da morte distante, transmitida por telas, estat\u00edsticas e mapas.<\/p>\n<p>Mas a mitologia tamb\u00e9m ensina algo essencial: Marte nunca vence sozinho. Onde a guerra se prolonga, ela corr\u00f3i at\u00e9 mesmo os vencedores. Imp\u00e9rios que se sustentam apenas pela for\u00e7a acabam soterrados por seus pr\u00f3prios escombros \u2014 li\u00e7\u00e3o repetida da Gr\u00e9cia a Roma, de Roma ao s\u00e9culo XX.<\/p>\n<p>O ano que se inicia, portanto, n\u00e3o precisa ser lido como um ano fatalmente condenado a batalhas sangrentas. Ele pode \u2014 e deve \u2014 ser interpretado como um ano-limite, em que a humanidade decide se seguir\u00e1 adorando deuses antigos com armas modernas ou se ousar\u00e1 recuperar valores que pareciam superados nos n\u00edveis da negocia\u00e7\u00e3o, soberania, equil\u00edbrio e humanidade.<\/p>\n<p>Isso porque a mitologia n\u00e3o prev\u00ea o futuro, mas faz um alerta. Quando Marte domina demais o cen\u00e1rio, \u00e9 porque os mortais esqueceram que a guerra, no fim, sempre cobra seu pre\u00e7o. J\u00e1 Hades jamais deixa d\u00edvidas em aberto.<\/p>\n","protected":false},"excerpt":{"rendered":"<p>Na mitologia greco-romana, a guerra nunca chega sozinha. Quando Marte atravessa os c\u00e9us, Hades n\u00e3o tarda a abrir os port\u00f5es do submundo. Um governa o \u00edmpeto, a viol\u00eancia, o choque frontal; o outro administra as consequ\u00eancias. Algo do tipo mortos, medo e o sil\u00eancio que se imp\u00f5e depois do estrondo. Os recentes ataques dos Estados [&hellip;]<\/p>\n","protected":false},"author":2,"featured_media":377782,"comment_status":"closed","ping_status":"closed","sticky":false,"template":"","format":"standard","meta":{"_acf_changed":false,"footnotes":""},"categories":[237],"tags":[],"class_list":["post-377781","post","type-post","status-publish","format-standard","has-post-thumbnail","hentry","category-oraculos"],"acf":[],"yoast_head":"<!-- This site is optimized with the Yoast SEO plugin v27.2 - https:\/\/yoast.com\/product\/yoast-seo-wordpress\/ -->\n<title>Quando o vermelho Marte marcha e Hades sorri - Notibras<\/title>\n<meta name=\"robots\" content=\"index, follow, max-snippet:-1, max-image-preview:large, max-video-preview:-1\" \/>\n<link rel=\"canonical\" href=\"https:\/\/www.notibras.com\/site\/quando-o-vermelho-marte-marcha-e-hades-sorri\/\" \/>\n<meta property=\"og:locale\" content=\"pt_BR\" \/>\n<meta property=\"og:type\" content=\"article\" \/>\n<meta property=\"og:title\" content=\"Quando o vermelho Marte marcha e Hades sorri - Notibras\" \/>\n<meta property=\"og:description\" content=\"Na mitologia greco-romana, a guerra nunca chega sozinha. Quando Marte atravessa os c\u00e9us, Hades n\u00e3o tarda a abrir os port\u00f5es do submundo. Um governa o \u00edmpeto, a viol\u00eancia, o choque frontal; o outro administra as consequ\u00eancias. Algo do tipo mortos, medo e o sil\u00eancio que se imp\u00f5e depois do estrondo. Os recentes ataques dos Estados [&hellip;]\" \/>\n<meta property=\"og:url\" content=\"https:\/\/www.notibras.com\/site\/quando-o-vermelho-marte-marcha-e-hades-sorri\/\" \/>\n<meta property=\"og:site_name\" content=\"Notibras\" \/>\n<meta property=\"article:publisher\" content=\"https:\/\/www.facebook.com\/notibras\/\" \/>\n<meta property=\"article:published_time\" content=\"2026-01-05T12:06:42+00:00\" \/>\n<meta property=\"article:modified_time\" content=\"2026-01-05T12:07:31+00:00\" \/>\n<meta property=\"og:image\" content=\"https:\/\/www.notibras.com\/site\/wp-content\/uploads\/2026\/01\/598a1be7-6144-46b6-a53c-a915266ab5ee-683x1024.png\" \/>\n\t<meta property=\"og:image:width\" content=\"683\" \/>\n\t<meta property=\"og:image:height\" content=\"1024\" \/>\n\t<meta property=\"og:image:type\" content=\"image\/png\" \/>\n<meta name=\"author\" content=\"Reda\u00e7\u00e3o\" \/>\n<meta name=\"twitter:card\" content=\"summary_large_image\" \/>\n<meta name=\"twitter:creator\" content=\"@Notibras\" \/>\n<meta name=\"twitter:site\" content=\"@Notibras\" \/>\n<meta name=\"twitter:label1\" content=\"Escrito por\" \/>\n\t<meta name=\"twitter:data1\" content=\"Reda\u00e7\u00e3o\" \/>\n\t<meta name=\"twitter:label2\" content=\"Est. tempo de leitura\" \/>\n\t<meta name=\"twitter:data2\" content=\"3 minutos\" \/>\n<script type=\"application\/ld+json\" class=\"yoast-schema-graph\">{\"@context\":\"https:\/\/schema.org\",\"@graph\":[{\"@type\":\"Article\",\"@id\":\"https:\/\/www.notibras.com\/site\/quando-o-vermelho-marte-marcha-e-hades-sorri\/#article\",\"isPartOf\":{\"@id\":\"https:\/\/www.notibras.com\/site\/quando-o-vermelho-marte-marcha-e-hades-sorri\/\"},\"author\":{\"name\":\"Reda\u00e7\u00e3o\",\"@id\":\"https:\/\/www.notibras.com\/site\/#\/schema\/person\/36ab0979449956132d3e5b517ea76ac8\"},\"headline\":\"Quando o vermelho Marte marcha e Hades sorri\",\"datePublished\":\"2026-01-05T12:06:42+00:00\",\"dateModified\":\"2026-01-05T12:07:31+00:00\",\"mainEntityOfPage\":{\"@id\":\"https:\/\/www.notibras.com\/site\/quando-o-vermelho-marte-marcha-e-hades-sorri\/\"},\"wordCount\":472,\"publisher\":{\"@id\":\"https:\/\/www.notibras.com\/site\/#organization\"},\"image\":{\"@id\":\"https:\/\/www.notibras.com\/site\/quando-o-vermelho-marte-marcha-e-hades-sorri\/#primaryimage\"},\"thumbnailUrl\":\"https:\/\/www.notibras.com\/site\/wp-content\/uploads\/2026\/01\/598a1be7-6144-46b6-a53c-a915266ab5ee.png\",\"articleSection\":[\"Or\u00e1culos\"],\"inLanguage\":\"pt-BR\"},{\"@type\":\"WebPage\",\"@id\":\"https:\/\/www.notibras.com\/site\/quando-o-vermelho-marte-marcha-e-hades-sorri\/\",\"url\":\"https:\/\/www.notibras.com\/site\/quando-o-vermelho-marte-marcha-e-hades-sorri\/\",\"name\":\"Quando o vermelho Marte marcha e Hades sorri - Notibras\",\"isPartOf\":{\"@id\":\"https:\/\/www.notibras.com\/site\/#website\"},\"primaryImageOfPage\":{\"@id\":\"https:\/\/www.notibras.com\/site\/quando-o-vermelho-marte-marcha-e-hades-sorri\/#primaryimage\"},\"image\":{\"@id\":\"https:\/\/www.notibras.com\/site\/quando-o-vermelho-marte-marcha-e-hades-sorri\/#primaryimage\"},\"thumbnailUrl\":\"https:\/\/www.notibras.com\/site\/wp-content\/uploads\/2026\/01\/598a1be7-6144-46b6-a53c-a915266ab5ee.png\",\"datePublished\":\"2026-01-05T12:06:42+00:00\",\"dateModified\":\"2026-01-05T12:07:31+00:00\",\"breadcrumb\":{\"@id\":\"https:\/\/www.notibras.com\/site\/quando-o-vermelho-marte-marcha-e-hades-sorri\/#breadcrumb\"},\"inLanguage\":\"pt-BR\",\"potentialAction\":[{\"@type\":\"ReadAction\",\"target\":[\"https:\/\/www.notibras.com\/site\/quando-o-vermelho-marte-marcha-e-hades-sorri\/\"]}]},{\"@type\":\"ImageObject\",\"inLanguage\":\"pt-BR\",\"@id\":\"https:\/\/www.notibras.com\/site\/quando-o-vermelho-marte-marcha-e-hades-sorri\/#primaryimage\",\"url\":\"https:\/\/www.notibras.com\/site\/wp-content\/uploads\/2026\/01\/598a1be7-6144-46b6-a53c-a915266ab5ee.png\",\"contentUrl\":\"https:\/\/www.notibras.com\/site\/wp-content\/uploads\/2026\/01\/598a1be7-6144-46b6-a53c-a915266ab5ee.png\",\"width\":1024,\"height\":1536},{\"@type\":\"BreadcrumbList\",\"@id\":\"https:\/\/www.notibras.com\/site\/quando-o-vermelho-marte-marcha-e-hades-sorri\/#breadcrumb\",\"itemListElement\":[{\"@type\":\"ListItem\",\"position\":1,\"name\":\"In\u00edcio\",\"item\":\"https:\/\/www.notibras.com\/site\/\"},{\"@type\":\"ListItem\",\"position\":2,\"name\":\"Quando o vermelho Marte marcha e Hades sorri\"}]},{\"@type\":\"WebSite\",\"@id\":\"https:\/\/www.notibras.com\/site\/#website\",\"url\":\"https:\/\/www.notibras.com\/site\/\",\"name\":\"Notibras\",\"description\":\"Not\u00edcias de Bras\u00edlia, do Brasil e do Mundo\",\"publisher\":{\"@id\":\"https:\/\/www.notibras.com\/site\/#organization\"},\"potentialAction\":[{\"@type\":\"SearchAction\",\"target\":{\"@type\":\"EntryPoint\",\"urlTemplate\":\"https:\/\/www.notibras.com\/site\/?s={search_term_string}\"},\"query-input\":{\"@type\":\"PropertyValueSpecification\",\"valueRequired\":true,\"valueName\":\"search_term_string\"}}],\"inLanguage\":\"pt-BR\"},{\"@type\":\"Organization\",\"@id\":\"https:\/\/www.notibras.com\/site\/#organization\",\"name\":\"Grupo Notibras de Comunica\u00e7\u00e3o\",\"url\":\"https:\/\/www.notibras.com\/site\/\",\"logo\":{\"@type\":\"ImageObject\",\"inLanguage\":\"pt-BR\",\"@id\":\"https:\/\/www.notibras.com\/site\/#\/schema\/logo\/image\/\",\"url\":\"https:\/\/www.notibras.com\/site\/wp-content\/uploads\/2023\/01\/notibras23.png\",\"contentUrl\":\"https:\/\/www.notibras.com\/site\/wp-content\/uploads\/2023\/01\/notibras23.png\",\"width\":350,\"height\":87,\"caption\":\"Grupo Notibras de Comunica\u00e7\u00e3o\"},\"image\":{\"@id\":\"https:\/\/www.notibras.com\/site\/#\/schema\/logo\/image\/\"},\"sameAs\":[\"https:\/\/www.facebook.com\/notibras\/\",\"https:\/\/x.com\/Notibras\",\"https:\/\/www.instagram.com\/notibras\/\"]},{\"@type\":\"Person\",\"@id\":\"https:\/\/www.notibras.com\/site\/#\/schema\/person\/36ab0979449956132d3e5b517ea76ac8\",\"name\":\"Reda\u00e7\u00e3o\",\"image\":{\"@type\":\"ImageObject\",\"inLanguage\":\"pt-BR\",\"@id\":\"https:\/\/secure.gravatar.com\/avatar\/e0a867bdedb85fd243eadf09663511f96fc81e0720a4a42581f334ad4303aa6b?s=96&d=mm&r=g\",\"url\":\"https:\/\/secure.gravatar.com\/avatar\/e0a867bdedb85fd243eadf09663511f96fc81e0720a4a42581f334ad4303aa6b?s=96&d=mm&r=g\",\"contentUrl\":\"https:\/\/secure.gravatar.com\/avatar\/e0a867bdedb85fd243eadf09663511f96fc81e0720a4a42581f334ad4303aa6b?s=96&d=mm&r=g\",\"caption\":\"Reda\u00e7\u00e3o\"}}]}<\/script>\n<!-- \/ Yoast SEO plugin. -->","yoast_head_json":{"title":"Quando o vermelho Marte marcha e Hades sorri - Notibras","robots":{"index":"index","follow":"follow","max-snippet":"max-snippet:-1","max-image-preview":"max-image-preview:large","max-video-preview":"max-video-preview:-1"},"canonical":"https:\/\/www.notibras.com\/site\/quando-o-vermelho-marte-marcha-e-hades-sorri\/","og_locale":"pt_BR","og_type":"article","og_title":"Quando o vermelho Marte marcha e Hades sorri - Notibras","og_description":"Na mitologia greco-romana, a guerra nunca chega sozinha. Quando Marte atravessa os c\u00e9us, Hades n\u00e3o tarda a abrir os port\u00f5es do submundo. Um governa o \u00edmpeto, a viol\u00eancia, o choque frontal; o outro administra as consequ\u00eancias. Algo do tipo mortos, medo e o sil\u00eancio que se imp\u00f5e depois do estrondo. Os recentes ataques dos Estados [&hellip;]","og_url":"https:\/\/www.notibras.com\/site\/quando-o-vermelho-marte-marcha-e-hades-sorri\/","og_site_name":"Notibras","article_publisher":"https:\/\/www.facebook.com\/notibras\/","article_published_time":"2026-01-05T12:06:42+00:00","article_modified_time":"2026-01-05T12:07:31+00:00","og_image":[{"width":683,"height":1024,"url":"https:\/\/www.notibras.com\/site\/wp-content\/uploads\/2026\/01\/598a1be7-6144-46b6-a53c-a915266ab5ee-683x1024.png","type":"image\/png"}],"author":"Reda\u00e7\u00e3o","twitter_card":"summary_large_image","twitter_creator":"@Notibras","twitter_site":"@Notibras","twitter_misc":{"Escrito por":"Reda\u00e7\u00e3o","Est. tempo de leitura":"3 minutos"},"schema":{"@context":"https:\/\/schema.org","@graph":[{"@type":"Article","@id":"https:\/\/www.notibras.com\/site\/quando-o-vermelho-marte-marcha-e-hades-sorri\/#article","isPartOf":{"@id":"https:\/\/www.notibras.com\/site\/quando-o-vermelho-marte-marcha-e-hades-sorri\/"},"author":{"name":"Reda\u00e7\u00e3o","@id":"https:\/\/www.notibras.com\/site\/#\/schema\/person\/36ab0979449956132d3e5b517ea76ac8"},"headline":"Quando o vermelho Marte marcha e Hades sorri","datePublished":"2026-01-05T12:06:42+00:00","dateModified":"2026-01-05T12:07:31+00:00","mainEntityOfPage":{"@id":"https:\/\/www.notibras.com\/site\/quando-o-vermelho-marte-marcha-e-hades-sorri\/"},"wordCount":472,"publisher":{"@id":"https:\/\/www.notibras.com\/site\/#organization"},"image":{"@id":"https:\/\/www.notibras.com\/site\/quando-o-vermelho-marte-marcha-e-hades-sorri\/#primaryimage"},"thumbnailUrl":"https:\/\/www.notibras.com\/site\/wp-content\/uploads\/2026\/01\/598a1be7-6144-46b6-a53c-a915266ab5ee.png","articleSection":["Or\u00e1culos"],"inLanguage":"pt-BR"},{"@type":"WebPage","@id":"https:\/\/www.notibras.com\/site\/quando-o-vermelho-marte-marcha-e-hades-sorri\/","url":"https:\/\/www.notibras.com\/site\/quando-o-vermelho-marte-marcha-e-hades-sorri\/","name":"Quando o vermelho Marte marcha e Hades sorri - Notibras","isPartOf":{"@id":"https:\/\/www.notibras.com\/site\/#website"},"primaryImageOfPage":{"@id":"https:\/\/www.notibras.com\/site\/quando-o-vermelho-marte-marcha-e-hades-sorri\/#primaryimage"},"image":{"@id":"https:\/\/www.notibras.com\/site\/quando-o-vermelho-marte-marcha-e-hades-sorri\/#primaryimage"},"thumbnailUrl":"https:\/\/www.notibras.com\/site\/wp-content\/uploads\/2026\/01\/598a1be7-6144-46b6-a53c-a915266ab5ee.png","datePublished":"2026-01-05T12:06:42+00:00","dateModified":"2026-01-05T12:07:31+00:00","breadcrumb":{"@id":"https:\/\/www.notibras.com\/site\/quando-o-vermelho-marte-marcha-e-hades-sorri\/#breadcrumb"},"inLanguage":"pt-BR","potentialAction":[{"@type":"ReadAction","target":["https:\/\/www.notibras.com\/site\/quando-o-vermelho-marte-marcha-e-hades-sorri\/"]}]},{"@type":"ImageObject","inLanguage":"pt-BR","@id":"https:\/\/www.notibras.com\/site\/quando-o-vermelho-marte-marcha-e-hades-sorri\/#primaryimage","url":"https:\/\/www.notibras.com\/site\/wp-content\/uploads\/2026\/01\/598a1be7-6144-46b6-a53c-a915266ab5ee.png","contentUrl":"https:\/\/www.notibras.com\/site\/wp-content\/uploads\/2026\/01\/598a1be7-6144-46b6-a53c-a915266ab5ee.png","width":1024,"height":1536},{"@type":"BreadcrumbList","@id":"https:\/\/www.notibras.com\/site\/quando-o-vermelho-marte-marcha-e-hades-sorri\/#breadcrumb","itemListElement":[{"@type":"ListItem","position":1,"name":"In\u00edcio","item":"https:\/\/www.notibras.com\/site\/"},{"@type":"ListItem","position":2,"name":"Quando o vermelho Marte marcha e Hades sorri"}]},{"@type":"WebSite","@id":"https:\/\/www.notibras.com\/site\/#website","url":"https:\/\/www.notibras.com\/site\/","name":"Notibras","description":"Not\u00edcias de Bras\u00edlia, do Brasil e do Mundo","publisher":{"@id":"https:\/\/www.notibras.com\/site\/#organization"},"potentialAction":[{"@type":"SearchAction","target":{"@type":"EntryPoint","urlTemplate":"https:\/\/www.notibras.com\/site\/?s={search_term_string}"},"query-input":{"@type":"PropertyValueSpecification","valueRequired":true,"valueName":"search_term_string"}}],"inLanguage":"pt-BR"},{"@type":"Organization","@id":"https:\/\/www.notibras.com\/site\/#organization","name":"Grupo Notibras de Comunica\u00e7\u00e3o","url":"https:\/\/www.notibras.com\/site\/","logo":{"@type":"ImageObject","inLanguage":"pt-BR","@id":"https:\/\/www.notibras.com\/site\/#\/schema\/logo\/image\/","url":"https:\/\/www.notibras.com\/site\/wp-content\/uploads\/2023\/01\/notibras23.png","contentUrl":"https:\/\/www.notibras.com\/site\/wp-content\/uploads\/2023\/01\/notibras23.png","width":350,"height":87,"caption":"Grupo Notibras de Comunica\u00e7\u00e3o"},"image":{"@id":"https:\/\/www.notibras.com\/site\/#\/schema\/logo\/image\/"},"sameAs":["https:\/\/www.facebook.com\/notibras\/","https:\/\/x.com\/Notibras","https:\/\/www.instagram.com\/notibras\/"]},{"@type":"Person","@id":"https:\/\/www.notibras.com\/site\/#\/schema\/person\/36ab0979449956132d3e5b517ea76ac8","name":"Reda\u00e7\u00e3o","image":{"@type":"ImageObject","inLanguage":"pt-BR","@id":"https:\/\/secure.gravatar.com\/avatar\/e0a867bdedb85fd243eadf09663511f96fc81e0720a4a42581f334ad4303aa6b?s=96&d=mm&r=g","url":"https:\/\/secure.gravatar.com\/avatar\/e0a867bdedb85fd243eadf09663511f96fc81e0720a4a42581f334ad4303aa6b?s=96&d=mm&r=g","contentUrl":"https:\/\/secure.gravatar.com\/avatar\/e0a867bdedb85fd243eadf09663511f96fc81e0720a4a42581f334ad4303aa6b?s=96&d=mm&r=g","caption":"Reda\u00e7\u00e3o"}}]}},"amp_enabled":true,"_links":{"self":[{"href":"https:\/\/www.notibras.com\/site\/wp-json\/wp\/v2\/posts\/377781","targetHints":{"allow":["GET"]}}],"collection":[{"href":"https:\/\/www.notibras.com\/site\/wp-json\/wp\/v2\/posts"}],"about":[{"href":"https:\/\/www.notibras.com\/site\/wp-json\/wp\/v2\/types\/post"}],"author":[{"embeddable":true,"href":"https:\/\/www.notibras.com\/site\/wp-json\/wp\/v2\/users\/2"}],"replies":[{"embeddable":true,"href":"https:\/\/www.notibras.com\/site\/wp-json\/wp\/v2\/comments?post=377781"}],"version-history":[{"count":1,"href":"https:\/\/www.notibras.com\/site\/wp-json\/wp\/v2\/posts\/377781\/revisions"}],"predecessor-version":[{"id":377783,"href":"https:\/\/www.notibras.com\/site\/wp-json\/wp\/v2\/posts\/377781\/revisions\/377783"}],"wp:featuredmedia":[{"embeddable":true,"href":"https:\/\/www.notibras.com\/site\/wp-json\/wp\/v2\/media\/377782"}],"wp:attachment":[{"href":"https:\/\/www.notibras.com\/site\/wp-json\/wp\/v2\/media?parent=377781"}],"wp:term":[{"taxonomy":"category","embeddable":true,"href":"https:\/\/www.notibras.com\/site\/wp-json\/wp\/v2\/categories?post=377781"},{"taxonomy":"post_tag","embeddable":true,"href":"https:\/\/www.notibras.com\/site\/wp-json\/wp\/v2\/tags?post=377781"}],"curies":[{"name":"wp","href":"https:\/\/api.w.org\/{rel}","templated":true}]}}