{"id":377800,"date":"2026-01-05T00:00:19","date_gmt":"2026-01-05T03:00:19","guid":{"rendered":"https:\/\/www.notibras.com\/site\/?p=377800"},"modified":"2026-01-05T09:40:00","modified_gmt":"2026-01-05T12:40:00","slug":"natal-promove-empreendedorismo-feminino-e-cultura-nordestina","status":"publish","type":"post","link":"https:\/\/www.notibras.com\/site\/natal-promove-empreendedorismo-feminino-e-cultura-nordestina\/","title":{"rendered":"Natal promove empreendedorismo feminino e cultura nordestina"},"content":{"rendered":"<p>A Feira Multissetorial Entre Elas, que re\u00fane reunindo empreendedorismo feminino e economia criativa, come\u00e7ou neste fim de semana e segue at\u00e9 1\u00ba de fevereiro no Shopping Midway Mall.A feira funciona diariamente das 10h \u00e0s 22h, no Espa\u00e7o Boulevard (piso L1), com entrada gratuita.<\/p>\n<p>O evento re\u00fane marcas e talentos de diferentes segmentos, como moda autoral, artesanato, gastronomia e cultura nordestina, fortalecendo tanto a economia criativa quanto iniciativas do terceiro setor e oferecendo ao p\u00fablico produtos exclusivos que carregam hist\u00f3ria, tradi\u00e7\u00e3o e inova\u00e7\u00e3o.<\/p>\n<p>De acordo com a organiza\u00e7\u00e3o, cada marca participante representa o talento e a for\u00e7a das mulheres nordestinas que transformam saberes culturais em neg\u00f3cios sustent\u00e1veis.<\/p>\n<p>A proposta do evento \u00e9 valorizar o protagonismo da mulher empreendedora, ampliando oportunidades de neg\u00f3cios, visibilidade para marcas locais e conex\u00e3o direta com o p\u00fablico consumidor.<\/p>\n<p>O p\u00fablico encontrar\u00e1 uma variedade de produtos, incluindo bijuterias autorais, pe\u00e7as de moda, itens t\u00edpicos, comidas regionais e diversas outras cria\u00e7\u00f5es exclusivas, todas desenvolvidas por mulheres empreendedoras, proporcionando a aproxima\u00e7\u00e3o do p\u00fablico com as ra\u00edzes culturais da nossa regi\u00e3o.<\/p>\n","protected":false},"excerpt":{"rendered":"<p>A Feira Multissetorial Entre Elas, que re\u00fane reunindo empreendedorismo feminino e economia criativa, come\u00e7ou neste fim de semana e segue at\u00e9 1\u00ba de fevereiro no Shopping Midway Mall.A feira funciona diariamente das 10h \u00e0s 22h, no Espa\u00e7o Boulevard (piso L1), com entrada gratuita. O evento re\u00fane marcas e talentos de diferentes segmentos, como moda autoral, [&hellip;]<\/p>\n","protected":false},"author":2,"featured_media":377801,"comment_status":"closed","ping_status":"closed","sticky":false,"template":"","format":"standard","meta":{"_acf_changed":false,"footnotes":""},"categories":[165],"tags":[],"class_list":["post-377800","post","type-post","status-publish","format-standard","has-post-thumbnail","hentry","category-nordeste"],"acf":[],"_links":{"self":[{"href":"https:\/\/www.notibras.com\/site\/wp-json\/wp\/v2\/posts\/377800","targetHints":{"allow":["GET"]}}],"collection":[{"href":"https:\/\/www.notibras.com\/site\/wp-json\/wp\/v2\/posts"}],"about":[{"href":"https:\/\/www.notibras.com\/site\/wp-json\/wp\/v2\/types\/post"}],"author":[{"embeddable":true,"href":"https:\/\/www.notibras.com\/site\/wp-json\/wp\/v2\/users\/2"}],"replies":[{"embeddable":true,"href":"https:\/\/www.notibras.com\/site\/wp-json\/wp\/v2\/comments?post=377800"}],"version-history":[{"count":1,"href":"https:\/\/www.notibras.com\/site\/wp-json\/wp\/v2\/posts\/377800\/revisions"}],"predecessor-version":[{"id":377802,"href":"https:\/\/www.notibras.com\/site\/wp-json\/wp\/v2\/posts\/377800\/revisions\/377802"}],"wp:featuredmedia":[{"embeddable":true,"href":"https:\/\/www.notibras.com\/site\/wp-json\/wp\/v2\/media\/377801"}],"wp:attachment":[{"href":"https:\/\/www.notibras.com\/site\/wp-json\/wp\/v2\/media?parent=377800"}],"wp:term":[{"taxonomy":"category","embeddable":true,"href":"https:\/\/www.notibras.com\/site\/wp-json\/wp\/v2\/categories?post=377800"},{"taxonomy":"post_tag","embeddable":true,"href":"https:\/\/www.notibras.com\/site\/wp-json\/wp\/v2\/tags?post=377800"}],"curies":[{"name":"wp","href":"https:\/\/api.w.org\/{rel}","templated":true}]}}