{"id":377813,"date":"2026-01-05T14:43:49","date_gmt":"2026-01-05T17:43:49","guid":{"rendered":"https:\/\/www.notibras.com\/site\/?p=377813"},"modified":"2026-01-05T14:44:33","modified_gmt":"2026-01-05T17:44:33","slug":"eficaz-no-comeco-captura-de-maduro-trara-consequencias","status":"publish","type":"post","link":"https:\/\/www.notibras.com\/site\/eficaz-no-comeco-captura-de-maduro-trara-consequencias\/","title":{"rendered":"Eficaz no come\u00e7o, captura de Maduro trar\u00e1 consequ\u00eancias"},"content":{"rendered":"<p>A captura de Nicol\u00e1s Maduro e sua chegada a Nova York para responder \u00e0 Justi\u00e7a americana j\u00e1 n\u00e3o pertencem apenas ao notici\u00e1rio. O epis\u00f3dio entra direto no campo da Hist\u00f3ria, n\u00e3o pelo impacto da cena, mas pelo caminho que levou at\u00e9 ela. Nenhum regime cai de repente. Antes da queda, h\u00e1 sempre um processo longo de desgaste, isolamento e perda de sentido.<\/p>\n<p>H\u00e1 muito tempo o governo de Maduro deixou de ser apenas um projeto pol\u00edtico contestado para se transformar num regime fechado. O controle do processo eleitoral, o uso do Judici\u00e1rio como instrumento pol\u00edtico, a repress\u00e3o sistem\u00e1tica \u00e0 oposi\u00e7\u00e3o, a censura e a criminaliza\u00e7\u00e3o do dissenso n\u00e3o s\u00e3o epis\u00f3dios isolados. S\u00e3o parte de um modo de governar.<\/p>\n<p>Regimes assim costumam recorrer a palavras cada vez maiores quando j\u00e1 n\u00e3o conseguem dialogar. Falam em soberania enquanto limitam liberdades b\u00e1sicas. Invocam o povo enquanto o afasta das decis\u00f5es. Mant\u00eam a linguagem democr\u00e1tica ao mesmo tempo em que esvaziam seus mecanismos. A Hist\u00f3ria latino-americana conhece bem esse roteiro. E sabe onde ele costuma terminar.<\/p>\n<p>Ao levar Maduro ao banco dos r\u00e9us sob acusa\u00e7\u00f5es de narcotr\u00e1fico e crime organizado internacional, os Estados Unidos deram um passo que n\u00e3o pode ser tratado com naturalidade. A captura de um chefe de Estado em exerc\u00edcio por for\u00e7as estrangeiras levanta quest\u00f5es s\u00e9rias sobre limites, soberania e precedentes.<\/p>\n<p>Isso precisa ser dito sem euforia e sem torcida. Questionar o m\u00e9todo n\u00e3o significa aliviar o regime. Significa reconhecer que atalhos costumam parecer eficazes no come\u00e7o, mas quase sempre cobram pre\u00e7o alto depois. A Hist\u00f3ria est\u00e1 repleta desses exemplos.<\/p>\n<p>Ao longo da \u00faltima d\u00e9cada, o debate internacional passou a tratar regimes autorit\u00e1rios de forma cada vez mais seletiva. N\u00e3o \u00e9 apenas o que fazem que importa, mas contra quem se colocam, que discurso adotam e quais alian\u00e7as constroem. O m\u00e9todo importa menos do que o alinhamento.<\/p>\n<p>Cuba segue sendo o exemplo mais evidente. D\u00e9cadas de partido \u00fanico, aus\u00eancia de elei\u00e7\u00f5es livres, repress\u00e3o \u00e0 dissid\u00eancia e controle r\u00edgido da imprensa continuam sendo relativizados por muitos como consequ\u00eancia quase exclusiva de fatores externos. A ditadura vira contexto. A exce\u00e7\u00e3o vira h\u00e1bito.<\/p>\n<p>A Venezuela percorreu caminho parecido. Enquanto o discurso ainda soava social e popular, os sinais de fechamento institucional foram tratados com toler\u00e2ncia. Quando a repress\u00e3o se tornou expl\u00edcita, parte do debate preferiu deslocar a responsabilidade quase integralmente para san\u00e7\u00f5es e press\u00f5es internacionais, como se o autoritarismo fosse um efeito colateral, n\u00e3o uma escolha consciente do poder.<\/p>\n<p>Fora da Am\u00e9rica Latina, o padr\u00e3o se repete. Regimes apresentados como pe\u00e7as de equil\u00edbrio geopol\u00edtico encontraram zonas de sil\u00eancio e relativiza\u00e7\u00e3o. Em contraste, autoritarismos associados a campos opostos passaram a ser denunciados de forma imediata e correta. Os m\u00e9todos s\u00e3o parecidos. O julgamento muda conforme a conveni\u00eancia.<\/p>\n<p>A Hist\u00f3ria recente tamb\u00e9m registra, sem dificuldade, os limites das gest\u00f5es que se seguem a interven\u00e7\u00f5es externas. O Iraque \u00e9 o exemplo mais conhecido. O regime caiu r\u00e1pido. O dia seguinte revelou um vazio dif\u00edcil de administrar. Vieram disputas internas, instabilidade prolongada e uma reconstru\u00e7\u00e3o que nunca se completou.<\/p>\n<p>Isso n\u00e3o reabilita ditaduras. Apenas lembra que derrubar um regime \u00e9 sempre mais simples do que organizar o que vem depois. E que solu\u00e7\u00f5es impostas de fora, mesmo quando bem-intencionadas, raramente constroem legitimidade duradoura.<\/p>\n<p>Nada disso diminui a responsabilidade do regime de Maduro. Ditaduras n\u00e3o merecem complac\u00eancia. Elas cobram caro de seus pr\u00f3prios povos e deixam marcas profundas, mesmo quando acabam.<\/p>\n<p>O problema surge quando a cr\u00edtica ao autoritarismo passa a funcionar por conveni\u00eancia, ajustando princ\u00edpios conforme a narrativa do momento. A Hist\u00f3ria n\u00e3o faz esse tipo de concess\u00e3o. Ela n\u00e3o escolhe ditaduras de estima\u00e7\u00e3o nem absolve regimes pelo discurso que adotaram. Com o tempo, o que permanece n\u00e3o s\u00e3o as inten\u00e7\u00f5es declaradas, mas os atos praticados e o pre\u00e7o pago pela sociedade.<\/p>\n<p>Quando este epis\u00f3dio for analisado com mais dist\u00e2ncia, a pris\u00e3o de Maduro ser\u00e1 apenas um cap\u00edtulo. O centro da narrativa ser\u00e1 outro: o colapso de um regime que se afastou do povo, a dificuldade do mundo em lidar com ditaduras sem recorrer a atalhos e a constata\u00e7\u00e3o de que nem a repress\u00e3o interna nem a for\u00e7a externa produzem, sozinhas, futuros est\u00e1veis. A Hist\u00f3ria raramente se impressiona com gestos espetaculares. Ela presta aten\u00e7\u00e3o ao que vem depois.<\/p>\n","protected":false},"excerpt":{"rendered":"<p>A captura de Nicol\u00e1s Maduro e sua chegada a Nova York para responder \u00e0 Justi\u00e7a americana j\u00e1 n\u00e3o pertencem apenas ao notici\u00e1rio. O epis\u00f3dio entra direto no campo da Hist\u00f3ria, n\u00e3o pelo impacto da cena, mas pelo caminho que levou at\u00e9 ela. Nenhum regime cai de repente. Antes da queda, h\u00e1 sempre um processo longo [&hellip;]<\/p>\n","protected":false},"author":2,"featured_media":377814,"comment_status":"closed","ping_status":"closed","sticky":false,"template":"","format":"standard","meta":{"_acf_changed":false,"footnotes":""},"categories":[159],"tags":[95],"class_list":["post-377813","post","type-post","status-publish","format-standard","has-post-thumbnail","hentry","category-apocalipse","tag-capa"],"acf":[],"yoast_head":"<!-- This site is optimized with the Yoast SEO plugin v27.2 - https:\/\/yoast.com\/product\/yoast-seo-wordpress\/ -->\n<title>Eficaz no come\u00e7o, captura de Maduro trar\u00e1 consequ\u00eancias - Notibras<\/title>\n<meta name=\"robots\" content=\"index, follow, max-snippet:-1, max-image-preview:large, max-video-preview:-1\" \/>\n<link rel=\"canonical\" href=\"https:\/\/www.notibras.com\/site\/eficaz-no-comeco-captura-de-maduro-trara-consequencias\/\" \/>\n<meta property=\"og:locale\" content=\"pt_BR\" \/>\n<meta property=\"og:type\" content=\"article\" \/>\n<meta property=\"og:title\" content=\"Eficaz no come\u00e7o, captura de Maduro trar\u00e1 consequ\u00eancias - Notibras\" \/>\n<meta property=\"og:description\" content=\"A captura de Nicol\u00e1s Maduro e sua chegada a Nova York para responder \u00e0 Justi\u00e7a americana j\u00e1 n\u00e3o pertencem apenas ao notici\u00e1rio. O epis\u00f3dio entra direto no campo da Hist\u00f3ria, n\u00e3o pelo impacto da cena, mas pelo caminho que levou at\u00e9 ela. Nenhum regime cai de repente. Antes da queda, h\u00e1 sempre um processo longo [&hellip;]\" \/>\n<meta property=\"og:url\" content=\"https:\/\/www.notibras.com\/site\/eficaz-no-comeco-captura-de-maduro-trara-consequencias\/\" \/>\n<meta property=\"og:site_name\" content=\"Notibras\" \/>\n<meta property=\"article:publisher\" content=\"https:\/\/www.facebook.com\/notibras\/\" \/>\n<meta property=\"article:published_time\" content=\"2026-01-05T17:43:49+00:00\" \/>\n<meta property=\"article:modified_time\" content=\"2026-01-05T17:44:33+00:00\" \/>\n<meta property=\"og:image\" content=\"https:\/\/www.notibras.com\/site\/wp-content\/uploads\/2026\/01\/26c223f8-150f-4d8f-be37-00e8751485ee.jpg\" \/>\n\t<meta property=\"og:image:width\" content=\"1536\" \/>\n\t<meta property=\"og:image:height\" content=\"1024\" \/>\n\t<meta property=\"og:image:type\" content=\"image\/jpeg\" \/>\n<meta name=\"author\" content=\"Reda\u00e7\u00e3o\" \/>\n<meta name=\"twitter:card\" content=\"summary_large_image\" \/>\n<meta name=\"twitter:creator\" content=\"@Notibras\" \/>\n<meta name=\"twitter:site\" content=\"@Notibras\" \/>\n<meta name=\"twitter:label1\" content=\"Escrito por\" \/>\n\t<meta name=\"twitter:data1\" content=\"Reda\u00e7\u00e3o\" \/>\n\t<meta name=\"twitter:label2\" content=\"Est. tempo de leitura\" \/>\n\t<meta name=\"twitter:data2\" content=\"5 minutos\" \/>\n<script type=\"application\/ld+json\" class=\"yoast-schema-graph\">{\"@context\":\"https:\/\/schema.org\",\"@graph\":[{\"@type\":\"Article\",\"@id\":\"https:\/\/www.notibras.com\/site\/eficaz-no-comeco-captura-de-maduro-trara-consequencias\/#article\",\"isPartOf\":{\"@id\":\"https:\/\/www.notibras.com\/site\/eficaz-no-comeco-captura-de-maduro-trara-consequencias\/\"},\"author\":{\"name\":\"Reda\u00e7\u00e3o\",\"@id\":\"https:\/\/www.notibras.com\/site\/#\/schema\/person\/36ab0979449956132d3e5b517ea76ac8\"},\"headline\":\"Eficaz no come\u00e7o, captura de Maduro trar\u00e1 consequ\u00eancias\",\"datePublished\":\"2026-01-05T17:43:49+00:00\",\"dateModified\":\"2026-01-05T17:44:33+00:00\",\"mainEntityOfPage\":{\"@id\":\"https:\/\/www.notibras.com\/site\/eficaz-no-comeco-captura-de-maduro-trara-consequencias\/\"},\"wordCount\":805,\"publisher\":{\"@id\":\"https:\/\/www.notibras.com\/site\/#organization\"},\"image\":{\"@id\":\"https:\/\/www.notibras.com\/site\/eficaz-no-comeco-captura-de-maduro-trara-consequencias\/#primaryimage\"},\"thumbnailUrl\":\"https:\/\/www.notibras.com\/site\/wp-content\/uploads\/2026\/01\/26c223f8-150f-4d8f-be37-00e8751485ee.jpg\",\"keywords\":[\"capa\"],\"articleSection\":[\"Apocalipse\"],\"inLanguage\":\"pt-BR\"},{\"@type\":\"WebPage\",\"@id\":\"https:\/\/www.notibras.com\/site\/eficaz-no-comeco-captura-de-maduro-trara-consequencias\/\",\"url\":\"https:\/\/www.notibras.com\/site\/eficaz-no-comeco-captura-de-maduro-trara-consequencias\/\",\"name\":\"Eficaz no come\u00e7o, captura de Maduro trar\u00e1 consequ\u00eancias - Notibras\",\"isPartOf\":{\"@id\":\"https:\/\/www.notibras.com\/site\/#website\"},\"primaryImageOfPage\":{\"@id\":\"https:\/\/www.notibras.com\/site\/eficaz-no-comeco-captura-de-maduro-trara-consequencias\/#primaryimage\"},\"image\":{\"@id\":\"https:\/\/www.notibras.com\/site\/eficaz-no-comeco-captura-de-maduro-trara-consequencias\/#primaryimage\"},\"thumbnailUrl\":\"https:\/\/www.notibras.com\/site\/wp-content\/uploads\/2026\/01\/26c223f8-150f-4d8f-be37-00e8751485ee.jpg\",\"datePublished\":\"2026-01-05T17:43:49+00:00\",\"dateModified\":\"2026-01-05T17:44:33+00:00\",\"breadcrumb\":{\"@id\":\"https:\/\/www.notibras.com\/site\/eficaz-no-comeco-captura-de-maduro-trara-consequencias\/#breadcrumb\"},\"inLanguage\":\"pt-BR\",\"potentialAction\":[{\"@type\":\"ReadAction\",\"target\":[\"https:\/\/www.notibras.com\/site\/eficaz-no-comeco-captura-de-maduro-trara-consequencias\/\"]}]},{\"@type\":\"ImageObject\",\"inLanguage\":\"pt-BR\",\"@id\":\"https:\/\/www.notibras.com\/site\/eficaz-no-comeco-captura-de-maduro-trara-consequencias\/#primaryimage\",\"url\":\"https:\/\/www.notibras.com\/site\/wp-content\/uploads\/2026\/01\/26c223f8-150f-4d8f-be37-00e8751485ee.jpg\",\"contentUrl\":\"https:\/\/www.notibras.com\/site\/wp-content\/uploads\/2026\/01\/26c223f8-150f-4d8f-be37-00e8751485ee.jpg\",\"width\":1536,\"height\":1024},{\"@type\":\"BreadcrumbList\",\"@id\":\"https:\/\/www.notibras.com\/site\/eficaz-no-comeco-captura-de-maduro-trara-consequencias\/#breadcrumb\",\"itemListElement\":[{\"@type\":\"ListItem\",\"position\":1,\"name\":\"In\u00edcio\",\"item\":\"https:\/\/www.notibras.com\/site\/\"},{\"@type\":\"ListItem\",\"position\":2,\"name\":\"Eficaz no come\u00e7o, captura de Maduro trar\u00e1 consequ\u00eancias\"}]},{\"@type\":\"WebSite\",\"@id\":\"https:\/\/www.notibras.com\/site\/#website\",\"url\":\"https:\/\/www.notibras.com\/site\/\",\"name\":\"Notibras\",\"description\":\"Not\u00edcias de Bras\u00edlia, do Brasil e do Mundo\",\"publisher\":{\"@id\":\"https:\/\/www.notibras.com\/site\/#organization\"},\"potentialAction\":[{\"@type\":\"SearchAction\",\"target\":{\"@type\":\"EntryPoint\",\"urlTemplate\":\"https:\/\/www.notibras.com\/site\/?s={search_term_string}\"},\"query-input\":{\"@type\":\"PropertyValueSpecification\",\"valueRequired\":true,\"valueName\":\"search_term_string\"}}],\"inLanguage\":\"pt-BR\"},{\"@type\":\"Organization\",\"@id\":\"https:\/\/www.notibras.com\/site\/#organization\",\"name\":\"Grupo Notibras de Comunica\u00e7\u00e3o\",\"url\":\"https:\/\/www.notibras.com\/site\/\",\"logo\":{\"@type\":\"ImageObject\",\"inLanguage\":\"pt-BR\",\"@id\":\"https:\/\/www.notibras.com\/site\/#\/schema\/logo\/image\/\",\"url\":\"https:\/\/www.notibras.com\/site\/wp-content\/uploads\/2023\/01\/notibras23.png\",\"contentUrl\":\"https:\/\/www.notibras.com\/site\/wp-content\/uploads\/2023\/01\/notibras23.png\",\"width\":350,\"height\":87,\"caption\":\"Grupo Notibras de Comunica\u00e7\u00e3o\"},\"image\":{\"@id\":\"https:\/\/www.notibras.com\/site\/#\/schema\/logo\/image\/\"},\"sameAs\":[\"https:\/\/www.facebook.com\/notibras\/\",\"https:\/\/x.com\/Notibras\",\"https:\/\/www.instagram.com\/notibras\/\"]},{\"@type\":\"Person\",\"@id\":\"https:\/\/www.notibras.com\/site\/#\/schema\/person\/36ab0979449956132d3e5b517ea76ac8\",\"name\":\"Reda\u00e7\u00e3o\",\"image\":{\"@type\":\"ImageObject\",\"inLanguage\":\"pt-BR\",\"@id\":\"https:\/\/secure.gravatar.com\/avatar\/e0a867bdedb85fd243eadf09663511f96fc81e0720a4a42581f334ad4303aa6b?s=96&d=mm&r=g\",\"url\":\"https:\/\/secure.gravatar.com\/avatar\/e0a867bdedb85fd243eadf09663511f96fc81e0720a4a42581f334ad4303aa6b?s=96&d=mm&r=g\",\"contentUrl\":\"https:\/\/secure.gravatar.com\/avatar\/e0a867bdedb85fd243eadf09663511f96fc81e0720a4a42581f334ad4303aa6b?s=96&d=mm&r=g\",\"caption\":\"Reda\u00e7\u00e3o\"}}]}<\/script>\n<!-- \/ Yoast SEO plugin. -->","yoast_head_json":{"title":"Eficaz no come\u00e7o, captura de Maduro trar\u00e1 consequ\u00eancias - Notibras","robots":{"index":"index","follow":"follow","max-snippet":"max-snippet:-1","max-image-preview":"max-image-preview:large","max-video-preview":"max-video-preview:-1"},"canonical":"https:\/\/www.notibras.com\/site\/eficaz-no-comeco-captura-de-maduro-trara-consequencias\/","og_locale":"pt_BR","og_type":"article","og_title":"Eficaz no come\u00e7o, captura de Maduro trar\u00e1 consequ\u00eancias - Notibras","og_description":"A captura de Nicol\u00e1s Maduro e sua chegada a Nova York para responder \u00e0 Justi\u00e7a americana j\u00e1 n\u00e3o pertencem apenas ao notici\u00e1rio. O epis\u00f3dio entra direto no campo da Hist\u00f3ria, n\u00e3o pelo impacto da cena, mas pelo caminho que levou at\u00e9 ela. Nenhum regime cai de repente. Antes da queda, h\u00e1 sempre um processo longo [&hellip;]","og_url":"https:\/\/www.notibras.com\/site\/eficaz-no-comeco-captura-de-maduro-trara-consequencias\/","og_site_name":"Notibras","article_publisher":"https:\/\/www.facebook.com\/notibras\/","article_published_time":"2026-01-05T17:43:49+00:00","article_modified_time":"2026-01-05T17:44:33+00:00","og_image":[{"width":1536,"height":1024,"url":"https:\/\/www.notibras.com\/site\/wp-content\/uploads\/2026\/01\/26c223f8-150f-4d8f-be37-00e8751485ee.jpg","type":"image\/jpeg"}],"author":"Reda\u00e7\u00e3o","twitter_card":"summary_large_image","twitter_creator":"@Notibras","twitter_site":"@Notibras","twitter_misc":{"Escrito por":"Reda\u00e7\u00e3o","Est. tempo de leitura":"5 minutos"},"schema":{"@context":"https:\/\/schema.org","@graph":[{"@type":"Article","@id":"https:\/\/www.notibras.com\/site\/eficaz-no-comeco-captura-de-maduro-trara-consequencias\/#article","isPartOf":{"@id":"https:\/\/www.notibras.com\/site\/eficaz-no-comeco-captura-de-maduro-trara-consequencias\/"},"author":{"name":"Reda\u00e7\u00e3o","@id":"https:\/\/www.notibras.com\/site\/#\/schema\/person\/36ab0979449956132d3e5b517ea76ac8"},"headline":"Eficaz no come\u00e7o, captura de Maduro trar\u00e1 consequ\u00eancias","datePublished":"2026-01-05T17:43:49+00:00","dateModified":"2026-01-05T17:44:33+00:00","mainEntityOfPage":{"@id":"https:\/\/www.notibras.com\/site\/eficaz-no-comeco-captura-de-maduro-trara-consequencias\/"},"wordCount":805,"publisher":{"@id":"https:\/\/www.notibras.com\/site\/#organization"},"image":{"@id":"https:\/\/www.notibras.com\/site\/eficaz-no-comeco-captura-de-maduro-trara-consequencias\/#primaryimage"},"thumbnailUrl":"https:\/\/www.notibras.com\/site\/wp-content\/uploads\/2026\/01\/26c223f8-150f-4d8f-be37-00e8751485ee.jpg","keywords":["capa"],"articleSection":["Apocalipse"],"inLanguage":"pt-BR"},{"@type":"WebPage","@id":"https:\/\/www.notibras.com\/site\/eficaz-no-comeco-captura-de-maduro-trara-consequencias\/","url":"https:\/\/www.notibras.com\/site\/eficaz-no-comeco-captura-de-maduro-trara-consequencias\/","name":"Eficaz no come\u00e7o, captura de Maduro trar\u00e1 consequ\u00eancias - Notibras","isPartOf":{"@id":"https:\/\/www.notibras.com\/site\/#website"},"primaryImageOfPage":{"@id":"https:\/\/www.notibras.com\/site\/eficaz-no-comeco-captura-de-maduro-trara-consequencias\/#primaryimage"},"image":{"@id":"https:\/\/www.notibras.com\/site\/eficaz-no-comeco-captura-de-maduro-trara-consequencias\/#primaryimage"},"thumbnailUrl":"https:\/\/www.notibras.com\/site\/wp-content\/uploads\/2026\/01\/26c223f8-150f-4d8f-be37-00e8751485ee.jpg","datePublished":"2026-01-05T17:43:49+00:00","dateModified":"2026-01-05T17:44:33+00:00","breadcrumb":{"@id":"https:\/\/www.notibras.com\/site\/eficaz-no-comeco-captura-de-maduro-trara-consequencias\/#breadcrumb"},"inLanguage":"pt-BR","potentialAction":[{"@type":"ReadAction","target":["https:\/\/www.notibras.com\/site\/eficaz-no-comeco-captura-de-maduro-trara-consequencias\/"]}]},{"@type":"ImageObject","inLanguage":"pt-BR","@id":"https:\/\/www.notibras.com\/site\/eficaz-no-comeco-captura-de-maduro-trara-consequencias\/#primaryimage","url":"https:\/\/www.notibras.com\/site\/wp-content\/uploads\/2026\/01\/26c223f8-150f-4d8f-be37-00e8751485ee.jpg","contentUrl":"https:\/\/www.notibras.com\/site\/wp-content\/uploads\/2026\/01\/26c223f8-150f-4d8f-be37-00e8751485ee.jpg","width":1536,"height":1024},{"@type":"BreadcrumbList","@id":"https:\/\/www.notibras.com\/site\/eficaz-no-comeco-captura-de-maduro-trara-consequencias\/#breadcrumb","itemListElement":[{"@type":"ListItem","position":1,"name":"In\u00edcio","item":"https:\/\/www.notibras.com\/site\/"},{"@type":"ListItem","position":2,"name":"Eficaz no come\u00e7o, captura de Maduro trar\u00e1 consequ\u00eancias"}]},{"@type":"WebSite","@id":"https:\/\/www.notibras.com\/site\/#website","url":"https:\/\/www.notibras.com\/site\/","name":"Notibras","description":"Not\u00edcias de Bras\u00edlia, do Brasil e do Mundo","publisher":{"@id":"https:\/\/www.notibras.com\/site\/#organization"},"potentialAction":[{"@type":"SearchAction","target":{"@type":"EntryPoint","urlTemplate":"https:\/\/www.notibras.com\/site\/?s={search_term_string}"},"query-input":{"@type":"PropertyValueSpecification","valueRequired":true,"valueName":"search_term_string"}}],"inLanguage":"pt-BR"},{"@type":"Organization","@id":"https:\/\/www.notibras.com\/site\/#organization","name":"Grupo Notibras de Comunica\u00e7\u00e3o","url":"https:\/\/www.notibras.com\/site\/","logo":{"@type":"ImageObject","inLanguage":"pt-BR","@id":"https:\/\/www.notibras.com\/site\/#\/schema\/logo\/image\/","url":"https:\/\/www.notibras.com\/site\/wp-content\/uploads\/2023\/01\/notibras23.png","contentUrl":"https:\/\/www.notibras.com\/site\/wp-content\/uploads\/2023\/01\/notibras23.png","width":350,"height":87,"caption":"Grupo Notibras de Comunica\u00e7\u00e3o"},"image":{"@id":"https:\/\/www.notibras.com\/site\/#\/schema\/logo\/image\/"},"sameAs":["https:\/\/www.facebook.com\/notibras\/","https:\/\/x.com\/Notibras","https:\/\/www.instagram.com\/notibras\/"]},{"@type":"Person","@id":"https:\/\/www.notibras.com\/site\/#\/schema\/person\/36ab0979449956132d3e5b517ea76ac8","name":"Reda\u00e7\u00e3o","image":{"@type":"ImageObject","inLanguage":"pt-BR","@id":"https:\/\/secure.gravatar.com\/avatar\/e0a867bdedb85fd243eadf09663511f96fc81e0720a4a42581f334ad4303aa6b?s=96&d=mm&r=g","url":"https:\/\/secure.gravatar.com\/avatar\/e0a867bdedb85fd243eadf09663511f96fc81e0720a4a42581f334ad4303aa6b?s=96&d=mm&r=g","contentUrl":"https:\/\/secure.gravatar.com\/avatar\/e0a867bdedb85fd243eadf09663511f96fc81e0720a4a42581f334ad4303aa6b?s=96&d=mm&r=g","caption":"Reda\u00e7\u00e3o"}}]}},"amp_enabled":true,"_links":{"self":[{"href":"https:\/\/www.notibras.com\/site\/wp-json\/wp\/v2\/posts\/377813","targetHints":{"allow":["GET"]}}],"collection":[{"href":"https:\/\/www.notibras.com\/site\/wp-json\/wp\/v2\/posts"}],"about":[{"href":"https:\/\/www.notibras.com\/site\/wp-json\/wp\/v2\/types\/post"}],"author":[{"embeddable":true,"href":"https:\/\/www.notibras.com\/site\/wp-json\/wp\/v2\/users\/2"}],"replies":[{"embeddable":true,"href":"https:\/\/www.notibras.com\/site\/wp-json\/wp\/v2\/comments?post=377813"}],"version-history":[{"count":5,"href":"https:\/\/www.notibras.com\/site\/wp-json\/wp\/v2\/posts\/377813\/revisions"}],"predecessor-version":[{"id":377819,"href":"https:\/\/www.notibras.com\/site\/wp-json\/wp\/v2\/posts\/377813\/revisions\/377819"}],"wp:featuredmedia":[{"embeddable":true,"href":"https:\/\/www.notibras.com\/site\/wp-json\/wp\/v2\/media\/377814"}],"wp:attachment":[{"href":"https:\/\/www.notibras.com\/site\/wp-json\/wp\/v2\/media?parent=377813"}],"wp:term":[{"taxonomy":"category","embeddable":true,"href":"https:\/\/www.notibras.com\/site\/wp-json\/wp\/v2\/categories?post=377813"},{"taxonomy":"post_tag","embeddable":true,"href":"https:\/\/www.notibras.com\/site\/wp-json\/wp\/v2\/tags?post=377813"}],"curies":[{"name":"wp","href":"https:\/\/api.w.org\/{rel}","templated":true}]}}