{"id":377821,"date":"2026-01-05T15:23:26","date_gmt":"2026-01-05T18:23:26","guid":{"rendered":"https:\/\/www.notibras.com\/site\/?p=377821"},"modified":"2026-01-05T15:23:26","modified_gmt":"2026-01-05T18:23:26","slug":"maduro-se-diz-inocente-a-justica-americana","status":"publish","type":"post","link":"https:\/\/www.notibras.com\/site\/maduro-se-diz-inocente-a-justica-americana\/","title":{"rendered":"Maduro se diz inocente \u00e0 justi\u00e7a americana"},"content":{"rendered":"<p data-start=\"87\" data-end=\"456\">Sequestrado pelos Estados Unidos no s\u00e1bado, 3 de janeiro de 2026, em Caracas, o presidente da Venezuela, Nicol\u00e1s Maduro, declarou-se inocente de todas as acusa\u00e7\u00f5es que enfrenta na Justi\u00e7a norte-americana. Ele responde a quatro crimes: narcoterrorismo; conspira\u00e7\u00e3o para o tr\u00e1fico de coca\u00edna; posse de armas e explosivos; e conspira\u00e7\u00e3o para a posse de armas e explosivos.<\/p>\n<p data-start=\"458\" data-end=\"843\">Maduro compareceu a um tribunal federal em Nova York para sua primeira audi\u00eancia, ocasi\u00e3o em que ouviu formalmente a leitura das acusa\u00e7\u00f5es. Algemado nos tornozelos e usando fones de ouvido para acompanhar a sess\u00e3o, o presidente venezuelano afirmou ser inocente, declarou-se um \u201chomem decente\u201d e exigiu respeito \u00e0 sua condi\u00e7\u00e3o de chefe de Estado, em refer\u00eancia \u00e0 soberania da Venezuela.<\/p>\n<p data-start=\"845\" data-end=\"1223\" data-is-last-node=\"\" data-is-only-node=\"\">A audi\u00eancia teve car\u00e1ter estritamente processual, conforme o rito da Justi\u00e7a norte-americana, que prev\u00ea a presen\u00e7a do r\u00e9u para a ci\u00eancia formal das acusa\u00e7\u00f5es. Ao final da sess\u00e3o, o juiz respons\u00e1vel pelo caso marcou uma nova audi\u00eancia para o dia 17 de mar\u00e7o, quando Maduro dever\u00e1 prestar depoimento. At\u00e9 l\u00e1, ele permanecer\u00e1 detido sob cust\u00f3dia das autoridades dos Estados Unidos.<\/p>\n","protected":false},"excerpt":{"rendered":"<p>Sequestrado pelos Estados Unidos no s\u00e1bado, 3 de janeiro de 2026, em Caracas, o presidente da Venezuela, Nicol\u00e1s Maduro, declarou-se inocente de todas as acusa\u00e7\u00f5es que enfrenta na Justi\u00e7a norte-americana. Ele responde a quatro crimes: narcoterrorismo; conspira\u00e7\u00e3o para o tr\u00e1fico de coca\u00edna; posse de armas e explosivos; e conspira\u00e7\u00e3o para a posse de armas e [&hellip;]<\/p>\n","protected":false},"author":2,"featured_media":377822,"comment_status":"closed","ping_status":"closed","sticky":false,"template":"","format":"standard","meta":{"_acf_changed":false,"footnotes":""},"categories":[159],"tags":[],"class_list":["post-377821","post","type-post","status-publish","format-standard","has-post-thumbnail","hentry","category-apocalipse"],"acf":[],"yoast_head":"<!-- This site is optimized with the Yoast SEO plugin v27.2 - https:\/\/yoast.com\/product\/yoast-seo-wordpress\/ -->\n<title>Maduro se diz inocente \u00e0 justi\u00e7a americana - Notibras<\/title>\n<meta name=\"robots\" content=\"index, follow, max-snippet:-1, max-image-preview:large, max-video-preview:-1\" \/>\n<link rel=\"canonical\" href=\"https:\/\/www.notibras.com\/site\/maduro-se-diz-inocente-a-justica-americana\/\" \/>\n<meta property=\"og:locale\" content=\"pt_BR\" \/>\n<meta property=\"og:type\" content=\"article\" \/>\n<meta property=\"og:title\" content=\"Maduro se diz inocente \u00e0 justi\u00e7a americana - Notibras\" \/>\n<meta property=\"og:description\" content=\"Sequestrado pelos Estados Unidos no s\u00e1bado, 3 de janeiro de 2026, em Caracas, o presidente da Venezuela, Nicol\u00e1s Maduro, declarou-se inocente de todas as acusa\u00e7\u00f5es que enfrenta na Justi\u00e7a norte-americana. Ele responde a quatro crimes: narcoterrorismo; conspira\u00e7\u00e3o para o tr\u00e1fico de coca\u00edna; posse de armas e explosivos; e conspira\u00e7\u00e3o para a posse de armas e [&hellip;]\" \/>\n<meta property=\"og:url\" content=\"https:\/\/www.notibras.com\/site\/maduro-se-diz-inocente-a-justica-americana\/\" \/>\n<meta property=\"og:site_name\" content=\"Notibras\" \/>\n<meta property=\"article:publisher\" content=\"https:\/\/www.facebook.com\/notibras\/\" \/>\n<meta property=\"article:published_time\" content=\"2026-01-05T18:23:26+00:00\" \/>\n<meta name=\"author\" content=\"Reda\u00e7\u00e3o\" \/>\n<meta name=\"twitter:card\" content=\"summary_large_image\" \/>\n<meta name=\"twitter:creator\" content=\"@Notibras\" \/>\n<meta name=\"twitter:site\" content=\"@Notibras\" \/>\n<meta name=\"twitter:label1\" content=\"Escrito por\" \/>\n\t<meta name=\"twitter:data1\" content=\"Reda\u00e7\u00e3o\" \/>\n\t<meta name=\"twitter:label2\" content=\"Est. tempo de leitura\" \/>\n\t<meta name=\"twitter:data2\" content=\"2 minutos\" \/>\n<script type=\"application\/ld+json\" class=\"yoast-schema-graph\">{\"@context\":\"https:\/\/schema.org\",\"@graph\":[{\"@type\":\"Article\",\"@id\":\"https:\/\/www.notibras.com\/site\/maduro-se-diz-inocente-a-justica-americana\/#article\",\"isPartOf\":{\"@id\":\"https:\/\/www.notibras.com\/site\/maduro-se-diz-inocente-a-justica-americana\/\"},\"author\":{\"name\":\"Reda\u00e7\u00e3o\",\"@id\":\"https:\/\/www.notibras.com\/site\/#\/schema\/person\/36ab0979449956132d3e5b517ea76ac8\"},\"headline\":\"Maduro se diz inocente \u00e0 justi\u00e7a americana\",\"datePublished\":\"2026-01-05T18:23:26+00:00\",\"mainEntityOfPage\":{\"@id\":\"https:\/\/www.notibras.com\/site\/maduro-se-diz-inocente-a-justica-americana\/\"},\"wordCount\":204,\"publisher\":{\"@id\":\"https:\/\/www.notibras.com\/site\/#organization\"},\"image\":{\"@id\":\"https:\/\/www.notibras.com\/site\/maduro-se-diz-inocente-a-justica-americana\/#primaryimage\"},\"thumbnailUrl\":\"https:\/\/www.notibras.com\/site\/wp-content\/uploads\/2026\/01\/maduroaudi.avif\",\"articleSection\":[\"Apocalipse\"],\"inLanguage\":\"pt-BR\"},{\"@type\":\"WebPage\",\"@id\":\"https:\/\/www.notibras.com\/site\/maduro-se-diz-inocente-a-justica-americana\/\",\"url\":\"https:\/\/www.notibras.com\/site\/maduro-se-diz-inocente-a-justica-americana\/\",\"name\":\"Maduro se diz inocente \u00e0 justi\u00e7a americana - Notibras\",\"isPartOf\":{\"@id\":\"https:\/\/www.notibras.com\/site\/#website\"},\"primaryImageOfPage\":{\"@id\":\"https:\/\/www.notibras.com\/site\/maduro-se-diz-inocente-a-justica-americana\/#primaryimage\"},\"image\":{\"@id\":\"https:\/\/www.notibras.com\/site\/maduro-se-diz-inocente-a-justica-americana\/#primaryimage\"},\"thumbnailUrl\":\"https:\/\/www.notibras.com\/site\/wp-content\/uploads\/2026\/01\/maduroaudi.avif\",\"datePublished\":\"2026-01-05T18:23:26+00:00\",\"breadcrumb\":{\"@id\":\"https:\/\/www.notibras.com\/site\/maduro-se-diz-inocente-a-justica-americana\/#breadcrumb\"},\"inLanguage\":\"pt-BR\",\"potentialAction\":[{\"@type\":\"ReadAction\",\"target\":[\"https:\/\/www.notibras.com\/site\/maduro-se-diz-inocente-a-justica-americana\/\"]}]},{\"@type\":\"ImageObject\",\"inLanguage\":\"pt-BR\",\"@id\":\"https:\/\/www.notibras.com\/site\/maduro-se-diz-inocente-a-justica-americana\/#primaryimage\",\"url\":\"https:\/\/www.notibras.com\/site\/wp-content\/uploads\/2026\/01\/maduroaudi.avif\",\"contentUrl\":\"https:\/\/www.notibras.com\/site\/wp-content\/uploads\/2026\/01\/maduroaudi.avif\",\"width\":984,\"height\":843},{\"@type\":\"BreadcrumbList\",\"@id\":\"https:\/\/www.notibras.com\/site\/maduro-se-diz-inocente-a-justica-americana\/#breadcrumb\",\"itemListElement\":[{\"@type\":\"ListItem\",\"position\":1,\"name\":\"In\u00edcio\",\"item\":\"https:\/\/www.notibras.com\/site\/\"},{\"@type\":\"ListItem\",\"position\":2,\"name\":\"Maduro se diz inocente \u00e0 justi\u00e7a americana\"}]},{\"@type\":\"WebSite\",\"@id\":\"https:\/\/www.notibras.com\/site\/#website\",\"url\":\"https:\/\/www.notibras.com\/site\/\",\"name\":\"Notibras\",\"description\":\"Not\u00edcias de Bras\u00edlia, do Brasil e do Mundo\",\"publisher\":{\"@id\":\"https:\/\/www.notibras.com\/site\/#organization\"},\"potentialAction\":[{\"@type\":\"SearchAction\",\"target\":{\"@type\":\"EntryPoint\",\"urlTemplate\":\"https:\/\/www.notibras.com\/site\/?s={search_term_string}\"},\"query-input\":{\"@type\":\"PropertyValueSpecification\",\"valueRequired\":true,\"valueName\":\"search_term_string\"}}],\"inLanguage\":\"pt-BR\"},{\"@type\":\"Organization\",\"@id\":\"https:\/\/www.notibras.com\/site\/#organization\",\"name\":\"Grupo Notibras de Comunica\u00e7\u00e3o\",\"url\":\"https:\/\/www.notibras.com\/site\/\",\"logo\":{\"@type\":\"ImageObject\",\"inLanguage\":\"pt-BR\",\"@id\":\"https:\/\/www.notibras.com\/site\/#\/schema\/logo\/image\/\",\"url\":\"https:\/\/www.notibras.com\/site\/wp-content\/uploads\/2023\/01\/notibras23.png\",\"contentUrl\":\"https:\/\/www.notibras.com\/site\/wp-content\/uploads\/2023\/01\/notibras23.png\",\"width\":350,\"height\":87,\"caption\":\"Grupo Notibras de Comunica\u00e7\u00e3o\"},\"image\":{\"@id\":\"https:\/\/www.notibras.com\/site\/#\/schema\/logo\/image\/\"},\"sameAs\":[\"https:\/\/www.facebook.com\/notibras\/\",\"https:\/\/x.com\/Notibras\",\"https:\/\/www.instagram.com\/notibras\/\"]},{\"@type\":\"Person\",\"@id\":\"https:\/\/www.notibras.com\/site\/#\/schema\/person\/36ab0979449956132d3e5b517ea76ac8\",\"name\":\"Reda\u00e7\u00e3o\",\"image\":{\"@type\":\"ImageObject\",\"inLanguage\":\"pt-BR\",\"@id\":\"https:\/\/secure.gravatar.com\/avatar\/e0a867bdedb85fd243eadf09663511f96fc81e0720a4a42581f334ad4303aa6b?s=96&d=mm&r=g\",\"url\":\"https:\/\/secure.gravatar.com\/avatar\/e0a867bdedb85fd243eadf09663511f96fc81e0720a4a42581f334ad4303aa6b?s=96&d=mm&r=g\",\"contentUrl\":\"https:\/\/secure.gravatar.com\/avatar\/e0a867bdedb85fd243eadf09663511f96fc81e0720a4a42581f334ad4303aa6b?s=96&d=mm&r=g\",\"caption\":\"Reda\u00e7\u00e3o\"}}]}<\/script>\n<!-- \/ Yoast SEO plugin. -->","yoast_head_json":{"title":"Maduro se diz inocente \u00e0 justi\u00e7a americana - Notibras","robots":{"index":"index","follow":"follow","max-snippet":"max-snippet:-1","max-image-preview":"max-image-preview:large","max-video-preview":"max-video-preview:-1"},"canonical":"https:\/\/www.notibras.com\/site\/maduro-se-diz-inocente-a-justica-americana\/","og_locale":"pt_BR","og_type":"article","og_title":"Maduro se diz inocente \u00e0 justi\u00e7a americana - Notibras","og_description":"Sequestrado pelos Estados Unidos no s\u00e1bado, 3 de janeiro de 2026, em Caracas, o presidente da Venezuela, Nicol\u00e1s Maduro, declarou-se inocente de todas as acusa\u00e7\u00f5es que enfrenta na Justi\u00e7a norte-americana. Ele responde a quatro crimes: narcoterrorismo; conspira\u00e7\u00e3o para o tr\u00e1fico de coca\u00edna; posse de armas e explosivos; e conspira\u00e7\u00e3o para a posse de armas e [&hellip;]","og_url":"https:\/\/www.notibras.com\/site\/maduro-se-diz-inocente-a-justica-americana\/","og_site_name":"Notibras","article_publisher":"https:\/\/www.facebook.com\/notibras\/","article_published_time":"2026-01-05T18:23:26+00:00","author":"Reda\u00e7\u00e3o","twitter_card":"summary_large_image","twitter_creator":"@Notibras","twitter_site":"@Notibras","twitter_misc":{"Escrito por":"Reda\u00e7\u00e3o","Est. tempo de leitura":"2 minutos"},"schema":{"@context":"https:\/\/schema.org","@graph":[{"@type":"Article","@id":"https:\/\/www.notibras.com\/site\/maduro-se-diz-inocente-a-justica-americana\/#article","isPartOf":{"@id":"https:\/\/www.notibras.com\/site\/maduro-se-diz-inocente-a-justica-americana\/"},"author":{"name":"Reda\u00e7\u00e3o","@id":"https:\/\/www.notibras.com\/site\/#\/schema\/person\/36ab0979449956132d3e5b517ea76ac8"},"headline":"Maduro se diz inocente \u00e0 justi\u00e7a americana","datePublished":"2026-01-05T18:23:26+00:00","mainEntityOfPage":{"@id":"https:\/\/www.notibras.com\/site\/maduro-se-diz-inocente-a-justica-americana\/"},"wordCount":204,"publisher":{"@id":"https:\/\/www.notibras.com\/site\/#organization"},"image":{"@id":"https:\/\/www.notibras.com\/site\/maduro-se-diz-inocente-a-justica-americana\/#primaryimage"},"thumbnailUrl":"https:\/\/www.notibras.com\/site\/wp-content\/uploads\/2026\/01\/maduroaudi.avif","articleSection":["Apocalipse"],"inLanguage":"pt-BR"},{"@type":"WebPage","@id":"https:\/\/www.notibras.com\/site\/maduro-se-diz-inocente-a-justica-americana\/","url":"https:\/\/www.notibras.com\/site\/maduro-se-diz-inocente-a-justica-americana\/","name":"Maduro se diz inocente \u00e0 justi\u00e7a americana - Notibras","isPartOf":{"@id":"https:\/\/www.notibras.com\/site\/#website"},"primaryImageOfPage":{"@id":"https:\/\/www.notibras.com\/site\/maduro-se-diz-inocente-a-justica-americana\/#primaryimage"},"image":{"@id":"https:\/\/www.notibras.com\/site\/maduro-se-diz-inocente-a-justica-americana\/#primaryimage"},"thumbnailUrl":"https:\/\/www.notibras.com\/site\/wp-content\/uploads\/2026\/01\/maduroaudi.avif","datePublished":"2026-01-05T18:23:26+00:00","breadcrumb":{"@id":"https:\/\/www.notibras.com\/site\/maduro-se-diz-inocente-a-justica-americana\/#breadcrumb"},"inLanguage":"pt-BR","potentialAction":[{"@type":"ReadAction","target":["https:\/\/www.notibras.com\/site\/maduro-se-diz-inocente-a-justica-americana\/"]}]},{"@type":"ImageObject","inLanguage":"pt-BR","@id":"https:\/\/www.notibras.com\/site\/maduro-se-diz-inocente-a-justica-americana\/#primaryimage","url":"https:\/\/www.notibras.com\/site\/wp-content\/uploads\/2026\/01\/maduroaudi.avif","contentUrl":"https:\/\/www.notibras.com\/site\/wp-content\/uploads\/2026\/01\/maduroaudi.avif","width":984,"height":843},{"@type":"BreadcrumbList","@id":"https:\/\/www.notibras.com\/site\/maduro-se-diz-inocente-a-justica-americana\/#breadcrumb","itemListElement":[{"@type":"ListItem","position":1,"name":"In\u00edcio","item":"https:\/\/www.notibras.com\/site\/"},{"@type":"ListItem","position":2,"name":"Maduro se diz inocente \u00e0 justi\u00e7a americana"}]},{"@type":"WebSite","@id":"https:\/\/www.notibras.com\/site\/#website","url":"https:\/\/www.notibras.com\/site\/","name":"Notibras","description":"Not\u00edcias de Bras\u00edlia, do Brasil e do Mundo","publisher":{"@id":"https:\/\/www.notibras.com\/site\/#organization"},"potentialAction":[{"@type":"SearchAction","target":{"@type":"EntryPoint","urlTemplate":"https:\/\/www.notibras.com\/site\/?s={search_term_string}"},"query-input":{"@type":"PropertyValueSpecification","valueRequired":true,"valueName":"search_term_string"}}],"inLanguage":"pt-BR"},{"@type":"Organization","@id":"https:\/\/www.notibras.com\/site\/#organization","name":"Grupo Notibras de Comunica\u00e7\u00e3o","url":"https:\/\/www.notibras.com\/site\/","logo":{"@type":"ImageObject","inLanguage":"pt-BR","@id":"https:\/\/www.notibras.com\/site\/#\/schema\/logo\/image\/","url":"https:\/\/www.notibras.com\/site\/wp-content\/uploads\/2023\/01\/notibras23.png","contentUrl":"https:\/\/www.notibras.com\/site\/wp-content\/uploads\/2023\/01\/notibras23.png","width":350,"height":87,"caption":"Grupo Notibras de Comunica\u00e7\u00e3o"},"image":{"@id":"https:\/\/www.notibras.com\/site\/#\/schema\/logo\/image\/"},"sameAs":["https:\/\/www.facebook.com\/notibras\/","https:\/\/x.com\/Notibras","https:\/\/www.instagram.com\/notibras\/"]},{"@type":"Person","@id":"https:\/\/www.notibras.com\/site\/#\/schema\/person\/36ab0979449956132d3e5b517ea76ac8","name":"Reda\u00e7\u00e3o","image":{"@type":"ImageObject","inLanguage":"pt-BR","@id":"https:\/\/secure.gravatar.com\/avatar\/e0a867bdedb85fd243eadf09663511f96fc81e0720a4a42581f334ad4303aa6b?s=96&d=mm&r=g","url":"https:\/\/secure.gravatar.com\/avatar\/e0a867bdedb85fd243eadf09663511f96fc81e0720a4a42581f334ad4303aa6b?s=96&d=mm&r=g","contentUrl":"https:\/\/secure.gravatar.com\/avatar\/e0a867bdedb85fd243eadf09663511f96fc81e0720a4a42581f334ad4303aa6b?s=96&d=mm&r=g","caption":"Reda\u00e7\u00e3o"}}]}},"amp_enabled":true,"_links":{"self":[{"href":"https:\/\/www.notibras.com\/site\/wp-json\/wp\/v2\/posts\/377821","targetHints":{"allow":["GET"]}}],"collection":[{"href":"https:\/\/www.notibras.com\/site\/wp-json\/wp\/v2\/posts"}],"about":[{"href":"https:\/\/www.notibras.com\/site\/wp-json\/wp\/v2\/types\/post"}],"author":[{"embeddable":true,"href":"https:\/\/www.notibras.com\/site\/wp-json\/wp\/v2\/users\/2"}],"replies":[{"embeddable":true,"href":"https:\/\/www.notibras.com\/site\/wp-json\/wp\/v2\/comments?post=377821"}],"version-history":[{"count":1,"href":"https:\/\/www.notibras.com\/site\/wp-json\/wp\/v2\/posts\/377821\/revisions"}],"predecessor-version":[{"id":377823,"href":"https:\/\/www.notibras.com\/site\/wp-json\/wp\/v2\/posts\/377821\/revisions\/377823"}],"wp:featuredmedia":[{"embeddable":true,"href":"https:\/\/www.notibras.com\/site\/wp-json\/wp\/v2\/media\/377822"}],"wp:attachment":[{"href":"https:\/\/www.notibras.com\/site\/wp-json\/wp\/v2\/media?parent=377821"}],"wp:term":[{"taxonomy":"category","embeddable":true,"href":"https:\/\/www.notibras.com\/site\/wp-json\/wp\/v2\/categories?post=377821"},{"taxonomy":"post_tag","embeddable":true,"href":"https:\/\/www.notibras.com\/site\/wp-json\/wp\/v2\/tags?post=377821"}],"curies":[{"name":"wp","href":"https:\/\/api.w.org\/{rel}","templated":true}]}}