{"id":377879,"date":"2026-01-10T00:45:42","date_gmt":"2026-01-10T03:45:42","guid":{"rendered":"https:\/\/www.notibras.com\/site\/?p=377879"},"modified":"2026-01-06T02:48:19","modified_gmt":"2026-01-06T05:48:19","slug":"cantico-do-infinito","status":"publish","type":"post","link":"https:\/\/www.notibras.com\/site\/cantico-do-infinito\/","title":{"rendered":"C\u00e2ntico do Infinito"},"content":{"rendered":"<p>De que \u00e9 feita a vida?<br \/>\nPergunto \u00e0s madrugadas que se abrem como templos,<br \/>\nquando o sil\u00eancio se torna ora\u00e7\u00e3o<br \/>\ne o cora\u00e7\u00e3o busca respostas nas estrelas.<\/p>\n<p>Sou feito de p\u00f3 e de luz,<br \/>\nsou sopro que atravessa eras,<br \/>\nsou viajante do tempo que n\u00e3o se mede,<br \/>\nsou chama que insiste em arder no vento.<\/p>\n<p>Os sonhos que me visitam s\u00e3o sementes celestes,<br \/>\nn\u00e3o partem comigo,<br \/>\nmas florescem em jardins invis\u00edveis,<br \/>\nonde o eterno guarda cada desejo.<\/p>\n<p>Sou mat\u00e9ria e esp\u00edrito,<br \/>\nsou m\u00e9dico e aprendiz da pr\u00f3pria alma,<br \/>\nsou ref\u00fagio de mem\u00f3rias que se tornam rel\u00edquias,<br \/>\nfragmentos de eternidade gravados em mim.<\/p>\n<p>E quando me olho no espelho,<br \/>\nn\u00e3o vejo apenas a passagem do tempo,<br \/>\nmas o reflexo de um universo que pulsa,<br \/>\num rel\u00f3gio de estrelas que nunca se apaga.<\/p>\n<p>A alegria que guardo \u00e9 chama sagrada,<br \/>\nmesmo que casas, ruas e amigos antigos<br \/>\ntenham se tornado areia levada pelo vento.<br \/>\nEles vivem em mim como constela\u00e7\u00f5es ocultas,<br \/>\ncomo c\u00e2nticos que n\u00e3o cessam.<\/p>\n<p>E desperto ao canto do pintassilgo,<br \/>\nque anuncia o renascer do dia,<br \/>\nquando persigo meus sonhos como quem busca auroras.<br \/>\nE embora n\u00e3o saiba teu nome,<br \/>\nsei que \u00e9s promessa escrita no c\u00e9u,<br \/>\nmeu amado invis\u00edvel,<br \/>\nque minha alma implora para encontrar.<\/p>\n<p>E quando esse encontro acontecer,<br \/>\no mundo ser\u00e1 transfigurado,<br \/>\no tempo ser\u00e1 apenas ponte,<br \/>\ne a vida se tornar\u00e1 c\u00e2ntico do infinito,<br \/>\nUma poesia escrita,<br \/>\nUma can\u00e7\u00e3o tocada,<br \/>\num sonho realizado na eternidade do amor.<\/p>\n","protected":false},"excerpt":{"rendered":"<p>De que \u00e9 feita a vida? Pergunto \u00e0s madrugadas que se abrem como templos, quando o sil\u00eancio se torna ora\u00e7\u00e3o e o cora\u00e7\u00e3o busca respostas nas estrelas. Sou feito de p\u00f3 e de luz, sou sopro que atravessa eras, sou viajante do tempo que n\u00e3o se mede, sou chama que insiste em arder no vento. [&hellip;]<\/p>\n","protected":false},"author":21,"featured_media":377880,"comment_status":"closed","ping_status":"closed","sticky":false,"template":"","format":"standard","meta":{"_acf_changed":false,"footnotes":""},"categories":[234],"tags":[],"class_list":["post-377879","post","type-post","status-publish","format-standard","has-post-thumbnail","hentry","category-cafe-literario"],"acf":[],"yoast_head":"<!-- This site is optimized with the Yoast SEO plugin v27.2 - https:\/\/yoast.com\/product\/yoast-seo-wordpress\/ -->\n<title>C\u00e2ntico do Infinito - Notibras<\/title>\n<meta name=\"robots\" content=\"index, follow, max-snippet:-1, max-image-preview:large, max-video-preview:-1\" \/>\n<link rel=\"canonical\" href=\"https:\/\/www.notibras.com\/site\/cantico-do-infinito\/\" \/>\n<meta property=\"og:locale\" content=\"pt_BR\" \/>\n<meta property=\"og:type\" content=\"article\" \/>\n<meta property=\"og:title\" content=\"C\u00e2ntico do Infinito - Notibras\" \/>\n<meta property=\"og:description\" content=\"De que \u00e9 feita a vida? Pergunto \u00e0s madrugadas que se abrem como templos, quando o sil\u00eancio se torna ora\u00e7\u00e3o e o cora\u00e7\u00e3o busca respostas nas estrelas. Sou feito de p\u00f3 e de luz, sou sopro que atravessa eras, sou viajante do tempo que n\u00e3o se mede, sou chama que insiste em arder no vento. [&hellip;]\" \/>\n<meta property=\"og:url\" content=\"https:\/\/www.notibras.com\/site\/cantico-do-infinito\/\" \/>\n<meta property=\"og:site_name\" content=\"Notibras\" \/>\n<meta property=\"article:publisher\" content=\"https:\/\/www.facebook.com\/notibras\/\" \/>\n<meta property=\"article:published_time\" content=\"2026-01-10T03:45:42+00:00\" \/>\n<meta property=\"og:image\" content=\"https:\/\/www.notibras.com\/site\/wp-content\/uploads\/2026\/01\/2295905f-0f2d-4141-a759-dcd23c27923e.jpg\" \/>\n\t<meta property=\"og:image:width\" content=\"809\" \/>\n\t<meta property=\"og:image:height\" content=\"1114\" \/>\n\t<meta property=\"og:image:type\" content=\"image\/jpeg\" \/>\n<meta name=\"author\" content=\"Eduardo Mart\u00ednez\" \/>\n<meta name=\"twitter:card\" content=\"summary_large_image\" \/>\n<meta name=\"twitter:creator\" content=\"@Notibras\" \/>\n<meta name=\"twitter:site\" content=\"@Notibras\" \/>\n<meta name=\"twitter:label1\" content=\"Escrito por\" \/>\n\t<meta name=\"twitter:data1\" content=\"Eduardo Mart\u00ednez\" \/>\n\t<meta name=\"twitter:label2\" content=\"Est. tempo de leitura\" \/>\n\t<meta name=\"twitter:data2\" content=\"2 minutos\" \/>\n<script type=\"application\/ld+json\" class=\"yoast-schema-graph\">{\"@context\":\"https:\/\/schema.org\",\"@graph\":[{\"@type\":\"Article\",\"@id\":\"https:\/\/www.notibras.com\/site\/cantico-do-infinito\/#article\",\"isPartOf\":{\"@id\":\"https:\/\/www.notibras.com\/site\/cantico-do-infinito\/\"},\"author\":{\"name\":\"Eduardo Mart\u00ednez\",\"@id\":\"https:\/\/www.notibras.com\/site\/#\/schema\/person\/5b7fabf2aedc3ada2105f03b22b4d3dd\"},\"headline\":\"C\u00e2ntico do Infinito\",\"datePublished\":\"2026-01-10T03:45:42+00:00\",\"mainEntityOfPage\":{\"@id\":\"https:\/\/www.notibras.com\/site\/cantico-do-infinito\/\"},\"wordCount\":267,\"publisher\":{\"@id\":\"https:\/\/www.notibras.com\/site\/#organization\"},\"image\":{\"@id\":\"https:\/\/www.notibras.com\/site\/cantico-do-infinito\/#primaryimage\"},\"thumbnailUrl\":\"https:\/\/www.notibras.com\/site\/wp-content\/uploads\/2026\/01\/2295905f-0f2d-4141-a759-dcd23c27923e.jpg\",\"articleSection\":[\"Caf\u00e9 Liter\u00e1rio\"],\"inLanguage\":\"pt-BR\"},{\"@type\":\"WebPage\",\"@id\":\"https:\/\/www.notibras.com\/site\/cantico-do-infinito\/\",\"url\":\"https:\/\/www.notibras.com\/site\/cantico-do-infinito\/\",\"name\":\"C\u00e2ntico do Infinito - Notibras\",\"isPartOf\":{\"@id\":\"https:\/\/www.notibras.com\/site\/#website\"},\"primaryImageOfPage\":{\"@id\":\"https:\/\/www.notibras.com\/site\/cantico-do-infinito\/#primaryimage\"},\"image\":{\"@id\":\"https:\/\/www.notibras.com\/site\/cantico-do-infinito\/#primaryimage\"},\"thumbnailUrl\":\"https:\/\/www.notibras.com\/site\/wp-content\/uploads\/2026\/01\/2295905f-0f2d-4141-a759-dcd23c27923e.jpg\",\"datePublished\":\"2026-01-10T03:45:42+00:00\",\"breadcrumb\":{\"@id\":\"https:\/\/www.notibras.com\/site\/cantico-do-infinito\/#breadcrumb\"},\"inLanguage\":\"pt-BR\",\"potentialAction\":[{\"@type\":\"ReadAction\",\"target\":[\"https:\/\/www.notibras.com\/site\/cantico-do-infinito\/\"]}]},{\"@type\":\"ImageObject\",\"inLanguage\":\"pt-BR\",\"@id\":\"https:\/\/www.notibras.com\/site\/cantico-do-infinito\/#primaryimage\",\"url\":\"https:\/\/www.notibras.com\/site\/wp-content\/uploads\/2026\/01\/2295905f-0f2d-4141-a759-dcd23c27923e.jpg\",\"contentUrl\":\"https:\/\/www.notibras.com\/site\/wp-content\/uploads\/2026\/01\/2295905f-0f2d-4141-a759-dcd23c27923e.jpg\",\"width\":809,\"height\":1114},{\"@type\":\"BreadcrumbList\",\"@id\":\"https:\/\/www.notibras.com\/site\/cantico-do-infinito\/#breadcrumb\",\"itemListElement\":[{\"@type\":\"ListItem\",\"position\":1,\"name\":\"In\u00edcio\",\"item\":\"https:\/\/www.notibras.com\/site\/\"},{\"@type\":\"ListItem\",\"position\":2,\"name\":\"C\u00e2ntico do Infinito\"}]},{\"@type\":\"WebSite\",\"@id\":\"https:\/\/www.notibras.com\/site\/#website\",\"url\":\"https:\/\/www.notibras.com\/site\/\",\"name\":\"Notibras\",\"description\":\"Not\u00edcias de Bras\u00edlia, do Brasil e do Mundo\",\"publisher\":{\"@id\":\"https:\/\/www.notibras.com\/site\/#organization\"},\"potentialAction\":[{\"@type\":\"SearchAction\",\"target\":{\"@type\":\"EntryPoint\",\"urlTemplate\":\"https:\/\/www.notibras.com\/site\/?s={search_term_string}\"},\"query-input\":{\"@type\":\"PropertyValueSpecification\",\"valueRequired\":true,\"valueName\":\"search_term_string\"}}],\"inLanguage\":\"pt-BR\"},{\"@type\":\"Organization\",\"@id\":\"https:\/\/www.notibras.com\/site\/#organization\",\"name\":\"Grupo Notibras de Comunica\u00e7\u00e3o\",\"url\":\"https:\/\/www.notibras.com\/site\/\",\"logo\":{\"@type\":\"ImageObject\",\"inLanguage\":\"pt-BR\",\"@id\":\"https:\/\/www.notibras.com\/site\/#\/schema\/logo\/image\/\",\"url\":\"https:\/\/www.notibras.com\/site\/wp-content\/uploads\/2023\/01\/notibras23.png\",\"contentUrl\":\"https:\/\/www.notibras.com\/site\/wp-content\/uploads\/2023\/01\/notibras23.png\",\"width\":350,\"height\":87,\"caption\":\"Grupo Notibras de Comunica\u00e7\u00e3o\"},\"image\":{\"@id\":\"https:\/\/www.notibras.com\/site\/#\/schema\/logo\/image\/\"},\"sameAs\":[\"https:\/\/www.facebook.com\/notibras\/\",\"https:\/\/x.com\/Notibras\",\"https:\/\/www.instagram.com\/notibras\/\"]},{\"@type\":\"Person\",\"@id\":\"https:\/\/www.notibras.com\/site\/#\/schema\/person\/5b7fabf2aedc3ada2105f03b22b4d3dd\",\"name\":\"Eduardo Mart\u00ednez\",\"image\":{\"@type\":\"ImageObject\",\"inLanguage\":\"pt-BR\",\"@id\":\"https:\/\/secure.gravatar.com\/avatar\/7902f906289926289cbcda644b5197c796b893c6ffd7b9a536a42d290f7704a0?s=96&d=mm&r=g\",\"url\":\"https:\/\/secure.gravatar.com\/avatar\/7902f906289926289cbcda644b5197c796b893c6ffd7b9a536a42d290f7704a0?s=96&d=mm&r=g\",\"contentUrl\":\"https:\/\/secure.gravatar.com\/avatar\/7902f906289926289cbcda644b5197c796b893c6ffd7b9a536a42d290f7704a0?s=96&d=mm&r=g\",\"caption\":\"Eduardo Mart\u00ednez\"}}]}<\/script>\n<!-- \/ Yoast SEO plugin. -->","yoast_head_json":{"title":"C\u00e2ntico do Infinito - Notibras","robots":{"index":"index","follow":"follow","max-snippet":"max-snippet:-1","max-image-preview":"max-image-preview:large","max-video-preview":"max-video-preview:-1"},"canonical":"https:\/\/www.notibras.com\/site\/cantico-do-infinito\/","og_locale":"pt_BR","og_type":"article","og_title":"C\u00e2ntico do Infinito - Notibras","og_description":"De que \u00e9 feita a vida? Pergunto \u00e0s madrugadas que se abrem como templos, quando o sil\u00eancio se torna ora\u00e7\u00e3o e o cora\u00e7\u00e3o busca respostas nas estrelas. Sou feito de p\u00f3 e de luz, sou sopro que atravessa eras, sou viajante do tempo que n\u00e3o se mede, sou chama que insiste em arder no vento. [&hellip;]","og_url":"https:\/\/www.notibras.com\/site\/cantico-do-infinito\/","og_site_name":"Notibras","article_publisher":"https:\/\/www.facebook.com\/notibras\/","article_published_time":"2026-01-10T03:45:42+00:00","og_image":[{"width":809,"height":1114,"url":"https:\/\/www.notibras.com\/site\/wp-content\/uploads\/2026\/01\/2295905f-0f2d-4141-a759-dcd23c27923e.jpg","type":"image\/jpeg"}],"author":"Eduardo Mart\u00ednez","twitter_card":"summary_large_image","twitter_creator":"@Notibras","twitter_site":"@Notibras","twitter_misc":{"Escrito por":"Eduardo Mart\u00ednez","Est. tempo de leitura":"2 minutos"},"schema":{"@context":"https:\/\/schema.org","@graph":[{"@type":"Article","@id":"https:\/\/www.notibras.com\/site\/cantico-do-infinito\/#article","isPartOf":{"@id":"https:\/\/www.notibras.com\/site\/cantico-do-infinito\/"},"author":{"name":"Eduardo Mart\u00ednez","@id":"https:\/\/www.notibras.com\/site\/#\/schema\/person\/5b7fabf2aedc3ada2105f03b22b4d3dd"},"headline":"C\u00e2ntico do Infinito","datePublished":"2026-01-10T03:45:42+00:00","mainEntityOfPage":{"@id":"https:\/\/www.notibras.com\/site\/cantico-do-infinito\/"},"wordCount":267,"publisher":{"@id":"https:\/\/www.notibras.com\/site\/#organization"},"image":{"@id":"https:\/\/www.notibras.com\/site\/cantico-do-infinito\/#primaryimage"},"thumbnailUrl":"https:\/\/www.notibras.com\/site\/wp-content\/uploads\/2026\/01\/2295905f-0f2d-4141-a759-dcd23c27923e.jpg","articleSection":["Caf\u00e9 Liter\u00e1rio"],"inLanguage":"pt-BR"},{"@type":"WebPage","@id":"https:\/\/www.notibras.com\/site\/cantico-do-infinito\/","url":"https:\/\/www.notibras.com\/site\/cantico-do-infinito\/","name":"C\u00e2ntico do Infinito - Notibras","isPartOf":{"@id":"https:\/\/www.notibras.com\/site\/#website"},"primaryImageOfPage":{"@id":"https:\/\/www.notibras.com\/site\/cantico-do-infinito\/#primaryimage"},"image":{"@id":"https:\/\/www.notibras.com\/site\/cantico-do-infinito\/#primaryimage"},"thumbnailUrl":"https:\/\/www.notibras.com\/site\/wp-content\/uploads\/2026\/01\/2295905f-0f2d-4141-a759-dcd23c27923e.jpg","datePublished":"2026-01-10T03:45:42+00:00","breadcrumb":{"@id":"https:\/\/www.notibras.com\/site\/cantico-do-infinito\/#breadcrumb"},"inLanguage":"pt-BR","potentialAction":[{"@type":"ReadAction","target":["https:\/\/www.notibras.com\/site\/cantico-do-infinito\/"]}]},{"@type":"ImageObject","inLanguage":"pt-BR","@id":"https:\/\/www.notibras.com\/site\/cantico-do-infinito\/#primaryimage","url":"https:\/\/www.notibras.com\/site\/wp-content\/uploads\/2026\/01\/2295905f-0f2d-4141-a759-dcd23c27923e.jpg","contentUrl":"https:\/\/www.notibras.com\/site\/wp-content\/uploads\/2026\/01\/2295905f-0f2d-4141-a759-dcd23c27923e.jpg","width":809,"height":1114},{"@type":"BreadcrumbList","@id":"https:\/\/www.notibras.com\/site\/cantico-do-infinito\/#breadcrumb","itemListElement":[{"@type":"ListItem","position":1,"name":"In\u00edcio","item":"https:\/\/www.notibras.com\/site\/"},{"@type":"ListItem","position":2,"name":"C\u00e2ntico do Infinito"}]},{"@type":"WebSite","@id":"https:\/\/www.notibras.com\/site\/#website","url":"https:\/\/www.notibras.com\/site\/","name":"Notibras","description":"Not\u00edcias de Bras\u00edlia, do Brasil e do Mundo","publisher":{"@id":"https:\/\/www.notibras.com\/site\/#organization"},"potentialAction":[{"@type":"SearchAction","target":{"@type":"EntryPoint","urlTemplate":"https:\/\/www.notibras.com\/site\/?s={search_term_string}"},"query-input":{"@type":"PropertyValueSpecification","valueRequired":true,"valueName":"search_term_string"}}],"inLanguage":"pt-BR"},{"@type":"Organization","@id":"https:\/\/www.notibras.com\/site\/#organization","name":"Grupo Notibras de Comunica\u00e7\u00e3o","url":"https:\/\/www.notibras.com\/site\/","logo":{"@type":"ImageObject","inLanguage":"pt-BR","@id":"https:\/\/www.notibras.com\/site\/#\/schema\/logo\/image\/","url":"https:\/\/www.notibras.com\/site\/wp-content\/uploads\/2023\/01\/notibras23.png","contentUrl":"https:\/\/www.notibras.com\/site\/wp-content\/uploads\/2023\/01\/notibras23.png","width":350,"height":87,"caption":"Grupo Notibras de Comunica\u00e7\u00e3o"},"image":{"@id":"https:\/\/www.notibras.com\/site\/#\/schema\/logo\/image\/"},"sameAs":["https:\/\/www.facebook.com\/notibras\/","https:\/\/x.com\/Notibras","https:\/\/www.instagram.com\/notibras\/"]},{"@type":"Person","@id":"https:\/\/www.notibras.com\/site\/#\/schema\/person\/5b7fabf2aedc3ada2105f03b22b4d3dd","name":"Eduardo Mart\u00ednez","image":{"@type":"ImageObject","inLanguage":"pt-BR","@id":"https:\/\/secure.gravatar.com\/avatar\/7902f906289926289cbcda644b5197c796b893c6ffd7b9a536a42d290f7704a0?s=96&d=mm&r=g","url":"https:\/\/secure.gravatar.com\/avatar\/7902f906289926289cbcda644b5197c796b893c6ffd7b9a536a42d290f7704a0?s=96&d=mm&r=g","contentUrl":"https:\/\/secure.gravatar.com\/avatar\/7902f906289926289cbcda644b5197c796b893c6ffd7b9a536a42d290f7704a0?s=96&d=mm&r=g","caption":"Eduardo Mart\u00ednez"}}]}},"amp_enabled":true,"_links":{"self":[{"href":"https:\/\/www.notibras.com\/site\/wp-json\/wp\/v2\/posts\/377879","targetHints":{"allow":["GET"]}}],"collection":[{"href":"https:\/\/www.notibras.com\/site\/wp-json\/wp\/v2\/posts"}],"about":[{"href":"https:\/\/www.notibras.com\/site\/wp-json\/wp\/v2\/types\/post"}],"author":[{"embeddable":true,"href":"https:\/\/www.notibras.com\/site\/wp-json\/wp\/v2\/users\/21"}],"replies":[{"embeddable":true,"href":"https:\/\/www.notibras.com\/site\/wp-json\/wp\/v2\/comments?post=377879"}],"version-history":[{"count":2,"href":"https:\/\/www.notibras.com\/site\/wp-json\/wp\/v2\/posts\/377879\/revisions"}],"predecessor-version":[{"id":377882,"href":"https:\/\/www.notibras.com\/site\/wp-json\/wp\/v2\/posts\/377879\/revisions\/377882"}],"wp:featuredmedia":[{"embeddable":true,"href":"https:\/\/www.notibras.com\/site\/wp-json\/wp\/v2\/media\/377880"}],"wp:attachment":[{"href":"https:\/\/www.notibras.com\/site\/wp-json\/wp\/v2\/media?parent=377879"}],"wp:term":[{"taxonomy":"category","embeddable":true,"href":"https:\/\/www.notibras.com\/site\/wp-json\/wp\/v2\/categories?post=377879"},{"taxonomy":"post_tag","embeddable":true,"href":"https:\/\/www.notibras.com\/site\/wp-json\/wp\/v2\/tags?post=377879"}],"curies":[{"name":"wp","href":"https:\/\/api.w.org\/{rel}","templated":true}]}}