{"id":377883,"date":"2026-01-11T00:30:05","date_gmt":"2026-01-11T03:30:05","guid":{"rendered":"https:\/\/www.notibras.com\/site\/?p=377883"},"modified":"2026-01-06T02:57:34","modified_gmt":"2026-01-06T05:57:34","slug":"teu-nome-nas-estrelas","status":"publish","type":"post","link":"https:\/\/www.notibras.com\/site\/teu-nome-nas-estrelas\/","title":{"rendered":"Teu Nome nas Estrelas"},"content":{"rendered":"<p>Ainda que o vento sopre forte<br \/>\ntentando apagar o que vivemos,<br \/>\nmeu cora\u00e7\u00e3o guarda em sil\u00eancio<br \/>\na melodia do teu nome.<\/p>\n<p>Nenhuma n\u00e9voa pode velar<br \/>\na claridade que deixaste,<br \/>\nnenhuma sombra pode ocultar<br \/>\na marca que gravaste em mim.<\/p>\n<p>Na dan\u00e7a secreta do tempo,<br \/>\ntua voz desliza como rio de cristal,<br \/>\neco que envolve, perfume que anuncia,<br \/>\npresen\u00e7a que nunca se desfaz.<\/p>\n<p>Nenhuma noite \u00e9 t\u00e3o vasta<br \/>\nque possa extinguir tua estrela,<br \/>\nnenhuma aus\u00eancia t\u00e3o profunda<br \/>\nque possa quebrar a chama.<\/p>\n<p>Tua ess\u00eancia pulsa em cada espa\u00e7o,<br \/>\ncomo fogo que arde sem remorso,<br \/>\ncomo sol que insiste em nascer<br \/>\nmesmo em horizontes de sombra.<\/p>\n<p>E se o mundo se desfizer,<br \/>\nse o frio cobrir todas as coisas,<br \/>\nminha alma ainda chamar\u00e1 teu nome<br \/>\ncom alegria que desafia o tempo.<\/p>\n<p>Pois h\u00e1 nomes que o vento leva,<br \/>\nmas o teu permanece eterno,<br \/>\ngravado em meu cora\u00e7\u00e3o<br \/>\ncomo constela\u00e7\u00e3o que nunca se apaga.<\/p>\n<p>E ainda que o vento murmure<br \/>\ncom voz de aus\u00eancia,<br \/>\nn\u00e3o pode arrancar o que a alma guarda,<br \/>\nn\u00e3o pode apagar o que floresce em luz.<\/p>\n<p>Teu nome vibra no mesmo compasso<br \/>\nda pulsa\u00e7\u00e3o que revela tua ess\u00eancia,<br \/>\nna sombra do tempo tua claridade desliza,<br \/>\ncomo brisa que acaricia sem pressa.<\/p>\n<p>E em meu cora\u00e7\u00e3o acende-se<br \/>\na chama que ilumina,<br \/>\ntransformando dor em poesia,<br \/>\nsil\u00eancio em eternidade.<\/p>\n<p>Nenhum sil\u00eancio pode extinguir teu olhar,<br \/>\nnem a dist\u00e2ncia apagar teu legado sagrado.<br \/>\nPois vives em mim como estrela velada,<br \/>\nque ilumina sonhos com luz encantada.<\/p>\n","protected":false},"excerpt":{"rendered":"<p>Ainda que o vento sopre forte tentando apagar o que vivemos, meu cora\u00e7\u00e3o guarda em sil\u00eancio a melodia do teu nome. Nenhuma n\u00e9voa pode velar a claridade que deixaste, nenhuma sombra pode ocultar a marca que gravaste em mim. Na dan\u00e7a secreta do tempo, tua voz desliza como rio de cristal, eco que envolve, perfume [&hellip;]<\/p>\n","protected":false},"author":21,"featured_media":377884,"comment_status":"closed","ping_status":"closed","sticky":false,"template":"","format":"standard","meta":{"_acf_changed":false,"footnotes":""},"categories":[234],"tags":[],"class_list":["post-377883","post","type-post","status-publish","format-standard","has-post-thumbnail","hentry","category-cafe-literario"],"acf":[],"yoast_head":"<!-- This site is optimized with the Yoast SEO plugin v27.2 - https:\/\/yoast.com\/product\/yoast-seo-wordpress\/ -->\n<title>Teu Nome nas Estrelas - Notibras<\/title>\n<meta name=\"robots\" content=\"index, follow, max-snippet:-1, max-image-preview:large, max-video-preview:-1\" \/>\n<link rel=\"canonical\" href=\"https:\/\/www.notibras.com\/site\/teu-nome-nas-estrelas\/\" \/>\n<meta property=\"og:locale\" content=\"pt_BR\" \/>\n<meta property=\"og:type\" content=\"article\" \/>\n<meta property=\"og:title\" content=\"Teu Nome nas Estrelas - Notibras\" \/>\n<meta property=\"og:description\" content=\"Ainda que o vento sopre forte tentando apagar o que vivemos, meu cora\u00e7\u00e3o guarda em sil\u00eancio a melodia do teu nome. Nenhuma n\u00e9voa pode velar a claridade que deixaste, nenhuma sombra pode ocultar a marca que gravaste em mim. Na dan\u00e7a secreta do tempo, tua voz desliza como rio de cristal, eco que envolve, perfume [&hellip;]\" \/>\n<meta property=\"og:url\" content=\"https:\/\/www.notibras.com\/site\/teu-nome-nas-estrelas\/\" \/>\n<meta property=\"og:site_name\" content=\"Notibras\" \/>\n<meta property=\"article:publisher\" content=\"https:\/\/www.facebook.com\/notibras\/\" \/>\n<meta property=\"article:published_time\" content=\"2026-01-11T03:30:05+00:00\" \/>\n<meta property=\"og:image\" content=\"https:\/\/www.notibras.com\/site\/wp-content\/uploads\/2026\/01\/IMG_0079.jpg\" \/>\n\t<meta property=\"og:image:width\" content=\"1023\" \/>\n\t<meta property=\"og:image:height\" content=\"820\" \/>\n\t<meta property=\"og:image:type\" content=\"image\/jpeg\" \/>\n<meta name=\"author\" content=\"Eduardo Mart\u00ednez\" \/>\n<meta name=\"twitter:card\" content=\"summary_large_image\" \/>\n<meta name=\"twitter:creator\" content=\"@Notibras\" \/>\n<meta name=\"twitter:site\" content=\"@Notibras\" \/>\n<meta name=\"twitter:label1\" content=\"Escrito por\" \/>\n\t<meta name=\"twitter:data1\" content=\"Eduardo Mart\u00ednez\" \/>\n\t<meta name=\"twitter:label2\" content=\"Est. tempo de leitura\" \/>\n\t<meta name=\"twitter:data2\" content=\"2 minutos\" \/>\n<script type=\"application\/ld+json\" class=\"yoast-schema-graph\">{\"@context\":\"https:\/\/schema.org\",\"@graph\":[{\"@type\":\"Article\",\"@id\":\"https:\/\/www.notibras.com\/site\/teu-nome-nas-estrelas\/#article\",\"isPartOf\":{\"@id\":\"https:\/\/www.notibras.com\/site\/teu-nome-nas-estrelas\/\"},\"author\":{\"name\":\"Eduardo Mart\u00ednez\",\"@id\":\"https:\/\/www.notibras.com\/site\/#\/schema\/person\/5b7fabf2aedc3ada2105f03b22b4d3dd\"},\"headline\":\"Teu Nome nas Estrelas\",\"datePublished\":\"2026-01-11T03:30:05+00:00\",\"mainEntityOfPage\":{\"@id\":\"https:\/\/www.notibras.com\/site\/teu-nome-nas-estrelas\/\"},\"wordCount\":268,\"publisher\":{\"@id\":\"https:\/\/www.notibras.com\/site\/#organization\"},\"image\":{\"@id\":\"https:\/\/www.notibras.com\/site\/teu-nome-nas-estrelas\/#primaryimage\"},\"thumbnailUrl\":\"https:\/\/www.notibras.com\/site\/wp-content\/uploads\/2026\/01\/IMG_0079.jpg\",\"articleSection\":[\"Caf\u00e9 Liter\u00e1rio\"],\"inLanguage\":\"pt-BR\"},{\"@type\":\"WebPage\",\"@id\":\"https:\/\/www.notibras.com\/site\/teu-nome-nas-estrelas\/\",\"url\":\"https:\/\/www.notibras.com\/site\/teu-nome-nas-estrelas\/\",\"name\":\"Teu Nome nas Estrelas - Notibras\",\"isPartOf\":{\"@id\":\"https:\/\/www.notibras.com\/site\/#website\"},\"primaryImageOfPage\":{\"@id\":\"https:\/\/www.notibras.com\/site\/teu-nome-nas-estrelas\/#primaryimage\"},\"image\":{\"@id\":\"https:\/\/www.notibras.com\/site\/teu-nome-nas-estrelas\/#primaryimage\"},\"thumbnailUrl\":\"https:\/\/www.notibras.com\/site\/wp-content\/uploads\/2026\/01\/IMG_0079.jpg\",\"datePublished\":\"2026-01-11T03:30:05+00:00\",\"breadcrumb\":{\"@id\":\"https:\/\/www.notibras.com\/site\/teu-nome-nas-estrelas\/#breadcrumb\"},\"inLanguage\":\"pt-BR\",\"potentialAction\":[{\"@type\":\"ReadAction\",\"target\":[\"https:\/\/www.notibras.com\/site\/teu-nome-nas-estrelas\/\"]}]},{\"@type\":\"ImageObject\",\"inLanguage\":\"pt-BR\",\"@id\":\"https:\/\/www.notibras.com\/site\/teu-nome-nas-estrelas\/#primaryimage\",\"url\":\"https:\/\/www.notibras.com\/site\/wp-content\/uploads\/2026\/01\/IMG_0079.jpg\",\"contentUrl\":\"https:\/\/www.notibras.com\/site\/wp-content\/uploads\/2026\/01\/IMG_0079.jpg\",\"width\":1023,\"height\":820},{\"@type\":\"BreadcrumbList\",\"@id\":\"https:\/\/www.notibras.com\/site\/teu-nome-nas-estrelas\/#breadcrumb\",\"itemListElement\":[{\"@type\":\"ListItem\",\"position\":1,\"name\":\"In\u00edcio\",\"item\":\"https:\/\/www.notibras.com\/site\/\"},{\"@type\":\"ListItem\",\"position\":2,\"name\":\"Teu Nome nas Estrelas\"}]},{\"@type\":\"WebSite\",\"@id\":\"https:\/\/www.notibras.com\/site\/#website\",\"url\":\"https:\/\/www.notibras.com\/site\/\",\"name\":\"Notibras\",\"description\":\"Not\u00edcias de Bras\u00edlia, do Brasil e do Mundo\",\"publisher\":{\"@id\":\"https:\/\/www.notibras.com\/site\/#organization\"},\"potentialAction\":[{\"@type\":\"SearchAction\",\"target\":{\"@type\":\"EntryPoint\",\"urlTemplate\":\"https:\/\/www.notibras.com\/site\/?s={search_term_string}\"},\"query-input\":{\"@type\":\"PropertyValueSpecification\",\"valueRequired\":true,\"valueName\":\"search_term_string\"}}],\"inLanguage\":\"pt-BR\"},{\"@type\":\"Organization\",\"@id\":\"https:\/\/www.notibras.com\/site\/#organization\",\"name\":\"Grupo Notibras de Comunica\u00e7\u00e3o\",\"url\":\"https:\/\/www.notibras.com\/site\/\",\"logo\":{\"@type\":\"ImageObject\",\"inLanguage\":\"pt-BR\",\"@id\":\"https:\/\/www.notibras.com\/site\/#\/schema\/logo\/image\/\",\"url\":\"https:\/\/www.notibras.com\/site\/wp-content\/uploads\/2023\/01\/notibras23.png\",\"contentUrl\":\"https:\/\/www.notibras.com\/site\/wp-content\/uploads\/2023\/01\/notibras23.png\",\"width\":350,\"height\":87,\"caption\":\"Grupo Notibras de Comunica\u00e7\u00e3o\"},\"image\":{\"@id\":\"https:\/\/www.notibras.com\/site\/#\/schema\/logo\/image\/\"},\"sameAs\":[\"https:\/\/www.facebook.com\/notibras\/\",\"https:\/\/x.com\/Notibras\",\"https:\/\/www.instagram.com\/notibras\/\"]},{\"@type\":\"Person\",\"@id\":\"https:\/\/www.notibras.com\/site\/#\/schema\/person\/5b7fabf2aedc3ada2105f03b22b4d3dd\",\"name\":\"Eduardo Mart\u00ednez\",\"image\":{\"@type\":\"ImageObject\",\"inLanguage\":\"pt-BR\",\"@id\":\"https:\/\/secure.gravatar.com\/avatar\/7902f906289926289cbcda644b5197c796b893c6ffd7b9a536a42d290f7704a0?s=96&d=mm&r=g\",\"url\":\"https:\/\/secure.gravatar.com\/avatar\/7902f906289926289cbcda644b5197c796b893c6ffd7b9a536a42d290f7704a0?s=96&d=mm&r=g\",\"contentUrl\":\"https:\/\/secure.gravatar.com\/avatar\/7902f906289926289cbcda644b5197c796b893c6ffd7b9a536a42d290f7704a0?s=96&d=mm&r=g\",\"caption\":\"Eduardo Mart\u00ednez\"}}]}<\/script>\n<!-- \/ Yoast SEO plugin. -->","yoast_head_json":{"title":"Teu Nome nas Estrelas - Notibras","robots":{"index":"index","follow":"follow","max-snippet":"max-snippet:-1","max-image-preview":"max-image-preview:large","max-video-preview":"max-video-preview:-1"},"canonical":"https:\/\/www.notibras.com\/site\/teu-nome-nas-estrelas\/","og_locale":"pt_BR","og_type":"article","og_title":"Teu Nome nas Estrelas - Notibras","og_description":"Ainda que o vento sopre forte tentando apagar o que vivemos, meu cora\u00e7\u00e3o guarda em sil\u00eancio a melodia do teu nome. Nenhuma n\u00e9voa pode velar a claridade que deixaste, nenhuma sombra pode ocultar a marca que gravaste em mim. Na dan\u00e7a secreta do tempo, tua voz desliza como rio de cristal, eco que envolve, perfume [&hellip;]","og_url":"https:\/\/www.notibras.com\/site\/teu-nome-nas-estrelas\/","og_site_name":"Notibras","article_publisher":"https:\/\/www.facebook.com\/notibras\/","article_published_time":"2026-01-11T03:30:05+00:00","og_image":[{"width":1023,"height":820,"url":"https:\/\/www.notibras.com\/site\/wp-content\/uploads\/2026\/01\/IMG_0079.jpg","type":"image\/jpeg"}],"author":"Eduardo Mart\u00ednez","twitter_card":"summary_large_image","twitter_creator":"@Notibras","twitter_site":"@Notibras","twitter_misc":{"Escrito por":"Eduardo Mart\u00ednez","Est. tempo de leitura":"2 minutos"},"schema":{"@context":"https:\/\/schema.org","@graph":[{"@type":"Article","@id":"https:\/\/www.notibras.com\/site\/teu-nome-nas-estrelas\/#article","isPartOf":{"@id":"https:\/\/www.notibras.com\/site\/teu-nome-nas-estrelas\/"},"author":{"name":"Eduardo Mart\u00ednez","@id":"https:\/\/www.notibras.com\/site\/#\/schema\/person\/5b7fabf2aedc3ada2105f03b22b4d3dd"},"headline":"Teu Nome nas Estrelas","datePublished":"2026-01-11T03:30:05+00:00","mainEntityOfPage":{"@id":"https:\/\/www.notibras.com\/site\/teu-nome-nas-estrelas\/"},"wordCount":268,"publisher":{"@id":"https:\/\/www.notibras.com\/site\/#organization"},"image":{"@id":"https:\/\/www.notibras.com\/site\/teu-nome-nas-estrelas\/#primaryimage"},"thumbnailUrl":"https:\/\/www.notibras.com\/site\/wp-content\/uploads\/2026\/01\/IMG_0079.jpg","articleSection":["Caf\u00e9 Liter\u00e1rio"],"inLanguage":"pt-BR"},{"@type":"WebPage","@id":"https:\/\/www.notibras.com\/site\/teu-nome-nas-estrelas\/","url":"https:\/\/www.notibras.com\/site\/teu-nome-nas-estrelas\/","name":"Teu Nome nas Estrelas - Notibras","isPartOf":{"@id":"https:\/\/www.notibras.com\/site\/#website"},"primaryImageOfPage":{"@id":"https:\/\/www.notibras.com\/site\/teu-nome-nas-estrelas\/#primaryimage"},"image":{"@id":"https:\/\/www.notibras.com\/site\/teu-nome-nas-estrelas\/#primaryimage"},"thumbnailUrl":"https:\/\/www.notibras.com\/site\/wp-content\/uploads\/2026\/01\/IMG_0079.jpg","datePublished":"2026-01-11T03:30:05+00:00","breadcrumb":{"@id":"https:\/\/www.notibras.com\/site\/teu-nome-nas-estrelas\/#breadcrumb"},"inLanguage":"pt-BR","potentialAction":[{"@type":"ReadAction","target":["https:\/\/www.notibras.com\/site\/teu-nome-nas-estrelas\/"]}]},{"@type":"ImageObject","inLanguage":"pt-BR","@id":"https:\/\/www.notibras.com\/site\/teu-nome-nas-estrelas\/#primaryimage","url":"https:\/\/www.notibras.com\/site\/wp-content\/uploads\/2026\/01\/IMG_0079.jpg","contentUrl":"https:\/\/www.notibras.com\/site\/wp-content\/uploads\/2026\/01\/IMG_0079.jpg","width":1023,"height":820},{"@type":"BreadcrumbList","@id":"https:\/\/www.notibras.com\/site\/teu-nome-nas-estrelas\/#breadcrumb","itemListElement":[{"@type":"ListItem","position":1,"name":"In\u00edcio","item":"https:\/\/www.notibras.com\/site\/"},{"@type":"ListItem","position":2,"name":"Teu Nome nas Estrelas"}]},{"@type":"WebSite","@id":"https:\/\/www.notibras.com\/site\/#website","url":"https:\/\/www.notibras.com\/site\/","name":"Notibras","description":"Not\u00edcias de Bras\u00edlia, do Brasil e do Mundo","publisher":{"@id":"https:\/\/www.notibras.com\/site\/#organization"},"potentialAction":[{"@type":"SearchAction","target":{"@type":"EntryPoint","urlTemplate":"https:\/\/www.notibras.com\/site\/?s={search_term_string}"},"query-input":{"@type":"PropertyValueSpecification","valueRequired":true,"valueName":"search_term_string"}}],"inLanguage":"pt-BR"},{"@type":"Organization","@id":"https:\/\/www.notibras.com\/site\/#organization","name":"Grupo Notibras de Comunica\u00e7\u00e3o","url":"https:\/\/www.notibras.com\/site\/","logo":{"@type":"ImageObject","inLanguage":"pt-BR","@id":"https:\/\/www.notibras.com\/site\/#\/schema\/logo\/image\/","url":"https:\/\/www.notibras.com\/site\/wp-content\/uploads\/2023\/01\/notibras23.png","contentUrl":"https:\/\/www.notibras.com\/site\/wp-content\/uploads\/2023\/01\/notibras23.png","width":350,"height":87,"caption":"Grupo Notibras de Comunica\u00e7\u00e3o"},"image":{"@id":"https:\/\/www.notibras.com\/site\/#\/schema\/logo\/image\/"},"sameAs":["https:\/\/www.facebook.com\/notibras\/","https:\/\/x.com\/Notibras","https:\/\/www.instagram.com\/notibras\/"]},{"@type":"Person","@id":"https:\/\/www.notibras.com\/site\/#\/schema\/person\/5b7fabf2aedc3ada2105f03b22b4d3dd","name":"Eduardo Mart\u00ednez","image":{"@type":"ImageObject","inLanguage":"pt-BR","@id":"https:\/\/secure.gravatar.com\/avatar\/7902f906289926289cbcda644b5197c796b893c6ffd7b9a536a42d290f7704a0?s=96&d=mm&r=g","url":"https:\/\/secure.gravatar.com\/avatar\/7902f906289926289cbcda644b5197c796b893c6ffd7b9a536a42d290f7704a0?s=96&d=mm&r=g","contentUrl":"https:\/\/secure.gravatar.com\/avatar\/7902f906289926289cbcda644b5197c796b893c6ffd7b9a536a42d290f7704a0?s=96&d=mm&r=g","caption":"Eduardo Mart\u00ednez"}}]}},"amp_enabled":true,"_links":{"self":[{"href":"https:\/\/www.notibras.com\/site\/wp-json\/wp\/v2\/posts\/377883","targetHints":{"allow":["GET"]}}],"collection":[{"href":"https:\/\/www.notibras.com\/site\/wp-json\/wp\/v2\/posts"}],"about":[{"href":"https:\/\/www.notibras.com\/site\/wp-json\/wp\/v2\/types\/post"}],"author":[{"embeddable":true,"href":"https:\/\/www.notibras.com\/site\/wp-json\/wp\/v2\/users\/21"}],"replies":[{"embeddable":true,"href":"https:\/\/www.notibras.com\/site\/wp-json\/wp\/v2\/comments?post=377883"}],"version-history":[{"count":2,"href":"https:\/\/www.notibras.com\/site\/wp-json\/wp\/v2\/posts\/377883\/revisions"}],"predecessor-version":[{"id":377886,"href":"https:\/\/www.notibras.com\/site\/wp-json\/wp\/v2\/posts\/377883\/revisions\/377886"}],"wp:featuredmedia":[{"embeddable":true,"href":"https:\/\/www.notibras.com\/site\/wp-json\/wp\/v2\/media\/377884"}],"wp:attachment":[{"href":"https:\/\/www.notibras.com\/site\/wp-json\/wp\/v2\/media?parent=377883"}],"wp:term":[{"taxonomy":"category","embeddable":true,"href":"https:\/\/www.notibras.com\/site\/wp-json\/wp\/v2\/categories?post=377883"},{"taxonomy":"post_tag","embeddable":true,"href":"https:\/\/www.notibras.com\/site\/wp-json\/wp\/v2\/tags?post=377883"}],"curies":[{"name":"wp","href":"https:\/\/api.w.org\/{rel}","templated":true}]}}