{"id":377902,"date":"2026-01-12T01:15:38","date_gmt":"2026-01-12T04:15:38","guid":{"rendered":"https:\/\/www.notibras.com\/site\/?p=377902"},"modified":"2026-01-12T06:37:21","modified_gmt":"2026-01-12T09:37:21","slug":"chega-o-dia-em-que-a-crise-de-identidade-da-as-caras","status":"publish","type":"post","link":"https:\/\/www.notibras.com\/site\/chega-o-dia-em-que-a-crise-de-identidade-da-as-caras\/","title":{"rendered":"Chega o dia em que a crise de identidade d\u00e1 as caras"},"content":{"rendered":"<p>Confessei certa vez que gosto de ligar meus contos a velhas piadas de moleques e\/ou adolescentes. O melhor exemplo \u00e9 <em>O contista e a lombriga<\/em>, mas h\u00e1 outros, tamb\u00e9m publicados por <strong>Notibras<\/strong>, entre eles <em>Vernissage e Amor na savana<\/em> (por falar nisso, notibrenses, quando voc\u00eas v\u00e3o publicar <em>A sacerdotisa<\/em>, cl\u00e1ssico do g\u00eanero?).<\/p>\n<p>Infelizmente, algumas piadas n\u00e3o podem ser desdobradas em contos: ficariam mais cabeludos que o peito do Tony Ramos. Apresento o final de algumas delas. \u00c9 uma pena, o desfecho surpreenderia o leitor, requisito de um bom conto.<\/p>\n<p>&#8211; Acontece que uma freira de h\u00e1bito levantado corre muito mais que um tarado de cal\u00e7a abaixada.<\/p>\n<p>Ou ent\u00e3o a obra-prima de humor de 6\u00aa s\u00e9rie, Nhonhoco:<\/p>\n<p>&#8211; Senhorita, conhece Nhonhoco?<\/p>\n<p>&#8211; Conhe\u00e7o sim, e se botar pra fora, chamo a pol\u00edcia.<\/p>\n<p>Mas hoje, aleluia, bolei um jeito de brincar com a piada do macaco. N\u00e3o o da selva, o do carro.<\/p>\n<p>A anedota \u00e9 bem conhecida. Um homem vai trocar um pneu furado e descobre que o carro n\u00e3o tem macaco. Enquanto caminha uns 5 km, sob um sol escaldante, at\u00e9 uma cidadezinha onde deve haver um borracheiro, solta a imagina\u00e7\u00e3o e os cachorros:<\/p>\n<p>\u201cEle vai alugar por uns 500 reais. Car\u00edssimo mas eu pago, ele tem macaco, eu n\u00e3o tenho macaco&#8230; N\u00e3o, o filho de uma \u00e9gua vai cobrar 1000 reais. Eu pago, que jeito, ele tem macaco, eu n\u00e3o tenho macaco&#8230;\u201d<\/p>\n<p>Quando, afinal, entra na borracharia, ele explode:<\/p>\n<p>&#8211; Ladr\u00e3o! Cobrar 2000 reais pelo aluguel de um macaco! Enfia ele onde o sol n\u00e3o bate!!!<\/p>\n<p>Agora, o conto.<\/p>\n<p>Estou com o eu dividido em rela\u00e7\u00e3o ao <strong>Caf\u00e9 Liter\u00e1rio de Notibras<\/strong>. De um lado, sou chamado de \u201cescritor-mor\u201d. De outro, de \u201ccontroverso\u201d. Resultado, quebrou o maior pau entre meus lados ansioso e confiante. Foi mais ou menos assim:<\/p>\n<p>&#8211; C\u00ea viu, Confi (apelido do eu confiante, seguro)? \u2013 Somos o controverso.<\/p>\n<p>&#8211; Sai dessa vida, Ansi (apelido do eu ansioso). \u2013 C\u00ea mesmo escreveu que era tratado a p\u00e3o-de-l\u00f3. E a tiramisu.<\/p>\n<p>&#8211; Ah, mas isso foi antes. Eles publicaram, sim, alguns continhos nossos. Mas os contos t\u00e3o acabando, como ser escritor-mor sem publicar?<\/p>\n<p>&#8211; Menos, cara! <strong>Notibras<\/strong> publicou, at\u00e9 hoje, 332 contos nossos. T\u00e1 bom, n\u00e9 n\u00e3o?<\/p>\n<p>&#8211; E os qualificativos? A Luzia Couto \u00e9 \u201cincompar\u00e1vel\u201d, o Gilberto Motta \u00e9 \u201cgenial\u201d, Cadu Matos \u00e9 \u201ccontroverso\u201d. Quer dizer, nossos textos provocam pol\u00eamica, discuss\u00e3o. Tem quem goste, tem quem n\u00e3o goste.<\/p>\n<p>Confi tratou de apaziguar a fera.<\/p>\n<p>&#8211; N\u00e3o \u00e9 sempre assim? A gente conta com leitores ilustres, que nos cobrem de elogios. O Eduardo Mart\u00ednez, por exemplo, chamou Cadu Matos de maior expoente do realismo m\u00e1gico nas letras brasileiras. E n\u00e3o apenas pela quantidade de textos, pela qualidade tamb\u00e9m.<\/p>\n<p>&#8211; Sei n\u00e3o, Confi&#8230; \u2013 e confessou. \u2013 Sabe, estou pensando em sair do <strong>Caf\u00e9 Liter\u00e1rio<\/strong>. Antes que os contos acabem, e o escritor-mor esvazie como um pneu furado. S\u00f3 n\u00e3o saio porque eles t\u00eam a m\u00e1quina pra divulgar nossos contos em larga escala, e n\u00e3o temos essa m\u00e1quina, n\u00e3o temos como fazer isso.<\/p>\n<p>Confi deu uma risada.<\/p>\n<p>&#8211; O pneu furou, t\u00e1 esvaziando&#8230; Eles t\u00eam a m\u00e1quina, a gente n\u00e3o tem&#8230; Ansi, t\u00e1 ficando igualzinho \u00e0 velha piada do macaco, lembra? Cuidado, n\u00e3o brigue com <strong>Notibras<\/strong> sem motivo, n\u00e3o mande a equipe editorial enfiar nossos contos no fiof\u00f3.<\/p>\n<p>Ao ouvir essas palavras e lembrar da historinha, Ansi come\u00e7ou a rir. E, como assinalou em <em>O contista e a lombriga<\/em>, o riso faz a ansiedade ir murchando como um pneu furado.<\/p>\n<p>Ent\u00e3o, companheiros notibrenses, tudo na santa paz, continuamos (Ansi, Confi e voc\u00eas) viajando em c\u00e9u de brigadeiro. Mas que os contos est\u00e3o acabando, est\u00e3o mesmo.<\/p>\n","protected":false},"excerpt":{"rendered":"<p>Confessei certa vez que gosto de ligar meus contos a velhas piadas de moleques e\/ou adolescentes. O melhor exemplo \u00e9 O contista e a lombriga, mas h\u00e1 outros, tamb\u00e9m publicados por Notibras, entre eles Vernissage e Amor na savana (por falar nisso, notibrenses, quando voc\u00eas v\u00e3o publicar A sacerdotisa, cl\u00e1ssico do g\u00eanero?). Infelizmente, algumas piadas [&hellip;]<\/p>\n","protected":false},"author":21,"featured_media":377904,"comment_status":"closed","ping_status":"closed","sticky":false,"template":"","format":"standard","meta":{"_acf_changed":false,"footnotes":""},"categories":[234],"tags":[],"class_list":["post-377902","post","type-post","status-publish","format-standard","has-post-thumbnail","hentry","category-cafe-literario"],"acf":[],"yoast_head":"<!-- This site is optimized with the Yoast SEO plugin v27.2 - https:\/\/yoast.com\/product\/yoast-seo-wordpress\/ -->\n<title>Chega o dia em que a crise de identidade d\u00e1 as caras - Notibras<\/title>\n<meta name=\"robots\" content=\"index, follow, max-snippet:-1, max-image-preview:large, max-video-preview:-1\" \/>\n<link rel=\"canonical\" href=\"https:\/\/www.notibras.com\/site\/chega-o-dia-em-que-a-crise-de-identidade-da-as-caras\/\" \/>\n<meta property=\"og:locale\" content=\"pt_BR\" \/>\n<meta property=\"og:type\" content=\"article\" \/>\n<meta property=\"og:title\" content=\"Chega o dia em que a crise de identidade d\u00e1 as caras - Notibras\" \/>\n<meta property=\"og:description\" content=\"Confessei certa vez que gosto de ligar meus contos a velhas piadas de moleques e\/ou adolescentes. O melhor exemplo \u00e9 O contista e a lombriga, mas h\u00e1 outros, tamb\u00e9m publicados por Notibras, entre eles Vernissage e Amor na savana (por falar nisso, notibrenses, quando voc\u00eas v\u00e3o publicar A sacerdotisa, cl\u00e1ssico do g\u00eanero?). Infelizmente, algumas piadas [&hellip;]\" \/>\n<meta property=\"og:url\" content=\"https:\/\/www.notibras.com\/site\/chega-o-dia-em-que-a-crise-de-identidade-da-as-caras\/\" \/>\n<meta property=\"og:site_name\" content=\"Notibras\" \/>\n<meta property=\"article:publisher\" content=\"https:\/\/www.facebook.com\/notibras\/\" \/>\n<meta property=\"article:published_time\" content=\"2026-01-12T04:15:38+00:00\" \/>\n<meta property=\"article:modified_time\" content=\"2026-01-12T09:37:21+00:00\" \/>\n<meta property=\"og:image\" content=\"https:\/\/www.notibras.com\/site\/wp-content\/uploads\/2026\/01\/IMG_0082.jpg\" \/>\n\t<meta property=\"og:image:width\" content=\"1023\" \/>\n\t<meta property=\"og:image:height\" content=\"923\" \/>\n\t<meta property=\"og:image:type\" content=\"image\/jpeg\" \/>\n<meta name=\"author\" content=\"Eduardo Mart\u00ednez\" \/>\n<meta name=\"twitter:card\" content=\"summary_large_image\" \/>\n<meta name=\"twitter:creator\" content=\"@Notibras\" \/>\n<meta name=\"twitter:site\" content=\"@Notibras\" \/>\n<meta name=\"twitter:label1\" content=\"Escrito por\" \/>\n\t<meta name=\"twitter:data1\" content=\"Eduardo Mart\u00ednez\" \/>\n\t<meta name=\"twitter:label2\" content=\"Est. tempo de leitura\" \/>\n\t<meta name=\"twitter:data2\" content=\"4 minutos\" \/>\n<script type=\"application\/ld+json\" class=\"yoast-schema-graph\">{\"@context\":\"https:\/\/schema.org\",\"@graph\":[{\"@type\":\"Article\",\"@id\":\"https:\/\/www.notibras.com\/site\/chega-o-dia-em-que-a-crise-de-identidade-da-as-caras\/#article\",\"isPartOf\":{\"@id\":\"https:\/\/www.notibras.com\/site\/chega-o-dia-em-que-a-crise-de-identidade-da-as-caras\/\"},\"author\":{\"name\":\"Eduardo Mart\u00ednez\",\"@id\":\"https:\/\/www.notibras.com\/site\/#\/schema\/person\/5b7fabf2aedc3ada2105f03b22b4d3dd\"},\"headline\":\"Chega o dia em que a crise de identidade d\u00e1 as caras\",\"datePublished\":\"2026-01-12T04:15:38+00:00\",\"dateModified\":\"2026-01-12T09:37:21+00:00\",\"mainEntityOfPage\":{\"@id\":\"https:\/\/www.notibras.com\/site\/chega-o-dia-em-que-a-crise-de-identidade-da-as-caras\/\"},\"wordCount\":655,\"publisher\":{\"@id\":\"https:\/\/www.notibras.com\/site\/#organization\"},\"image\":{\"@id\":\"https:\/\/www.notibras.com\/site\/chega-o-dia-em-que-a-crise-de-identidade-da-as-caras\/#primaryimage\"},\"thumbnailUrl\":\"https:\/\/www.notibras.com\/site\/wp-content\/uploads\/2026\/01\/IMG_0082.jpg\",\"articleSection\":[\"Caf\u00e9 Liter\u00e1rio\"],\"inLanguage\":\"pt-BR\"},{\"@type\":\"WebPage\",\"@id\":\"https:\/\/www.notibras.com\/site\/chega-o-dia-em-que-a-crise-de-identidade-da-as-caras\/\",\"url\":\"https:\/\/www.notibras.com\/site\/chega-o-dia-em-que-a-crise-de-identidade-da-as-caras\/\",\"name\":\"Chega o dia em que a crise de identidade d\u00e1 as caras - Notibras\",\"isPartOf\":{\"@id\":\"https:\/\/www.notibras.com\/site\/#website\"},\"primaryImageOfPage\":{\"@id\":\"https:\/\/www.notibras.com\/site\/chega-o-dia-em-que-a-crise-de-identidade-da-as-caras\/#primaryimage\"},\"image\":{\"@id\":\"https:\/\/www.notibras.com\/site\/chega-o-dia-em-que-a-crise-de-identidade-da-as-caras\/#primaryimage\"},\"thumbnailUrl\":\"https:\/\/www.notibras.com\/site\/wp-content\/uploads\/2026\/01\/IMG_0082.jpg\",\"datePublished\":\"2026-01-12T04:15:38+00:00\",\"dateModified\":\"2026-01-12T09:37:21+00:00\",\"breadcrumb\":{\"@id\":\"https:\/\/www.notibras.com\/site\/chega-o-dia-em-que-a-crise-de-identidade-da-as-caras\/#breadcrumb\"},\"inLanguage\":\"pt-BR\",\"potentialAction\":[{\"@type\":\"ReadAction\",\"target\":[\"https:\/\/www.notibras.com\/site\/chega-o-dia-em-que-a-crise-de-identidade-da-as-caras\/\"]}]},{\"@type\":\"ImageObject\",\"inLanguage\":\"pt-BR\",\"@id\":\"https:\/\/www.notibras.com\/site\/chega-o-dia-em-que-a-crise-de-identidade-da-as-caras\/#primaryimage\",\"url\":\"https:\/\/www.notibras.com\/site\/wp-content\/uploads\/2026\/01\/IMG_0082.jpg\",\"contentUrl\":\"https:\/\/www.notibras.com\/site\/wp-content\/uploads\/2026\/01\/IMG_0082.jpg\",\"width\":1023,\"height\":923},{\"@type\":\"BreadcrumbList\",\"@id\":\"https:\/\/www.notibras.com\/site\/chega-o-dia-em-que-a-crise-de-identidade-da-as-caras\/#breadcrumb\",\"itemListElement\":[{\"@type\":\"ListItem\",\"position\":1,\"name\":\"In\u00edcio\",\"item\":\"https:\/\/www.notibras.com\/site\/\"},{\"@type\":\"ListItem\",\"position\":2,\"name\":\"Chega o dia em que a crise de identidade d\u00e1 as caras\"}]},{\"@type\":\"WebSite\",\"@id\":\"https:\/\/www.notibras.com\/site\/#website\",\"url\":\"https:\/\/www.notibras.com\/site\/\",\"name\":\"Notibras\",\"description\":\"Not\u00edcias de Bras\u00edlia, do Brasil e do Mundo\",\"publisher\":{\"@id\":\"https:\/\/www.notibras.com\/site\/#organization\"},\"potentialAction\":[{\"@type\":\"SearchAction\",\"target\":{\"@type\":\"EntryPoint\",\"urlTemplate\":\"https:\/\/www.notibras.com\/site\/?s={search_term_string}\"},\"query-input\":{\"@type\":\"PropertyValueSpecification\",\"valueRequired\":true,\"valueName\":\"search_term_string\"}}],\"inLanguage\":\"pt-BR\"},{\"@type\":\"Organization\",\"@id\":\"https:\/\/www.notibras.com\/site\/#organization\",\"name\":\"Grupo Notibras de Comunica\u00e7\u00e3o\",\"url\":\"https:\/\/www.notibras.com\/site\/\",\"logo\":{\"@type\":\"ImageObject\",\"inLanguage\":\"pt-BR\",\"@id\":\"https:\/\/www.notibras.com\/site\/#\/schema\/logo\/image\/\",\"url\":\"https:\/\/www.notibras.com\/site\/wp-content\/uploads\/2023\/01\/notibras23.png\",\"contentUrl\":\"https:\/\/www.notibras.com\/site\/wp-content\/uploads\/2023\/01\/notibras23.png\",\"width\":350,\"height\":87,\"caption\":\"Grupo Notibras de Comunica\u00e7\u00e3o\"},\"image\":{\"@id\":\"https:\/\/www.notibras.com\/site\/#\/schema\/logo\/image\/\"},\"sameAs\":[\"https:\/\/www.facebook.com\/notibras\/\",\"https:\/\/x.com\/Notibras\",\"https:\/\/www.instagram.com\/notibras\/\"]},{\"@type\":\"Person\",\"@id\":\"https:\/\/www.notibras.com\/site\/#\/schema\/person\/5b7fabf2aedc3ada2105f03b22b4d3dd\",\"name\":\"Eduardo Mart\u00ednez\",\"image\":{\"@type\":\"ImageObject\",\"inLanguage\":\"pt-BR\",\"@id\":\"https:\/\/secure.gravatar.com\/avatar\/7902f906289926289cbcda644b5197c796b893c6ffd7b9a536a42d290f7704a0?s=96&d=mm&r=g\",\"url\":\"https:\/\/secure.gravatar.com\/avatar\/7902f906289926289cbcda644b5197c796b893c6ffd7b9a536a42d290f7704a0?s=96&d=mm&r=g\",\"contentUrl\":\"https:\/\/secure.gravatar.com\/avatar\/7902f906289926289cbcda644b5197c796b893c6ffd7b9a536a42d290f7704a0?s=96&d=mm&r=g\",\"caption\":\"Eduardo Mart\u00ednez\"}}]}<\/script>\n<!-- \/ Yoast SEO plugin. -->","yoast_head_json":{"title":"Chega o dia em que a crise de identidade d\u00e1 as caras - Notibras","robots":{"index":"index","follow":"follow","max-snippet":"max-snippet:-1","max-image-preview":"max-image-preview:large","max-video-preview":"max-video-preview:-1"},"canonical":"https:\/\/www.notibras.com\/site\/chega-o-dia-em-que-a-crise-de-identidade-da-as-caras\/","og_locale":"pt_BR","og_type":"article","og_title":"Chega o dia em que a crise de identidade d\u00e1 as caras - Notibras","og_description":"Confessei certa vez que gosto de ligar meus contos a velhas piadas de moleques e\/ou adolescentes. O melhor exemplo \u00e9 O contista e a lombriga, mas h\u00e1 outros, tamb\u00e9m publicados por Notibras, entre eles Vernissage e Amor na savana (por falar nisso, notibrenses, quando voc\u00eas v\u00e3o publicar A sacerdotisa, cl\u00e1ssico do g\u00eanero?). Infelizmente, algumas piadas [&hellip;]","og_url":"https:\/\/www.notibras.com\/site\/chega-o-dia-em-que-a-crise-de-identidade-da-as-caras\/","og_site_name":"Notibras","article_publisher":"https:\/\/www.facebook.com\/notibras\/","article_published_time":"2026-01-12T04:15:38+00:00","article_modified_time":"2026-01-12T09:37:21+00:00","og_image":[{"width":1023,"height":923,"url":"https:\/\/www.notibras.com\/site\/wp-content\/uploads\/2026\/01\/IMG_0082.jpg","type":"image\/jpeg"}],"author":"Eduardo Mart\u00ednez","twitter_card":"summary_large_image","twitter_creator":"@Notibras","twitter_site":"@Notibras","twitter_misc":{"Escrito por":"Eduardo Mart\u00ednez","Est. tempo de leitura":"4 minutos"},"schema":{"@context":"https:\/\/schema.org","@graph":[{"@type":"Article","@id":"https:\/\/www.notibras.com\/site\/chega-o-dia-em-que-a-crise-de-identidade-da-as-caras\/#article","isPartOf":{"@id":"https:\/\/www.notibras.com\/site\/chega-o-dia-em-que-a-crise-de-identidade-da-as-caras\/"},"author":{"name":"Eduardo Mart\u00ednez","@id":"https:\/\/www.notibras.com\/site\/#\/schema\/person\/5b7fabf2aedc3ada2105f03b22b4d3dd"},"headline":"Chega o dia em que a crise de identidade d\u00e1 as caras","datePublished":"2026-01-12T04:15:38+00:00","dateModified":"2026-01-12T09:37:21+00:00","mainEntityOfPage":{"@id":"https:\/\/www.notibras.com\/site\/chega-o-dia-em-que-a-crise-de-identidade-da-as-caras\/"},"wordCount":655,"publisher":{"@id":"https:\/\/www.notibras.com\/site\/#organization"},"image":{"@id":"https:\/\/www.notibras.com\/site\/chega-o-dia-em-que-a-crise-de-identidade-da-as-caras\/#primaryimage"},"thumbnailUrl":"https:\/\/www.notibras.com\/site\/wp-content\/uploads\/2026\/01\/IMG_0082.jpg","articleSection":["Caf\u00e9 Liter\u00e1rio"],"inLanguage":"pt-BR"},{"@type":"WebPage","@id":"https:\/\/www.notibras.com\/site\/chega-o-dia-em-que-a-crise-de-identidade-da-as-caras\/","url":"https:\/\/www.notibras.com\/site\/chega-o-dia-em-que-a-crise-de-identidade-da-as-caras\/","name":"Chega o dia em que a crise de identidade d\u00e1 as caras - Notibras","isPartOf":{"@id":"https:\/\/www.notibras.com\/site\/#website"},"primaryImageOfPage":{"@id":"https:\/\/www.notibras.com\/site\/chega-o-dia-em-que-a-crise-de-identidade-da-as-caras\/#primaryimage"},"image":{"@id":"https:\/\/www.notibras.com\/site\/chega-o-dia-em-que-a-crise-de-identidade-da-as-caras\/#primaryimage"},"thumbnailUrl":"https:\/\/www.notibras.com\/site\/wp-content\/uploads\/2026\/01\/IMG_0082.jpg","datePublished":"2026-01-12T04:15:38+00:00","dateModified":"2026-01-12T09:37:21+00:00","breadcrumb":{"@id":"https:\/\/www.notibras.com\/site\/chega-o-dia-em-que-a-crise-de-identidade-da-as-caras\/#breadcrumb"},"inLanguage":"pt-BR","potentialAction":[{"@type":"ReadAction","target":["https:\/\/www.notibras.com\/site\/chega-o-dia-em-que-a-crise-de-identidade-da-as-caras\/"]}]},{"@type":"ImageObject","inLanguage":"pt-BR","@id":"https:\/\/www.notibras.com\/site\/chega-o-dia-em-que-a-crise-de-identidade-da-as-caras\/#primaryimage","url":"https:\/\/www.notibras.com\/site\/wp-content\/uploads\/2026\/01\/IMG_0082.jpg","contentUrl":"https:\/\/www.notibras.com\/site\/wp-content\/uploads\/2026\/01\/IMG_0082.jpg","width":1023,"height":923},{"@type":"BreadcrumbList","@id":"https:\/\/www.notibras.com\/site\/chega-o-dia-em-que-a-crise-de-identidade-da-as-caras\/#breadcrumb","itemListElement":[{"@type":"ListItem","position":1,"name":"In\u00edcio","item":"https:\/\/www.notibras.com\/site\/"},{"@type":"ListItem","position":2,"name":"Chega o dia em que a crise de identidade d\u00e1 as caras"}]},{"@type":"WebSite","@id":"https:\/\/www.notibras.com\/site\/#website","url":"https:\/\/www.notibras.com\/site\/","name":"Notibras","description":"Not\u00edcias de Bras\u00edlia, do Brasil e do Mundo","publisher":{"@id":"https:\/\/www.notibras.com\/site\/#organization"},"potentialAction":[{"@type":"SearchAction","target":{"@type":"EntryPoint","urlTemplate":"https:\/\/www.notibras.com\/site\/?s={search_term_string}"},"query-input":{"@type":"PropertyValueSpecification","valueRequired":true,"valueName":"search_term_string"}}],"inLanguage":"pt-BR"},{"@type":"Organization","@id":"https:\/\/www.notibras.com\/site\/#organization","name":"Grupo Notibras de Comunica\u00e7\u00e3o","url":"https:\/\/www.notibras.com\/site\/","logo":{"@type":"ImageObject","inLanguage":"pt-BR","@id":"https:\/\/www.notibras.com\/site\/#\/schema\/logo\/image\/","url":"https:\/\/www.notibras.com\/site\/wp-content\/uploads\/2023\/01\/notibras23.png","contentUrl":"https:\/\/www.notibras.com\/site\/wp-content\/uploads\/2023\/01\/notibras23.png","width":350,"height":87,"caption":"Grupo Notibras de Comunica\u00e7\u00e3o"},"image":{"@id":"https:\/\/www.notibras.com\/site\/#\/schema\/logo\/image\/"},"sameAs":["https:\/\/www.facebook.com\/notibras\/","https:\/\/x.com\/Notibras","https:\/\/www.instagram.com\/notibras\/"]},{"@type":"Person","@id":"https:\/\/www.notibras.com\/site\/#\/schema\/person\/5b7fabf2aedc3ada2105f03b22b4d3dd","name":"Eduardo Mart\u00ednez","image":{"@type":"ImageObject","inLanguage":"pt-BR","@id":"https:\/\/secure.gravatar.com\/avatar\/7902f906289926289cbcda644b5197c796b893c6ffd7b9a536a42d290f7704a0?s=96&d=mm&r=g","url":"https:\/\/secure.gravatar.com\/avatar\/7902f906289926289cbcda644b5197c796b893c6ffd7b9a536a42d290f7704a0?s=96&d=mm&r=g","contentUrl":"https:\/\/secure.gravatar.com\/avatar\/7902f906289926289cbcda644b5197c796b893c6ffd7b9a536a42d290f7704a0?s=96&d=mm&r=g","caption":"Eduardo Mart\u00ednez"}}]}},"amp_enabled":true,"_links":{"self":[{"href":"https:\/\/www.notibras.com\/site\/wp-json\/wp\/v2\/posts\/377902","targetHints":{"allow":["GET"]}}],"collection":[{"href":"https:\/\/www.notibras.com\/site\/wp-json\/wp\/v2\/posts"}],"about":[{"href":"https:\/\/www.notibras.com\/site\/wp-json\/wp\/v2\/types\/post"}],"author":[{"embeddable":true,"href":"https:\/\/www.notibras.com\/site\/wp-json\/wp\/v2\/users\/21"}],"replies":[{"embeddable":true,"href":"https:\/\/www.notibras.com\/site\/wp-json\/wp\/v2\/comments?post=377902"}],"version-history":[{"count":7,"href":"https:\/\/www.notibras.com\/site\/wp-json\/wp\/v2\/posts\/377902\/revisions"}],"predecessor-version":[{"id":378680,"href":"https:\/\/www.notibras.com\/site\/wp-json\/wp\/v2\/posts\/377902\/revisions\/378680"}],"wp:featuredmedia":[{"embeddable":true,"href":"https:\/\/www.notibras.com\/site\/wp-json\/wp\/v2\/media\/377904"}],"wp:attachment":[{"href":"https:\/\/www.notibras.com\/site\/wp-json\/wp\/v2\/media?parent=377902"}],"wp:term":[{"taxonomy":"category","embeddable":true,"href":"https:\/\/www.notibras.com\/site\/wp-json\/wp\/v2\/categories?post=377902"},{"taxonomy":"post_tag","embeddable":true,"href":"https:\/\/www.notibras.com\/site\/wp-json\/wp\/v2\/tags?post=377902"}],"curies":[{"name":"wp","href":"https:\/\/api.w.org\/{rel}","templated":true}]}}