{"id":377929,"date":"2026-01-06T00:33:56","date_gmt":"2026-01-06T03:33:56","guid":{"rendered":"https:\/\/www.notibras.com\/site\/?p=377929"},"modified":"2026-01-06T08:35:31","modified_gmt":"2026-01-06T11:35:31","slug":"colombia-pronta-para-revidar-qualquer-acao-americana","status":"publish","type":"post","link":"https:\/\/www.notibras.com\/site\/colombia-pronta-para-revidar-qualquer-acao-americana\/","title":{"rendered":"Col\u00f4mbia pronta para revidar qualquer a\u00e7\u00e3o americana"},"content":{"rendered":"<p>O presidente da Col\u00f4mbia, Gustavo Petro, disse nesta segunda-feira (5) que, se necess\u00e1rio, poder\u00e1 voltar a pegar em armas para defender o pa\u00eds. O mandat\u00e1rio ressaltou ainda que deu ordem \u00e0 for\u00e7a p\u00fablica colombiana para atirar contra o \u201cinvasor\u201d.<\/p>\n<p>As declara\u00e7\u00f5es, escritas no X, foram dadas em resposta ao presidente dos Estados Unidos, Donald Trump, que, neste domingo (4), amea\u00e7ou armar uma opera\u00e7\u00e3o militar contra a Col\u00f4mbia.<\/p>\n<p>\u201cEmbora eu n\u00e3o tenha sido militar, conhe\u00e7o a guerra e a clandestinidade. Jurei n\u00e3o empunhar mais uma arma desde o Pacto de Paz de 1989, mas pela P\u00e1tria pegarei novamente em armas, ainda que n\u00e3o queira\u201d, disse Petro, que participou do movimento de guerrilha M19 (Movimento 19 de Abril), nos anos 1980.<\/p>\n<p>O presidente da Col\u00f4mbia afirmou ainda que os comandantes da for\u00e7a p\u00fablica que n\u00e3o defendam a soberania popular dever\u00e3o deixar a corpora\u00e7\u00e3o.<\/p>\n<p>\u201cCada soldado da Col\u00f4mbia tem agora uma ordem: todo comandante da for\u00e7a p\u00fablica que preferir a bandeira dos Estados Unidos \u00e0 bandeira da Col\u00f4mbia deve se retirar imediatamente da institui\u00e7\u00e3o, por ordem das bases, da tropa e minha. A Constitui\u00e7\u00e3o ordena \u00e0 for\u00e7a p\u00fablica que defenda a soberania popular\u201d.<\/p>\n<p>O presidente acrescentou que a ordem \u00e0 for\u00e7a p\u00fablica \u00e9 n\u00e3o atirar contra o povo, mas sim contra o invasor.<\/p>\n<p>Petro listou uma s\u00e9rie de a\u00e7\u00f5es do seu governo contra a produ\u00e7\u00e3o e o tr\u00e1fico de drogas e destacou que foi eleito democraticamente e n\u00e3o tem envolvimento com o narcotr\u00e1fico. \u201cN\u00e3o sou ileg\u00edtimo, nem sou narcotraficante. S\u00f3 possuo minha casa de fam\u00edlia, que ainda pago com meu sal\u00e1rio. Meus extratos banc\u00e1rios foram publicados. Ningu\u00e9m p\u00f4de dizer que gastei mais do que ganho. N\u00e3o sou ambicioso\u201d.<\/p>\n<p>\u201cTenho enorme confian\u00e7a no meu povo, e por isso pedi que o povo defenda o presidente de qualquer ato violento ileg\u00edtimo contra ele\u201d, acrescentou.<\/p>\n<p>Ontem, Trump amea\u00e7ou deflagrar uma a\u00e7\u00e3o militar contra a Col\u00f4mbia, disse que o pa\u00eds est\u00e1 doente e \u00e9 administrado por um homem doente. O presidente dos EUA acusou, sem provas, o presidente Petro de gostar de produzir coca\u00edna e de vender a droga aos Estados Unidos.<\/p>\n<p>As afirma\u00e7\u00f5es foram feitas ap\u00f3s os Estados Unidos sequestrarem o presidente da Venezuela, Nicol\u00e1s Maduro, em uma opera\u00e7\u00e3o no s\u00e1bado (3), e o levarem para Nova York para ser julgado.<\/p>\n","protected":false},"excerpt":{"rendered":"<p>O presidente da Col\u00f4mbia, Gustavo Petro, disse nesta segunda-feira (5) que, se necess\u00e1rio, poder\u00e1 voltar a pegar em armas para defender o pa\u00eds. O mandat\u00e1rio ressaltou ainda que deu ordem \u00e0 for\u00e7a p\u00fablica colombiana para atirar contra o \u201cinvasor\u201d. As declara\u00e7\u00f5es, escritas no X, foram dadas em resposta ao presidente dos Estados Unidos, Donald Trump, [&hellip;]<\/p>\n","protected":false},"author":2,"featured_media":377930,"comment_status":"closed","ping_status":"closed","sticky":false,"template":"","format":"standard","meta":{"_acf_changed":false,"footnotes":""},"categories":[159],"tags":[],"class_list":["post-377929","post","type-post","status-publish","format-standard","has-post-thumbnail","hentry","category-apocalipse"],"acf":[],"yoast_head":"<!-- This site is optimized with the Yoast SEO plugin v27.2 - https:\/\/yoast.com\/product\/yoast-seo-wordpress\/ -->\n<title>Col\u00f4mbia pronta para revidar qualquer a\u00e7\u00e3o americana - Notibras<\/title>\n<meta name=\"robots\" content=\"index, follow, max-snippet:-1, max-image-preview:large, max-video-preview:-1\" \/>\n<link rel=\"canonical\" href=\"https:\/\/www.notibras.com\/site\/colombia-pronta-para-revidar-qualquer-acao-americana\/\" \/>\n<meta property=\"og:locale\" content=\"pt_BR\" \/>\n<meta property=\"og:type\" content=\"article\" \/>\n<meta property=\"og:title\" content=\"Col\u00f4mbia pronta para revidar qualquer a\u00e7\u00e3o americana - Notibras\" \/>\n<meta property=\"og:description\" content=\"O presidente da Col\u00f4mbia, Gustavo Petro, disse nesta segunda-feira (5) que, se necess\u00e1rio, poder\u00e1 voltar a pegar em armas para defender o pa\u00eds. O mandat\u00e1rio ressaltou ainda que deu ordem \u00e0 for\u00e7a p\u00fablica colombiana para atirar contra o \u201cinvasor\u201d. As declara\u00e7\u00f5es, escritas no X, foram dadas em resposta ao presidente dos Estados Unidos, Donald Trump, [&hellip;]\" \/>\n<meta property=\"og:url\" content=\"https:\/\/www.notibras.com\/site\/colombia-pronta-para-revidar-qualquer-acao-americana\/\" \/>\n<meta property=\"og:site_name\" content=\"Notibras\" \/>\n<meta property=\"article:publisher\" content=\"https:\/\/www.facebook.com\/notibras\/\" \/>\n<meta property=\"article:published_time\" content=\"2026-01-06T03:33:56+00:00\" \/>\n<meta property=\"article:modified_time\" content=\"2026-01-06T11:35:31+00:00\" \/>\n<meta property=\"og:image\" content=\"https:\/\/www.notibras.com\/site\/wp-content\/uploads\/2026\/01\/2025-10-24t190449z_1_lynxmpel9n0yq_rtroptp_4_colombia-politics.webp\" \/>\n\t<meta property=\"og:image:width\" content=\"1170\" \/>\n\t<meta property=\"og:image:height\" content=\"700\" \/>\n\t<meta property=\"og:image:type\" content=\"image\/webp\" \/>\n<meta name=\"author\" content=\"Reda\u00e7\u00e3o\" \/>\n<meta name=\"twitter:card\" content=\"summary_large_image\" \/>\n<meta name=\"twitter:creator\" content=\"@Notibras\" \/>\n<meta name=\"twitter:site\" content=\"@Notibras\" \/>\n<meta name=\"twitter:label1\" content=\"Escrito por\" \/>\n\t<meta name=\"twitter:data1\" content=\"Reda\u00e7\u00e3o\" \/>\n\t<meta name=\"twitter:label2\" content=\"Est. tempo de leitura\" \/>\n\t<meta name=\"twitter:data2\" content=\"3 minutos\" \/>\n<script type=\"application\/ld+json\" class=\"yoast-schema-graph\">{\"@context\":\"https:\/\/schema.org\",\"@graph\":[{\"@type\":\"Article\",\"@id\":\"https:\/\/www.notibras.com\/site\/colombia-pronta-para-revidar-qualquer-acao-americana\/#article\",\"isPartOf\":{\"@id\":\"https:\/\/www.notibras.com\/site\/colombia-pronta-para-revidar-qualquer-acao-americana\/\"},\"author\":{\"name\":\"Reda\u00e7\u00e3o\",\"@id\":\"https:\/\/www.notibras.com\/site\/#\/schema\/person\/36ab0979449956132d3e5b517ea76ac8\"},\"headline\":\"Col\u00f4mbia pronta para revidar qualquer a\u00e7\u00e3o americana\",\"datePublished\":\"2026-01-06T03:33:56+00:00\",\"dateModified\":\"2026-01-06T11:35:31+00:00\",\"mainEntityOfPage\":{\"@id\":\"https:\/\/www.notibras.com\/site\/colombia-pronta-para-revidar-qualquer-acao-americana\/\"},\"wordCount\":430,\"publisher\":{\"@id\":\"https:\/\/www.notibras.com\/site\/#organization\"},\"image\":{\"@id\":\"https:\/\/www.notibras.com\/site\/colombia-pronta-para-revidar-qualquer-acao-americana\/#primaryimage\"},\"thumbnailUrl\":\"https:\/\/www.notibras.com\/site\/wp-content\/uploads\/2026\/01\/2025-10-24t190449z_1_lynxmpel9n0yq_rtroptp_4_colombia-politics.webp\",\"articleSection\":[\"Apocalipse\"],\"inLanguage\":\"pt-BR\"},{\"@type\":\"WebPage\",\"@id\":\"https:\/\/www.notibras.com\/site\/colombia-pronta-para-revidar-qualquer-acao-americana\/\",\"url\":\"https:\/\/www.notibras.com\/site\/colombia-pronta-para-revidar-qualquer-acao-americana\/\",\"name\":\"Col\u00f4mbia pronta para revidar qualquer a\u00e7\u00e3o americana - Notibras\",\"isPartOf\":{\"@id\":\"https:\/\/www.notibras.com\/site\/#website\"},\"primaryImageOfPage\":{\"@id\":\"https:\/\/www.notibras.com\/site\/colombia-pronta-para-revidar-qualquer-acao-americana\/#primaryimage\"},\"image\":{\"@id\":\"https:\/\/www.notibras.com\/site\/colombia-pronta-para-revidar-qualquer-acao-americana\/#primaryimage\"},\"thumbnailUrl\":\"https:\/\/www.notibras.com\/site\/wp-content\/uploads\/2026\/01\/2025-10-24t190449z_1_lynxmpel9n0yq_rtroptp_4_colombia-politics.webp\",\"datePublished\":\"2026-01-06T03:33:56+00:00\",\"dateModified\":\"2026-01-06T11:35:31+00:00\",\"breadcrumb\":{\"@id\":\"https:\/\/www.notibras.com\/site\/colombia-pronta-para-revidar-qualquer-acao-americana\/#breadcrumb\"},\"inLanguage\":\"pt-BR\",\"potentialAction\":[{\"@type\":\"ReadAction\",\"target\":[\"https:\/\/www.notibras.com\/site\/colombia-pronta-para-revidar-qualquer-acao-americana\/\"]}]},{\"@type\":\"ImageObject\",\"inLanguage\":\"pt-BR\",\"@id\":\"https:\/\/www.notibras.com\/site\/colombia-pronta-para-revidar-qualquer-acao-americana\/#primaryimage\",\"url\":\"https:\/\/www.notibras.com\/site\/wp-content\/uploads\/2026\/01\/2025-10-24t190449z_1_lynxmpel9n0yq_rtroptp_4_colombia-politics.webp\",\"contentUrl\":\"https:\/\/www.notibras.com\/site\/wp-content\/uploads\/2026\/01\/2025-10-24t190449z_1_lynxmpel9n0yq_rtroptp_4_colombia-politics.webp\",\"width\":1170,\"height\":700},{\"@type\":\"BreadcrumbList\",\"@id\":\"https:\/\/www.notibras.com\/site\/colombia-pronta-para-revidar-qualquer-acao-americana\/#breadcrumb\",\"itemListElement\":[{\"@type\":\"ListItem\",\"position\":1,\"name\":\"In\u00edcio\",\"item\":\"https:\/\/www.notibras.com\/site\/\"},{\"@type\":\"ListItem\",\"position\":2,\"name\":\"Col\u00f4mbia pronta para revidar qualquer a\u00e7\u00e3o americana\"}]},{\"@type\":\"WebSite\",\"@id\":\"https:\/\/www.notibras.com\/site\/#website\",\"url\":\"https:\/\/www.notibras.com\/site\/\",\"name\":\"Notibras\",\"description\":\"Not\u00edcias de Bras\u00edlia, do Brasil e do Mundo\",\"publisher\":{\"@id\":\"https:\/\/www.notibras.com\/site\/#organization\"},\"potentialAction\":[{\"@type\":\"SearchAction\",\"target\":{\"@type\":\"EntryPoint\",\"urlTemplate\":\"https:\/\/www.notibras.com\/site\/?s={search_term_string}\"},\"query-input\":{\"@type\":\"PropertyValueSpecification\",\"valueRequired\":true,\"valueName\":\"search_term_string\"}}],\"inLanguage\":\"pt-BR\"},{\"@type\":\"Organization\",\"@id\":\"https:\/\/www.notibras.com\/site\/#organization\",\"name\":\"Grupo Notibras de Comunica\u00e7\u00e3o\",\"url\":\"https:\/\/www.notibras.com\/site\/\",\"logo\":{\"@type\":\"ImageObject\",\"inLanguage\":\"pt-BR\",\"@id\":\"https:\/\/www.notibras.com\/site\/#\/schema\/logo\/image\/\",\"url\":\"https:\/\/www.notibras.com\/site\/wp-content\/uploads\/2023\/01\/notibras23.png\",\"contentUrl\":\"https:\/\/www.notibras.com\/site\/wp-content\/uploads\/2023\/01\/notibras23.png\",\"width\":350,\"height\":87,\"caption\":\"Grupo Notibras de Comunica\u00e7\u00e3o\"},\"image\":{\"@id\":\"https:\/\/www.notibras.com\/site\/#\/schema\/logo\/image\/\"},\"sameAs\":[\"https:\/\/www.facebook.com\/notibras\/\",\"https:\/\/x.com\/Notibras\",\"https:\/\/www.instagram.com\/notibras\/\"]},{\"@type\":\"Person\",\"@id\":\"https:\/\/www.notibras.com\/site\/#\/schema\/person\/36ab0979449956132d3e5b517ea76ac8\",\"name\":\"Reda\u00e7\u00e3o\",\"image\":{\"@type\":\"ImageObject\",\"inLanguage\":\"pt-BR\",\"@id\":\"https:\/\/secure.gravatar.com\/avatar\/e0a867bdedb85fd243eadf09663511f96fc81e0720a4a42581f334ad4303aa6b?s=96&d=mm&r=g\",\"url\":\"https:\/\/secure.gravatar.com\/avatar\/e0a867bdedb85fd243eadf09663511f96fc81e0720a4a42581f334ad4303aa6b?s=96&d=mm&r=g\",\"contentUrl\":\"https:\/\/secure.gravatar.com\/avatar\/e0a867bdedb85fd243eadf09663511f96fc81e0720a4a42581f334ad4303aa6b?s=96&d=mm&r=g\",\"caption\":\"Reda\u00e7\u00e3o\"}}]}<\/script>\n<!-- \/ Yoast SEO plugin. -->","yoast_head_json":{"title":"Col\u00f4mbia pronta para revidar qualquer a\u00e7\u00e3o americana - Notibras","robots":{"index":"index","follow":"follow","max-snippet":"max-snippet:-1","max-image-preview":"max-image-preview:large","max-video-preview":"max-video-preview:-1"},"canonical":"https:\/\/www.notibras.com\/site\/colombia-pronta-para-revidar-qualquer-acao-americana\/","og_locale":"pt_BR","og_type":"article","og_title":"Col\u00f4mbia pronta para revidar qualquer a\u00e7\u00e3o americana - Notibras","og_description":"O presidente da Col\u00f4mbia, Gustavo Petro, disse nesta segunda-feira (5) que, se necess\u00e1rio, poder\u00e1 voltar a pegar em armas para defender o pa\u00eds. O mandat\u00e1rio ressaltou ainda que deu ordem \u00e0 for\u00e7a p\u00fablica colombiana para atirar contra o \u201cinvasor\u201d. As declara\u00e7\u00f5es, escritas no X, foram dadas em resposta ao presidente dos Estados Unidos, Donald Trump, [&hellip;]","og_url":"https:\/\/www.notibras.com\/site\/colombia-pronta-para-revidar-qualquer-acao-americana\/","og_site_name":"Notibras","article_publisher":"https:\/\/www.facebook.com\/notibras\/","article_published_time":"2026-01-06T03:33:56+00:00","article_modified_time":"2026-01-06T11:35:31+00:00","og_image":[{"width":1170,"height":700,"url":"https:\/\/www.notibras.com\/site\/wp-content\/uploads\/2026\/01\/2025-10-24t190449z_1_lynxmpel9n0yq_rtroptp_4_colombia-politics.webp","type":"image\/webp"}],"author":"Reda\u00e7\u00e3o","twitter_card":"summary_large_image","twitter_creator":"@Notibras","twitter_site":"@Notibras","twitter_misc":{"Escrito por":"Reda\u00e7\u00e3o","Est. tempo de leitura":"3 minutos"},"schema":{"@context":"https:\/\/schema.org","@graph":[{"@type":"Article","@id":"https:\/\/www.notibras.com\/site\/colombia-pronta-para-revidar-qualquer-acao-americana\/#article","isPartOf":{"@id":"https:\/\/www.notibras.com\/site\/colombia-pronta-para-revidar-qualquer-acao-americana\/"},"author":{"name":"Reda\u00e7\u00e3o","@id":"https:\/\/www.notibras.com\/site\/#\/schema\/person\/36ab0979449956132d3e5b517ea76ac8"},"headline":"Col\u00f4mbia pronta para revidar qualquer a\u00e7\u00e3o americana","datePublished":"2026-01-06T03:33:56+00:00","dateModified":"2026-01-06T11:35:31+00:00","mainEntityOfPage":{"@id":"https:\/\/www.notibras.com\/site\/colombia-pronta-para-revidar-qualquer-acao-americana\/"},"wordCount":430,"publisher":{"@id":"https:\/\/www.notibras.com\/site\/#organization"},"image":{"@id":"https:\/\/www.notibras.com\/site\/colombia-pronta-para-revidar-qualquer-acao-americana\/#primaryimage"},"thumbnailUrl":"https:\/\/www.notibras.com\/site\/wp-content\/uploads\/2026\/01\/2025-10-24t190449z_1_lynxmpel9n0yq_rtroptp_4_colombia-politics.webp","articleSection":["Apocalipse"],"inLanguage":"pt-BR"},{"@type":"WebPage","@id":"https:\/\/www.notibras.com\/site\/colombia-pronta-para-revidar-qualquer-acao-americana\/","url":"https:\/\/www.notibras.com\/site\/colombia-pronta-para-revidar-qualquer-acao-americana\/","name":"Col\u00f4mbia pronta para revidar qualquer a\u00e7\u00e3o americana - Notibras","isPartOf":{"@id":"https:\/\/www.notibras.com\/site\/#website"},"primaryImageOfPage":{"@id":"https:\/\/www.notibras.com\/site\/colombia-pronta-para-revidar-qualquer-acao-americana\/#primaryimage"},"image":{"@id":"https:\/\/www.notibras.com\/site\/colombia-pronta-para-revidar-qualquer-acao-americana\/#primaryimage"},"thumbnailUrl":"https:\/\/www.notibras.com\/site\/wp-content\/uploads\/2026\/01\/2025-10-24t190449z_1_lynxmpel9n0yq_rtroptp_4_colombia-politics.webp","datePublished":"2026-01-06T03:33:56+00:00","dateModified":"2026-01-06T11:35:31+00:00","breadcrumb":{"@id":"https:\/\/www.notibras.com\/site\/colombia-pronta-para-revidar-qualquer-acao-americana\/#breadcrumb"},"inLanguage":"pt-BR","potentialAction":[{"@type":"ReadAction","target":["https:\/\/www.notibras.com\/site\/colombia-pronta-para-revidar-qualquer-acao-americana\/"]}]},{"@type":"ImageObject","inLanguage":"pt-BR","@id":"https:\/\/www.notibras.com\/site\/colombia-pronta-para-revidar-qualquer-acao-americana\/#primaryimage","url":"https:\/\/www.notibras.com\/site\/wp-content\/uploads\/2026\/01\/2025-10-24t190449z_1_lynxmpel9n0yq_rtroptp_4_colombia-politics.webp","contentUrl":"https:\/\/www.notibras.com\/site\/wp-content\/uploads\/2026\/01\/2025-10-24t190449z_1_lynxmpel9n0yq_rtroptp_4_colombia-politics.webp","width":1170,"height":700},{"@type":"BreadcrumbList","@id":"https:\/\/www.notibras.com\/site\/colombia-pronta-para-revidar-qualquer-acao-americana\/#breadcrumb","itemListElement":[{"@type":"ListItem","position":1,"name":"In\u00edcio","item":"https:\/\/www.notibras.com\/site\/"},{"@type":"ListItem","position":2,"name":"Col\u00f4mbia pronta para revidar qualquer a\u00e7\u00e3o americana"}]},{"@type":"WebSite","@id":"https:\/\/www.notibras.com\/site\/#website","url":"https:\/\/www.notibras.com\/site\/","name":"Notibras","description":"Not\u00edcias de Bras\u00edlia, do Brasil e do Mundo","publisher":{"@id":"https:\/\/www.notibras.com\/site\/#organization"},"potentialAction":[{"@type":"SearchAction","target":{"@type":"EntryPoint","urlTemplate":"https:\/\/www.notibras.com\/site\/?s={search_term_string}"},"query-input":{"@type":"PropertyValueSpecification","valueRequired":true,"valueName":"search_term_string"}}],"inLanguage":"pt-BR"},{"@type":"Organization","@id":"https:\/\/www.notibras.com\/site\/#organization","name":"Grupo Notibras de Comunica\u00e7\u00e3o","url":"https:\/\/www.notibras.com\/site\/","logo":{"@type":"ImageObject","inLanguage":"pt-BR","@id":"https:\/\/www.notibras.com\/site\/#\/schema\/logo\/image\/","url":"https:\/\/www.notibras.com\/site\/wp-content\/uploads\/2023\/01\/notibras23.png","contentUrl":"https:\/\/www.notibras.com\/site\/wp-content\/uploads\/2023\/01\/notibras23.png","width":350,"height":87,"caption":"Grupo Notibras de Comunica\u00e7\u00e3o"},"image":{"@id":"https:\/\/www.notibras.com\/site\/#\/schema\/logo\/image\/"},"sameAs":["https:\/\/www.facebook.com\/notibras\/","https:\/\/x.com\/Notibras","https:\/\/www.instagram.com\/notibras\/"]},{"@type":"Person","@id":"https:\/\/www.notibras.com\/site\/#\/schema\/person\/36ab0979449956132d3e5b517ea76ac8","name":"Reda\u00e7\u00e3o","image":{"@type":"ImageObject","inLanguage":"pt-BR","@id":"https:\/\/secure.gravatar.com\/avatar\/e0a867bdedb85fd243eadf09663511f96fc81e0720a4a42581f334ad4303aa6b?s=96&d=mm&r=g","url":"https:\/\/secure.gravatar.com\/avatar\/e0a867bdedb85fd243eadf09663511f96fc81e0720a4a42581f334ad4303aa6b?s=96&d=mm&r=g","contentUrl":"https:\/\/secure.gravatar.com\/avatar\/e0a867bdedb85fd243eadf09663511f96fc81e0720a4a42581f334ad4303aa6b?s=96&d=mm&r=g","caption":"Reda\u00e7\u00e3o"}}]}},"amp_enabled":true,"_links":{"self":[{"href":"https:\/\/www.notibras.com\/site\/wp-json\/wp\/v2\/posts\/377929","targetHints":{"allow":["GET"]}}],"collection":[{"href":"https:\/\/www.notibras.com\/site\/wp-json\/wp\/v2\/posts"}],"about":[{"href":"https:\/\/www.notibras.com\/site\/wp-json\/wp\/v2\/types\/post"}],"author":[{"embeddable":true,"href":"https:\/\/www.notibras.com\/site\/wp-json\/wp\/v2\/users\/2"}],"replies":[{"embeddable":true,"href":"https:\/\/www.notibras.com\/site\/wp-json\/wp\/v2\/comments?post=377929"}],"version-history":[{"count":1,"href":"https:\/\/www.notibras.com\/site\/wp-json\/wp\/v2\/posts\/377929\/revisions"}],"predecessor-version":[{"id":377931,"href":"https:\/\/www.notibras.com\/site\/wp-json\/wp\/v2\/posts\/377929\/revisions\/377931"}],"wp:featuredmedia":[{"embeddable":true,"href":"https:\/\/www.notibras.com\/site\/wp-json\/wp\/v2\/media\/377930"}],"wp:attachment":[{"href":"https:\/\/www.notibras.com\/site\/wp-json\/wp\/v2\/media?parent=377929"}],"wp:term":[{"taxonomy":"category","embeddable":true,"href":"https:\/\/www.notibras.com\/site\/wp-json\/wp\/v2\/categories?post=377929"},{"taxonomy":"post_tag","embeddable":true,"href":"https:\/\/www.notibras.com\/site\/wp-json\/wp\/v2\/tags?post=377929"}],"curies":[{"name":"wp","href":"https:\/\/api.w.org\/{rel}","templated":true}]}}