{"id":377942,"date":"2026-01-06T08:57:02","date_gmt":"2026-01-06T11:57:02","guid":{"rendered":"https:\/\/www.notibras.com\/site\/?p=377942"},"modified":"2026-01-06T08:57:02","modified_gmt":"2026-01-06T11:57:02","slug":"os-tres-reis-magos-misterio-e-sabedoria-ancestral","status":"publish","type":"post","link":"https:\/\/www.notibras.com\/site\/os-tres-reis-magos-misterio-e-sabedoria-ancestral\/","title":{"rendered":"Os Tr\u00eas Reis Magos, mist\u00e9rio e sabedoria ancestral"},"content":{"rendered":"<p>O dia seis de janeiro marca a chegada dos Tr\u00eas Reis Magos a Bel\u00e9m, trazendo os presentes para o menino Jesus, todos iluminados pela estrela do firmamento. Por analogia, o seis de janeiro, corresponde \u00e0 Quarta-Feira de Cinzas. Tanto um como outro remetem ao encerramento dos festejos comemorativos, o primeiro do Natal, o segundo do carnaval. \u00c9 hora de guardar os enfeites e adere\u00e7os, e aguardar pacientemente o pr\u00f3ximo ano. O que passou, passou&#8230;<\/p>\n<p>A narrativa dos Tr\u00eas Reis Magos ocupa lugar central no imagin\u00e1rio crist\u00e3o e na tradi\u00e7\u00e3o simb\u00f3lica do Natal. Citados no Evangelho de Mateus (Mt 2,1\u201312), eles s\u00e3o descritos como s\u00e1bios vindos do Oriente, guiados por uma estrela at\u00e9 Bel\u00e9m, onde reconheceram no menino Jesus o nascimento de um rei espiritual. O Messias.<\/p>\n<p>Reza a lenda que a origem dos Tr\u00eas Reis Magos remonta \u00e0s antigas tradi\u00e7\u00f5es sacerdotais do Oriente Pr\u00f3ximo, especialmente da P\u00e9rsia, Babil\u00f4nia e regi\u00f5es da Ar\u00e1bia. Mais do que personagens hist\u00f3ricos, os Magos representam a converg\u00eancia entre f\u00e9, ci\u00eancia e sabedoria esot\u00e9rica.<\/p>\n<p>O termo \u201cmago\u201d deriva do persa magush, designando membros de uma casta sacerdotal ligada ao zoroastrismo, religi\u00e3o fundada por Zaratustra, que concebia o universo como regido por uma ordem c\u00f3smica luminosa (Asha) em oposi\u00e7\u00e3o \u00e0s for\u00e7as do caos. Esses sacerdotes eram respons\u00e1veis pelos rituais do fogo sagrado e pelo estudo dos astros, considerados manifesta\u00e7\u00f5es da intelig\u00eancia divina.<\/p>\n<p>Associados \u00e0 astrologia dos Caldeus, os Magos dominavam a observa\u00e7\u00e3o sistem\u00e1tica dos movimentos planet\u00e1rios e dos fen\u00f4menos celestes, interpretando-os como sinais simb\u00f3licos da vontade divina. Na tradi\u00e7\u00e3o caldaica, estrelas e conjun\u00e7\u00f5es planet\u00e1rias anunciavam grandes transforma\u00e7\u00f5es hist\u00f3ricas e espirituais. Assim, a chamada Estrela de Bel\u00e9m pode ser compreendida, sob uma leitura herm\u00e9tico-astrol\u00f3gica, como um fen\u00f4meno celeste interpretado \u00e0 luz de um saber inici\u00e1tico, capaz de indicar o nascimento de uma consci\u00eancia messi\u00e2nica universal.<\/p>\n<p>Do ponto de vista religioso, os Magos simbolizam a ancestralidade e universalidade da mensagem crist\u00e3, pois n\u00e3o pertenciam ao povo judeu. No campo simb\u00f3lico e esot\u00e9rico, os Reis Magos Gaspar, Melquior e Baltasar representam as antigas tradi\u00e7\u00f5es astrol\u00f3gicas e sacerdotais do Oriente, indicando que o Cristo nasce para toda a humanidade.<\/p>\n<p>O termo \u201cmago\u201d deriva do persa magush, designando os sacerdotes-astr\u00f3logos, estudiosos dos astros, da alquimia e das leis c\u00f3smicas. A estrela guia \u00e9 interpretada, hermeticamente, como o sinal do Logos manifestado, a luz da consci\u00eancia que conduz \u00e0 Verdade.<\/p>\n<p>A festa da Epifania, celebrada em 6 de janeiro, marca a visita dos Magos e encerra simbolicamente o ciclo natalino. Epifania significa \u201cmanifesta\u00e7\u00e3o\u201d, indicando o momento em que o divino se revela ao mundo. Nesse sentido, o nascimento de Jesus n\u00e3o \u00e9 apenas um evento biogr\u00e1fico, mas um arqu\u00e9tipo de ilumina\u00e7\u00e3o espiritual.<\/p>\n<p>Os presentes ofertados ao menino Jesus carregam profundo significado inici\u00e1tico. O ouro representa a realeza espiritual e a soberania do esp\u00edrito; o incenso simboliza a eleva\u00e7\u00e3o da ora\u00e7\u00e3o e a liga\u00e7\u00e3o com o divino; e a mirra, usada em rituais funer\u00e1rios, aponta para o sacrif\u00edcio, a finitude do corpo e a transcend\u00eancia da alma. Juntos, formam uma tr\u00edade alqu\u00edmica: poder, sacralidade e transforma\u00e7\u00e3o.<\/p>\n<p>Na leitura herm\u00e9tica crist\u00e3, os Magos tamb\u00e9m simbolizam as tr\u00eas dimens\u00f5es do ser humano: corpo, alma e esp\u00edrito; ou ainda as etapas do caminho inici\u00e1tico \u2014 busca, reconhecimento e oferenda. Sua jornada reflete o percurso do iniciado que, guiado pela luz interior, encontra o Cristo como princ\u00edpio da consci\u00eancia c\u00f3smica.<\/p>\n<p>Assim, os Tr\u00eas Reis Magos permanecem como s\u00edmbolos atemporais da sabedoria que reconhece o sagrado, da uni\u00e3o entre raz\u00e3o e f\u00e9, e da mensagem de que todo verdadeiro conhecimento conduz \u00e0 luz.<\/p>\n<p>&#8230;&#8230;&#8230;&#8230;.<\/p>\n<p><strong>Hussein Sabra el-Awar<\/strong><br \/>\n<strong>Membro Conselheiro do Col\u00e9gio dos Magos e Sacerdotisas<\/strong><br \/>\n<strong>@colegiodosmagosesacerdotisas<\/strong><\/p>\n","protected":false},"excerpt":{"rendered":"<p>O dia seis de janeiro marca a chegada dos Tr\u00eas Reis Magos a Bel\u00e9m, trazendo os presentes para o menino Jesus, todos iluminados pela estrela do firmamento. Por analogia, o seis de janeiro, corresponde \u00e0 Quarta-Feira de Cinzas. Tanto um como outro remetem ao encerramento dos festejos comemorativos, o primeiro do Natal, o segundo do [&hellip;]<\/p>\n","protected":false},"author":2,"featured_media":377943,"comment_status":"closed","ping_status":"closed","sticky":false,"template":"","format":"standard","meta":{"_acf_changed":false,"footnotes":""},"categories":[237],"tags":[],"class_list":["post-377942","post","type-post","status-publish","format-standard","has-post-thumbnail","hentry","category-oraculos"],"acf":[],"yoast_head":"<!-- This site is optimized with the Yoast SEO plugin v27.2 - https:\/\/yoast.com\/product\/yoast-seo-wordpress\/ -->\n<title>Os Tr\u00eas Reis Magos, mist\u00e9rio e sabedoria ancestral - Notibras<\/title>\n<meta name=\"robots\" content=\"index, follow, max-snippet:-1, max-image-preview:large, max-video-preview:-1\" \/>\n<link rel=\"canonical\" href=\"https:\/\/www.notibras.com\/site\/os-tres-reis-magos-misterio-e-sabedoria-ancestral\/\" \/>\n<meta property=\"og:locale\" content=\"pt_BR\" \/>\n<meta property=\"og:type\" content=\"article\" \/>\n<meta property=\"og:title\" content=\"Os Tr\u00eas Reis Magos, mist\u00e9rio e sabedoria ancestral - Notibras\" \/>\n<meta property=\"og:description\" content=\"O dia seis de janeiro marca a chegada dos Tr\u00eas Reis Magos a Bel\u00e9m, trazendo os presentes para o menino Jesus, todos iluminados pela estrela do firmamento. Por analogia, o seis de janeiro, corresponde \u00e0 Quarta-Feira de Cinzas. Tanto um como outro remetem ao encerramento dos festejos comemorativos, o primeiro do Natal, o segundo do [&hellip;]\" \/>\n<meta property=\"og:url\" content=\"https:\/\/www.notibras.com\/site\/os-tres-reis-magos-misterio-e-sabedoria-ancestral\/\" \/>\n<meta property=\"og:site_name\" content=\"Notibras\" \/>\n<meta property=\"article:publisher\" content=\"https:\/\/www.facebook.com\/notibras\/\" \/>\n<meta property=\"article:published_time\" content=\"2026-01-06T11:57:02+00:00\" \/>\n<meta property=\"og:image\" content=\"https:\/\/www.notibras.com\/site\/wp-content\/uploads\/2026\/01\/8152f4da-09e9-46cb-b3a8-794f27cff1e4.jpg\" \/>\n\t<meta property=\"og:image:width\" content=\"1536\" \/>\n\t<meta property=\"og:image:height\" content=\"1024\" \/>\n\t<meta property=\"og:image:type\" content=\"image\/jpeg\" \/>\n<meta name=\"author\" content=\"Reda\u00e7\u00e3o\" \/>\n<meta name=\"twitter:card\" content=\"summary_large_image\" \/>\n<meta name=\"twitter:creator\" content=\"@Notibras\" \/>\n<meta name=\"twitter:site\" content=\"@Notibras\" \/>\n<meta name=\"twitter:label1\" content=\"Escrito por\" \/>\n\t<meta name=\"twitter:data1\" content=\"Reda\u00e7\u00e3o\" \/>\n\t<meta name=\"twitter:label2\" content=\"Est. tempo de leitura\" \/>\n\t<meta name=\"twitter:data2\" content=\"4 minutos\" \/>\n<script type=\"application\/ld+json\" class=\"yoast-schema-graph\">{\"@context\":\"https:\/\/schema.org\",\"@graph\":[{\"@type\":\"Article\",\"@id\":\"https:\/\/www.notibras.com\/site\/os-tres-reis-magos-misterio-e-sabedoria-ancestral\/#article\",\"isPartOf\":{\"@id\":\"https:\/\/www.notibras.com\/site\/os-tres-reis-magos-misterio-e-sabedoria-ancestral\/\"},\"author\":{\"name\":\"Reda\u00e7\u00e3o\",\"@id\":\"https:\/\/www.notibras.com\/site\/#\/schema\/person\/36ab0979449956132d3e5b517ea76ac8\"},\"headline\":\"Os Tr\u00eas Reis Magos, mist\u00e9rio e sabedoria ancestral\",\"datePublished\":\"2026-01-06T11:57:02+00:00\",\"mainEntityOfPage\":{\"@id\":\"https:\/\/www.notibras.com\/site\/os-tres-reis-magos-misterio-e-sabedoria-ancestral\/\"},\"wordCount\":680,\"publisher\":{\"@id\":\"https:\/\/www.notibras.com\/site\/#organization\"},\"image\":{\"@id\":\"https:\/\/www.notibras.com\/site\/os-tres-reis-magos-misterio-e-sabedoria-ancestral\/#primaryimage\"},\"thumbnailUrl\":\"https:\/\/www.notibras.com\/site\/wp-content\/uploads\/2026\/01\/8152f4da-09e9-46cb-b3a8-794f27cff1e4.jpg\",\"articleSection\":[\"Or\u00e1culos\"],\"inLanguage\":\"pt-BR\"},{\"@type\":\"WebPage\",\"@id\":\"https:\/\/www.notibras.com\/site\/os-tres-reis-magos-misterio-e-sabedoria-ancestral\/\",\"url\":\"https:\/\/www.notibras.com\/site\/os-tres-reis-magos-misterio-e-sabedoria-ancestral\/\",\"name\":\"Os Tr\u00eas Reis Magos, mist\u00e9rio e sabedoria ancestral - Notibras\",\"isPartOf\":{\"@id\":\"https:\/\/www.notibras.com\/site\/#website\"},\"primaryImageOfPage\":{\"@id\":\"https:\/\/www.notibras.com\/site\/os-tres-reis-magos-misterio-e-sabedoria-ancestral\/#primaryimage\"},\"image\":{\"@id\":\"https:\/\/www.notibras.com\/site\/os-tres-reis-magos-misterio-e-sabedoria-ancestral\/#primaryimage\"},\"thumbnailUrl\":\"https:\/\/www.notibras.com\/site\/wp-content\/uploads\/2026\/01\/8152f4da-09e9-46cb-b3a8-794f27cff1e4.jpg\",\"datePublished\":\"2026-01-06T11:57:02+00:00\",\"breadcrumb\":{\"@id\":\"https:\/\/www.notibras.com\/site\/os-tres-reis-magos-misterio-e-sabedoria-ancestral\/#breadcrumb\"},\"inLanguage\":\"pt-BR\",\"potentialAction\":[{\"@type\":\"ReadAction\",\"target\":[\"https:\/\/www.notibras.com\/site\/os-tres-reis-magos-misterio-e-sabedoria-ancestral\/\"]}]},{\"@type\":\"ImageObject\",\"inLanguage\":\"pt-BR\",\"@id\":\"https:\/\/www.notibras.com\/site\/os-tres-reis-magos-misterio-e-sabedoria-ancestral\/#primaryimage\",\"url\":\"https:\/\/www.notibras.com\/site\/wp-content\/uploads\/2026\/01\/8152f4da-09e9-46cb-b3a8-794f27cff1e4.jpg\",\"contentUrl\":\"https:\/\/www.notibras.com\/site\/wp-content\/uploads\/2026\/01\/8152f4da-09e9-46cb-b3a8-794f27cff1e4.jpg\",\"width\":1536,\"height\":1024},{\"@type\":\"BreadcrumbList\",\"@id\":\"https:\/\/www.notibras.com\/site\/os-tres-reis-magos-misterio-e-sabedoria-ancestral\/#breadcrumb\",\"itemListElement\":[{\"@type\":\"ListItem\",\"position\":1,\"name\":\"In\u00edcio\",\"item\":\"https:\/\/www.notibras.com\/site\/\"},{\"@type\":\"ListItem\",\"position\":2,\"name\":\"Os Tr\u00eas Reis Magos, mist\u00e9rio e sabedoria ancestral\"}]},{\"@type\":\"WebSite\",\"@id\":\"https:\/\/www.notibras.com\/site\/#website\",\"url\":\"https:\/\/www.notibras.com\/site\/\",\"name\":\"Notibras\",\"description\":\"Not\u00edcias de Bras\u00edlia, do Brasil e do Mundo\",\"publisher\":{\"@id\":\"https:\/\/www.notibras.com\/site\/#organization\"},\"potentialAction\":[{\"@type\":\"SearchAction\",\"target\":{\"@type\":\"EntryPoint\",\"urlTemplate\":\"https:\/\/www.notibras.com\/site\/?s={search_term_string}\"},\"query-input\":{\"@type\":\"PropertyValueSpecification\",\"valueRequired\":true,\"valueName\":\"search_term_string\"}}],\"inLanguage\":\"pt-BR\"},{\"@type\":\"Organization\",\"@id\":\"https:\/\/www.notibras.com\/site\/#organization\",\"name\":\"Grupo Notibras de Comunica\u00e7\u00e3o\",\"url\":\"https:\/\/www.notibras.com\/site\/\",\"logo\":{\"@type\":\"ImageObject\",\"inLanguage\":\"pt-BR\",\"@id\":\"https:\/\/www.notibras.com\/site\/#\/schema\/logo\/image\/\",\"url\":\"https:\/\/www.notibras.com\/site\/wp-content\/uploads\/2023\/01\/notibras23.png\",\"contentUrl\":\"https:\/\/www.notibras.com\/site\/wp-content\/uploads\/2023\/01\/notibras23.png\",\"width\":350,\"height\":87,\"caption\":\"Grupo Notibras de Comunica\u00e7\u00e3o\"},\"image\":{\"@id\":\"https:\/\/www.notibras.com\/site\/#\/schema\/logo\/image\/\"},\"sameAs\":[\"https:\/\/www.facebook.com\/notibras\/\",\"https:\/\/x.com\/Notibras\",\"https:\/\/www.instagram.com\/notibras\/\"]},{\"@type\":\"Person\",\"@id\":\"https:\/\/www.notibras.com\/site\/#\/schema\/person\/36ab0979449956132d3e5b517ea76ac8\",\"name\":\"Reda\u00e7\u00e3o\",\"image\":{\"@type\":\"ImageObject\",\"inLanguage\":\"pt-BR\",\"@id\":\"https:\/\/secure.gravatar.com\/avatar\/e0a867bdedb85fd243eadf09663511f96fc81e0720a4a42581f334ad4303aa6b?s=96&d=mm&r=g\",\"url\":\"https:\/\/secure.gravatar.com\/avatar\/e0a867bdedb85fd243eadf09663511f96fc81e0720a4a42581f334ad4303aa6b?s=96&d=mm&r=g\",\"contentUrl\":\"https:\/\/secure.gravatar.com\/avatar\/e0a867bdedb85fd243eadf09663511f96fc81e0720a4a42581f334ad4303aa6b?s=96&d=mm&r=g\",\"caption\":\"Reda\u00e7\u00e3o\"}}]}<\/script>\n<!-- \/ Yoast SEO plugin. -->","yoast_head_json":{"title":"Os Tr\u00eas Reis Magos, mist\u00e9rio e sabedoria ancestral - Notibras","robots":{"index":"index","follow":"follow","max-snippet":"max-snippet:-1","max-image-preview":"max-image-preview:large","max-video-preview":"max-video-preview:-1"},"canonical":"https:\/\/www.notibras.com\/site\/os-tres-reis-magos-misterio-e-sabedoria-ancestral\/","og_locale":"pt_BR","og_type":"article","og_title":"Os Tr\u00eas Reis Magos, mist\u00e9rio e sabedoria ancestral - Notibras","og_description":"O dia seis de janeiro marca a chegada dos Tr\u00eas Reis Magos a Bel\u00e9m, trazendo os presentes para o menino Jesus, todos iluminados pela estrela do firmamento. Por analogia, o seis de janeiro, corresponde \u00e0 Quarta-Feira de Cinzas. Tanto um como outro remetem ao encerramento dos festejos comemorativos, o primeiro do Natal, o segundo do [&hellip;]","og_url":"https:\/\/www.notibras.com\/site\/os-tres-reis-magos-misterio-e-sabedoria-ancestral\/","og_site_name":"Notibras","article_publisher":"https:\/\/www.facebook.com\/notibras\/","article_published_time":"2026-01-06T11:57:02+00:00","og_image":[{"width":1536,"height":1024,"url":"https:\/\/www.notibras.com\/site\/wp-content\/uploads\/2026\/01\/8152f4da-09e9-46cb-b3a8-794f27cff1e4.jpg","type":"image\/jpeg"}],"author":"Reda\u00e7\u00e3o","twitter_card":"summary_large_image","twitter_creator":"@Notibras","twitter_site":"@Notibras","twitter_misc":{"Escrito por":"Reda\u00e7\u00e3o","Est. tempo de leitura":"4 minutos"},"schema":{"@context":"https:\/\/schema.org","@graph":[{"@type":"Article","@id":"https:\/\/www.notibras.com\/site\/os-tres-reis-magos-misterio-e-sabedoria-ancestral\/#article","isPartOf":{"@id":"https:\/\/www.notibras.com\/site\/os-tres-reis-magos-misterio-e-sabedoria-ancestral\/"},"author":{"name":"Reda\u00e7\u00e3o","@id":"https:\/\/www.notibras.com\/site\/#\/schema\/person\/36ab0979449956132d3e5b517ea76ac8"},"headline":"Os Tr\u00eas Reis Magos, mist\u00e9rio e sabedoria ancestral","datePublished":"2026-01-06T11:57:02+00:00","mainEntityOfPage":{"@id":"https:\/\/www.notibras.com\/site\/os-tres-reis-magos-misterio-e-sabedoria-ancestral\/"},"wordCount":680,"publisher":{"@id":"https:\/\/www.notibras.com\/site\/#organization"},"image":{"@id":"https:\/\/www.notibras.com\/site\/os-tres-reis-magos-misterio-e-sabedoria-ancestral\/#primaryimage"},"thumbnailUrl":"https:\/\/www.notibras.com\/site\/wp-content\/uploads\/2026\/01\/8152f4da-09e9-46cb-b3a8-794f27cff1e4.jpg","articleSection":["Or\u00e1culos"],"inLanguage":"pt-BR"},{"@type":"WebPage","@id":"https:\/\/www.notibras.com\/site\/os-tres-reis-magos-misterio-e-sabedoria-ancestral\/","url":"https:\/\/www.notibras.com\/site\/os-tres-reis-magos-misterio-e-sabedoria-ancestral\/","name":"Os Tr\u00eas Reis Magos, mist\u00e9rio e sabedoria ancestral - Notibras","isPartOf":{"@id":"https:\/\/www.notibras.com\/site\/#website"},"primaryImageOfPage":{"@id":"https:\/\/www.notibras.com\/site\/os-tres-reis-magos-misterio-e-sabedoria-ancestral\/#primaryimage"},"image":{"@id":"https:\/\/www.notibras.com\/site\/os-tres-reis-magos-misterio-e-sabedoria-ancestral\/#primaryimage"},"thumbnailUrl":"https:\/\/www.notibras.com\/site\/wp-content\/uploads\/2026\/01\/8152f4da-09e9-46cb-b3a8-794f27cff1e4.jpg","datePublished":"2026-01-06T11:57:02+00:00","breadcrumb":{"@id":"https:\/\/www.notibras.com\/site\/os-tres-reis-magos-misterio-e-sabedoria-ancestral\/#breadcrumb"},"inLanguage":"pt-BR","potentialAction":[{"@type":"ReadAction","target":["https:\/\/www.notibras.com\/site\/os-tres-reis-magos-misterio-e-sabedoria-ancestral\/"]}]},{"@type":"ImageObject","inLanguage":"pt-BR","@id":"https:\/\/www.notibras.com\/site\/os-tres-reis-magos-misterio-e-sabedoria-ancestral\/#primaryimage","url":"https:\/\/www.notibras.com\/site\/wp-content\/uploads\/2026\/01\/8152f4da-09e9-46cb-b3a8-794f27cff1e4.jpg","contentUrl":"https:\/\/www.notibras.com\/site\/wp-content\/uploads\/2026\/01\/8152f4da-09e9-46cb-b3a8-794f27cff1e4.jpg","width":1536,"height":1024},{"@type":"BreadcrumbList","@id":"https:\/\/www.notibras.com\/site\/os-tres-reis-magos-misterio-e-sabedoria-ancestral\/#breadcrumb","itemListElement":[{"@type":"ListItem","position":1,"name":"In\u00edcio","item":"https:\/\/www.notibras.com\/site\/"},{"@type":"ListItem","position":2,"name":"Os Tr\u00eas Reis Magos, mist\u00e9rio e sabedoria ancestral"}]},{"@type":"WebSite","@id":"https:\/\/www.notibras.com\/site\/#website","url":"https:\/\/www.notibras.com\/site\/","name":"Notibras","description":"Not\u00edcias de Bras\u00edlia, do Brasil e do Mundo","publisher":{"@id":"https:\/\/www.notibras.com\/site\/#organization"},"potentialAction":[{"@type":"SearchAction","target":{"@type":"EntryPoint","urlTemplate":"https:\/\/www.notibras.com\/site\/?s={search_term_string}"},"query-input":{"@type":"PropertyValueSpecification","valueRequired":true,"valueName":"search_term_string"}}],"inLanguage":"pt-BR"},{"@type":"Organization","@id":"https:\/\/www.notibras.com\/site\/#organization","name":"Grupo Notibras de Comunica\u00e7\u00e3o","url":"https:\/\/www.notibras.com\/site\/","logo":{"@type":"ImageObject","inLanguage":"pt-BR","@id":"https:\/\/www.notibras.com\/site\/#\/schema\/logo\/image\/","url":"https:\/\/www.notibras.com\/site\/wp-content\/uploads\/2023\/01\/notibras23.png","contentUrl":"https:\/\/www.notibras.com\/site\/wp-content\/uploads\/2023\/01\/notibras23.png","width":350,"height":87,"caption":"Grupo Notibras de Comunica\u00e7\u00e3o"},"image":{"@id":"https:\/\/www.notibras.com\/site\/#\/schema\/logo\/image\/"},"sameAs":["https:\/\/www.facebook.com\/notibras\/","https:\/\/x.com\/Notibras","https:\/\/www.instagram.com\/notibras\/"]},{"@type":"Person","@id":"https:\/\/www.notibras.com\/site\/#\/schema\/person\/36ab0979449956132d3e5b517ea76ac8","name":"Reda\u00e7\u00e3o","image":{"@type":"ImageObject","inLanguage":"pt-BR","@id":"https:\/\/secure.gravatar.com\/avatar\/e0a867bdedb85fd243eadf09663511f96fc81e0720a4a42581f334ad4303aa6b?s=96&d=mm&r=g","url":"https:\/\/secure.gravatar.com\/avatar\/e0a867bdedb85fd243eadf09663511f96fc81e0720a4a42581f334ad4303aa6b?s=96&d=mm&r=g","contentUrl":"https:\/\/secure.gravatar.com\/avatar\/e0a867bdedb85fd243eadf09663511f96fc81e0720a4a42581f334ad4303aa6b?s=96&d=mm&r=g","caption":"Reda\u00e7\u00e3o"}}]}},"amp_enabled":true,"_links":{"self":[{"href":"https:\/\/www.notibras.com\/site\/wp-json\/wp\/v2\/posts\/377942","targetHints":{"allow":["GET"]}}],"collection":[{"href":"https:\/\/www.notibras.com\/site\/wp-json\/wp\/v2\/posts"}],"about":[{"href":"https:\/\/www.notibras.com\/site\/wp-json\/wp\/v2\/types\/post"}],"author":[{"embeddable":true,"href":"https:\/\/www.notibras.com\/site\/wp-json\/wp\/v2\/users\/2"}],"replies":[{"embeddable":true,"href":"https:\/\/www.notibras.com\/site\/wp-json\/wp\/v2\/comments?post=377942"}],"version-history":[{"count":1,"href":"https:\/\/www.notibras.com\/site\/wp-json\/wp\/v2\/posts\/377942\/revisions"}],"predecessor-version":[{"id":377944,"href":"https:\/\/www.notibras.com\/site\/wp-json\/wp\/v2\/posts\/377942\/revisions\/377944"}],"wp:featuredmedia":[{"embeddable":true,"href":"https:\/\/www.notibras.com\/site\/wp-json\/wp\/v2\/media\/377943"}],"wp:attachment":[{"href":"https:\/\/www.notibras.com\/site\/wp-json\/wp\/v2\/media?parent=377942"}],"wp:term":[{"taxonomy":"category","embeddable":true,"href":"https:\/\/www.notibras.com\/site\/wp-json\/wp\/v2\/categories?post=377942"},{"taxonomy":"post_tag","embeddable":true,"href":"https:\/\/www.notibras.com\/site\/wp-json\/wp\/v2\/tags?post=377942"}],"curies":[{"name":"wp","href":"https:\/\/api.w.org\/{rel}","templated":true}]}}