{"id":377945,"date":"2026-01-10T01:15:11","date_gmt":"2026-01-10T04:15:11","guid":{"rendered":"https:\/\/www.notibras.com\/site\/?p=377945"},"modified":"2026-01-10T06:23:41","modified_gmt":"2026-01-10T09:23:41","slug":"onde-moravam-a-infancia-e-as-ilusoes-de-bento","status":"publish","type":"post","link":"https:\/\/www.notibras.com\/site\/onde-moravam-a-infancia-e-as-ilusoes-de-bento\/","title":{"rendered":"ONDE MORAVAM A INF\u00c2NCIA E AS ILUS\u00d5ES DE BENTO"},"content":{"rendered":"<p>Um dia, um garoto chamado Bento, pelas janelas turvas da loja da fam\u00edlia, especializada em especiarias, observava a grande atra\u00e7\u00e3o da cidade. Em frente \u00e0 loja havia uma ponte e, ao longe, no fim dela, uma ilha. Bento se perguntava o que poderia existir ou habitar naquele peda\u00e7o de terra para onde, todos os dias, tantos turistas iam.<\/p>\n<p>Ainda pequeno, desobedecia a m\u00e3e e, em vez de separar a p\u00e1prica do a\u00e7afr\u00e3o, decidiu perguntar aos visitantes o que havia na ilha. O m\u00e1ximo que recebia era um: \u201cEi, moleque, sai da cal\u00e7ada!\u201d. Mesmo assim, insistia em pensar: \u201cUm dia vou crescer, atravessar essa ponte e ser feliz\u201d.<\/p>\n<p>Dedicado, voltou ao trabalho e ajudou a m\u00e3e ano ap\u00f3s ano. A pergunta, por\u00e9m, n\u00e3o o deixava. At\u00e9 que, no dia 22 de mar\u00e7o de 2002, completou dezoito anos. A m\u00e3e, orgulhosa, disse: \u201cOlha meu filho, t\u00e3o crescido\u2026 j\u00e1 est\u00e1 um rapaz\u201d. Ele pegou a mochila e partiu em sua jornada para ir at\u00e9 a ilha.<\/p>\n<p>Passaram-se seis dias de caminhada, at\u00e9 que encontrou um v\u00e3o enorme no meio da ponte. \u201cComo vou atravessar isso?\u201d, pensou. Ent\u00e3o deu quatro passos para tr\u00e1s, respirou fundo, tomou impulso e saltou. Ao cair do outro lado, correu em dire\u00e7\u00e3o \u00e0 ilha sonhada, como se n\u00e3o pudesse perder mais nada pelo caminho.<\/p>\n<p>De longe, ouviu gritos infantis e felizes. Estranhou aquele som vindo do lugar que imaginava perfeito. Ao se aproximar, viu apenas uma crian\u00e7a, cantarolando uma m\u00fasica inventada enquanto chupava um pirulito devagarinho.<\/p>\n<p>Curioso, Bento gritou:<\/p>\n<p>\u2014 Ei, moleque!<\/p>\n<p>O menino se virou lentamente. Foi ent\u00e3o que Bento percebeu: era ele mesmo, em outra idade. Congelou por completo e deixou escapar uma l\u00e1grima. Naquele instante, entendeu que tinha imaginado um para\u00edso sem preocupa\u00e7\u00f5es e que a promessa do caminho para o \u201cf\u00e1cil\u201d da vida sempre cobra caro para existir.<\/p>\n<p>Quando enfim pisou na ilha, deparou-se com o nada. E compreendeu que tudo aquilo era uma vis\u00e3o: uma ilus\u00e3o que a gan\u00e2ncia lhe havia oferecido.<\/p>\n<p>A ponte era o caminho da gan\u00e2ncia; o v\u00e3o, os conselhos alheios; e a t\u00e3o sonhada ilha, a consequ\u00eancia de tudo isso.<\/p>\n<p><strong>&#8230;&#8230;&#8230;&#8230;&#8230;&#8230;&#8230;<\/strong><\/p>\n<p><strong>Francisco Filipino, mineiro de Juiz de Fora, tem 11 anos e \u00e9 filho do poeta Daniel Marchi. Contribui regularmente para Notibras com suas artes criadas digitalmente.<\/strong><\/p>\n","protected":false},"excerpt":{"rendered":"<p>Um dia, um garoto chamado Bento, pelas janelas turvas da loja da fam\u00edlia, especializada em especiarias, observava a grande atra\u00e7\u00e3o da cidade. Em frente \u00e0 loja havia uma ponte e, ao longe, no fim dela, uma ilha. Bento se perguntava o que poderia existir ou habitar naquele peda\u00e7o de terra para onde, todos os dias, [&hellip;]<\/p>\n","protected":false},"author":21,"featured_media":377949,"comment_status":"closed","ping_status":"closed","sticky":false,"template":"","format":"standard","meta":{"_acf_changed":false,"footnotes":""},"categories":[234],"tags":[],"class_list":["post-377945","post","type-post","status-publish","format-standard","has-post-thumbnail","hentry","category-cafe-literario"],"acf":[],"yoast_head":"<!-- This site is optimized with the Yoast SEO plugin v27.2 - https:\/\/yoast.com\/product\/yoast-seo-wordpress\/ -->\n<title>ONDE MORAVAM A INF\u00c2NCIA E AS ILUS\u00d5ES DE BENTO - Notibras<\/title>\n<meta name=\"robots\" content=\"index, follow, max-snippet:-1, max-image-preview:large, max-video-preview:-1\" \/>\n<link rel=\"canonical\" href=\"https:\/\/www.notibras.com\/site\/onde-moravam-a-infancia-e-as-ilusoes-de-bento\/\" \/>\n<meta property=\"og:locale\" content=\"pt_BR\" \/>\n<meta property=\"og:type\" content=\"article\" \/>\n<meta property=\"og:title\" content=\"ONDE MORAVAM A INF\u00c2NCIA E AS ILUS\u00d5ES DE BENTO - Notibras\" \/>\n<meta property=\"og:description\" content=\"Um dia, um garoto chamado Bento, pelas janelas turvas da loja da fam\u00edlia, especializada em especiarias, observava a grande atra\u00e7\u00e3o da cidade. Em frente \u00e0 loja havia uma ponte e, ao longe, no fim dela, uma ilha. Bento se perguntava o que poderia existir ou habitar naquele peda\u00e7o de terra para onde, todos os dias, [&hellip;]\" \/>\n<meta property=\"og:url\" content=\"https:\/\/www.notibras.com\/site\/onde-moravam-a-infancia-e-as-ilusoes-de-bento\/\" \/>\n<meta property=\"og:site_name\" content=\"Notibras\" \/>\n<meta property=\"article:publisher\" content=\"https:\/\/www.facebook.com\/notibras\/\" \/>\n<meta property=\"article:published_time\" content=\"2026-01-10T04:15:11+00:00\" \/>\n<meta property=\"article:modified_time\" content=\"2026-01-10T09:23:41+00:00\" \/>\n<meta property=\"og:image\" content=\"https:\/\/www.notibras.com\/site\/wp-content\/uploads\/2026\/01\/ChatGPT-Image-6_01_2026-11_14_11-683x1024.png\" \/>\n\t<meta property=\"og:image:width\" content=\"683\" \/>\n\t<meta property=\"og:image:height\" content=\"1024\" \/>\n\t<meta property=\"og:image:type\" content=\"image\/png\" \/>\n<meta name=\"author\" content=\"Eduardo Mart\u00ednez\" \/>\n<meta name=\"twitter:card\" content=\"summary_large_image\" \/>\n<meta name=\"twitter:creator\" content=\"@Notibras\" \/>\n<meta name=\"twitter:site\" content=\"@Notibras\" \/>\n<meta name=\"twitter:label1\" content=\"Escrito por\" \/>\n\t<meta name=\"twitter:data1\" content=\"Eduardo Mart\u00ednez\" \/>\n\t<meta name=\"twitter:label2\" content=\"Est. tempo de leitura\" \/>\n\t<meta name=\"twitter:data2\" content=\"3 minutos\" \/>\n<script type=\"application\/ld+json\" class=\"yoast-schema-graph\">{\"@context\":\"https:\/\/schema.org\",\"@graph\":[{\"@type\":\"Article\",\"@id\":\"https:\/\/www.notibras.com\/site\/onde-moravam-a-infancia-e-as-ilusoes-de-bento\/#article\",\"isPartOf\":{\"@id\":\"https:\/\/www.notibras.com\/site\/onde-moravam-a-infancia-e-as-ilusoes-de-bento\/\"},\"author\":{\"name\":\"Eduardo Mart\u00ednez\",\"@id\":\"https:\/\/www.notibras.com\/site\/#\/schema\/person\/5b7fabf2aedc3ada2105f03b22b4d3dd\"},\"headline\":\"ONDE MORAVAM A INF\u00c2NCIA E AS ILUS\u00d5ES DE BENTO\",\"datePublished\":\"2026-01-10T04:15:11+00:00\",\"dateModified\":\"2026-01-10T09:23:41+00:00\",\"mainEntityOfPage\":{\"@id\":\"https:\/\/www.notibras.com\/site\/onde-moravam-a-infancia-e-as-ilusoes-de-bento\/\"},\"wordCount\":415,\"publisher\":{\"@id\":\"https:\/\/www.notibras.com\/site\/#organization\"},\"image\":{\"@id\":\"https:\/\/www.notibras.com\/site\/onde-moravam-a-infancia-e-as-ilusoes-de-bento\/#primaryimage\"},\"thumbnailUrl\":\"https:\/\/www.notibras.com\/site\/wp-content\/uploads\/2026\/01\/ChatGPT-Image-6_01_2026-11_14_11.png\",\"articleSection\":[\"Caf\u00e9 Liter\u00e1rio\"],\"inLanguage\":\"pt-BR\"},{\"@type\":\"WebPage\",\"@id\":\"https:\/\/www.notibras.com\/site\/onde-moravam-a-infancia-e-as-ilusoes-de-bento\/\",\"url\":\"https:\/\/www.notibras.com\/site\/onde-moravam-a-infancia-e-as-ilusoes-de-bento\/\",\"name\":\"ONDE MORAVAM A INF\u00c2NCIA E AS ILUS\u00d5ES DE BENTO - Notibras\",\"isPartOf\":{\"@id\":\"https:\/\/www.notibras.com\/site\/#website\"},\"primaryImageOfPage\":{\"@id\":\"https:\/\/www.notibras.com\/site\/onde-moravam-a-infancia-e-as-ilusoes-de-bento\/#primaryimage\"},\"image\":{\"@id\":\"https:\/\/www.notibras.com\/site\/onde-moravam-a-infancia-e-as-ilusoes-de-bento\/#primaryimage\"},\"thumbnailUrl\":\"https:\/\/www.notibras.com\/site\/wp-content\/uploads\/2026\/01\/ChatGPT-Image-6_01_2026-11_14_11.png\",\"datePublished\":\"2026-01-10T04:15:11+00:00\",\"dateModified\":\"2026-01-10T09:23:41+00:00\",\"breadcrumb\":{\"@id\":\"https:\/\/www.notibras.com\/site\/onde-moravam-a-infancia-e-as-ilusoes-de-bento\/#breadcrumb\"},\"inLanguage\":\"pt-BR\",\"potentialAction\":[{\"@type\":\"ReadAction\",\"target\":[\"https:\/\/www.notibras.com\/site\/onde-moravam-a-infancia-e-as-ilusoes-de-bento\/\"]}]},{\"@type\":\"ImageObject\",\"inLanguage\":\"pt-BR\",\"@id\":\"https:\/\/www.notibras.com\/site\/onde-moravam-a-infancia-e-as-ilusoes-de-bento\/#primaryimage\",\"url\":\"https:\/\/www.notibras.com\/site\/wp-content\/uploads\/2026\/01\/ChatGPT-Image-6_01_2026-11_14_11.png\",\"contentUrl\":\"https:\/\/www.notibras.com\/site\/wp-content\/uploads\/2026\/01\/ChatGPT-Image-6_01_2026-11_14_11.png\",\"width\":1024,\"height\":1536},{\"@type\":\"BreadcrumbList\",\"@id\":\"https:\/\/www.notibras.com\/site\/onde-moravam-a-infancia-e-as-ilusoes-de-bento\/#breadcrumb\",\"itemListElement\":[{\"@type\":\"ListItem\",\"position\":1,\"name\":\"In\u00edcio\",\"item\":\"https:\/\/www.notibras.com\/site\/\"},{\"@type\":\"ListItem\",\"position\":2,\"name\":\"ONDE MORAVAM A INF\u00c2NCIA E AS ILUS\u00d5ES DE BENTO\"}]},{\"@type\":\"WebSite\",\"@id\":\"https:\/\/www.notibras.com\/site\/#website\",\"url\":\"https:\/\/www.notibras.com\/site\/\",\"name\":\"Notibras\",\"description\":\"Not\u00edcias de Bras\u00edlia, do Brasil e do Mundo\",\"publisher\":{\"@id\":\"https:\/\/www.notibras.com\/site\/#organization\"},\"potentialAction\":[{\"@type\":\"SearchAction\",\"target\":{\"@type\":\"EntryPoint\",\"urlTemplate\":\"https:\/\/www.notibras.com\/site\/?s={search_term_string}\"},\"query-input\":{\"@type\":\"PropertyValueSpecification\",\"valueRequired\":true,\"valueName\":\"search_term_string\"}}],\"inLanguage\":\"pt-BR\"},{\"@type\":\"Organization\",\"@id\":\"https:\/\/www.notibras.com\/site\/#organization\",\"name\":\"Grupo Notibras de Comunica\u00e7\u00e3o\",\"url\":\"https:\/\/www.notibras.com\/site\/\",\"logo\":{\"@type\":\"ImageObject\",\"inLanguage\":\"pt-BR\",\"@id\":\"https:\/\/www.notibras.com\/site\/#\/schema\/logo\/image\/\",\"url\":\"https:\/\/www.notibras.com\/site\/wp-content\/uploads\/2023\/01\/notibras23.png\",\"contentUrl\":\"https:\/\/www.notibras.com\/site\/wp-content\/uploads\/2023\/01\/notibras23.png\",\"width\":350,\"height\":87,\"caption\":\"Grupo Notibras de Comunica\u00e7\u00e3o\"},\"image\":{\"@id\":\"https:\/\/www.notibras.com\/site\/#\/schema\/logo\/image\/\"},\"sameAs\":[\"https:\/\/www.facebook.com\/notibras\/\",\"https:\/\/x.com\/Notibras\",\"https:\/\/www.instagram.com\/notibras\/\"]},{\"@type\":\"Person\",\"@id\":\"https:\/\/www.notibras.com\/site\/#\/schema\/person\/5b7fabf2aedc3ada2105f03b22b4d3dd\",\"name\":\"Eduardo Mart\u00ednez\",\"image\":{\"@type\":\"ImageObject\",\"inLanguage\":\"pt-BR\",\"@id\":\"https:\/\/secure.gravatar.com\/avatar\/7902f906289926289cbcda644b5197c796b893c6ffd7b9a536a42d290f7704a0?s=96&d=mm&r=g\",\"url\":\"https:\/\/secure.gravatar.com\/avatar\/7902f906289926289cbcda644b5197c796b893c6ffd7b9a536a42d290f7704a0?s=96&d=mm&r=g\",\"contentUrl\":\"https:\/\/secure.gravatar.com\/avatar\/7902f906289926289cbcda644b5197c796b893c6ffd7b9a536a42d290f7704a0?s=96&d=mm&r=g\",\"caption\":\"Eduardo Mart\u00ednez\"}}]}<\/script>\n<!-- \/ Yoast SEO plugin. -->","yoast_head_json":{"title":"ONDE MORAVAM A INF\u00c2NCIA E AS ILUS\u00d5ES DE BENTO - Notibras","robots":{"index":"index","follow":"follow","max-snippet":"max-snippet:-1","max-image-preview":"max-image-preview:large","max-video-preview":"max-video-preview:-1"},"canonical":"https:\/\/www.notibras.com\/site\/onde-moravam-a-infancia-e-as-ilusoes-de-bento\/","og_locale":"pt_BR","og_type":"article","og_title":"ONDE MORAVAM A INF\u00c2NCIA E AS ILUS\u00d5ES DE BENTO - Notibras","og_description":"Um dia, um garoto chamado Bento, pelas janelas turvas da loja da fam\u00edlia, especializada em especiarias, observava a grande atra\u00e7\u00e3o da cidade. Em frente \u00e0 loja havia uma ponte e, ao longe, no fim dela, uma ilha. Bento se perguntava o que poderia existir ou habitar naquele peda\u00e7o de terra para onde, todos os dias, [&hellip;]","og_url":"https:\/\/www.notibras.com\/site\/onde-moravam-a-infancia-e-as-ilusoes-de-bento\/","og_site_name":"Notibras","article_publisher":"https:\/\/www.facebook.com\/notibras\/","article_published_time":"2026-01-10T04:15:11+00:00","article_modified_time":"2026-01-10T09:23:41+00:00","og_image":[{"width":683,"height":1024,"url":"https:\/\/www.notibras.com\/site\/wp-content\/uploads\/2026\/01\/ChatGPT-Image-6_01_2026-11_14_11-683x1024.png","type":"image\/png"}],"author":"Eduardo Mart\u00ednez","twitter_card":"summary_large_image","twitter_creator":"@Notibras","twitter_site":"@Notibras","twitter_misc":{"Escrito por":"Eduardo Mart\u00ednez","Est. tempo de leitura":"3 minutos"},"schema":{"@context":"https:\/\/schema.org","@graph":[{"@type":"Article","@id":"https:\/\/www.notibras.com\/site\/onde-moravam-a-infancia-e-as-ilusoes-de-bento\/#article","isPartOf":{"@id":"https:\/\/www.notibras.com\/site\/onde-moravam-a-infancia-e-as-ilusoes-de-bento\/"},"author":{"name":"Eduardo Mart\u00ednez","@id":"https:\/\/www.notibras.com\/site\/#\/schema\/person\/5b7fabf2aedc3ada2105f03b22b4d3dd"},"headline":"ONDE MORAVAM A INF\u00c2NCIA E AS ILUS\u00d5ES DE BENTO","datePublished":"2026-01-10T04:15:11+00:00","dateModified":"2026-01-10T09:23:41+00:00","mainEntityOfPage":{"@id":"https:\/\/www.notibras.com\/site\/onde-moravam-a-infancia-e-as-ilusoes-de-bento\/"},"wordCount":415,"publisher":{"@id":"https:\/\/www.notibras.com\/site\/#organization"},"image":{"@id":"https:\/\/www.notibras.com\/site\/onde-moravam-a-infancia-e-as-ilusoes-de-bento\/#primaryimage"},"thumbnailUrl":"https:\/\/www.notibras.com\/site\/wp-content\/uploads\/2026\/01\/ChatGPT-Image-6_01_2026-11_14_11.png","articleSection":["Caf\u00e9 Liter\u00e1rio"],"inLanguage":"pt-BR"},{"@type":"WebPage","@id":"https:\/\/www.notibras.com\/site\/onde-moravam-a-infancia-e-as-ilusoes-de-bento\/","url":"https:\/\/www.notibras.com\/site\/onde-moravam-a-infancia-e-as-ilusoes-de-bento\/","name":"ONDE MORAVAM A INF\u00c2NCIA E AS ILUS\u00d5ES DE BENTO - Notibras","isPartOf":{"@id":"https:\/\/www.notibras.com\/site\/#website"},"primaryImageOfPage":{"@id":"https:\/\/www.notibras.com\/site\/onde-moravam-a-infancia-e-as-ilusoes-de-bento\/#primaryimage"},"image":{"@id":"https:\/\/www.notibras.com\/site\/onde-moravam-a-infancia-e-as-ilusoes-de-bento\/#primaryimage"},"thumbnailUrl":"https:\/\/www.notibras.com\/site\/wp-content\/uploads\/2026\/01\/ChatGPT-Image-6_01_2026-11_14_11.png","datePublished":"2026-01-10T04:15:11+00:00","dateModified":"2026-01-10T09:23:41+00:00","breadcrumb":{"@id":"https:\/\/www.notibras.com\/site\/onde-moravam-a-infancia-e-as-ilusoes-de-bento\/#breadcrumb"},"inLanguage":"pt-BR","potentialAction":[{"@type":"ReadAction","target":["https:\/\/www.notibras.com\/site\/onde-moravam-a-infancia-e-as-ilusoes-de-bento\/"]}]},{"@type":"ImageObject","inLanguage":"pt-BR","@id":"https:\/\/www.notibras.com\/site\/onde-moravam-a-infancia-e-as-ilusoes-de-bento\/#primaryimage","url":"https:\/\/www.notibras.com\/site\/wp-content\/uploads\/2026\/01\/ChatGPT-Image-6_01_2026-11_14_11.png","contentUrl":"https:\/\/www.notibras.com\/site\/wp-content\/uploads\/2026\/01\/ChatGPT-Image-6_01_2026-11_14_11.png","width":1024,"height":1536},{"@type":"BreadcrumbList","@id":"https:\/\/www.notibras.com\/site\/onde-moravam-a-infancia-e-as-ilusoes-de-bento\/#breadcrumb","itemListElement":[{"@type":"ListItem","position":1,"name":"In\u00edcio","item":"https:\/\/www.notibras.com\/site\/"},{"@type":"ListItem","position":2,"name":"ONDE MORAVAM A INF\u00c2NCIA E AS ILUS\u00d5ES DE BENTO"}]},{"@type":"WebSite","@id":"https:\/\/www.notibras.com\/site\/#website","url":"https:\/\/www.notibras.com\/site\/","name":"Notibras","description":"Not\u00edcias de Bras\u00edlia, do Brasil e do Mundo","publisher":{"@id":"https:\/\/www.notibras.com\/site\/#organization"},"potentialAction":[{"@type":"SearchAction","target":{"@type":"EntryPoint","urlTemplate":"https:\/\/www.notibras.com\/site\/?s={search_term_string}"},"query-input":{"@type":"PropertyValueSpecification","valueRequired":true,"valueName":"search_term_string"}}],"inLanguage":"pt-BR"},{"@type":"Organization","@id":"https:\/\/www.notibras.com\/site\/#organization","name":"Grupo Notibras de Comunica\u00e7\u00e3o","url":"https:\/\/www.notibras.com\/site\/","logo":{"@type":"ImageObject","inLanguage":"pt-BR","@id":"https:\/\/www.notibras.com\/site\/#\/schema\/logo\/image\/","url":"https:\/\/www.notibras.com\/site\/wp-content\/uploads\/2023\/01\/notibras23.png","contentUrl":"https:\/\/www.notibras.com\/site\/wp-content\/uploads\/2023\/01\/notibras23.png","width":350,"height":87,"caption":"Grupo Notibras de Comunica\u00e7\u00e3o"},"image":{"@id":"https:\/\/www.notibras.com\/site\/#\/schema\/logo\/image\/"},"sameAs":["https:\/\/www.facebook.com\/notibras\/","https:\/\/x.com\/Notibras","https:\/\/www.instagram.com\/notibras\/"]},{"@type":"Person","@id":"https:\/\/www.notibras.com\/site\/#\/schema\/person\/5b7fabf2aedc3ada2105f03b22b4d3dd","name":"Eduardo Mart\u00ednez","image":{"@type":"ImageObject","inLanguage":"pt-BR","@id":"https:\/\/secure.gravatar.com\/avatar\/7902f906289926289cbcda644b5197c796b893c6ffd7b9a536a42d290f7704a0?s=96&d=mm&r=g","url":"https:\/\/secure.gravatar.com\/avatar\/7902f906289926289cbcda644b5197c796b893c6ffd7b9a536a42d290f7704a0?s=96&d=mm&r=g","contentUrl":"https:\/\/secure.gravatar.com\/avatar\/7902f906289926289cbcda644b5197c796b893c6ffd7b9a536a42d290f7704a0?s=96&d=mm&r=g","caption":"Eduardo Mart\u00ednez"}}]}},"amp_enabled":true,"_links":{"self":[{"href":"https:\/\/www.notibras.com\/site\/wp-json\/wp\/v2\/posts\/377945","targetHints":{"allow":["GET"]}}],"collection":[{"href":"https:\/\/www.notibras.com\/site\/wp-json\/wp\/v2\/posts"}],"about":[{"href":"https:\/\/www.notibras.com\/site\/wp-json\/wp\/v2\/types\/post"}],"author":[{"embeddable":true,"href":"https:\/\/www.notibras.com\/site\/wp-json\/wp\/v2\/users\/21"}],"replies":[{"embeddable":true,"href":"https:\/\/www.notibras.com\/site\/wp-json\/wp\/v2\/comments?post=377945"}],"version-history":[{"count":4,"href":"https:\/\/www.notibras.com\/site\/wp-json\/wp\/v2\/posts\/377945\/revisions"}],"predecessor-version":[{"id":378417,"href":"https:\/\/www.notibras.com\/site\/wp-json\/wp\/v2\/posts\/377945\/revisions\/378417"}],"wp:featuredmedia":[{"embeddable":true,"href":"https:\/\/www.notibras.com\/site\/wp-json\/wp\/v2\/media\/377949"}],"wp:attachment":[{"href":"https:\/\/www.notibras.com\/site\/wp-json\/wp\/v2\/media?parent=377945"}],"wp:term":[{"taxonomy":"category","embeddable":true,"href":"https:\/\/www.notibras.com\/site\/wp-json\/wp\/v2\/categories?post=377945"},{"taxonomy":"post_tag","embeddable":true,"href":"https:\/\/www.notibras.com\/site\/wp-json\/wp\/v2\/tags?post=377945"}],"curies":[{"name":"wp","href":"https:\/\/api.w.org\/{rel}","templated":true}]}}