{"id":377946,"date":"2026-01-06T10:49:37","date_gmt":"2026-01-06T13:49:37","guid":{"rendered":"https:\/\/www.notibras.com\/site\/?p=377946"},"modified":"2026-01-06T10:49:37","modified_gmt":"2026-01-06T13:49:37","slug":"hospitais-nordestinos-vao-contratar-mais-medicos","status":"publish","type":"post","link":"https:\/\/www.notibras.com\/site\/hospitais-nordestinos-vao-contratar-mais-medicos\/","title":{"rendered":"Hospitais nordestinos v\u00e3o contratar mais m\u00e9dicos"},"content":{"rendered":"<p>A Empresa Brasileira de Servi\u00e7os Hospitalares (Ebserh) abriu o per\u00edodo de inscri\u00e7\u00f5es para o concurso p\u00fablico para a \u00e1rea m\u00e9dica que se estende at\u00e9 as 23h59 de 30 de janeiro.<\/p>\n<p>Os interessados devem se inscrever no site da Funda\u00e7\u00e3o Getulio Vargas (FGV), a banca examinadora contratada para fazer o certame.<\/p>\n<p>O certame selecionar\u00e1 152 profissionais para trabalhar em hospitais universit\u00e1rios federais administrados pela estatal e ainda formar\u00e1 o cadastro de reserva. A maior parte dos profissionais atuar\u00e1 no Nordeste.<\/p>\n<p>As vagas est\u00e3o distribu\u00eddas em 96 especialidades:<\/p>\n<p>cirurgia geral;<br \/>\nginecologia e obstetr\u00edcia;<br \/>\npediatria;<br \/>\nanestesiologia;<br \/>\ncardiologia;<br \/>\ncl\u00ednica m\u00e9dica e<br \/>\noncologia, al\u00e9m de outras definidas conforme a necessidade de cada hospital.<\/p>\n<p>Os sal\u00e1rios iniciais variam conforme a jornada de trabalho:<\/p>\n<p>24 horas semanais: R$ 11.464,35<br \/>\n40 horas semanais: R$ 19.107,31<\/p>\n<p><strong>Taxa de inscri\u00e7\u00e3o<\/strong><br \/>\nO valor da taxa de inscri\u00e7\u00e3o \u00e9 de R$180, que dever\u00e1 ser paga at\u00e9 2 de fevereiro. Pessoas com inscri\u00e7\u00e3o ativa no Cadastro \u00danico para Programas Sociais do governo federal (Cad\u00danico) e doadores de medula \u00f3ssea em entidades reconhecidas pelo Minist\u00e9rio da Sa\u00fade poder\u00e3o solicitar a isen\u00e7\u00e3o do pagamento da taxa de inscri\u00e7\u00e3o at\u00e9 quarta-feira (7).<\/p>\n<p>O candidato inscrito no Cad\u00danico dever\u00e1 preencher o requerimento de isen\u00e7\u00e3o do pagamento de inscri\u00e7\u00e3o no endere\u00e7o eletr\u00f4nico da Funda\u00e7\u00e3o Getulio Vargas. J\u00e1 o candidato doador de medula \u00f3ssea dever\u00e1 enviar eletronicamente o documento de identidade e o documento expedido pela unidade coletora que comprove ser doador de medula \u00f3ssea cadastrado nos hemocentros estaduais.<\/p>\n<p><strong>Cotas<\/strong><br \/>\nEm rela\u00e7\u00e3o a reserva de vagas, o edital aumenta em 5% na cota para pessoas pretas e pardas. Desta forma, o quadro de vagas ofertadas ter\u00e1 as seguintes reservas:<\/p>\n<p>25% para candidatos negros (pretos e pardos).<br \/>\n10% para pessoas com defici\u00eancia (PcD).<br \/>\n3% para candidatos ind\u00edgenas.<br \/>\n2% para candidatos quilombolas (novidade).<\/p>\n<p>Os candidatos que concorrem \u00e0s vagas reservadas \u00e0s pessoas com defici\u00eancia ser\u00e3o submetidos ao procedimento de an\u00e1lise documental para caracteriza\u00e7\u00e3o da defici\u00eancia. E os candidatos negros, ind\u00edgenas e quilombolas ser\u00e3o submetidos ao procedimento de verifica\u00e7\u00e3o documental complementar \u00e0 autodeclara\u00e7\u00e3o.<\/p>\n<p><strong>Provas<\/strong><br \/>\nAs provas objetivas ser\u00e3o aplicadas, simultaneamente, em 42 munic\u00edpios de todas as 27 capitais das unidades da federa\u00e7\u00e3o, em 29 de mar\u00e7o. A etapa \u00e9 eliminat\u00f3ria e classificat\u00f3ria.<\/p>\n<p>Conforme o edital, as provas objetivas ter\u00e3o 60 quest\u00f5es de m\u00faltipla escolha. O resultado definitivo da prova objetiva ser\u00e1 divulgado em 11 de maio.<\/p>\n<p>Tamb\u00e9m contar\u00e3o para classifica\u00e7\u00e3o a prova de t\u00edtulos e experi\u00eancia profissional do candidato. Essa etapa avalia a forma\u00e7\u00e3o acad\u00eamica (doutorado, mestrado, especializa\u00e7\u00e3o) e o tempo de servi\u00e7o na \u00e1rea.<\/p>\n<p><strong>Convoca\u00e7\u00e3o<\/strong><br \/>\nSomente ser\u00e3o convocados os aprovados no concurso ap\u00f3s esgotado o cadastro de reserva dos cargos nos concursos anteriores vigentes.<\/p>\n<p>O concurso p\u00fablico vigente, homologado em junho de 2025, convocou mais de 1.240 profissionais m\u00e9dicos.<\/p>\n<p>Os candidatos aprovados e classificados ser\u00e3o contratados pelo regime da Consolida\u00e7\u00e3o das Leis do Trabalho (CLT), com contrato experimental de 90 dias.<\/p>\n<p>O prazo de validade deste concurso p\u00fablico \u00e9 de um ano, a contar da data da publica\u00e7\u00e3o da homologa\u00e7\u00e3o do resultado final, podendo ser prorrogado, uma \u00fanica vez, por igual per\u00edodo.<\/p>\n<p><strong>Hospitais nordestinos<\/strong><br \/>\nA Ebserh agrupou os hospitais participantes do concurso por macrorregi\u00e3o. No Nordeste, s\u00e3o os seguintes:<\/p>\n<p>Complexo Hospitalar da Universidade Federal do Cear\u00e1, Fortaleza (CE);<\/p>\n<p>Hospital Universit\u00e1rio J\u00falio Bandeira da Universidade Federal de Campina Grande, Cajazeiras (PB);<\/p>\n<p>Hospital Universit\u00e1rio Alcides Carneiro da Universidade Federal de Campina Grande, Campina Grande (PB);<\/p>\n<p>Hospital Universit\u00e1rio Lauro Wanderley da Universidade Federal da Para\u00edba, Jo\u00e3o Pessoa (PB);<\/p>\n<p>Hospital Universit\u00e1rio Onofre Lopes da Universidade Federal do Rio Grande do Norte, Natal (RN);<\/p>\n<p>Maternidade Escola Janu\u00e1rio Cicco da Universidade Federal do Rio Grande do Norte, Natal (RN);<\/p>\n<p>Hospital Universit\u00e1rio Ana Bezerra da Universidade Federal do Rio Grande do Norte, Santa Cruz (RN).<\/p>\n<p>Hospital Universit\u00e1rio Professor Alberto Antunes da Universidade Federal de Alagoas, Macei\u00f3 (AL);<\/p>\n<p>Maternidade Clim\u00e9rio de Oliveira da Universidade Federal da Bahia, Salvador (BA);<\/p>\n<p>Hospital Universit\u00e1rio Professor Edgard Santos da Universidade Federal da Bahia, Salvador (BA);<\/p>\n<p>Hospital das Cl\u00ednicas da Universidade Federal de Pernambuco, Recife (PE);<\/p>\n<p>Hospital de Ensino Dr. Washington Ant\u00f4nio de Barros da Universidade Federal do Vale do S\u00e3o Francisco, Petrolina (PE);<\/p>\n<p>Hospital Universit\u00e1rio da Universidade Federal de Sergipe, Aracaju (SE);<\/p>\n<p>Hospital Universit\u00e1rio de Lagarto da Universidade Federal de Sergipe, Lagarto (SE).<\/p>\n","protected":false},"excerpt":{"rendered":"<p>A Empresa Brasileira de Servi\u00e7os Hospitalares (Ebserh) abriu o per\u00edodo de inscri\u00e7\u00f5es para o concurso p\u00fablico para a \u00e1rea m\u00e9dica que se estende at\u00e9 as 23h59 de 30 de janeiro. Os interessados devem se inscrever no site da Funda\u00e7\u00e3o Getulio Vargas (FGV), a banca examinadora contratada para fazer o certame. O certame selecionar\u00e1 152 profissionais [&hellip;]<\/p>\n","protected":false},"author":2,"featured_media":377947,"comment_status":"closed","ping_status":"closed","sticky":false,"template":"","format":"standard","meta":{"_acf_changed":false,"footnotes":""},"categories":[165],"tags":[],"class_list":["post-377946","post","type-post","status-publish","format-standard","has-post-thumbnail","hentry","category-nordeste"],"acf":[],"_links":{"self":[{"href":"https:\/\/www.notibras.com\/site\/wp-json\/wp\/v2\/posts\/377946","targetHints":{"allow":["GET"]}}],"collection":[{"href":"https:\/\/www.notibras.com\/site\/wp-json\/wp\/v2\/posts"}],"about":[{"href":"https:\/\/www.notibras.com\/site\/wp-json\/wp\/v2\/types\/post"}],"author":[{"embeddable":true,"href":"https:\/\/www.notibras.com\/site\/wp-json\/wp\/v2\/users\/2"}],"replies":[{"embeddable":true,"href":"https:\/\/www.notibras.com\/site\/wp-json\/wp\/v2\/comments?post=377946"}],"version-history":[{"count":1,"href":"https:\/\/www.notibras.com\/site\/wp-json\/wp\/v2\/posts\/377946\/revisions"}],"predecessor-version":[{"id":377948,"href":"https:\/\/www.notibras.com\/site\/wp-json\/wp\/v2\/posts\/377946\/revisions\/377948"}],"wp:featuredmedia":[{"embeddable":true,"href":"https:\/\/www.notibras.com\/site\/wp-json\/wp\/v2\/media\/377947"}],"wp:attachment":[{"href":"https:\/\/www.notibras.com\/site\/wp-json\/wp\/v2\/media?parent=377946"}],"wp:term":[{"taxonomy":"category","embeddable":true,"href":"https:\/\/www.notibras.com\/site\/wp-json\/wp\/v2\/categories?post=377946"},{"taxonomy":"post_tag","embeddable":true,"href":"https:\/\/www.notibras.com\/site\/wp-json\/wp\/v2\/tags?post=377946"}],"curies":[{"name":"wp","href":"https:\/\/api.w.org\/{rel}","templated":true}]}}