{"id":377953,"date":"2026-01-06T11:30:06","date_gmt":"2026-01-06T14:30:06","guid":{"rendered":"https:\/\/www.notibras.com\/site\/?p=377953"},"modified":"2026-01-06T11:30:06","modified_gmt":"2026-01-06T14:30:06","slug":"termometro-politico-sobe-com-muito-volume-e-pouco-consenso","status":"publish","type":"post","link":"https:\/\/www.notibras.com\/site\/termometro-politico-sobe-com-muito-volume-e-pouco-consenso\/","title":{"rendered":"Term\u00f4metro pol\u00edtico sobe com muito volume e pouco consenso"},"content":{"rendered":"<p>Desde a interven\u00e7\u00e3o dos Estados Unidos na Venezuela, os dados do <em>Radar Lula<\/em> impressionam pelo volume e pelo alcance: mais de 317 mil men\u00e7\u00f5es em menos de 24 horas, com 396 milh\u00f5es de alcance potencial. Isso n\u00e3o \u00e9 ru\u00eddo comum de redes; \u00e9 evento pol\u00edtico de alta combust\u00e3o. O dado mais revelador, por\u00e9m, \u00e9 qualitativo: 60% de men\u00e7\u00f5es negativas, impulsionadas quase integralmente pela direita (88% do campo pol\u00edtico).<\/p>\n<p>J\u00e1 o <em>Radar Fl\u00e1vio Bolsonaro<\/em> opera em outra l\u00f3gica: menos volume absoluto, mas alt\u00edssima taxa de positividade (89%), indicando um ambiente de mobiliza\u00e7\u00e3o org\u00e2nica, coeso e emocionalmente alinhado. N\u00e3o \u00e9 um debate aberto; \u00e9 uma bolha energizada.<\/p>\n<p>Em termos simples: Lula est\u00e1 no centro da tempestade, enquanto Fl\u00e1vio Bolsonaro navega o vento a favor, falando quase exclusivamente para convertidos.<\/p>\n<p>A narrativa da esquerda em defesa de Lula \u00e9 sofisticada, institucional e internacionalista, mas pouco eficiente no ambiente de redes. Fala-se em:<\/p>\n<p>soberania,<\/p>\n<p>direito internacional,<\/p>\n<p>multilateralismo,<\/p>\n<p>ONU, Celac,<\/p>\n<p>\u201czona de paz\u201d.<\/p>\n<p>S\u00e3o argumentos racionais, diplom\u00e1ticos, mas que perdem tra\u00e7\u00e3o frente a frames emocionais simples, como \u201cdefesa de ditador\u201d ou \u201clado errado da hist\u00f3ria\u201d.<\/p>\n<p>A direita, por sua vez, construiu um cerco narrativo eficiente, com quatro eixos claros. A captura de Maduro \u00e9 celebrada como \u201cvit\u00f3ria contra a ditadura\u201d. Quem critica a a\u00e7\u00e3o vira c\u00famplice do mal. N\u00e3o h\u00e1 zona cinzenta.<\/p>\n<p>O que se observa \u00e9 que pouco importa a distin\u00e7\u00e3o entre defender soberania e defender regime. O enquadramento dominante \u00e9 que Lula protege ditadores porque compartilha o projeto.<\/p>\n<p>A tese da \u201ccensura\u201d reaparece com for\u00e7a, onde TSE, STF e Moraes s\u00e3o reposicionados como agentes que teriam impedido \u201ca verdade\u201d de circular. O epis\u00f3dio internacional vira prova retroativa de uma injusti\u00e7a eleitoral.<\/p>\n<p>Quando surgem frases como \u201cLula \u00e9 o pr\u00f3ximo\u201d, o debate deixa o campo simb\u00f3lico e entra no territ\u00f3rio do alerta institucional, mesmo que esses conte\u00fados n\u00e3o sejam majorit\u00e1rios.<\/p>\n<p>Como resultado desse quadro, Lula aparece defensivo, reagindo a uma agenda imposta, com dificuldade de disputar emo\u00e7\u00e3o. E isso \u00e9 um elemento central nas redes.<\/p>\n<p><strong>Fl\u00e1vio ensaia o futuro<\/strong><br \/>\nO<em> radar<\/em> de Fl\u00e1vio Bolsonaro mostra algo diferente. \u00c9 uma constru\u00e7\u00e3o de lideran\u00e7a, n\u00e3o apenas coment\u00e1rio de ocasi\u00e3o.<\/p>\n<p>Nesse aspecto, a Venezuela funciona como met\u00e1fora total, explorando tudo o que a base rejeita (pobreza, censura, autoritarismo), tudo o que o Brasil n\u00e3o pode se tornar, tudo o que, segundo essa narrativa, estaria \u201cem curso\u201d.<\/p>\n<p>A for\u00e7a aqui n\u00e3o est\u00e1 na novidade, mas na repeti\u00e7\u00e3o disciplinada. Tr\u00eas movimentos se destacam:<\/p>\n<p>1. Compara\u00e7\u00e3o Brasil\u2013Venezuela como alerta existencial. N\u00e3o \u00e9 pol\u00edtica externa; \u00e9 sobreviv\u00eancia nacional.<\/p>\n<p>2. Conex\u00e3o entre geopol\u00edtica e sistema eleitoral. A cr\u00edtica ao socialismo externo se conecta diretamente \u00e0 cr\u00edtica \u00e0s institui\u00e7\u00f5es internas. \u00c9 uma narrativa cont\u00ednua, sem rupturas.<\/p>\n<p>3. Sinais de pr\u00e9-campanha. Men\u00e7\u00f5es a 2026, pedidos expl\u00edcitos de apoio, linguagem religiosa (\u201cora\u00e7\u00e3o\u201d, \u201cam\u00e9m\u201d)&#8230; tudo indica organiza\u00e7\u00e3o emocional da base, n\u00e3o apenas rea\u00e7\u00e3o aos fatos.<\/p>\n<p>A esquerda at\u00e9 tenta contra-atacar, falando em \u201cinterven\u00e7\u00e3o estrangeira\u201d e resgatando acusa\u00e7\u00f5es como \u201crachadinha\u201d, mas isso n\u00e3o perfura a bolha nem altera o saldo amplamente positivo.<\/p>\n<p>A conclus\u00e3o \u00e9 de que janeiro come\u00e7a quente, em um horizonte tenso. Esses primeiros dias de 2026 revelam sinais claros. A polariza\u00e7\u00e3o n\u00e3o arrefeceu com o calend\u00e1rio; ao contr\u00e1rio, ganhou novo combust\u00edvel externo. A direita digital est\u00e1 mais coordenada, emocionalmente mobilizada e confort\u00e1vel no conflito. O governo Lula enfrenta dificuldade cr\u00f4nica de tradu\u00e7\u00e3o de narrativa, uma vez que fala para fora (mundo, diplomacia), mas apanha dentro (redes, emo\u00e7\u00e3o, moraliza\u00e7\u00e3o).<\/p>\n<p>N\u00e3o se trata apenas de Lula versus Fl\u00e1vio Bolsonaro, mas de dois modelos de discurso. Um aposta na media\u00e7\u00e3o institucional; o outro, no confronto simb\u00f3lico direto. Se este \u00e9 o tom de janeiro, o restante do ano promete mais calor, menos nuance e um ambiente pol\u00edtico onde cada crise internacional vira muni\u00e7\u00e3o dom\u00e9stica. O term\u00f4metro subiu. E ningu\u00e9m parece disposto a desligar o fogo.<\/p>\n<p>&#8230;&#8230;&#8230;&#8230;&#8230;<\/p>\n<p><strong>Marta Nobre \u00e9 Editora Executiva de Notibras<\/strong><\/p>\n","protected":false},"excerpt":{"rendered":"<p>Desde a interven\u00e7\u00e3o dos Estados Unidos na Venezuela, os dados do Radar Lula impressionam pelo volume e pelo alcance: mais de 317 mil men\u00e7\u00f5es em menos de 24 horas, com 396 milh\u00f5es de alcance potencial. Isso n\u00e3o \u00e9 ru\u00eddo comum de redes; \u00e9 evento pol\u00edtico de alta combust\u00e3o. O dado mais revelador, por\u00e9m, \u00e9 qualitativo: [&hellip;]<\/p>\n","protected":false},"author":2,"featured_media":377954,"comment_status":"closed","ping_status":"closed","sticky":false,"template":"","format":"standard","meta":{"_acf_changed":false,"footnotes":""},"categories":[16],"tags":[95],"class_list":["post-377953","post","type-post","status-publish","format-standard","has-post-thumbnail","hentry","category-brasil","tag-capa"],"acf":[],"yoast_head":"<!-- This site is optimized with the Yoast SEO plugin v27.2 - https:\/\/yoast.com\/product\/yoast-seo-wordpress\/ -->\n<title>Term\u00f4metro pol\u00edtico sobe com muito volume e pouco consenso - Notibras<\/title>\n<meta name=\"robots\" content=\"index, follow, max-snippet:-1, max-image-preview:large, max-video-preview:-1\" \/>\n<link rel=\"canonical\" href=\"https:\/\/www.notibras.com\/site\/termometro-politico-sobe-com-muito-volume-e-pouco-consenso\/\" \/>\n<meta property=\"og:locale\" content=\"pt_BR\" \/>\n<meta property=\"og:type\" content=\"article\" \/>\n<meta property=\"og:title\" content=\"Term\u00f4metro pol\u00edtico sobe com muito volume e pouco consenso - Notibras\" \/>\n<meta property=\"og:description\" content=\"Desde a interven\u00e7\u00e3o dos Estados Unidos na Venezuela, os dados do Radar Lula impressionam pelo volume e pelo alcance: mais de 317 mil men\u00e7\u00f5es em menos de 24 horas, com 396 milh\u00f5es de alcance potencial. Isso n\u00e3o \u00e9 ru\u00eddo comum de redes; \u00e9 evento pol\u00edtico de alta combust\u00e3o. O dado mais revelador, por\u00e9m, \u00e9 qualitativo: [&hellip;]\" \/>\n<meta property=\"og:url\" content=\"https:\/\/www.notibras.com\/site\/termometro-politico-sobe-com-muito-volume-e-pouco-consenso\/\" \/>\n<meta property=\"og:site_name\" content=\"Notibras\" \/>\n<meta property=\"article:publisher\" content=\"https:\/\/www.facebook.com\/notibras\/\" \/>\n<meta property=\"article:published_time\" content=\"2026-01-06T14:30:06+00:00\" \/>\n<meta property=\"og:image\" content=\"https:\/\/www.notibras.com\/site\/wp-content\/uploads\/2026\/01\/mg_9637.webp\" \/>\n\t<meta property=\"og:image:width\" content=\"770\" \/>\n\t<meta property=\"og:image:height\" content=\"513\" \/>\n\t<meta property=\"og:image:type\" content=\"image\/webp\" \/>\n<meta name=\"author\" content=\"Reda\u00e7\u00e3o\" \/>\n<meta name=\"twitter:card\" content=\"summary_large_image\" \/>\n<meta name=\"twitter:creator\" content=\"@Notibras\" \/>\n<meta name=\"twitter:site\" content=\"@Notibras\" \/>\n<meta name=\"twitter:label1\" content=\"Escrito por\" \/>\n\t<meta name=\"twitter:data1\" content=\"Reda\u00e7\u00e3o\" \/>\n\t<meta name=\"twitter:label2\" content=\"Est. tempo de leitura\" \/>\n\t<meta name=\"twitter:data2\" content=\"4 minutos\" \/>\n<script type=\"application\/ld+json\" class=\"yoast-schema-graph\">{\"@context\":\"https:\/\/schema.org\",\"@graph\":[{\"@type\":\"Article\",\"@id\":\"https:\/\/www.notibras.com\/site\/termometro-politico-sobe-com-muito-volume-e-pouco-consenso\/#article\",\"isPartOf\":{\"@id\":\"https:\/\/www.notibras.com\/site\/termometro-politico-sobe-com-muito-volume-e-pouco-consenso\/\"},\"author\":{\"name\":\"Reda\u00e7\u00e3o\",\"@id\":\"https:\/\/www.notibras.com\/site\/#\/schema\/person\/36ab0979449956132d3e5b517ea76ac8\"},\"headline\":\"Term\u00f4metro pol\u00edtico sobe com muito volume e pouco consenso\",\"datePublished\":\"2026-01-06T14:30:06+00:00\",\"mainEntityOfPage\":{\"@id\":\"https:\/\/www.notibras.com\/site\/termometro-politico-sobe-com-muito-volume-e-pouco-consenso\/\"},\"wordCount\":709,\"publisher\":{\"@id\":\"https:\/\/www.notibras.com\/site\/#organization\"},\"image\":{\"@id\":\"https:\/\/www.notibras.com\/site\/termometro-politico-sobe-com-muito-volume-e-pouco-consenso\/#primaryimage\"},\"thumbnailUrl\":\"https:\/\/www.notibras.com\/site\/wp-content\/uploads\/2026\/01\/mg_9637.webp\",\"keywords\":[\"capa\"],\"articleSection\":[\"Brasil\"],\"inLanguage\":\"pt-BR\"},{\"@type\":\"WebPage\",\"@id\":\"https:\/\/www.notibras.com\/site\/termometro-politico-sobe-com-muito-volume-e-pouco-consenso\/\",\"url\":\"https:\/\/www.notibras.com\/site\/termometro-politico-sobe-com-muito-volume-e-pouco-consenso\/\",\"name\":\"Term\u00f4metro pol\u00edtico sobe com muito volume e pouco consenso - Notibras\",\"isPartOf\":{\"@id\":\"https:\/\/www.notibras.com\/site\/#website\"},\"primaryImageOfPage\":{\"@id\":\"https:\/\/www.notibras.com\/site\/termometro-politico-sobe-com-muito-volume-e-pouco-consenso\/#primaryimage\"},\"image\":{\"@id\":\"https:\/\/www.notibras.com\/site\/termometro-politico-sobe-com-muito-volume-e-pouco-consenso\/#primaryimage\"},\"thumbnailUrl\":\"https:\/\/www.notibras.com\/site\/wp-content\/uploads\/2026\/01\/mg_9637.webp\",\"datePublished\":\"2026-01-06T14:30:06+00:00\",\"breadcrumb\":{\"@id\":\"https:\/\/www.notibras.com\/site\/termometro-politico-sobe-com-muito-volume-e-pouco-consenso\/#breadcrumb\"},\"inLanguage\":\"pt-BR\",\"potentialAction\":[{\"@type\":\"ReadAction\",\"target\":[\"https:\/\/www.notibras.com\/site\/termometro-politico-sobe-com-muito-volume-e-pouco-consenso\/\"]}]},{\"@type\":\"ImageObject\",\"inLanguage\":\"pt-BR\",\"@id\":\"https:\/\/www.notibras.com\/site\/termometro-politico-sobe-com-muito-volume-e-pouco-consenso\/#primaryimage\",\"url\":\"https:\/\/www.notibras.com\/site\/wp-content\/uploads\/2026\/01\/mg_9637.webp\",\"contentUrl\":\"https:\/\/www.notibras.com\/site\/wp-content\/uploads\/2026\/01\/mg_9637.webp\",\"width\":770,\"height\":513},{\"@type\":\"BreadcrumbList\",\"@id\":\"https:\/\/www.notibras.com\/site\/termometro-politico-sobe-com-muito-volume-e-pouco-consenso\/#breadcrumb\",\"itemListElement\":[{\"@type\":\"ListItem\",\"position\":1,\"name\":\"In\u00edcio\",\"item\":\"https:\/\/www.notibras.com\/site\/\"},{\"@type\":\"ListItem\",\"position\":2,\"name\":\"Term\u00f4metro pol\u00edtico sobe com muito volume e pouco consenso\"}]},{\"@type\":\"WebSite\",\"@id\":\"https:\/\/www.notibras.com\/site\/#website\",\"url\":\"https:\/\/www.notibras.com\/site\/\",\"name\":\"Notibras\",\"description\":\"Not\u00edcias de Bras\u00edlia, do Brasil e do Mundo\",\"publisher\":{\"@id\":\"https:\/\/www.notibras.com\/site\/#organization\"},\"potentialAction\":[{\"@type\":\"SearchAction\",\"target\":{\"@type\":\"EntryPoint\",\"urlTemplate\":\"https:\/\/www.notibras.com\/site\/?s={search_term_string}\"},\"query-input\":{\"@type\":\"PropertyValueSpecification\",\"valueRequired\":true,\"valueName\":\"search_term_string\"}}],\"inLanguage\":\"pt-BR\"},{\"@type\":\"Organization\",\"@id\":\"https:\/\/www.notibras.com\/site\/#organization\",\"name\":\"Grupo Notibras de Comunica\u00e7\u00e3o\",\"url\":\"https:\/\/www.notibras.com\/site\/\",\"logo\":{\"@type\":\"ImageObject\",\"inLanguage\":\"pt-BR\",\"@id\":\"https:\/\/www.notibras.com\/site\/#\/schema\/logo\/image\/\",\"url\":\"https:\/\/www.notibras.com\/site\/wp-content\/uploads\/2023\/01\/notibras23.png\",\"contentUrl\":\"https:\/\/www.notibras.com\/site\/wp-content\/uploads\/2023\/01\/notibras23.png\",\"width\":350,\"height\":87,\"caption\":\"Grupo Notibras de Comunica\u00e7\u00e3o\"},\"image\":{\"@id\":\"https:\/\/www.notibras.com\/site\/#\/schema\/logo\/image\/\"},\"sameAs\":[\"https:\/\/www.facebook.com\/notibras\/\",\"https:\/\/x.com\/Notibras\",\"https:\/\/www.instagram.com\/notibras\/\"]},{\"@type\":\"Person\",\"@id\":\"https:\/\/www.notibras.com\/site\/#\/schema\/person\/36ab0979449956132d3e5b517ea76ac8\",\"name\":\"Reda\u00e7\u00e3o\",\"image\":{\"@type\":\"ImageObject\",\"inLanguage\":\"pt-BR\",\"@id\":\"https:\/\/secure.gravatar.com\/avatar\/e0a867bdedb85fd243eadf09663511f96fc81e0720a4a42581f334ad4303aa6b?s=96&d=mm&r=g\",\"url\":\"https:\/\/secure.gravatar.com\/avatar\/e0a867bdedb85fd243eadf09663511f96fc81e0720a4a42581f334ad4303aa6b?s=96&d=mm&r=g\",\"contentUrl\":\"https:\/\/secure.gravatar.com\/avatar\/e0a867bdedb85fd243eadf09663511f96fc81e0720a4a42581f334ad4303aa6b?s=96&d=mm&r=g\",\"caption\":\"Reda\u00e7\u00e3o\"}}]}<\/script>\n<!-- \/ Yoast SEO plugin. -->","yoast_head_json":{"title":"Term\u00f4metro pol\u00edtico sobe com muito volume e pouco consenso - Notibras","robots":{"index":"index","follow":"follow","max-snippet":"max-snippet:-1","max-image-preview":"max-image-preview:large","max-video-preview":"max-video-preview:-1"},"canonical":"https:\/\/www.notibras.com\/site\/termometro-politico-sobe-com-muito-volume-e-pouco-consenso\/","og_locale":"pt_BR","og_type":"article","og_title":"Term\u00f4metro pol\u00edtico sobe com muito volume e pouco consenso - Notibras","og_description":"Desde a interven\u00e7\u00e3o dos Estados Unidos na Venezuela, os dados do Radar Lula impressionam pelo volume e pelo alcance: mais de 317 mil men\u00e7\u00f5es em menos de 24 horas, com 396 milh\u00f5es de alcance potencial. Isso n\u00e3o \u00e9 ru\u00eddo comum de redes; \u00e9 evento pol\u00edtico de alta combust\u00e3o. O dado mais revelador, por\u00e9m, \u00e9 qualitativo: [&hellip;]","og_url":"https:\/\/www.notibras.com\/site\/termometro-politico-sobe-com-muito-volume-e-pouco-consenso\/","og_site_name":"Notibras","article_publisher":"https:\/\/www.facebook.com\/notibras\/","article_published_time":"2026-01-06T14:30:06+00:00","og_image":[{"width":770,"height":513,"url":"https:\/\/www.notibras.com\/site\/wp-content\/uploads\/2026\/01\/mg_9637.webp","type":"image\/webp"}],"author":"Reda\u00e7\u00e3o","twitter_card":"summary_large_image","twitter_creator":"@Notibras","twitter_site":"@Notibras","twitter_misc":{"Escrito por":"Reda\u00e7\u00e3o","Est. tempo de leitura":"4 minutos"},"schema":{"@context":"https:\/\/schema.org","@graph":[{"@type":"Article","@id":"https:\/\/www.notibras.com\/site\/termometro-politico-sobe-com-muito-volume-e-pouco-consenso\/#article","isPartOf":{"@id":"https:\/\/www.notibras.com\/site\/termometro-politico-sobe-com-muito-volume-e-pouco-consenso\/"},"author":{"name":"Reda\u00e7\u00e3o","@id":"https:\/\/www.notibras.com\/site\/#\/schema\/person\/36ab0979449956132d3e5b517ea76ac8"},"headline":"Term\u00f4metro pol\u00edtico sobe com muito volume e pouco consenso","datePublished":"2026-01-06T14:30:06+00:00","mainEntityOfPage":{"@id":"https:\/\/www.notibras.com\/site\/termometro-politico-sobe-com-muito-volume-e-pouco-consenso\/"},"wordCount":709,"publisher":{"@id":"https:\/\/www.notibras.com\/site\/#organization"},"image":{"@id":"https:\/\/www.notibras.com\/site\/termometro-politico-sobe-com-muito-volume-e-pouco-consenso\/#primaryimage"},"thumbnailUrl":"https:\/\/www.notibras.com\/site\/wp-content\/uploads\/2026\/01\/mg_9637.webp","keywords":["capa"],"articleSection":["Brasil"],"inLanguage":"pt-BR"},{"@type":"WebPage","@id":"https:\/\/www.notibras.com\/site\/termometro-politico-sobe-com-muito-volume-e-pouco-consenso\/","url":"https:\/\/www.notibras.com\/site\/termometro-politico-sobe-com-muito-volume-e-pouco-consenso\/","name":"Term\u00f4metro pol\u00edtico sobe com muito volume e pouco consenso - Notibras","isPartOf":{"@id":"https:\/\/www.notibras.com\/site\/#website"},"primaryImageOfPage":{"@id":"https:\/\/www.notibras.com\/site\/termometro-politico-sobe-com-muito-volume-e-pouco-consenso\/#primaryimage"},"image":{"@id":"https:\/\/www.notibras.com\/site\/termometro-politico-sobe-com-muito-volume-e-pouco-consenso\/#primaryimage"},"thumbnailUrl":"https:\/\/www.notibras.com\/site\/wp-content\/uploads\/2026\/01\/mg_9637.webp","datePublished":"2026-01-06T14:30:06+00:00","breadcrumb":{"@id":"https:\/\/www.notibras.com\/site\/termometro-politico-sobe-com-muito-volume-e-pouco-consenso\/#breadcrumb"},"inLanguage":"pt-BR","potentialAction":[{"@type":"ReadAction","target":["https:\/\/www.notibras.com\/site\/termometro-politico-sobe-com-muito-volume-e-pouco-consenso\/"]}]},{"@type":"ImageObject","inLanguage":"pt-BR","@id":"https:\/\/www.notibras.com\/site\/termometro-politico-sobe-com-muito-volume-e-pouco-consenso\/#primaryimage","url":"https:\/\/www.notibras.com\/site\/wp-content\/uploads\/2026\/01\/mg_9637.webp","contentUrl":"https:\/\/www.notibras.com\/site\/wp-content\/uploads\/2026\/01\/mg_9637.webp","width":770,"height":513},{"@type":"BreadcrumbList","@id":"https:\/\/www.notibras.com\/site\/termometro-politico-sobe-com-muito-volume-e-pouco-consenso\/#breadcrumb","itemListElement":[{"@type":"ListItem","position":1,"name":"In\u00edcio","item":"https:\/\/www.notibras.com\/site\/"},{"@type":"ListItem","position":2,"name":"Term\u00f4metro pol\u00edtico sobe com muito volume e pouco consenso"}]},{"@type":"WebSite","@id":"https:\/\/www.notibras.com\/site\/#website","url":"https:\/\/www.notibras.com\/site\/","name":"Notibras","description":"Not\u00edcias de Bras\u00edlia, do Brasil e do Mundo","publisher":{"@id":"https:\/\/www.notibras.com\/site\/#organization"},"potentialAction":[{"@type":"SearchAction","target":{"@type":"EntryPoint","urlTemplate":"https:\/\/www.notibras.com\/site\/?s={search_term_string}"},"query-input":{"@type":"PropertyValueSpecification","valueRequired":true,"valueName":"search_term_string"}}],"inLanguage":"pt-BR"},{"@type":"Organization","@id":"https:\/\/www.notibras.com\/site\/#organization","name":"Grupo Notibras de Comunica\u00e7\u00e3o","url":"https:\/\/www.notibras.com\/site\/","logo":{"@type":"ImageObject","inLanguage":"pt-BR","@id":"https:\/\/www.notibras.com\/site\/#\/schema\/logo\/image\/","url":"https:\/\/www.notibras.com\/site\/wp-content\/uploads\/2023\/01\/notibras23.png","contentUrl":"https:\/\/www.notibras.com\/site\/wp-content\/uploads\/2023\/01\/notibras23.png","width":350,"height":87,"caption":"Grupo Notibras de Comunica\u00e7\u00e3o"},"image":{"@id":"https:\/\/www.notibras.com\/site\/#\/schema\/logo\/image\/"},"sameAs":["https:\/\/www.facebook.com\/notibras\/","https:\/\/x.com\/Notibras","https:\/\/www.instagram.com\/notibras\/"]},{"@type":"Person","@id":"https:\/\/www.notibras.com\/site\/#\/schema\/person\/36ab0979449956132d3e5b517ea76ac8","name":"Reda\u00e7\u00e3o","image":{"@type":"ImageObject","inLanguage":"pt-BR","@id":"https:\/\/secure.gravatar.com\/avatar\/e0a867bdedb85fd243eadf09663511f96fc81e0720a4a42581f334ad4303aa6b?s=96&d=mm&r=g","url":"https:\/\/secure.gravatar.com\/avatar\/e0a867bdedb85fd243eadf09663511f96fc81e0720a4a42581f334ad4303aa6b?s=96&d=mm&r=g","contentUrl":"https:\/\/secure.gravatar.com\/avatar\/e0a867bdedb85fd243eadf09663511f96fc81e0720a4a42581f334ad4303aa6b?s=96&d=mm&r=g","caption":"Reda\u00e7\u00e3o"}}]}},"amp_enabled":true,"_links":{"self":[{"href":"https:\/\/www.notibras.com\/site\/wp-json\/wp\/v2\/posts\/377953","targetHints":{"allow":["GET"]}}],"collection":[{"href":"https:\/\/www.notibras.com\/site\/wp-json\/wp\/v2\/posts"}],"about":[{"href":"https:\/\/www.notibras.com\/site\/wp-json\/wp\/v2\/types\/post"}],"author":[{"embeddable":true,"href":"https:\/\/www.notibras.com\/site\/wp-json\/wp\/v2\/users\/2"}],"replies":[{"embeddable":true,"href":"https:\/\/www.notibras.com\/site\/wp-json\/wp\/v2\/comments?post=377953"}],"version-history":[{"count":1,"href":"https:\/\/www.notibras.com\/site\/wp-json\/wp\/v2\/posts\/377953\/revisions"}],"predecessor-version":[{"id":377955,"href":"https:\/\/www.notibras.com\/site\/wp-json\/wp\/v2\/posts\/377953\/revisions\/377955"}],"wp:featuredmedia":[{"embeddable":true,"href":"https:\/\/www.notibras.com\/site\/wp-json\/wp\/v2\/media\/377954"}],"wp:attachment":[{"href":"https:\/\/www.notibras.com\/site\/wp-json\/wp\/v2\/media?parent=377953"}],"wp:term":[{"taxonomy":"category","embeddable":true,"href":"https:\/\/www.notibras.com\/site\/wp-json\/wp\/v2\/categories?post=377953"},{"taxonomy":"post_tag","embeddable":true,"href":"https:\/\/www.notibras.com\/site\/wp-json\/wp\/v2\/tags?post=377953"}],"curies":[{"name":"wp","href":"https:\/\/api.w.org\/{rel}","templated":true}]}}