{"id":377975,"date":"2026-01-10T00:00:39","date_gmt":"2026-01-10T03:00:39","guid":{"rendered":"https:\/\/www.notibras.com\/site\/?p=377975"},"modified":"2026-01-06T18:32:41","modified_gmt":"2026-01-06T21:32:41","slug":"seu-joaquim-o-avo-paterno-do-meu-primo","status":"publish","type":"post","link":"https:\/\/www.notibras.com\/site\/seu-joaquim-o-avo-paterno-do-meu-primo\/","title":{"rendered":"Seu Joaquim, o av\u00f4 paterno do meu primo"},"content":{"rendered":"<p>Seu Joaquim era o av\u00f4 paterno do meu primo. Av\u00f4 materno n\u00e3o t\u00ednhamos, pois nossas m\u00e3es eram irm\u00e3s e o pai delas havia falecido anos antes de nascermos. Eu tinha av\u00f4 paterno, por\u00e9m era muito pequeno quando ele foi diagnosticado com Alzheimer, naquele tempo n\u00e3o se usava esse nome, se dizia simplesmente que os idosos com dem\u00eancia eram \u201ccaducos\u201d; o pai do meu pai \u201ccaducou\u201d relativamente cedo e n\u00e3o pude usufruir da companhia dele como normalmente os netos esperam.<\/p>\n<p>A bem da verdade e para fazer justi\u00e7a a ele, Seu Jo\u00e3o Baptista havia sido, na juventude e quando adulto, uma pessoa not\u00e1vel e, mesmo com a doen\u00e7a, continuava sendo uma figura interessante; cheio de hist\u00f3rias para contar. Mas em outro momento falo sobre ele, hoje o protagonista n\u00e3o \u00e9 meu av\u00f4, mas sim o av\u00f4 do meu primo.<\/p>\n<p>De todo modo, o pai de meu pai n\u00e3o tinha condi\u00e7\u00f5es de passear nos parques e pra\u00e7as, andar de bicicleta, jogar bola, coisas que Seu Joaquim fazia com a gente, e, assim, ele me adotou como mais um neto; em alguns momentos, at\u00e9 parecia ser eu o preferido em detrimento do meu primo, provocando nele crises de ci\u00fame.<\/p>\n<p>Nasceu na It\u00e1lia em fins do S\u00e9culo XIX e veio para o Brasil, ainda crian\u00e7a, numa daquelas levas de imigrantes europeus que se espalharam principalmente pelo Sudeste e Sul do pa\u00eds. Era um ser humano maravilhoso, sempre muito bem- humorado e, quando estava com a gente, parec\u00edamos tr\u00eas e n\u00e3o dois moleques acompanhados por um senhor idoso.<\/p>\n<p>Reinaldo, meu primo, e eu t\u00ednhamos praticamente a mesma idade, eu mais velho menos de dois meses. A \u00e9poca que mais me traz recorda\u00e7\u00f5es \u00e9 de quando t\u00ednhamos pouco mais de 11 anos, ele havia perdido a m\u00e3e recentemente, tendo ela falecido aos 40 anos, ap\u00f3s uma cirurgia para tentar corrigir uma insufici\u00eancia cong\u00eanita em uma v\u00e1lvula do cora\u00e7\u00e3o, por essa raz\u00e3o, o papel do av\u00f4 se tornou ainda mais marcante, pois a divers\u00e3o proporcionada por ele fazia desviar, por alguns momentos, os pensamentos do neto de sua trag\u00e9dia pessoal.<\/p>\n<p>Uma das perip\u00e9cias mais divertidas e, porque n\u00e3o dizer, arriscadas, da qual nunca vou me esquecer, foi quando em um passeio de bicicleta pelo Horto Florestal, a um dado momento, seu Joaquim tira do bolso um anzol e uma linha, coloca como isca um peda\u00e7o de p\u00e3o e, chegando pr\u00f3ximo \u00e0 margem do lago que existe no local, abaixa-se discretamente para n\u00e3o ser pego em flagrante por nenhum dos guardas do parque, pois, evidentemente, a pr\u00e1tica era proibida.<\/p>\n<p>Sob nossos olhares admirados, pesca uma d\u00fazia, ou um pouco mais, de lambaris, acondiciona em um saco pl\u00e1stico com um pouco de \u00e1gua e em seguida coloca em uma sacola; rapidamente montamos em nossas bicicletas e vamos embora. A casa dele era bem pr\u00f3xima e logo chegamos l\u00e1 com os peixes ainda bem fresquinhos. Dona A\u00edda, sua esposa, tamb\u00e9m italiana vinda para o Brasil no in\u00edcio do S\u00e9culo XX, o conheceu em 1917, quando ambos trabalhavam em uma ind\u00fastria no bairro do Br\u00e1s; preparou os lambaris e tivemos uma deliciosa refei\u00e7\u00e3o.<\/p>\n<p>Al\u00e9m de todas as brincadeiras e traquinagens que faz\u00edamos com o personagem central desse conto, ele nos ensinava v\u00e1rias coisas como jogos de carteado, Truco e diversos tipos de Paci\u00eancia e jog\u00e1vamos Domin\u00f3, mas o que mais gost\u00e1vamos era de suas hist\u00f3rias, em especial as do tempo em que serviu na Primeira Guerra Mundial nas fileiras italianas ap\u00f3s a ruptura com a Tr\u00edplice Alian\u00e7a (Alemanha e Imp\u00e9rio Austro-h\u00fangaro) e da maneira involunt\u00e1ria como, em 1915, ele e centenas de outros jovens, oriundos daquele pa\u00eds, foram alistados.<\/p>\n<p>Contava que recebeu uma correspond\u00eancia do Consulado o convidando para uma festa em homenagem aos imigrantes italianos para o Brasil. O evento seria em um navio de bandeira italiana atracado no Porto de Santos. L\u00e1 chegando foi servido um jantar fartamente regado a vinho a ponto de todos se embebedarem e ca\u00edrem adormecidos, quando acordaram, ap\u00f3s algumas horas, estavam em alto mar e foram informados sobre o verdadeiro objetivo do \u201cconvite\u201d, na verdade, armadilha.<\/p>\n<p>Outra narra\u00e7\u00e3o despertava nosso interesse, embora com um certo desconforto em imaginar a situa\u00e7\u00e3o, era sobre as batalhas durante o inverno em que as trincheiras acumulavam neve at\u00e9 o meio das canelas e \u00e0s vezes at\u00e9 os joelhos, congelando as pernas e os p\u00e9s dos soldados. \u01eauando a nevasca cessava e a neve derretia, eles precisavam esperar os p\u00e9s aquecerem para, somente depois, tirarem as botas, pois, do contr\u00e1rio, perderiam os dedos que, congelados, ficariam presos dentro dos cal\u00e7ados.<\/p>\n<p>Certo dia recebi um recado do Reinaldo para irmos at\u00e9 a casa do av\u00f4, pois ele tinha uma coisa importante para nos mostrar. Chegando l\u00e1 ele buscou no arm\u00e1rio um livro antigo e amarelado, orgulhoso e emocionado disse ter recebido h\u00e1 poucos dias de um amigo que lutou ao lado dele na guerra. O grosso volume continha centenas de fotos e em uma delas via-se um jovem com o uniforme do ex\u00e9rcito italiano, capacete e marchando com um fuzil nas m\u00e3os. Abaixo a legenda: <em>Gioacchino Pastore<\/em>.<\/p>\n","protected":false},"excerpt":{"rendered":"<p>Seu Joaquim era o av\u00f4 paterno do meu primo. Av\u00f4 materno n\u00e3o t\u00ednhamos, pois nossas m\u00e3es eram irm\u00e3s e o pai delas havia falecido anos antes de nascermos. Eu tinha av\u00f4 paterno, por\u00e9m era muito pequeno quando ele foi diagnosticado com Alzheimer, naquele tempo n\u00e3o se usava esse nome, se dizia simplesmente que os idosos [&hellip;]<\/p>\n","protected":false},"author":21,"featured_media":377976,"comment_status":"closed","ping_status":"closed","sticky":false,"template":"","format":"standard","meta":{"_acf_changed":false,"footnotes":""},"categories":[234],"tags":[],"class_list":["post-377975","post","type-post","status-publish","format-standard","has-post-thumbnail","hentry","category-cafe-literario"],"acf":[],"yoast_head":"<!-- This site is optimized with the Yoast SEO plugin v27.2 - https:\/\/yoast.com\/product\/yoast-seo-wordpress\/ -->\n<title>Seu Joaquim, o av\u00f4 paterno do meu primo - Notibras<\/title>\n<meta name=\"robots\" content=\"index, follow, max-snippet:-1, max-image-preview:large, max-video-preview:-1\" \/>\n<link rel=\"canonical\" href=\"https:\/\/www.notibras.com\/site\/seu-joaquim-o-avo-paterno-do-meu-primo\/\" \/>\n<meta property=\"og:locale\" content=\"pt_BR\" \/>\n<meta property=\"og:type\" content=\"article\" \/>\n<meta property=\"og:title\" content=\"Seu Joaquim, o av\u00f4 paterno do meu primo - Notibras\" \/>\n<meta property=\"og:description\" content=\"Seu Joaquim era o av\u00f4 paterno do meu primo. Av\u00f4 materno n\u00e3o t\u00ednhamos, pois nossas m\u00e3es eram irm\u00e3s e o pai delas havia falecido anos antes de nascermos. Eu tinha av\u00f4 paterno, por\u00e9m era muito pequeno quando ele foi diagnosticado com Alzheimer, naquele tempo n\u00e3o se usava esse nome, se dizia simplesmente que os idosos [&hellip;]\" \/>\n<meta property=\"og:url\" content=\"https:\/\/www.notibras.com\/site\/seu-joaquim-o-avo-paterno-do-meu-primo\/\" \/>\n<meta property=\"og:site_name\" content=\"Notibras\" \/>\n<meta property=\"article:publisher\" content=\"https:\/\/www.facebook.com\/notibras\/\" \/>\n<meta property=\"article:published_time\" content=\"2026-01-10T03:00:39+00:00\" \/>\n<meta property=\"og:image\" content=\"https:\/\/www.notibras.com\/site\/wp-content\/uploads\/2026\/01\/IMG_0095.jpg\" \/>\n\t<meta property=\"og:image:width\" content=\"1023\" \/>\n\t<meta property=\"og:image:height\" content=\"924\" \/>\n\t<meta property=\"og:image:type\" content=\"image\/jpeg\" \/>\n<meta name=\"author\" content=\"Eduardo Mart\u00ednez\" \/>\n<meta name=\"twitter:card\" content=\"summary_large_image\" \/>\n<meta name=\"twitter:creator\" content=\"@Notibras\" \/>\n<meta name=\"twitter:site\" content=\"@Notibras\" \/>\n<meta name=\"twitter:label1\" content=\"Escrito por\" \/>\n\t<meta name=\"twitter:data1\" content=\"Eduardo Mart\u00ednez\" \/>\n\t<meta name=\"twitter:label2\" content=\"Est. tempo de leitura\" \/>\n\t<meta name=\"twitter:data2\" content=\"5 minutos\" \/>\n<script type=\"application\/ld+json\" class=\"yoast-schema-graph\">{\"@context\":\"https:\/\/schema.org\",\"@graph\":[{\"@type\":\"Article\",\"@id\":\"https:\/\/www.notibras.com\/site\/seu-joaquim-o-avo-paterno-do-meu-primo\/#article\",\"isPartOf\":{\"@id\":\"https:\/\/www.notibras.com\/site\/seu-joaquim-o-avo-paterno-do-meu-primo\/\"},\"author\":{\"name\":\"Eduardo Mart\u00ednez\",\"@id\":\"https:\/\/www.notibras.com\/site\/#\/schema\/person\/5b7fabf2aedc3ada2105f03b22b4d3dd\"},\"headline\":\"Seu Joaquim, o av\u00f4 paterno do meu primo\",\"datePublished\":\"2026-01-10T03:00:39+00:00\",\"mainEntityOfPage\":{\"@id\":\"https:\/\/www.notibras.com\/site\/seu-joaquim-o-avo-paterno-do-meu-primo\/\"},\"wordCount\":918,\"publisher\":{\"@id\":\"https:\/\/www.notibras.com\/site\/#organization\"},\"image\":{\"@id\":\"https:\/\/www.notibras.com\/site\/seu-joaquim-o-avo-paterno-do-meu-primo\/#primaryimage\"},\"thumbnailUrl\":\"https:\/\/www.notibras.com\/site\/wp-content\/uploads\/2026\/01\/IMG_0095.jpg\",\"articleSection\":[\"Caf\u00e9 Liter\u00e1rio\"],\"inLanguage\":\"pt-BR\"},{\"@type\":\"WebPage\",\"@id\":\"https:\/\/www.notibras.com\/site\/seu-joaquim-o-avo-paterno-do-meu-primo\/\",\"url\":\"https:\/\/www.notibras.com\/site\/seu-joaquim-o-avo-paterno-do-meu-primo\/\",\"name\":\"Seu Joaquim, o av\u00f4 paterno do meu primo - Notibras\",\"isPartOf\":{\"@id\":\"https:\/\/www.notibras.com\/site\/#website\"},\"primaryImageOfPage\":{\"@id\":\"https:\/\/www.notibras.com\/site\/seu-joaquim-o-avo-paterno-do-meu-primo\/#primaryimage\"},\"image\":{\"@id\":\"https:\/\/www.notibras.com\/site\/seu-joaquim-o-avo-paterno-do-meu-primo\/#primaryimage\"},\"thumbnailUrl\":\"https:\/\/www.notibras.com\/site\/wp-content\/uploads\/2026\/01\/IMG_0095.jpg\",\"datePublished\":\"2026-01-10T03:00:39+00:00\",\"breadcrumb\":{\"@id\":\"https:\/\/www.notibras.com\/site\/seu-joaquim-o-avo-paterno-do-meu-primo\/#breadcrumb\"},\"inLanguage\":\"pt-BR\",\"potentialAction\":[{\"@type\":\"ReadAction\",\"target\":[\"https:\/\/www.notibras.com\/site\/seu-joaquim-o-avo-paterno-do-meu-primo\/\"]}]},{\"@type\":\"ImageObject\",\"inLanguage\":\"pt-BR\",\"@id\":\"https:\/\/www.notibras.com\/site\/seu-joaquim-o-avo-paterno-do-meu-primo\/#primaryimage\",\"url\":\"https:\/\/www.notibras.com\/site\/wp-content\/uploads\/2026\/01\/IMG_0095.jpg\",\"contentUrl\":\"https:\/\/www.notibras.com\/site\/wp-content\/uploads\/2026\/01\/IMG_0095.jpg\",\"width\":1023,\"height\":924},{\"@type\":\"BreadcrumbList\",\"@id\":\"https:\/\/www.notibras.com\/site\/seu-joaquim-o-avo-paterno-do-meu-primo\/#breadcrumb\",\"itemListElement\":[{\"@type\":\"ListItem\",\"position\":1,\"name\":\"In\u00edcio\",\"item\":\"https:\/\/www.notibras.com\/site\/\"},{\"@type\":\"ListItem\",\"position\":2,\"name\":\"Seu Joaquim, o av\u00f4 paterno do meu primo\"}]},{\"@type\":\"WebSite\",\"@id\":\"https:\/\/www.notibras.com\/site\/#website\",\"url\":\"https:\/\/www.notibras.com\/site\/\",\"name\":\"Notibras\",\"description\":\"Not\u00edcias de Bras\u00edlia, do Brasil e do Mundo\",\"publisher\":{\"@id\":\"https:\/\/www.notibras.com\/site\/#organization\"},\"potentialAction\":[{\"@type\":\"SearchAction\",\"target\":{\"@type\":\"EntryPoint\",\"urlTemplate\":\"https:\/\/www.notibras.com\/site\/?s={search_term_string}\"},\"query-input\":{\"@type\":\"PropertyValueSpecification\",\"valueRequired\":true,\"valueName\":\"search_term_string\"}}],\"inLanguage\":\"pt-BR\"},{\"@type\":\"Organization\",\"@id\":\"https:\/\/www.notibras.com\/site\/#organization\",\"name\":\"Grupo Notibras de Comunica\u00e7\u00e3o\",\"url\":\"https:\/\/www.notibras.com\/site\/\",\"logo\":{\"@type\":\"ImageObject\",\"inLanguage\":\"pt-BR\",\"@id\":\"https:\/\/www.notibras.com\/site\/#\/schema\/logo\/image\/\",\"url\":\"https:\/\/www.notibras.com\/site\/wp-content\/uploads\/2023\/01\/notibras23.png\",\"contentUrl\":\"https:\/\/www.notibras.com\/site\/wp-content\/uploads\/2023\/01\/notibras23.png\",\"width\":350,\"height\":87,\"caption\":\"Grupo Notibras de Comunica\u00e7\u00e3o\"},\"image\":{\"@id\":\"https:\/\/www.notibras.com\/site\/#\/schema\/logo\/image\/\"},\"sameAs\":[\"https:\/\/www.facebook.com\/notibras\/\",\"https:\/\/x.com\/Notibras\",\"https:\/\/www.instagram.com\/notibras\/\"]},{\"@type\":\"Person\",\"@id\":\"https:\/\/www.notibras.com\/site\/#\/schema\/person\/5b7fabf2aedc3ada2105f03b22b4d3dd\",\"name\":\"Eduardo Mart\u00ednez\",\"image\":{\"@type\":\"ImageObject\",\"inLanguage\":\"pt-BR\",\"@id\":\"https:\/\/secure.gravatar.com\/avatar\/7902f906289926289cbcda644b5197c796b893c6ffd7b9a536a42d290f7704a0?s=96&d=mm&r=g\",\"url\":\"https:\/\/secure.gravatar.com\/avatar\/7902f906289926289cbcda644b5197c796b893c6ffd7b9a536a42d290f7704a0?s=96&d=mm&r=g\",\"contentUrl\":\"https:\/\/secure.gravatar.com\/avatar\/7902f906289926289cbcda644b5197c796b893c6ffd7b9a536a42d290f7704a0?s=96&d=mm&r=g\",\"caption\":\"Eduardo Mart\u00ednez\"}}]}<\/script>\n<!-- \/ Yoast SEO plugin. -->","yoast_head_json":{"title":"Seu Joaquim, o av\u00f4 paterno do meu primo - Notibras","robots":{"index":"index","follow":"follow","max-snippet":"max-snippet:-1","max-image-preview":"max-image-preview:large","max-video-preview":"max-video-preview:-1"},"canonical":"https:\/\/www.notibras.com\/site\/seu-joaquim-o-avo-paterno-do-meu-primo\/","og_locale":"pt_BR","og_type":"article","og_title":"Seu Joaquim, o av\u00f4 paterno do meu primo - Notibras","og_description":"Seu Joaquim era o av\u00f4 paterno do meu primo. Av\u00f4 materno n\u00e3o t\u00ednhamos, pois nossas m\u00e3es eram irm\u00e3s e o pai delas havia falecido anos antes de nascermos. Eu tinha av\u00f4 paterno, por\u00e9m era muito pequeno quando ele foi diagnosticado com Alzheimer, naquele tempo n\u00e3o se usava esse nome, se dizia simplesmente que os idosos [&hellip;]","og_url":"https:\/\/www.notibras.com\/site\/seu-joaquim-o-avo-paterno-do-meu-primo\/","og_site_name":"Notibras","article_publisher":"https:\/\/www.facebook.com\/notibras\/","article_published_time":"2026-01-10T03:00:39+00:00","og_image":[{"width":1023,"height":924,"url":"https:\/\/www.notibras.com\/site\/wp-content\/uploads\/2026\/01\/IMG_0095.jpg","type":"image\/jpeg"}],"author":"Eduardo Mart\u00ednez","twitter_card":"summary_large_image","twitter_creator":"@Notibras","twitter_site":"@Notibras","twitter_misc":{"Escrito por":"Eduardo Mart\u00ednez","Est. tempo de leitura":"5 minutos"},"schema":{"@context":"https:\/\/schema.org","@graph":[{"@type":"Article","@id":"https:\/\/www.notibras.com\/site\/seu-joaquim-o-avo-paterno-do-meu-primo\/#article","isPartOf":{"@id":"https:\/\/www.notibras.com\/site\/seu-joaquim-o-avo-paterno-do-meu-primo\/"},"author":{"name":"Eduardo Mart\u00ednez","@id":"https:\/\/www.notibras.com\/site\/#\/schema\/person\/5b7fabf2aedc3ada2105f03b22b4d3dd"},"headline":"Seu Joaquim, o av\u00f4 paterno do meu primo","datePublished":"2026-01-10T03:00:39+00:00","mainEntityOfPage":{"@id":"https:\/\/www.notibras.com\/site\/seu-joaquim-o-avo-paterno-do-meu-primo\/"},"wordCount":918,"publisher":{"@id":"https:\/\/www.notibras.com\/site\/#organization"},"image":{"@id":"https:\/\/www.notibras.com\/site\/seu-joaquim-o-avo-paterno-do-meu-primo\/#primaryimage"},"thumbnailUrl":"https:\/\/www.notibras.com\/site\/wp-content\/uploads\/2026\/01\/IMG_0095.jpg","articleSection":["Caf\u00e9 Liter\u00e1rio"],"inLanguage":"pt-BR"},{"@type":"WebPage","@id":"https:\/\/www.notibras.com\/site\/seu-joaquim-o-avo-paterno-do-meu-primo\/","url":"https:\/\/www.notibras.com\/site\/seu-joaquim-o-avo-paterno-do-meu-primo\/","name":"Seu Joaquim, o av\u00f4 paterno do meu primo - Notibras","isPartOf":{"@id":"https:\/\/www.notibras.com\/site\/#website"},"primaryImageOfPage":{"@id":"https:\/\/www.notibras.com\/site\/seu-joaquim-o-avo-paterno-do-meu-primo\/#primaryimage"},"image":{"@id":"https:\/\/www.notibras.com\/site\/seu-joaquim-o-avo-paterno-do-meu-primo\/#primaryimage"},"thumbnailUrl":"https:\/\/www.notibras.com\/site\/wp-content\/uploads\/2026\/01\/IMG_0095.jpg","datePublished":"2026-01-10T03:00:39+00:00","breadcrumb":{"@id":"https:\/\/www.notibras.com\/site\/seu-joaquim-o-avo-paterno-do-meu-primo\/#breadcrumb"},"inLanguage":"pt-BR","potentialAction":[{"@type":"ReadAction","target":["https:\/\/www.notibras.com\/site\/seu-joaquim-o-avo-paterno-do-meu-primo\/"]}]},{"@type":"ImageObject","inLanguage":"pt-BR","@id":"https:\/\/www.notibras.com\/site\/seu-joaquim-o-avo-paterno-do-meu-primo\/#primaryimage","url":"https:\/\/www.notibras.com\/site\/wp-content\/uploads\/2026\/01\/IMG_0095.jpg","contentUrl":"https:\/\/www.notibras.com\/site\/wp-content\/uploads\/2026\/01\/IMG_0095.jpg","width":1023,"height":924},{"@type":"BreadcrumbList","@id":"https:\/\/www.notibras.com\/site\/seu-joaquim-o-avo-paterno-do-meu-primo\/#breadcrumb","itemListElement":[{"@type":"ListItem","position":1,"name":"In\u00edcio","item":"https:\/\/www.notibras.com\/site\/"},{"@type":"ListItem","position":2,"name":"Seu Joaquim, o av\u00f4 paterno do meu primo"}]},{"@type":"WebSite","@id":"https:\/\/www.notibras.com\/site\/#website","url":"https:\/\/www.notibras.com\/site\/","name":"Notibras","description":"Not\u00edcias de Bras\u00edlia, do Brasil e do Mundo","publisher":{"@id":"https:\/\/www.notibras.com\/site\/#organization"},"potentialAction":[{"@type":"SearchAction","target":{"@type":"EntryPoint","urlTemplate":"https:\/\/www.notibras.com\/site\/?s={search_term_string}"},"query-input":{"@type":"PropertyValueSpecification","valueRequired":true,"valueName":"search_term_string"}}],"inLanguage":"pt-BR"},{"@type":"Organization","@id":"https:\/\/www.notibras.com\/site\/#organization","name":"Grupo Notibras de Comunica\u00e7\u00e3o","url":"https:\/\/www.notibras.com\/site\/","logo":{"@type":"ImageObject","inLanguage":"pt-BR","@id":"https:\/\/www.notibras.com\/site\/#\/schema\/logo\/image\/","url":"https:\/\/www.notibras.com\/site\/wp-content\/uploads\/2023\/01\/notibras23.png","contentUrl":"https:\/\/www.notibras.com\/site\/wp-content\/uploads\/2023\/01\/notibras23.png","width":350,"height":87,"caption":"Grupo Notibras de Comunica\u00e7\u00e3o"},"image":{"@id":"https:\/\/www.notibras.com\/site\/#\/schema\/logo\/image\/"},"sameAs":["https:\/\/www.facebook.com\/notibras\/","https:\/\/x.com\/Notibras","https:\/\/www.instagram.com\/notibras\/"]},{"@type":"Person","@id":"https:\/\/www.notibras.com\/site\/#\/schema\/person\/5b7fabf2aedc3ada2105f03b22b4d3dd","name":"Eduardo Mart\u00ednez","image":{"@type":"ImageObject","inLanguage":"pt-BR","@id":"https:\/\/secure.gravatar.com\/avatar\/7902f906289926289cbcda644b5197c796b893c6ffd7b9a536a42d290f7704a0?s=96&d=mm&r=g","url":"https:\/\/secure.gravatar.com\/avatar\/7902f906289926289cbcda644b5197c796b893c6ffd7b9a536a42d290f7704a0?s=96&d=mm&r=g","contentUrl":"https:\/\/secure.gravatar.com\/avatar\/7902f906289926289cbcda644b5197c796b893c6ffd7b9a536a42d290f7704a0?s=96&d=mm&r=g","caption":"Eduardo Mart\u00ednez"}}]}},"amp_enabled":true,"_links":{"self":[{"href":"https:\/\/www.notibras.com\/site\/wp-json\/wp\/v2\/posts\/377975","targetHints":{"allow":["GET"]}}],"collection":[{"href":"https:\/\/www.notibras.com\/site\/wp-json\/wp\/v2\/posts"}],"about":[{"href":"https:\/\/www.notibras.com\/site\/wp-json\/wp\/v2\/types\/post"}],"author":[{"embeddable":true,"href":"https:\/\/www.notibras.com\/site\/wp-json\/wp\/v2\/users\/21"}],"replies":[{"embeddable":true,"href":"https:\/\/www.notibras.com\/site\/wp-json\/wp\/v2\/comments?post=377975"}],"version-history":[{"count":2,"href":"https:\/\/www.notibras.com\/site\/wp-json\/wp\/v2\/posts\/377975\/revisions"}],"predecessor-version":[{"id":377978,"href":"https:\/\/www.notibras.com\/site\/wp-json\/wp\/v2\/posts\/377975\/revisions\/377978"}],"wp:featuredmedia":[{"embeddable":true,"href":"https:\/\/www.notibras.com\/site\/wp-json\/wp\/v2\/media\/377976"}],"wp:attachment":[{"href":"https:\/\/www.notibras.com\/site\/wp-json\/wp\/v2\/media?parent=377975"}],"wp:term":[{"taxonomy":"category","embeddable":true,"href":"https:\/\/www.notibras.com\/site\/wp-json\/wp\/v2\/categories?post=377975"},{"taxonomy":"post_tag","embeddable":true,"href":"https:\/\/www.notibras.com\/site\/wp-json\/wp\/v2\/tags?post=377975"}],"curies":[{"name":"wp","href":"https:\/\/api.w.org\/{rel}","templated":true}]}}