{"id":377979,"date":"2026-01-06T17:39:59","date_gmt":"2026-01-06T20:39:59","guid":{"rendered":"https:\/\/www.notibras.com\/site\/?p=377979"},"modified":"2026-01-06T18:59:47","modified_gmt":"2026-01-06T21:59:47","slug":"xandao-nega-ida-de-bolsonaro-a-hospital-e-exige-laudo-medico","status":"publish","type":"post","link":"https:\/\/www.notibras.com\/site\/xandao-nega-ida-de-bolsonaro-a-hospital-e-exige-laudo-medico\/","title":{"rendered":"Xand\u00e3o nega ida de Bolsonaro a hospital e exige laudo m\u00e9dico"},"content":{"rendered":"<p>O ministro Alexandre de Moraes, do Supremo Tribunal Federal (STF), negou, nesta ter\u00e7a-feira (6), a remo\u00e7\u00e3o do ex-presidente Jair Bolsonaro para atendimento hospitalar em fun\u00e7\u00e3o de uma queda que ele teve na \u00faltima madrugada. Ele est\u00e1 preso em uma cela na Superintend\u00eancia da Pol\u00edcia Federal, em Bras\u00edlia.<\/p>\n<p>Moraes se baseou, segundo seu despacho, na avalia\u00e7\u00e3o da equipe da Pol\u00edcia Federal. \u201cO m\u00e9dico da Pol\u00edcia Federal constatou ferimentos leves e n\u00e3o identificou necessidade de encaminhamento hospitalar, sendo indicada apenas observa\u00e7\u00e3o\u201d, apontou no despacho.<\/p>\n<p>Por isso, o ministro escreveu, na decis\u00e3o, que n\u00e3o haveria \u201cnenhuma necessidade de remo\u00e7\u00e3o imediata do custodiado para o hospital\u201d.<\/p>\n<p>Ele acrescentou que a defesa de Bolsonaro, entretanto, foi aconselhada pelo m\u00e9dico particular que o ex-presidente teria direito a fazer exames, \u201cdesde que previamente agendados e com indica\u00e7\u00e3o espec\u00edfica e comprovada necessidade\u201d.<\/p>\n<p>Ainda no despacho, o ministro determinou que a defesa indique quais os exames necess\u00e1rios para que \u201cse verifique a possibilidade de realiza\u00e7\u00e3o no sistema penitenci\u00e1rio\u201d.<\/p>\n<p>A esposa do ex-presidente, Michelle Bolsonaro, fez postagem no Instagram indicando que o marido teve uma \u201ccrise\u201d.<\/p>\n<p>\u201cMeu amor n\u00e3o est\u00e1 bem. Durante a madrugada, enquanto dormia, teve uma crise, caiu e bateu a cabe\u00e7a no m\u00f3vel\u201d.<\/p>\n<p>A ex-primeira-dama lamentou ainda que o atendimento s\u00f3 ocorreu pela manh\u00e3 desta ter\u00e7a, quando Bolsonaro foi chamado para a visita, \u00e0s 9h. Essa demora, segundo ela, ocorreu porque o quarto \u201cpermanece fechado\u201d.<\/p>\n<p>Ainda sobre o incidente, Michelle acrescentou que Bolsonaro n\u00e3o se recordava \u201cquanto tempo ficou desacordado\u201d e que seriam necess\u00e1rios exames para verificar eventual \u201ctrauma ou poss\u00edvel dano neurol\u00f3gico\u201d.<\/p>\n<p>Para a imprensa, o m\u00e9dico Cl\u00e1udio Birolini, que atende o ex-presidente, disse que Bolsonaro teve um \u201ctraumatismo leve\u201d.<\/p>\n","protected":false},"excerpt":{"rendered":"<p>O ministro Alexandre de Moraes, do Supremo Tribunal Federal (STF), negou, nesta ter\u00e7a-feira (6), a remo\u00e7\u00e3o do ex-presidente Jair Bolsonaro para atendimento hospitalar em fun\u00e7\u00e3o de uma queda que ele teve na \u00faltima madrugada. Ele est\u00e1 preso em uma cela na Superintend\u00eancia da Pol\u00edcia Federal, em Bras\u00edlia. Moraes se baseou, segundo seu despacho, na avalia\u00e7\u00e3o [&hellip;]<\/p>\n","protected":false},"author":2,"featured_media":377980,"comment_status":"closed","ping_status":"closed","sticky":false,"template":"","format":"standard","meta":{"_acf_changed":false,"footnotes":""},"categories":[16],"tags":[95],"class_list":["post-377979","post","type-post","status-publish","format-standard","has-post-thumbnail","hentry","category-brasil","tag-capa"],"acf":[],"yoast_head":"<!-- This site is optimized with the Yoast SEO plugin v27.2 - https:\/\/yoast.com\/product\/yoast-seo-wordpress\/ -->\n<title>Xand\u00e3o nega ida de Bolsonaro a hospital e exige laudo m\u00e9dico - Notibras<\/title>\n<meta name=\"robots\" content=\"index, follow, max-snippet:-1, max-image-preview:large, max-video-preview:-1\" \/>\n<link rel=\"canonical\" href=\"https:\/\/www.notibras.com\/site\/xandao-nega-ida-de-bolsonaro-a-hospital-e-exige-laudo-medico\/\" \/>\n<meta property=\"og:locale\" content=\"pt_BR\" \/>\n<meta property=\"og:type\" content=\"article\" \/>\n<meta property=\"og:title\" content=\"Xand\u00e3o nega ida de Bolsonaro a hospital e exige laudo m\u00e9dico - Notibras\" \/>\n<meta property=\"og:description\" content=\"O ministro Alexandre de Moraes, do Supremo Tribunal Federal (STF), negou, nesta ter\u00e7a-feira (6), a remo\u00e7\u00e3o do ex-presidente Jair Bolsonaro para atendimento hospitalar em fun\u00e7\u00e3o de uma queda que ele teve na \u00faltima madrugada. Ele est\u00e1 preso em uma cela na Superintend\u00eancia da Pol\u00edcia Federal, em Bras\u00edlia. Moraes se baseou, segundo seu despacho, na avalia\u00e7\u00e3o [&hellip;]\" \/>\n<meta property=\"og:url\" content=\"https:\/\/www.notibras.com\/site\/xandao-nega-ida-de-bolsonaro-a-hospital-e-exige-laudo-medico\/\" \/>\n<meta property=\"og:site_name\" content=\"Notibras\" \/>\n<meta property=\"article:publisher\" content=\"https:\/\/www.facebook.com\/notibras\/\" \/>\n<meta property=\"article:published_time\" content=\"2026-01-06T20:39:59+00:00\" \/>\n<meta property=\"article:modified_time\" content=\"2026-01-06T21:59:47+00:00\" \/>\n<meta property=\"og:image\" content=\"https:\/\/www.notibras.com\/site\/wp-content\/uploads\/2026\/01\/14092025-pzzb3235-4.webp\" \/>\n\t<meta property=\"og:image:width\" content=\"1170\" \/>\n\t<meta property=\"og:image:height\" content=\"700\" \/>\n\t<meta property=\"og:image:type\" content=\"image\/webp\" \/>\n<meta name=\"author\" content=\"Reda\u00e7\u00e3o\" \/>\n<meta name=\"twitter:card\" content=\"summary_large_image\" \/>\n<meta name=\"twitter:creator\" content=\"@Notibras\" \/>\n<meta name=\"twitter:site\" content=\"@Notibras\" \/>\n<meta name=\"twitter:label1\" content=\"Escrito por\" \/>\n\t<meta name=\"twitter:data1\" content=\"Reda\u00e7\u00e3o\" \/>\n\t<meta name=\"twitter:label2\" content=\"Est. tempo de leitura\" \/>\n\t<meta name=\"twitter:data2\" content=\"2 minutos\" \/>\n<script type=\"application\/ld+json\" class=\"yoast-schema-graph\">{\"@context\":\"https:\/\/schema.org\",\"@graph\":[{\"@type\":\"Article\",\"@id\":\"https:\/\/www.notibras.com\/site\/xandao-nega-ida-de-bolsonaro-a-hospital-e-exige-laudo-medico\/#article\",\"isPartOf\":{\"@id\":\"https:\/\/www.notibras.com\/site\/xandao-nega-ida-de-bolsonaro-a-hospital-e-exige-laudo-medico\/\"},\"author\":{\"name\":\"Reda\u00e7\u00e3o\",\"@id\":\"https:\/\/www.notibras.com\/site\/#\/schema\/person\/36ab0979449956132d3e5b517ea76ac8\"},\"headline\":\"Xand\u00e3o nega ida de Bolsonaro a hospital e exige laudo m\u00e9dico\",\"datePublished\":\"2026-01-06T20:39:59+00:00\",\"dateModified\":\"2026-01-06T21:59:47+00:00\",\"mainEntityOfPage\":{\"@id\":\"https:\/\/www.notibras.com\/site\/xandao-nega-ida-de-bolsonaro-a-hospital-e-exige-laudo-medico\/\"},\"wordCount\":317,\"publisher\":{\"@id\":\"https:\/\/www.notibras.com\/site\/#organization\"},\"image\":{\"@id\":\"https:\/\/www.notibras.com\/site\/xandao-nega-ida-de-bolsonaro-a-hospital-e-exige-laudo-medico\/#primaryimage\"},\"thumbnailUrl\":\"https:\/\/www.notibras.com\/site\/wp-content\/uploads\/2026\/01\/14092025-pzzb3235-4.webp\",\"keywords\":[\"capa\"],\"articleSection\":[\"Brasil\"],\"inLanguage\":\"pt-BR\"},{\"@type\":\"WebPage\",\"@id\":\"https:\/\/www.notibras.com\/site\/xandao-nega-ida-de-bolsonaro-a-hospital-e-exige-laudo-medico\/\",\"url\":\"https:\/\/www.notibras.com\/site\/xandao-nega-ida-de-bolsonaro-a-hospital-e-exige-laudo-medico\/\",\"name\":\"Xand\u00e3o nega ida de Bolsonaro a hospital e exige laudo m\u00e9dico - Notibras\",\"isPartOf\":{\"@id\":\"https:\/\/www.notibras.com\/site\/#website\"},\"primaryImageOfPage\":{\"@id\":\"https:\/\/www.notibras.com\/site\/xandao-nega-ida-de-bolsonaro-a-hospital-e-exige-laudo-medico\/#primaryimage\"},\"image\":{\"@id\":\"https:\/\/www.notibras.com\/site\/xandao-nega-ida-de-bolsonaro-a-hospital-e-exige-laudo-medico\/#primaryimage\"},\"thumbnailUrl\":\"https:\/\/www.notibras.com\/site\/wp-content\/uploads\/2026\/01\/14092025-pzzb3235-4.webp\",\"datePublished\":\"2026-01-06T20:39:59+00:00\",\"dateModified\":\"2026-01-06T21:59:47+00:00\",\"breadcrumb\":{\"@id\":\"https:\/\/www.notibras.com\/site\/xandao-nega-ida-de-bolsonaro-a-hospital-e-exige-laudo-medico\/#breadcrumb\"},\"inLanguage\":\"pt-BR\",\"potentialAction\":[{\"@type\":\"ReadAction\",\"target\":[\"https:\/\/www.notibras.com\/site\/xandao-nega-ida-de-bolsonaro-a-hospital-e-exige-laudo-medico\/\"]}]},{\"@type\":\"ImageObject\",\"inLanguage\":\"pt-BR\",\"@id\":\"https:\/\/www.notibras.com\/site\/xandao-nega-ida-de-bolsonaro-a-hospital-e-exige-laudo-medico\/#primaryimage\",\"url\":\"https:\/\/www.notibras.com\/site\/wp-content\/uploads\/2026\/01\/14092025-pzzb3235-4.webp\",\"contentUrl\":\"https:\/\/www.notibras.com\/site\/wp-content\/uploads\/2026\/01\/14092025-pzzb3235-4.webp\",\"width\":1170,\"height\":700},{\"@type\":\"BreadcrumbList\",\"@id\":\"https:\/\/www.notibras.com\/site\/xandao-nega-ida-de-bolsonaro-a-hospital-e-exige-laudo-medico\/#breadcrumb\",\"itemListElement\":[{\"@type\":\"ListItem\",\"position\":1,\"name\":\"In\u00edcio\",\"item\":\"https:\/\/www.notibras.com\/site\/\"},{\"@type\":\"ListItem\",\"position\":2,\"name\":\"Xand\u00e3o nega ida de Bolsonaro a hospital e exige laudo m\u00e9dico\"}]},{\"@type\":\"WebSite\",\"@id\":\"https:\/\/www.notibras.com\/site\/#website\",\"url\":\"https:\/\/www.notibras.com\/site\/\",\"name\":\"Notibras\",\"description\":\"Not\u00edcias de Bras\u00edlia, do Brasil e do Mundo\",\"publisher\":{\"@id\":\"https:\/\/www.notibras.com\/site\/#organization\"},\"potentialAction\":[{\"@type\":\"SearchAction\",\"target\":{\"@type\":\"EntryPoint\",\"urlTemplate\":\"https:\/\/www.notibras.com\/site\/?s={search_term_string}\"},\"query-input\":{\"@type\":\"PropertyValueSpecification\",\"valueRequired\":true,\"valueName\":\"search_term_string\"}}],\"inLanguage\":\"pt-BR\"},{\"@type\":\"Organization\",\"@id\":\"https:\/\/www.notibras.com\/site\/#organization\",\"name\":\"Grupo Notibras de Comunica\u00e7\u00e3o\",\"url\":\"https:\/\/www.notibras.com\/site\/\",\"logo\":{\"@type\":\"ImageObject\",\"inLanguage\":\"pt-BR\",\"@id\":\"https:\/\/www.notibras.com\/site\/#\/schema\/logo\/image\/\",\"url\":\"https:\/\/www.notibras.com\/site\/wp-content\/uploads\/2023\/01\/notibras23.png\",\"contentUrl\":\"https:\/\/www.notibras.com\/site\/wp-content\/uploads\/2023\/01\/notibras23.png\",\"width\":350,\"height\":87,\"caption\":\"Grupo Notibras de Comunica\u00e7\u00e3o\"},\"image\":{\"@id\":\"https:\/\/www.notibras.com\/site\/#\/schema\/logo\/image\/\"},\"sameAs\":[\"https:\/\/www.facebook.com\/notibras\/\",\"https:\/\/x.com\/Notibras\",\"https:\/\/www.instagram.com\/notibras\/\"]},{\"@type\":\"Person\",\"@id\":\"https:\/\/www.notibras.com\/site\/#\/schema\/person\/36ab0979449956132d3e5b517ea76ac8\",\"name\":\"Reda\u00e7\u00e3o\",\"image\":{\"@type\":\"ImageObject\",\"inLanguage\":\"pt-BR\",\"@id\":\"https:\/\/secure.gravatar.com\/avatar\/e0a867bdedb85fd243eadf09663511f96fc81e0720a4a42581f334ad4303aa6b?s=96&d=mm&r=g\",\"url\":\"https:\/\/secure.gravatar.com\/avatar\/e0a867bdedb85fd243eadf09663511f96fc81e0720a4a42581f334ad4303aa6b?s=96&d=mm&r=g\",\"contentUrl\":\"https:\/\/secure.gravatar.com\/avatar\/e0a867bdedb85fd243eadf09663511f96fc81e0720a4a42581f334ad4303aa6b?s=96&d=mm&r=g\",\"caption\":\"Reda\u00e7\u00e3o\"}}]}<\/script>\n<!-- \/ Yoast SEO plugin. -->","yoast_head_json":{"title":"Xand\u00e3o nega ida de Bolsonaro a hospital e exige laudo m\u00e9dico - Notibras","robots":{"index":"index","follow":"follow","max-snippet":"max-snippet:-1","max-image-preview":"max-image-preview:large","max-video-preview":"max-video-preview:-1"},"canonical":"https:\/\/www.notibras.com\/site\/xandao-nega-ida-de-bolsonaro-a-hospital-e-exige-laudo-medico\/","og_locale":"pt_BR","og_type":"article","og_title":"Xand\u00e3o nega ida de Bolsonaro a hospital e exige laudo m\u00e9dico - Notibras","og_description":"O ministro Alexandre de Moraes, do Supremo Tribunal Federal (STF), negou, nesta ter\u00e7a-feira (6), a remo\u00e7\u00e3o do ex-presidente Jair Bolsonaro para atendimento hospitalar em fun\u00e7\u00e3o de uma queda que ele teve na \u00faltima madrugada. Ele est\u00e1 preso em uma cela na Superintend\u00eancia da Pol\u00edcia Federal, em Bras\u00edlia. Moraes se baseou, segundo seu despacho, na avalia\u00e7\u00e3o [&hellip;]","og_url":"https:\/\/www.notibras.com\/site\/xandao-nega-ida-de-bolsonaro-a-hospital-e-exige-laudo-medico\/","og_site_name":"Notibras","article_publisher":"https:\/\/www.facebook.com\/notibras\/","article_published_time":"2026-01-06T20:39:59+00:00","article_modified_time":"2026-01-06T21:59:47+00:00","og_image":[{"width":1170,"height":700,"url":"https:\/\/www.notibras.com\/site\/wp-content\/uploads\/2026\/01\/14092025-pzzb3235-4.webp","type":"image\/webp"}],"author":"Reda\u00e7\u00e3o","twitter_card":"summary_large_image","twitter_creator":"@Notibras","twitter_site":"@Notibras","twitter_misc":{"Escrito por":"Reda\u00e7\u00e3o","Est. tempo de leitura":"2 minutos"},"schema":{"@context":"https:\/\/schema.org","@graph":[{"@type":"Article","@id":"https:\/\/www.notibras.com\/site\/xandao-nega-ida-de-bolsonaro-a-hospital-e-exige-laudo-medico\/#article","isPartOf":{"@id":"https:\/\/www.notibras.com\/site\/xandao-nega-ida-de-bolsonaro-a-hospital-e-exige-laudo-medico\/"},"author":{"name":"Reda\u00e7\u00e3o","@id":"https:\/\/www.notibras.com\/site\/#\/schema\/person\/36ab0979449956132d3e5b517ea76ac8"},"headline":"Xand\u00e3o nega ida de Bolsonaro a hospital e exige laudo m\u00e9dico","datePublished":"2026-01-06T20:39:59+00:00","dateModified":"2026-01-06T21:59:47+00:00","mainEntityOfPage":{"@id":"https:\/\/www.notibras.com\/site\/xandao-nega-ida-de-bolsonaro-a-hospital-e-exige-laudo-medico\/"},"wordCount":317,"publisher":{"@id":"https:\/\/www.notibras.com\/site\/#organization"},"image":{"@id":"https:\/\/www.notibras.com\/site\/xandao-nega-ida-de-bolsonaro-a-hospital-e-exige-laudo-medico\/#primaryimage"},"thumbnailUrl":"https:\/\/www.notibras.com\/site\/wp-content\/uploads\/2026\/01\/14092025-pzzb3235-4.webp","keywords":["capa"],"articleSection":["Brasil"],"inLanguage":"pt-BR"},{"@type":"WebPage","@id":"https:\/\/www.notibras.com\/site\/xandao-nega-ida-de-bolsonaro-a-hospital-e-exige-laudo-medico\/","url":"https:\/\/www.notibras.com\/site\/xandao-nega-ida-de-bolsonaro-a-hospital-e-exige-laudo-medico\/","name":"Xand\u00e3o nega ida de Bolsonaro a hospital e exige laudo m\u00e9dico - Notibras","isPartOf":{"@id":"https:\/\/www.notibras.com\/site\/#website"},"primaryImageOfPage":{"@id":"https:\/\/www.notibras.com\/site\/xandao-nega-ida-de-bolsonaro-a-hospital-e-exige-laudo-medico\/#primaryimage"},"image":{"@id":"https:\/\/www.notibras.com\/site\/xandao-nega-ida-de-bolsonaro-a-hospital-e-exige-laudo-medico\/#primaryimage"},"thumbnailUrl":"https:\/\/www.notibras.com\/site\/wp-content\/uploads\/2026\/01\/14092025-pzzb3235-4.webp","datePublished":"2026-01-06T20:39:59+00:00","dateModified":"2026-01-06T21:59:47+00:00","breadcrumb":{"@id":"https:\/\/www.notibras.com\/site\/xandao-nega-ida-de-bolsonaro-a-hospital-e-exige-laudo-medico\/#breadcrumb"},"inLanguage":"pt-BR","potentialAction":[{"@type":"ReadAction","target":["https:\/\/www.notibras.com\/site\/xandao-nega-ida-de-bolsonaro-a-hospital-e-exige-laudo-medico\/"]}]},{"@type":"ImageObject","inLanguage":"pt-BR","@id":"https:\/\/www.notibras.com\/site\/xandao-nega-ida-de-bolsonaro-a-hospital-e-exige-laudo-medico\/#primaryimage","url":"https:\/\/www.notibras.com\/site\/wp-content\/uploads\/2026\/01\/14092025-pzzb3235-4.webp","contentUrl":"https:\/\/www.notibras.com\/site\/wp-content\/uploads\/2026\/01\/14092025-pzzb3235-4.webp","width":1170,"height":700},{"@type":"BreadcrumbList","@id":"https:\/\/www.notibras.com\/site\/xandao-nega-ida-de-bolsonaro-a-hospital-e-exige-laudo-medico\/#breadcrumb","itemListElement":[{"@type":"ListItem","position":1,"name":"In\u00edcio","item":"https:\/\/www.notibras.com\/site\/"},{"@type":"ListItem","position":2,"name":"Xand\u00e3o nega ida de Bolsonaro a hospital e exige laudo m\u00e9dico"}]},{"@type":"WebSite","@id":"https:\/\/www.notibras.com\/site\/#website","url":"https:\/\/www.notibras.com\/site\/","name":"Notibras","description":"Not\u00edcias de Bras\u00edlia, do Brasil e do Mundo","publisher":{"@id":"https:\/\/www.notibras.com\/site\/#organization"},"potentialAction":[{"@type":"SearchAction","target":{"@type":"EntryPoint","urlTemplate":"https:\/\/www.notibras.com\/site\/?s={search_term_string}"},"query-input":{"@type":"PropertyValueSpecification","valueRequired":true,"valueName":"search_term_string"}}],"inLanguage":"pt-BR"},{"@type":"Organization","@id":"https:\/\/www.notibras.com\/site\/#organization","name":"Grupo Notibras de Comunica\u00e7\u00e3o","url":"https:\/\/www.notibras.com\/site\/","logo":{"@type":"ImageObject","inLanguage":"pt-BR","@id":"https:\/\/www.notibras.com\/site\/#\/schema\/logo\/image\/","url":"https:\/\/www.notibras.com\/site\/wp-content\/uploads\/2023\/01\/notibras23.png","contentUrl":"https:\/\/www.notibras.com\/site\/wp-content\/uploads\/2023\/01\/notibras23.png","width":350,"height":87,"caption":"Grupo Notibras de Comunica\u00e7\u00e3o"},"image":{"@id":"https:\/\/www.notibras.com\/site\/#\/schema\/logo\/image\/"},"sameAs":["https:\/\/www.facebook.com\/notibras\/","https:\/\/x.com\/Notibras","https:\/\/www.instagram.com\/notibras\/"]},{"@type":"Person","@id":"https:\/\/www.notibras.com\/site\/#\/schema\/person\/36ab0979449956132d3e5b517ea76ac8","name":"Reda\u00e7\u00e3o","image":{"@type":"ImageObject","inLanguage":"pt-BR","@id":"https:\/\/secure.gravatar.com\/avatar\/e0a867bdedb85fd243eadf09663511f96fc81e0720a4a42581f334ad4303aa6b?s=96&d=mm&r=g","url":"https:\/\/secure.gravatar.com\/avatar\/e0a867bdedb85fd243eadf09663511f96fc81e0720a4a42581f334ad4303aa6b?s=96&d=mm&r=g","contentUrl":"https:\/\/secure.gravatar.com\/avatar\/e0a867bdedb85fd243eadf09663511f96fc81e0720a4a42581f334ad4303aa6b?s=96&d=mm&r=g","caption":"Reda\u00e7\u00e3o"}}]}},"amp_enabled":true,"_links":{"self":[{"href":"https:\/\/www.notibras.com\/site\/wp-json\/wp\/v2\/posts\/377979","targetHints":{"allow":["GET"]}}],"collection":[{"href":"https:\/\/www.notibras.com\/site\/wp-json\/wp\/v2\/posts"}],"about":[{"href":"https:\/\/www.notibras.com\/site\/wp-json\/wp\/v2\/types\/post"}],"author":[{"embeddable":true,"href":"https:\/\/www.notibras.com\/site\/wp-json\/wp\/v2\/users\/2"}],"replies":[{"embeddable":true,"href":"https:\/\/www.notibras.com\/site\/wp-json\/wp\/v2\/comments?post=377979"}],"version-history":[{"count":2,"href":"https:\/\/www.notibras.com\/site\/wp-json\/wp\/v2\/posts\/377979\/revisions"}],"predecessor-version":[{"id":377983,"href":"https:\/\/www.notibras.com\/site\/wp-json\/wp\/v2\/posts\/377979\/revisions\/377983"}],"wp:featuredmedia":[{"embeddable":true,"href":"https:\/\/www.notibras.com\/site\/wp-json\/wp\/v2\/media\/377980"}],"wp:attachment":[{"href":"https:\/\/www.notibras.com\/site\/wp-json\/wp\/v2\/media?parent=377979"}],"wp:term":[{"taxonomy":"category","embeddable":true,"href":"https:\/\/www.notibras.com\/site\/wp-json\/wp\/v2\/categories?post=377979"},{"taxonomy":"post_tag","embeddable":true,"href":"https:\/\/www.notibras.com\/site\/wp-json\/wp\/v2\/tags?post=377979"}],"curies":[{"name":"wp","href":"https:\/\/api.w.org\/{rel}","templated":true}]}}