{"id":377984,"date":"2026-01-06T19:37:03","date_gmt":"2026-01-06T22:37:03","guid":{"rendered":"https:\/\/www.notibras.com\/site\/?p=377984"},"modified":"2026-01-06T19:37:03","modified_gmt":"2026-01-06T22:37:03","slug":"midia-abraca-causa-do-bc-contra-master-para-deixar-o-poder-impune","status":"publish","type":"post","link":"https:\/\/www.notibras.com\/site\/midia-abraca-causa-do-bc-contra-master-para-deixar-o-poder-impune\/","title":{"rendered":"M\u00eddia abra\u00e7a causa do BC contra Master para deixar o poder impune"},"content":{"rendered":"<p>H\u00e1 um cheiro estranho no ar quando institui\u00e7\u00f5es come\u00e7am a exigir aplauso no lugar de perguntas. N\u00e3o \u00e9 cheiro de p\u00f3lvora nem de enxofre. \u00c9 mais sutil. Lembra talco velho, desses que ficaram tempo demais no arm\u00e1rio. A gente acha aparentemente inofensivo, mas j\u00e1 fora do prazo de validade. \u00c9 assim que as democracias come\u00e7am a envelhecer mal.<\/p>\n<p>Assumi, nestes dias, as r\u00e9deas de uma cobertura espinhosa enquanto Marta Nobre, nossa Editora Executiva, desfruta merecido recesso. N\u00e3o \u00e9 sacrif\u00edcio, \u00e9 of\u00edcio. E of\u00edcio, aprendi cedo, n\u00e3o se terceiriza \u00e0 conveni\u00eancia. N\u00e3o escrevo movido por ingenuidade ou fervor tardio. S\u00e3o 55 anos de jornalismo nas costas, boa parte deles aprendidos na marra, quando Bras\u00edlia ainda cheirava a concreto fresco e a <em>Folha de S.Paulo<\/em> mantinha na capital uma sucursal que funcionava como escola de m\u00e9todo e desconfian\u00e7a saud\u00e1vel.<\/p>\n<p>Ali se aprendia cedo que vers\u00e3o oficial n\u00e3o \u00e9 verdade, mas ponto de partida. Que processo n\u00e3o \u00e9 detalhe burocr\u00e1tico, \u00e9 a pr\u00f3pria espinha dorsal da democracia. E que jornalista que escolhe lado antes de entender o rito n\u00e3o informa, apenas milita. O caso da liquida\u00e7\u00e3o do Banco Master pelo Banco Central, portanto, n\u00e3o \u00e9 sobre gostar ou n\u00e3o de banqueiros. \u00c9 sobre algo bem menos fotog\u00eanico: processo. Aquela palavra que s\u00f3 ganha manchete quando falta.<\/p>\n<p>O Tribunal de Contas da Uni\u00e3o ousou fazer o que a Constitui\u00e7\u00e3o manda, que \u00e9 investigar se uma liquida\u00e7\u00e3o de R$ 50 bilh\u00f5es \u2014 a maior da hist\u00f3ria, um ter\u00e7o inteiro do FGC \u2014 seguiu os tr\u00e2mites corretos. A rea\u00e7\u00e3o? Parte da imprensa decidiu que fiscalizar virou sin\u00f4nimo de proteger bandido. N\u00e3o \u00e9 erro t\u00e9cnico. \u00c9 pedagogia perversa. Ensina-se ao leitor que controle institucional \u00e9 suspeito quando aponta o dedo para decis\u00f5es do Estado.<\/p>\n<p><strong>Notibras<\/strong>, que dirijo h\u00e1 quase 27 anos ao lado de nomes que fizeram a hist\u00f3ria do jornalismo na capital da Rep\u00fablica, n\u00e3o est\u00e1 absolvendo o Banco Master. Nem santificando Vorcaro. Isso \u00e9 caricatura para consumo r\u00e1pido. O que se aponta \u00e9 uma contradi\u00e7\u00e3o t\u00e3o gritante que d\u00f3i nos olhos: o Banco Central teve meses para avaliar alternativas. Em setembro, vetou uma proposta alegando \u201criscos excessivos\u201d. Logo depois, em novembro, diante de nova proposta, levou menos de 24 horas para decidir pela liquida\u00e7\u00e3o total. Foi lento demais quando havia tempo, r\u00e1pido demais quando decidiu que n\u00e3o havia. Fraude, todos sabemos, n\u00e3o explica cronologia incoerente. Simplesmente Exp\u00f5e.<\/p>\n<p>Se havia urg\u00eancia em novembro, onde ela dormia em setembro? Se n\u00e3o havia em setembro, de onde brotou de repente, como cogumelo depois da chuva? O que se pede n\u00e3o \u00e9 indulg\u00eancia. \u00c9 coer\u00eancia. E coer\u00eancia, curiosamente, virou artigo de luxo.<\/p>\n<p>O argumento que circula com ares de sabedoria t\u00e9cnica \u00e9 ainda mais saboroso. Argumenta-se que \u201cse reverter a liquida\u00e7\u00e3o, n\u00e3o se descobre o que aconteceu no banco\u201d. Traduzindo sem o jarg\u00e3o: manter uma decis\u00e3o possivelmente irregular \u00e9 necess\u00e1rio para investigar irregularidades. Questionar o Estado atrapalha a investiga\u00e7\u00e3o do banco. \u00c9 o tipo de l\u00f3gica que faria corar at\u00e9 sofista grego em fim de carreira. O Estado torna-se isento de fiscaliza\u00e7\u00e3o exatamente quando exerce seu poder m\u00e1ximo. E quem ousa perguntar vira c\u00famplice moral do crime.<\/p>\n<p>H\u00e1 tamb\u00e9m o detalhe que parte da m\u00eddia prefere empurrar para baixo do tapete persa da narrativa oficial. Vale lembrar que o modelo de neg\u00f3cios do Banco Master, hoje tratado como \u201cobviamente fraudulento\u201d, foi regulado, fiscalizado e permitido pelo pr\u00f3prio Banco Central durante anos. S\u00f3 em agosto de 2024 o Conselho Monet\u00e1rio Nacional aprovou regras mais duras. Ontem era permitido. Hoje sempre foi \u00f3bvio que era fraude. Isso n\u00e3o \u00e9 jornalismo. \u00c9 reescrita retroativa da hist\u00f3ria para salvar decis\u00f5es presentes. Quando se faz isso, apagam-se as pegadas que revelariam a incoer\u00eancia do poder.<\/p>\n<p>Fala-se muito em inten\u00e7\u00e3o pol\u00edtica. Em Bras\u00edlia, inten\u00e7\u00e3o pol\u00edtica \u00e9 t\u00e3o rara quanto chuva no Amazonas. Consequentemente, irrelevante. O que importa \u00e9 o processo. Se o rito \u00e9 correto, pouco importa quem sorriu no bastidor. Quando se troca a an\u00e1lise do que foi feito pela especula\u00e7\u00e3o sobre o que se pretendeu, abandona-se o jornalismo e entra-se na torcida organizada, com camisa, batuque e palavr\u00e3o.<\/p>\n<p>Quarenta e um bilh\u00f5es. Um ter\u00e7o do FGC. Questionar se havia alternativas menos destrutivas virou \u201cprotecionismo\u201d. \u00c9 como se um cirurgi\u00e3o, diante de gangrena no dedo, amputasse o bra\u00e7o inteiro e, ao ser questionado, reagisse indignado: \u201cO senhor est\u00e1 defendendo a gangrena?\u201d. N\u00e3o, responderia p paciente retalhado. &#8220;Estou perguntando se o corte foi maior que o necess\u00e1rio&#8221;. Ou seja, crime n\u00e3o transforma automaticamente qualquer resposta estatal em resposta \u00f3tima.<\/p>\n<p>Mesmo que Vorcaro seja culpado de tudo. Mesmo que a liquida\u00e7\u00e3o fosse inevit\u00e1vel. Mesmo que o TCU esteja movido por pol\u00edtica. Atacar a fiscaliza\u00e7\u00e3o institucional \u00e9 mais perigoso do que qualquer fraude individual. Fraudes se punem. Precedentes autorit\u00e1rios, n\u00e3o. Eles ficam. Criam ra\u00edzes. Viram m\u00e9todo.<\/p>\n<p>O caso Master ser\u00e1 esquecido. Os nomes mudar\u00e3o. Mas o precedente permanece: o de que \u00f3rg\u00e3os de controle n\u00e3o devem questionar o Estado quando ele pune alvos impopulares. Um presente embrulhado para futuros governos que queiram pular etapas em nome de urg\u00eancias mal explicadas. Quando historiadores perguntarem como o Brasil come\u00e7ou a tratar fiscaliza\u00e7\u00e3o como inc\u00f4modo, talvez apontem para momentos como este. Quando perguntar virou crime moral. Quando processo virou detalhe. Quando a imprensa, que deveria ser a guardi\u00e3 obsessiva do rito, preferiu latir ao lado do poder.<\/p>\n<p>A fun\u00e7\u00e3o da m\u00eddia n\u00e3o \u00e9 garantir que gente ruim seja punida. \u00c9 garantir que todos sejam punidos justamente. Quando os coleguinhas esquecem isso, n\u00e3o falham apenas. Ajudam, em sil\u00eancio perfumado de talco, a cavar a cova da rep\u00fablica.<\/p>\n<p>&#8230;&#8230;&#8230;&#8230;&#8230;&#8230;<\/p>\n<p><strong>Jos\u00e9 Seabra \u00e9 CEO fundador de Notibras<\/strong><\/p>\n","protected":false},"excerpt":{"rendered":"<p>H\u00e1 um cheiro estranho no ar quando institui\u00e7\u00f5es come\u00e7am a exigir aplauso no lugar de perguntas. N\u00e3o \u00e9 cheiro de p\u00f3lvora nem de enxofre. \u00c9 mais sutil. Lembra talco velho, desses que ficaram tempo demais no arm\u00e1rio. A gente acha aparentemente inofensivo, mas j\u00e1 fora do prazo de validade. \u00c9 assim que as democracias come\u00e7am [&hellip;]<\/p>\n","protected":false},"author":2,"featured_media":377985,"comment_status":"closed","ping_status":"closed","sticky":false,"template":"","format":"standard","meta":{"_acf_changed":false,"footnotes":""},"categories":[16],"tags":[95],"class_list":["post-377984","post","type-post","status-publish","format-standard","has-post-thumbnail","hentry","category-brasil","tag-capa"],"acf":[],"yoast_head":"<!-- This site is optimized with the Yoast SEO plugin v27.2 - https:\/\/yoast.com\/product\/yoast-seo-wordpress\/ -->\n<title>M\u00eddia abra\u00e7a causa do BC contra Master para deixar o poder impune - Notibras<\/title>\n<meta name=\"robots\" content=\"index, follow, max-snippet:-1, max-image-preview:large, max-video-preview:-1\" \/>\n<link rel=\"canonical\" href=\"https:\/\/www.notibras.com\/site\/midia-abraca-causa-do-bc-contra-master-para-deixar-o-poder-impune\/\" \/>\n<meta property=\"og:locale\" content=\"pt_BR\" \/>\n<meta property=\"og:type\" content=\"article\" \/>\n<meta property=\"og:title\" content=\"M\u00eddia abra\u00e7a causa do BC contra Master para deixar o poder impune - Notibras\" \/>\n<meta property=\"og:description\" content=\"H\u00e1 um cheiro estranho no ar quando institui\u00e7\u00f5es come\u00e7am a exigir aplauso no lugar de perguntas. N\u00e3o \u00e9 cheiro de p\u00f3lvora nem de enxofre. \u00c9 mais sutil. Lembra talco velho, desses que ficaram tempo demais no arm\u00e1rio. A gente acha aparentemente inofensivo, mas j\u00e1 fora do prazo de validade. \u00c9 assim que as democracias come\u00e7am [&hellip;]\" \/>\n<meta property=\"og:url\" content=\"https:\/\/www.notibras.com\/site\/midia-abraca-causa-do-bc-contra-master-para-deixar-o-poder-impune\/\" \/>\n<meta property=\"og:site_name\" content=\"Notibras\" \/>\n<meta property=\"article:publisher\" content=\"https:\/\/www.facebook.com\/notibras\/\" \/>\n<meta property=\"article:published_time\" content=\"2026-01-06T22:37:03+00:00\" \/>\n<meta property=\"og:image\" content=\"https:\/\/www.notibras.com\/site\/wp-content\/uploads\/2026\/01\/0d4a1789-1.webp\" \/>\n\t<meta property=\"og:image:width\" content=\"770\" \/>\n\t<meta property=\"og:image:height\" content=\"513\" \/>\n\t<meta property=\"og:image:type\" content=\"image\/webp\" \/>\n<meta name=\"author\" content=\"Reda\u00e7\u00e3o\" \/>\n<meta name=\"twitter:card\" content=\"summary_large_image\" \/>\n<meta name=\"twitter:creator\" content=\"@Notibras\" \/>\n<meta name=\"twitter:site\" content=\"@Notibras\" \/>\n<meta name=\"twitter:label1\" content=\"Escrito por\" \/>\n\t<meta name=\"twitter:data1\" content=\"Reda\u00e7\u00e3o\" \/>\n\t<meta name=\"twitter:label2\" content=\"Est. tempo de leitura\" \/>\n\t<meta name=\"twitter:data2\" content=\"6 minutos\" \/>\n<script type=\"application\/ld+json\" class=\"yoast-schema-graph\">{\"@context\":\"https:\/\/schema.org\",\"@graph\":[{\"@type\":\"Article\",\"@id\":\"https:\/\/www.notibras.com\/site\/midia-abraca-causa-do-bc-contra-master-para-deixar-o-poder-impune\/#article\",\"isPartOf\":{\"@id\":\"https:\/\/www.notibras.com\/site\/midia-abraca-causa-do-bc-contra-master-para-deixar-o-poder-impune\/\"},\"author\":{\"name\":\"Reda\u00e7\u00e3o\",\"@id\":\"https:\/\/www.notibras.com\/site\/#\/schema\/person\/36ab0979449956132d3e5b517ea76ac8\"},\"headline\":\"M\u00eddia abra\u00e7a causa do BC contra Master para deixar o poder impune\",\"datePublished\":\"2026-01-06T22:37:03+00:00\",\"mainEntityOfPage\":{\"@id\":\"https:\/\/www.notibras.com\/site\/midia-abraca-causa-do-bc-contra-master-para-deixar-o-poder-impune\/\"},\"wordCount\":1015,\"publisher\":{\"@id\":\"https:\/\/www.notibras.com\/site\/#organization\"},\"image\":{\"@id\":\"https:\/\/www.notibras.com\/site\/midia-abraca-causa-do-bc-contra-master-para-deixar-o-poder-impune\/#primaryimage\"},\"thumbnailUrl\":\"https:\/\/www.notibras.com\/site\/wp-content\/uploads\/2026\/01\/0d4a1789-1.webp\",\"keywords\":[\"capa\"],\"articleSection\":[\"Brasil\"],\"inLanguage\":\"pt-BR\"},{\"@type\":\"WebPage\",\"@id\":\"https:\/\/www.notibras.com\/site\/midia-abraca-causa-do-bc-contra-master-para-deixar-o-poder-impune\/\",\"url\":\"https:\/\/www.notibras.com\/site\/midia-abraca-causa-do-bc-contra-master-para-deixar-o-poder-impune\/\",\"name\":\"M\u00eddia abra\u00e7a causa do BC contra Master para deixar o poder impune - Notibras\",\"isPartOf\":{\"@id\":\"https:\/\/www.notibras.com\/site\/#website\"},\"primaryImageOfPage\":{\"@id\":\"https:\/\/www.notibras.com\/site\/midia-abraca-causa-do-bc-contra-master-para-deixar-o-poder-impune\/#primaryimage\"},\"image\":{\"@id\":\"https:\/\/www.notibras.com\/site\/midia-abraca-causa-do-bc-contra-master-para-deixar-o-poder-impune\/#primaryimage\"},\"thumbnailUrl\":\"https:\/\/www.notibras.com\/site\/wp-content\/uploads\/2026\/01\/0d4a1789-1.webp\",\"datePublished\":\"2026-01-06T22:37:03+00:00\",\"breadcrumb\":{\"@id\":\"https:\/\/www.notibras.com\/site\/midia-abraca-causa-do-bc-contra-master-para-deixar-o-poder-impune\/#breadcrumb\"},\"inLanguage\":\"pt-BR\",\"potentialAction\":[{\"@type\":\"ReadAction\",\"target\":[\"https:\/\/www.notibras.com\/site\/midia-abraca-causa-do-bc-contra-master-para-deixar-o-poder-impune\/\"]}]},{\"@type\":\"ImageObject\",\"inLanguage\":\"pt-BR\",\"@id\":\"https:\/\/www.notibras.com\/site\/midia-abraca-causa-do-bc-contra-master-para-deixar-o-poder-impune\/#primaryimage\",\"url\":\"https:\/\/www.notibras.com\/site\/wp-content\/uploads\/2026\/01\/0d4a1789-1.webp\",\"contentUrl\":\"https:\/\/www.notibras.com\/site\/wp-content\/uploads\/2026\/01\/0d4a1789-1.webp\",\"width\":770,\"height\":513},{\"@type\":\"BreadcrumbList\",\"@id\":\"https:\/\/www.notibras.com\/site\/midia-abraca-causa-do-bc-contra-master-para-deixar-o-poder-impune\/#breadcrumb\",\"itemListElement\":[{\"@type\":\"ListItem\",\"position\":1,\"name\":\"In\u00edcio\",\"item\":\"https:\/\/www.notibras.com\/site\/\"},{\"@type\":\"ListItem\",\"position\":2,\"name\":\"M\u00eddia abra\u00e7a causa do BC contra Master para deixar o poder impune\"}]},{\"@type\":\"WebSite\",\"@id\":\"https:\/\/www.notibras.com\/site\/#website\",\"url\":\"https:\/\/www.notibras.com\/site\/\",\"name\":\"Notibras\",\"description\":\"Not\u00edcias de Bras\u00edlia, do Brasil e do Mundo\",\"publisher\":{\"@id\":\"https:\/\/www.notibras.com\/site\/#organization\"},\"potentialAction\":[{\"@type\":\"SearchAction\",\"target\":{\"@type\":\"EntryPoint\",\"urlTemplate\":\"https:\/\/www.notibras.com\/site\/?s={search_term_string}\"},\"query-input\":{\"@type\":\"PropertyValueSpecification\",\"valueRequired\":true,\"valueName\":\"search_term_string\"}}],\"inLanguage\":\"pt-BR\"},{\"@type\":\"Organization\",\"@id\":\"https:\/\/www.notibras.com\/site\/#organization\",\"name\":\"Grupo Notibras de Comunica\u00e7\u00e3o\",\"url\":\"https:\/\/www.notibras.com\/site\/\",\"logo\":{\"@type\":\"ImageObject\",\"inLanguage\":\"pt-BR\",\"@id\":\"https:\/\/www.notibras.com\/site\/#\/schema\/logo\/image\/\",\"url\":\"https:\/\/www.notibras.com\/site\/wp-content\/uploads\/2023\/01\/notibras23.png\",\"contentUrl\":\"https:\/\/www.notibras.com\/site\/wp-content\/uploads\/2023\/01\/notibras23.png\",\"width\":350,\"height\":87,\"caption\":\"Grupo Notibras de Comunica\u00e7\u00e3o\"},\"image\":{\"@id\":\"https:\/\/www.notibras.com\/site\/#\/schema\/logo\/image\/\"},\"sameAs\":[\"https:\/\/www.facebook.com\/notibras\/\",\"https:\/\/x.com\/Notibras\",\"https:\/\/www.instagram.com\/notibras\/\"]},{\"@type\":\"Person\",\"@id\":\"https:\/\/www.notibras.com\/site\/#\/schema\/person\/36ab0979449956132d3e5b517ea76ac8\",\"name\":\"Reda\u00e7\u00e3o\",\"image\":{\"@type\":\"ImageObject\",\"inLanguage\":\"pt-BR\",\"@id\":\"https:\/\/secure.gravatar.com\/avatar\/e0a867bdedb85fd243eadf09663511f96fc81e0720a4a42581f334ad4303aa6b?s=96&d=mm&r=g\",\"url\":\"https:\/\/secure.gravatar.com\/avatar\/e0a867bdedb85fd243eadf09663511f96fc81e0720a4a42581f334ad4303aa6b?s=96&d=mm&r=g\",\"contentUrl\":\"https:\/\/secure.gravatar.com\/avatar\/e0a867bdedb85fd243eadf09663511f96fc81e0720a4a42581f334ad4303aa6b?s=96&d=mm&r=g\",\"caption\":\"Reda\u00e7\u00e3o\"}}]}<\/script>\n<!-- \/ Yoast SEO plugin. -->","yoast_head_json":{"title":"M\u00eddia abra\u00e7a causa do BC contra Master para deixar o poder impune - Notibras","robots":{"index":"index","follow":"follow","max-snippet":"max-snippet:-1","max-image-preview":"max-image-preview:large","max-video-preview":"max-video-preview:-1"},"canonical":"https:\/\/www.notibras.com\/site\/midia-abraca-causa-do-bc-contra-master-para-deixar-o-poder-impune\/","og_locale":"pt_BR","og_type":"article","og_title":"M\u00eddia abra\u00e7a causa do BC contra Master para deixar o poder impune - Notibras","og_description":"H\u00e1 um cheiro estranho no ar quando institui\u00e7\u00f5es come\u00e7am a exigir aplauso no lugar de perguntas. N\u00e3o \u00e9 cheiro de p\u00f3lvora nem de enxofre. \u00c9 mais sutil. Lembra talco velho, desses que ficaram tempo demais no arm\u00e1rio. A gente acha aparentemente inofensivo, mas j\u00e1 fora do prazo de validade. \u00c9 assim que as democracias come\u00e7am [&hellip;]","og_url":"https:\/\/www.notibras.com\/site\/midia-abraca-causa-do-bc-contra-master-para-deixar-o-poder-impune\/","og_site_name":"Notibras","article_publisher":"https:\/\/www.facebook.com\/notibras\/","article_published_time":"2026-01-06T22:37:03+00:00","og_image":[{"width":770,"height":513,"url":"https:\/\/www.notibras.com\/site\/wp-content\/uploads\/2026\/01\/0d4a1789-1.webp","type":"image\/webp"}],"author":"Reda\u00e7\u00e3o","twitter_card":"summary_large_image","twitter_creator":"@Notibras","twitter_site":"@Notibras","twitter_misc":{"Escrito por":"Reda\u00e7\u00e3o","Est. tempo de leitura":"6 minutos"},"schema":{"@context":"https:\/\/schema.org","@graph":[{"@type":"Article","@id":"https:\/\/www.notibras.com\/site\/midia-abraca-causa-do-bc-contra-master-para-deixar-o-poder-impune\/#article","isPartOf":{"@id":"https:\/\/www.notibras.com\/site\/midia-abraca-causa-do-bc-contra-master-para-deixar-o-poder-impune\/"},"author":{"name":"Reda\u00e7\u00e3o","@id":"https:\/\/www.notibras.com\/site\/#\/schema\/person\/36ab0979449956132d3e5b517ea76ac8"},"headline":"M\u00eddia abra\u00e7a causa do BC contra Master para deixar o poder impune","datePublished":"2026-01-06T22:37:03+00:00","mainEntityOfPage":{"@id":"https:\/\/www.notibras.com\/site\/midia-abraca-causa-do-bc-contra-master-para-deixar-o-poder-impune\/"},"wordCount":1015,"publisher":{"@id":"https:\/\/www.notibras.com\/site\/#organization"},"image":{"@id":"https:\/\/www.notibras.com\/site\/midia-abraca-causa-do-bc-contra-master-para-deixar-o-poder-impune\/#primaryimage"},"thumbnailUrl":"https:\/\/www.notibras.com\/site\/wp-content\/uploads\/2026\/01\/0d4a1789-1.webp","keywords":["capa"],"articleSection":["Brasil"],"inLanguage":"pt-BR"},{"@type":"WebPage","@id":"https:\/\/www.notibras.com\/site\/midia-abraca-causa-do-bc-contra-master-para-deixar-o-poder-impune\/","url":"https:\/\/www.notibras.com\/site\/midia-abraca-causa-do-bc-contra-master-para-deixar-o-poder-impune\/","name":"M\u00eddia abra\u00e7a causa do BC contra Master para deixar o poder impune - Notibras","isPartOf":{"@id":"https:\/\/www.notibras.com\/site\/#website"},"primaryImageOfPage":{"@id":"https:\/\/www.notibras.com\/site\/midia-abraca-causa-do-bc-contra-master-para-deixar-o-poder-impune\/#primaryimage"},"image":{"@id":"https:\/\/www.notibras.com\/site\/midia-abraca-causa-do-bc-contra-master-para-deixar-o-poder-impune\/#primaryimage"},"thumbnailUrl":"https:\/\/www.notibras.com\/site\/wp-content\/uploads\/2026\/01\/0d4a1789-1.webp","datePublished":"2026-01-06T22:37:03+00:00","breadcrumb":{"@id":"https:\/\/www.notibras.com\/site\/midia-abraca-causa-do-bc-contra-master-para-deixar-o-poder-impune\/#breadcrumb"},"inLanguage":"pt-BR","potentialAction":[{"@type":"ReadAction","target":["https:\/\/www.notibras.com\/site\/midia-abraca-causa-do-bc-contra-master-para-deixar-o-poder-impune\/"]}]},{"@type":"ImageObject","inLanguage":"pt-BR","@id":"https:\/\/www.notibras.com\/site\/midia-abraca-causa-do-bc-contra-master-para-deixar-o-poder-impune\/#primaryimage","url":"https:\/\/www.notibras.com\/site\/wp-content\/uploads\/2026\/01\/0d4a1789-1.webp","contentUrl":"https:\/\/www.notibras.com\/site\/wp-content\/uploads\/2026\/01\/0d4a1789-1.webp","width":770,"height":513},{"@type":"BreadcrumbList","@id":"https:\/\/www.notibras.com\/site\/midia-abraca-causa-do-bc-contra-master-para-deixar-o-poder-impune\/#breadcrumb","itemListElement":[{"@type":"ListItem","position":1,"name":"In\u00edcio","item":"https:\/\/www.notibras.com\/site\/"},{"@type":"ListItem","position":2,"name":"M\u00eddia abra\u00e7a causa do BC contra Master para deixar o poder impune"}]},{"@type":"WebSite","@id":"https:\/\/www.notibras.com\/site\/#website","url":"https:\/\/www.notibras.com\/site\/","name":"Notibras","description":"Not\u00edcias de Bras\u00edlia, do Brasil e do Mundo","publisher":{"@id":"https:\/\/www.notibras.com\/site\/#organization"},"potentialAction":[{"@type":"SearchAction","target":{"@type":"EntryPoint","urlTemplate":"https:\/\/www.notibras.com\/site\/?s={search_term_string}"},"query-input":{"@type":"PropertyValueSpecification","valueRequired":true,"valueName":"search_term_string"}}],"inLanguage":"pt-BR"},{"@type":"Organization","@id":"https:\/\/www.notibras.com\/site\/#organization","name":"Grupo Notibras de Comunica\u00e7\u00e3o","url":"https:\/\/www.notibras.com\/site\/","logo":{"@type":"ImageObject","inLanguage":"pt-BR","@id":"https:\/\/www.notibras.com\/site\/#\/schema\/logo\/image\/","url":"https:\/\/www.notibras.com\/site\/wp-content\/uploads\/2023\/01\/notibras23.png","contentUrl":"https:\/\/www.notibras.com\/site\/wp-content\/uploads\/2023\/01\/notibras23.png","width":350,"height":87,"caption":"Grupo Notibras de Comunica\u00e7\u00e3o"},"image":{"@id":"https:\/\/www.notibras.com\/site\/#\/schema\/logo\/image\/"},"sameAs":["https:\/\/www.facebook.com\/notibras\/","https:\/\/x.com\/Notibras","https:\/\/www.instagram.com\/notibras\/"]},{"@type":"Person","@id":"https:\/\/www.notibras.com\/site\/#\/schema\/person\/36ab0979449956132d3e5b517ea76ac8","name":"Reda\u00e7\u00e3o","image":{"@type":"ImageObject","inLanguage":"pt-BR","@id":"https:\/\/secure.gravatar.com\/avatar\/e0a867bdedb85fd243eadf09663511f96fc81e0720a4a42581f334ad4303aa6b?s=96&d=mm&r=g","url":"https:\/\/secure.gravatar.com\/avatar\/e0a867bdedb85fd243eadf09663511f96fc81e0720a4a42581f334ad4303aa6b?s=96&d=mm&r=g","contentUrl":"https:\/\/secure.gravatar.com\/avatar\/e0a867bdedb85fd243eadf09663511f96fc81e0720a4a42581f334ad4303aa6b?s=96&d=mm&r=g","caption":"Reda\u00e7\u00e3o"}}]}},"amp_enabled":true,"_links":{"self":[{"href":"https:\/\/www.notibras.com\/site\/wp-json\/wp\/v2\/posts\/377984","targetHints":{"allow":["GET"]}}],"collection":[{"href":"https:\/\/www.notibras.com\/site\/wp-json\/wp\/v2\/posts"}],"about":[{"href":"https:\/\/www.notibras.com\/site\/wp-json\/wp\/v2\/types\/post"}],"author":[{"embeddable":true,"href":"https:\/\/www.notibras.com\/site\/wp-json\/wp\/v2\/users\/2"}],"replies":[{"embeddable":true,"href":"https:\/\/www.notibras.com\/site\/wp-json\/wp\/v2\/comments?post=377984"}],"version-history":[{"count":1,"href":"https:\/\/www.notibras.com\/site\/wp-json\/wp\/v2\/posts\/377984\/revisions"}],"predecessor-version":[{"id":377986,"href":"https:\/\/www.notibras.com\/site\/wp-json\/wp\/v2\/posts\/377984\/revisions\/377986"}],"wp:featuredmedia":[{"embeddable":true,"href":"https:\/\/www.notibras.com\/site\/wp-json\/wp\/v2\/media\/377985"}],"wp:attachment":[{"href":"https:\/\/www.notibras.com\/site\/wp-json\/wp\/v2\/media?parent=377984"}],"wp:term":[{"taxonomy":"category","embeddable":true,"href":"https:\/\/www.notibras.com\/site\/wp-json\/wp\/v2\/categories?post=377984"},{"taxonomy":"post_tag","embeddable":true,"href":"https:\/\/www.notibras.com\/site\/wp-json\/wp\/v2\/tags?post=377984"}],"curies":[{"name":"wp","href":"https:\/\/api.w.org\/{rel}","templated":true}]}}