{"id":377988,"date":"2026-01-07T02:00:32","date_gmt":"2026-01-07T05:00:32","guid":{"rendered":"https:\/\/www.notibras.com\/site\/?p=377988"},"modified":"2026-01-06T22:54:03","modified_gmt":"2026-01-07T01:54:03","slug":"nicacio-fernandez-e-o-arquirrival-o-escritor-paulo-coelho","status":"publish","type":"post","link":"https:\/\/www.notibras.com\/site\/nicacio-fernandez-e-o-arquirrival-o-escritor-paulo-coelho\/","title":{"rendered":"Nic\u00e1cio Fern\u00e1ndez e o arquirrival, o escritor Paulo Coelho"},"content":{"rendered":"<p style=\"text-align: left;\">Nic\u00e1cio Fern\u00e1ndez era, antes de tudo, rancoroso por natureza ou, ao menos, circunst\u00e2ncias. Nascido no dia 24 de agosto de 1947 no Rio de Janeiro, ent\u00e3o capital do pa\u00eds, guardava tal similaridade astrol\u00f3gica com o afamado escritor Paulo Coelho. Talvez por isso, o sujeito tamb\u00e9m tenha sido puxado, de alguma forma, ao mundo da reda\u00e7\u00e3o dos jornais, onde passou a se destacar por seus textos elogiados pelos editores e colegas, o que n\u00e3o o livrou de intrigas de certos invejosos.<\/p>\n<p>De t\u00e3o bom, algu\u00e9m, n\u00e3o se sabe exatamente quem, o incentivou a escrever cr\u00f4nicas e contos. Nic\u00e1cio pensou, pensou, pensou e, n\u00e3o tardou, imaginou-se o pr\u00f3prio Otto Lara Resende. N\u00e3o era para tanto, mas a ilus\u00e3o o envolveu de certa maneira que, algum tempo depois, foi diagnosticado como portador da s\u00edndrome da realidade paralela.<\/p>\n<p>Foi justamente quando a sua trag\u00e9dia pessoal se instalou que o caminho de Nic\u00e1cio cruzou pela primeira e \u00fanica vez com o de Paulo Coelho, que, \u00e0 \u00e9poca, era parceiro de m\u00fasicas de um tal Raul Seixas.<\/p>\n<p>\u2014 Bicho, tu tem que partir para romance.<\/p>\n<p>\u2014 Tipo Jorge Amado, Paulo?<\/p>\n<p>\u2014 Se eu fosse voc\u00ea, faria algo exot\u00e9rico, que vai vender muito mais.<\/p>\n<p>\u2014 Mais do que ele?<\/p>\n<p>\u2014 Muito mais!<\/p>\n<p>\u2014 Sabe, Paulo, uma coisa que considero um absurdo?<\/p>\n<p>\u2014 O qu\u00ea, Nic\u00e1cio?<\/p>\n<p>\u2014 N\u00e3o \u00e9 revoltante que o Jorge Amado seja o brasileiro que mais vende livros no mundo? Muito mais do que o Machado de Assis. \u00c9 um acinte!<\/p>\n<p>\u2014 Gosto \u00e9 gosto, bicho. Cada um tem o seu.<\/p>\n<p>\u2014 Veja bem, n\u00e3o estou falando mal do Jorge Amado, mas n\u00e3o d\u00e1 pra compar\u00e1-lo com o Machado de Assis, com o Lima Barreto&#8230;<\/p>\n<p>\u2014 Te entendo, bicho. Mas \u00e9 como te falei. Parta pra algo exot\u00e9rico.<\/p>\n<p>\u2014 Tipo alquimia?<\/p>\n<p>\u2014 Hum&#8230;<\/p>\n<p>\u2014 Sabe, Paulo, valeu pelo conselho, mas n\u00e3o estou a fim de ser conhecido como o alquimista da literatura. V\u00e3o acabar me colocando a pecha de coach do mundo liter\u00e1rio.<\/p>\n<p>\u2014 Hum&#8230;<\/p>\n<p>\u2014 O que foi, Paulo? Falei algum absurdo?<\/p>\n<p>\u2014 Nada, nada. O alquimista, n\u00e9?<\/p>\n<p>\u2014 Seria rid\u00edculo, n\u00e9?!<\/p>\n<p>Paulo Coelho, com brilho nos olhos, teria apertado a m\u00e3o do Nic\u00e1cio e, num gesto de agradecimento, lhe deu um abra\u00e7o apertado e se despediu.<\/p>\n<p>\u2014 Valeu, bicho! Tenho que ir. O Raulzito t\u00e1 na loucura de imaginar que nasceu h\u00e1 dez mil anos atr\u00e1s. Pode uma coisa dessas?<\/p>\n<p>Os pr\u00f3ximos anos correram que nem poeira no deserto. Paulo Coelho ap\u00f3s parceria de sucesso ao lado do Raul Seixas, foi se meter a escrever livros, entre os quais <em>O alquimista<\/em>, cujo sucesso estrondoso o ajudou a tomar o lugar do Jorge Amado como o escritor brasileiro mais vendido do planeta Terra. Quando ao Nic\u00e1cio, desde aquele hist\u00f3rico encontro, sua trajet\u00f3ria foi constante ladeira abaixo.<\/p>\n<p>O antes cronista n\u00famero 1 se transformou em persona non grata na reda\u00e7\u00e3o dos jornais por onde passou. Ningu\u00e9m suportava sua arrog\u00e2ncia, j\u00e1 que o sujeito se achava tanto, que o \u00fanico jeito que Juvenal, editor-chefe, encontrou foi demiti-lo. E a fama de chatonildo agudo se espalhou por todas as outras reda\u00e7\u00f5es, o que fez com que Nic\u00e1cio, precisando sobreviver, implorar um emprego para um pol\u00edtico que conhecia.<\/p>\n<p>\u2014 Olha, Nic\u00e1cio, o que posso te arrumar \u00e9 uma vaga de cont\u00ednuo num cart\u00f3rio l\u00e1 em Bras\u00edlia. Topa?<\/p>\n<p>\u2014 Voc\u00ea n\u00e3o t\u00e1 precisando de um assessor de imprensa?<\/p>\n<p>\u2014 Nic\u00e1cio, voc\u00ea t\u00e1 de brincadeira, n\u00e9?! Eu preciso me reeleger!<\/p>\n<p>Pois foi no in\u00edcio dos anos 1990 que Nic\u00e1cio trocou a Cidade Maravilhosa por Bras\u00edlia. Logo de cara, percebeu que morar no Plano Piloto seria imposs\u00edvel, haja vista a mis\u00e9ria que recebia. O jeito foi arrumar um conjugado na Ceil\u00e2ndia.<\/p>\n<p>Vendo o reconhecimento cada vez maior do Paulo Coelho, Nic\u00e1cio apostou no pr\u00f3prio talento e juntou seus melhores contos e cr\u00f4nicas e os enviou para v\u00e1rias editoras. Nada. Nem mesmo uma m\u00edsera resposta. Aquilo era uma afronta t\u00e3o grande ao seu talento, que, n\u00e3o satisfeito, decidiu contratar os servi\u00e7os de uma editora menor.<\/p>\n<p>\u2014 Nic\u00e1cio Fern\u00e1ndez, o seu livro ser\u00e1 um sucesso!<\/p>\n<p>\u2014 Voc\u00ea acha mesmo, Lauro?<\/p>\n<p>\u2014 Se acho? Tenho certeza, meu amigo! Vai vender que nem \u00e1gua.<\/p>\n<p>\u2014 Se vai vender que nem \u00e1gua, n\u00e3o tem como voc\u00eas bancarem a edi\u00e7\u00e3o?<\/p>\n<p>\u2014 \u00c9 o que eu mais queria. Acredite! Mas esses planos do governo atrapalharam com o caixa da nossa editora.<\/p>\n<p>\u2014 Entendo.<\/p>\n<p>\u2014 Mas pode ficar tranquilo, que logo, logo voc\u00ea vai recuperar todo o seu investimento. Ficar\u00e1 rico! Ainda mais porque tenho meus contatos nos principais jornais. Pode deixar a publicidade com a nossa editora.<\/p>\n<p>Nic\u00e1cio, apesar da dinheirama que entregou para o editor, voltou para casa confiante de que, n\u00e3o tardaria, seu livro seria o pr\u00f3ximo best-seller.<\/p>\n<p>Dois meses ap\u00f3s, l\u00e1 estava o mais novo maior escritor do mundo, segundo a cr\u00edtica especializada que nem sabia quem ele era, com os 500 exemplares em m\u00e3os. Quanto \u00e0 t\u00e3o propalada publicidade, nada al\u00e9m de uma pequena nota de rodap\u00e9 em um jornal de bairro da capital. Como esperado, o livro encalhou, at\u00e9 que Nic\u00e1cio, para recuperar o espa\u00e7o no pequeno apartamento, come\u00e7ou a presentear amigos, colegas, conhecidos e at\u00e9 desconhecidos com sua obra liter\u00e1ria.<\/p>\n<p>Alguns anos mais, Nic\u00e1cio imaginou que a virada do mil\u00eanio era a oportunidade t\u00e3o aguardada para lan\u00e7ar mais um livro. No entanto, ressabiado que estava com as editoras, resolveu ele mesmo produzir sua nova obra. Deu trabalho, mas a arte em si n\u00e3o ficou nada a dever ao seu livro anterior.<\/p>\n<p>As semelhan\u00e7as entre os dois livros n\u00e3o acabaram por a\u00ed. \u00c9 que o segundo livro vendeu tanto quando o primeiro, ou seja, nem sequer um m\u00edsero exemplar. E olha que Nic\u00e1cio tentou de todas as formas, inclusive montou uma barraquinha na rodovi\u00e1ria do Plano Piloto. Al\u00e9m do desinteresse completo dos milhares de transeuntes, Nic\u00e1cio teve o azar de ter uma opera\u00e7\u00e3o de apreens\u00e3o de mercadorias de vendedores ambulantes irregulares. Pois \u00e9, o rapa apareceu e confiscou tudo.<\/p>\n<p>Aquele pareceu ser o golpe fatal na ambi\u00e7\u00e3o de se tornar escritor reconhecido. Tanto \u00e9 que Nic\u00e1cio jurou que nunca mais iria se meter com essa coisa de literatura. E tal intento se manteve firme at\u00e9 que, com a internet bombando, ele, timidamente, come\u00e7ou a publicar seus textos em alguns sites especializados.<\/p>\n<p>N\u00e3o tardaram, as curtidas pipocaram, at\u00e9 que alguns leitores come\u00e7aram a dizer que Nic\u00e1cio deveria publicar seus contos e cr\u00f4nicas. Impressionado com os incentivos, l\u00e1 foi o escritor bancar mais uma nova sele\u00e7\u00e3o dos seus textos. Afinal, eram os seus f\u00e3s que estavam \u00e1vidos por ver impressos tantos escritos geniais.<\/p>\n<p>Ressabiado que estava, come\u00e7ou a fazer propaganda do seu pr\u00f3ximo lan\u00e7amento. Muita gente elogiando e falando que iria comprar um, dois, tr\u00eas, dez exemplares. Foi o impulso para que Nic\u00e1cio fizesse pesquisa de pre\u00e7os junto a gr\u00e1ficas. E, n\u00e3o demorou, l\u00e1 foi o escritor buscar os mil exemplares de seu terceiro livro.<\/p>\n<p>Mal chegou ao lar, doce lar, come\u00e7ou a postar nas redes sociais que os volumes j\u00e1 poderiam ser pedidos. E a\u00ed veio, sem piedade, o choque de realidade diante das mensagens dos ditos admiradores:<\/p>\n<p style=\"text-align: center;\"><em>&#8220;Maravilha, Nic\u00e1cio! Estou apertada neste m\u00eas, mas no pr\u00f3ximo pagamento vou comprar.&#8221;<\/em><\/p>\n<p style=\"text-align: center;\"><em>&#8220;Deixa s\u00f3 o cart\u00e3o virar.&#8221;<\/em><\/p>\n<p style=\"text-align: center;\"><em>&#8220;Parab\u00e9ns, grande Nic\u00e1cio! Voc\u00ea merece!&#8221;<\/em><\/p>\n<p style=\"text-align: center;\"><em>&#8220;Sucesso!&#8221;<\/em><\/p>\n<p style=\"text-align: left;\">Vender que \u00e9 bom, nadica de nada. Nic\u00e1cio xingou aqueles ditos f\u00e3s da internet de falsos, tratantes, lembrou-se com gosto das m\u00e3es de todos.<\/p>\n<p>Agora era definitivo. Nunca mais iria se deixar iludir por esse insinuante mundo liter\u00e1rio. Todavia, n\u00e3o se desfez dos livros. Deixou-os em pacotes nos cantos da sala para se lembrar de jamais voltar a escrever nem mesmo uma m\u00edsera linha.<\/p>\n<p>Naquele mesmo ano, durante o amigo oculto dos moradores do edif\u00edcio, eis que o velho Nic\u00e1cio Fern\u00e1ndez foi tirado pela bela Luc\u00e9lia, mulher solteira de seus 30 anos. Sorridente, o sortudo logo percebeu que o presente era um livro. Entretanto, n\u00e3o conseguiu adivinhar qual seria o t\u00edtulo.<\/p>\n<p>Nic\u00e1cio, assim que rasgou o embrulho, quase teve engulhos ao descobrir que acabara de receber <em>O alquimista<\/em>, do Paulo Coelho. Tentou disfar\u00e7ar o desconforto e, em seguida, alegando cansa\u00e7o por conta da idade, agradeceu pelo presente, se despediu de todos e retornou ao seu apartamento.<\/p>\n<p>Quem visse o sujeito naquele momento, certamente constataria que algo n\u00e3o estava bem. Nic\u00e1cio jogou um dos livros mais lidos do mundo na lata de lixo. Em seguida, abriu a geladeira, pegou uma cerveja e se sentou \u00e0 mesa.<\/p>\n<p>Sentiu saudade do tempo em que o escritor brasileiro mais lido do mundo era Jorge Amado. Tomou dois ou tr\u00eas goles e, ent\u00e3o, percebeu que a mesa estava bamba. Notou que havia uma incongru\u00eancia entre os p\u00e9s do m\u00f3vel. N\u00e3o teve d\u00favida. Pegou <em>O alquimista<\/em> na lixeira e, para sua surpresa, a espessura era exatamente a que fazia com que a mesa voltasse a ficar est\u00e1vel.<\/p>\n<p>Nic\u00e1cio bebeu o resto da cerveja e, criativo que se sentiu, abriu um dos in\u00fameros pacotes espalhados pela sala. Pegou um exemplar dos seus livros encalhados e, p\u00e9s sobre a mesa, come\u00e7ou a l\u00ea-lo. Sentiu-se vingado por anos e anos de desprezo.<\/p>\n<p style=\"text-align: left;\"><strong>\u2026\u2026\u2026\u2026\u2026\u2026\u2026\u2026<\/strong><\/p>\n<p style=\"text-align: left;\"><strong>Eduardo Mart\u00ednez \u00e9 autor do livro \u201957 Contos e Cr\u00f4nicas por um Autor Muito Velho\u2019 (Vencedor do Pr\u00eamio Liter\u00e1rio Clarice Lispector \u2013 2025 na categoria livro de contos).<\/strong><\/p>\n<p style=\"text-align: left;\"><strong>Compre aqui<\/strong><\/p>\n<p style=\"text-align: left;\"><a href=\"https:\/\/www.joanineditora.com.br\/57-contos-e-cronicas-por-um-autor-muito-velho\"><strong>https:\/\/www.joanineditora.com.br\/57-contos-e-cronicas-por-um-autor-muito-velho<\/strong><\/a><\/p>\n","protected":false},"excerpt":{"rendered":"<p>Nic\u00e1cio Fern\u00e1ndez era, antes de tudo, rancoroso por natureza ou, ao menos, circunst\u00e2ncias. Nascido no dia 24 de agosto de 1947 no Rio de Janeiro, ent\u00e3o capital do pa\u00eds, guardava tal similaridade astrol\u00f3gica com o afamado escritor Paulo Coelho. Talvez por isso, o sujeito tamb\u00e9m tenha sido puxado, de alguma forma, ao mundo da reda\u00e7\u00e3o [&hellip;]<\/p>\n","protected":false},"author":21,"featured_media":377989,"comment_status":"closed","ping_status":"closed","sticky":false,"template":"","format":"standard","meta":{"_acf_changed":false,"footnotes":""},"categories":[161],"tags":[],"class_list":["post-377988","post","type-post","status-publish","format-standard","has-post-thumbnail","hentry","category-quadradinho-em-foco"],"acf":[],"yoast_head":"<!-- This site is optimized with the Yoast SEO plugin v27.2 - https:\/\/yoast.com\/product\/yoast-seo-wordpress\/ -->\n<title>Nic\u00e1cio Fern\u00e1ndez e o arquirrival, o escritor Paulo Coelho - Notibras<\/title>\n<meta name=\"robots\" content=\"index, follow, max-snippet:-1, max-image-preview:large, max-video-preview:-1\" \/>\n<link rel=\"canonical\" href=\"https:\/\/www.notibras.com\/site\/nicacio-fernandez-e-o-arquirrival-o-escritor-paulo-coelho\/\" \/>\n<meta property=\"og:locale\" content=\"pt_BR\" \/>\n<meta property=\"og:type\" content=\"article\" \/>\n<meta property=\"og:title\" content=\"Nic\u00e1cio Fern\u00e1ndez e o arquirrival, o escritor Paulo Coelho - Notibras\" \/>\n<meta property=\"og:description\" content=\"Nic\u00e1cio Fern\u00e1ndez era, antes de tudo, rancoroso por natureza ou, ao menos, circunst\u00e2ncias. Nascido no dia 24 de agosto de 1947 no Rio de Janeiro, ent\u00e3o capital do pa\u00eds, guardava tal similaridade astrol\u00f3gica com o afamado escritor Paulo Coelho. Talvez por isso, o sujeito tamb\u00e9m tenha sido puxado, de alguma forma, ao mundo da reda\u00e7\u00e3o [&hellip;]\" \/>\n<meta property=\"og:url\" content=\"https:\/\/www.notibras.com\/site\/nicacio-fernandez-e-o-arquirrival-o-escritor-paulo-coelho\/\" \/>\n<meta property=\"og:site_name\" content=\"Notibras\" \/>\n<meta property=\"article:publisher\" content=\"https:\/\/www.facebook.com\/notibras\/\" \/>\n<meta property=\"article:published_time\" content=\"2026-01-07T05:00:32+00:00\" \/>\n<meta property=\"og:image\" content=\"https:\/\/www.notibras.com\/site\/wp-content\/uploads\/2026\/01\/IMG_0100.jpg\" \/>\n\t<meta property=\"og:image:width\" content=\"1023\" \/>\n\t<meta property=\"og:image:height\" content=\"797\" \/>\n\t<meta property=\"og:image:type\" content=\"image\/jpeg\" \/>\n<meta name=\"author\" content=\"Eduardo Mart\u00ednez\" \/>\n<meta name=\"twitter:card\" content=\"summary_large_image\" \/>\n<meta name=\"twitter:creator\" content=\"@Notibras\" \/>\n<meta name=\"twitter:site\" content=\"@Notibras\" \/>\n<meta name=\"twitter:label1\" content=\"Escrito por\" \/>\n\t<meta name=\"twitter:data1\" content=\"Eduardo Mart\u00ednez\" \/>\n\t<meta name=\"twitter:label2\" content=\"Est. tempo de leitura\" \/>\n\t<meta name=\"twitter:data2\" content=\"9 minutos\" \/>\n<script type=\"application\/ld+json\" class=\"yoast-schema-graph\">{\"@context\":\"https:\/\/schema.org\",\"@graph\":[{\"@type\":\"Article\",\"@id\":\"https:\/\/www.notibras.com\/site\/nicacio-fernandez-e-o-arquirrival-o-escritor-paulo-coelho\/#article\",\"isPartOf\":{\"@id\":\"https:\/\/www.notibras.com\/site\/nicacio-fernandez-e-o-arquirrival-o-escritor-paulo-coelho\/\"},\"author\":{\"name\":\"Eduardo Mart\u00ednez\",\"@id\":\"https:\/\/www.notibras.com\/site\/#\/schema\/person\/5b7fabf2aedc3ada2105f03b22b4d3dd\"},\"headline\":\"Nic\u00e1cio Fern\u00e1ndez e o arquirrival, o escritor Paulo Coelho\",\"datePublished\":\"2026-01-07T05:00:32+00:00\",\"mainEntityOfPage\":{\"@id\":\"https:\/\/www.notibras.com\/site\/nicacio-fernandez-e-o-arquirrival-o-escritor-paulo-coelho\/\"},\"wordCount\":1653,\"publisher\":{\"@id\":\"https:\/\/www.notibras.com\/site\/#organization\"},\"image\":{\"@id\":\"https:\/\/www.notibras.com\/site\/nicacio-fernandez-e-o-arquirrival-o-escritor-paulo-coelho\/#primaryimage\"},\"thumbnailUrl\":\"https:\/\/www.notibras.com\/site\/wp-content\/uploads\/2026\/01\/IMG_0100.jpg\",\"articleSection\":[\"Quadradinho em Foco\"],\"inLanguage\":\"pt-BR\"},{\"@type\":\"WebPage\",\"@id\":\"https:\/\/www.notibras.com\/site\/nicacio-fernandez-e-o-arquirrival-o-escritor-paulo-coelho\/\",\"url\":\"https:\/\/www.notibras.com\/site\/nicacio-fernandez-e-o-arquirrival-o-escritor-paulo-coelho\/\",\"name\":\"Nic\u00e1cio Fern\u00e1ndez e o arquirrival, o escritor Paulo Coelho - Notibras\",\"isPartOf\":{\"@id\":\"https:\/\/www.notibras.com\/site\/#website\"},\"primaryImageOfPage\":{\"@id\":\"https:\/\/www.notibras.com\/site\/nicacio-fernandez-e-o-arquirrival-o-escritor-paulo-coelho\/#primaryimage\"},\"image\":{\"@id\":\"https:\/\/www.notibras.com\/site\/nicacio-fernandez-e-o-arquirrival-o-escritor-paulo-coelho\/#primaryimage\"},\"thumbnailUrl\":\"https:\/\/www.notibras.com\/site\/wp-content\/uploads\/2026\/01\/IMG_0100.jpg\",\"datePublished\":\"2026-01-07T05:00:32+00:00\",\"breadcrumb\":{\"@id\":\"https:\/\/www.notibras.com\/site\/nicacio-fernandez-e-o-arquirrival-o-escritor-paulo-coelho\/#breadcrumb\"},\"inLanguage\":\"pt-BR\",\"potentialAction\":[{\"@type\":\"ReadAction\",\"target\":[\"https:\/\/www.notibras.com\/site\/nicacio-fernandez-e-o-arquirrival-o-escritor-paulo-coelho\/\"]}]},{\"@type\":\"ImageObject\",\"inLanguage\":\"pt-BR\",\"@id\":\"https:\/\/www.notibras.com\/site\/nicacio-fernandez-e-o-arquirrival-o-escritor-paulo-coelho\/#primaryimage\",\"url\":\"https:\/\/www.notibras.com\/site\/wp-content\/uploads\/2026\/01\/IMG_0100.jpg\",\"contentUrl\":\"https:\/\/www.notibras.com\/site\/wp-content\/uploads\/2026\/01\/IMG_0100.jpg\",\"width\":1023,\"height\":797},{\"@type\":\"BreadcrumbList\",\"@id\":\"https:\/\/www.notibras.com\/site\/nicacio-fernandez-e-o-arquirrival-o-escritor-paulo-coelho\/#breadcrumb\",\"itemListElement\":[{\"@type\":\"ListItem\",\"position\":1,\"name\":\"In\u00edcio\",\"item\":\"https:\/\/www.notibras.com\/site\/\"},{\"@type\":\"ListItem\",\"position\":2,\"name\":\"Nic\u00e1cio Fern\u00e1ndez e o arquirrival, o escritor Paulo Coelho\"}]},{\"@type\":\"WebSite\",\"@id\":\"https:\/\/www.notibras.com\/site\/#website\",\"url\":\"https:\/\/www.notibras.com\/site\/\",\"name\":\"Notibras\",\"description\":\"Not\u00edcias de Bras\u00edlia, do Brasil e do Mundo\",\"publisher\":{\"@id\":\"https:\/\/www.notibras.com\/site\/#organization\"},\"potentialAction\":[{\"@type\":\"SearchAction\",\"target\":{\"@type\":\"EntryPoint\",\"urlTemplate\":\"https:\/\/www.notibras.com\/site\/?s={search_term_string}\"},\"query-input\":{\"@type\":\"PropertyValueSpecification\",\"valueRequired\":true,\"valueName\":\"search_term_string\"}}],\"inLanguage\":\"pt-BR\"},{\"@type\":\"Organization\",\"@id\":\"https:\/\/www.notibras.com\/site\/#organization\",\"name\":\"Grupo Notibras de Comunica\u00e7\u00e3o\",\"url\":\"https:\/\/www.notibras.com\/site\/\",\"logo\":{\"@type\":\"ImageObject\",\"inLanguage\":\"pt-BR\",\"@id\":\"https:\/\/www.notibras.com\/site\/#\/schema\/logo\/image\/\",\"url\":\"https:\/\/www.notibras.com\/site\/wp-content\/uploads\/2023\/01\/notibras23.png\",\"contentUrl\":\"https:\/\/www.notibras.com\/site\/wp-content\/uploads\/2023\/01\/notibras23.png\",\"width\":350,\"height\":87,\"caption\":\"Grupo Notibras de Comunica\u00e7\u00e3o\"},\"image\":{\"@id\":\"https:\/\/www.notibras.com\/site\/#\/schema\/logo\/image\/\"},\"sameAs\":[\"https:\/\/www.facebook.com\/notibras\/\",\"https:\/\/x.com\/Notibras\",\"https:\/\/www.instagram.com\/notibras\/\"]},{\"@type\":\"Person\",\"@id\":\"https:\/\/www.notibras.com\/site\/#\/schema\/person\/5b7fabf2aedc3ada2105f03b22b4d3dd\",\"name\":\"Eduardo Mart\u00ednez\",\"image\":{\"@type\":\"ImageObject\",\"inLanguage\":\"pt-BR\",\"@id\":\"https:\/\/secure.gravatar.com\/avatar\/7902f906289926289cbcda644b5197c796b893c6ffd7b9a536a42d290f7704a0?s=96&d=mm&r=g\",\"url\":\"https:\/\/secure.gravatar.com\/avatar\/7902f906289926289cbcda644b5197c796b893c6ffd7b9a536a42d290f7704a0?s=96&d=mm&r=g\",\"contentUrl\":\"https:\/\/secure.gravatar.com\/avatar\/7902f906289926289cbcda644b5197c796b893c6ffd7b9a536a42d290f7704a0?s=96&d=mm&r=g\",\"caption\":\"Eduardo Mart\u00ednez\"}}]}<\/script>\n<!-- \/ Yoast SEO plugin. -->","yoast_head_json":{"title":"Nic\u00e1cio Fern\u00e1ndez e o arquirrival, o escritor Paulo Coelho - Notibras","robots":{"index":"index","follow":"follow","max-snippet":"max-snippet:-1","max-image-preview":"max-image-preview:large","max-video-preview":"max-video-preview:-1"},"canonical":"https:\/\/www.notibras.com\/site\/nicacio-fernandez-e-o-arquirrival-o-escritor-paulo-coelho\/","og_locale":"pt_BR","og_type":"article","og_title":"Nic\u00e1cio Fern\u00e1ndez e o arquirrival, o escritor Paulo Coelho - Notibras","og_description":"Nic\u00e1cio Fern\u00e1ndez era, antes de tudo, rancoroso por natureza ou, ao menos, circunst\u00e2ncias. Nascido no dia 24 de agosto de 1947 no Rio de Janeiro, ent\u00e3o capital do pa\u00eds, guardava tal similaridade astrol\u00f3gica com o afamado escritor Paulo Coelho. Talvez por isso, o sujeito tamb\u00e9m tenha sido puxado, de alguma forma, ao mundo da reda\u00e7\u00e3o [&hellip;]","og_url":"https:\/\/www.notibras.com\/site\/nicacio-fernandez-e-o-arquirrival-o-escritor-paulo-coelho\/","og_site_name":"Notibras","article_publisher":"https:\/\/www.facebook.com\/notibras\/","article_published_time":"2026-01-07T05:00:32+00:00","og_image":[{"width":1023,"height":797,"url":"https:\/\/www.notibras.com\/site\/wp-content\/uploads\/2026\/01\/IMG_0100.jpg","type":"image\/jpeg"}],"author":"Eduardo Mart\u00ednez","twitter_card":"summary_large_image","twitter_creator":"@Notibras","twitter_site":"@Notibras","twitter_misc":{"Escrito por":"Eduardo Mart\u00ednez","Est. tempo de leitura":"9 minutos"},"schema":{"@context":"https:\/\/schema.org","@graph":[{"@type":"Article","@id":"https:\/\/www.notibras.com\/site\/nicacio-fernandez-e-o-arquirrival-o-escritor-paulo-coelho\/#article","isPartOf":{"@id":"https:\/\/www.notibras.com\/site\/nicacio-fernandez-e-o-arquirrival-o-escritor-paulo-coelho\/"},"author":{"name":"Eduardo Mart\u00ednez","@id":"https:\/\/www.notibras.com\/site\/#\/schema\/person\/5b7fabf2aedc3ada2105f03b22b4d3dd"},"headline":"Nic\u00e1cio Fern\u00e1ndez e o arquirrival, o escritor Paulo Coelho","datePublished":"2026-01-07T05:00:32+00:00","mainEntityOfPage":{"@id":"https:\/\/www.notibras.com\/site\/nicacio-fernandez-e-o-arquirrival-o-escritor-paulo-coelho\/"},"wordCount":1653,"publisher":{"@id":"https:\/\/www.notibras.com\/site\/#organization"},"image":{"@id":"https:\/\/www.notibras.com\/site\/nicacio-fernandez-e-o-arquirrival-o-escritor-paulo-coelho\/#primaryimage"},"thumbnailUrl":"https:\/\/www.notibras.com\/site\/wp-content\/uploads\/2026\/01\/IMG_0100.jpg","articleSection":["Quadradinho em Foco"],"inLanguage":"pt-BR"},{"@type":"WebPage","@id":"https:\/\/www.notibras.com\/site\/nicacio-fernandez-e-o-arquirrival-o-escritor-paulo-coelho\/","url":"https:\/\/www.notibras.com\/site\/nicacio-fernandez-e-o-arquirrival-o-escritor-paulo-coelho\/","name":"Nic\u00e1cio Fern\u00e1ndez e o arquirrival, o escritor Paulo Coelho - Notibras","isPartOf":{"@id":"https:\/\/www.notibras.com\/site\/#website"},"primaryImageOfPage":{"@id":"https:\/\/www.notibras.com\/site\/nicacio-fernandez-e-o-arquirrival-o-escritor-paulo-coelho\/#primaryimage"},"image":{"@id":"https:\/\/www.notibras.com\/site\/nicacio-fernandez-e-o-arquirrival-o-escritor-paulo-coelho\/#primaryimage"},"thumbnailUrl":"https:\/\/www.notibras.com\/site\/wp-content\/uploads\/2026\/01\/IMG_0100.jpg","datePublished":"2026-01-07T05:00:32+00:00","breadcrumb":{"@id":"https:\/\/www.notibras.com\/site\/nicacio-fernandez-e-o-arquirrival-o-escritor-paulo-coelho\/#breadcrumb"},"inLanguage":"pt-BR","potentialAction":[{"@type":"ReadAction","target":["https:\/\/www.notibras.com\/site\/nicacio-fernandez-e-o-arquirrival-o-escritor-paulo-coelho\/"]}]},{"@type":"ImageObject","inLanguage":"pt-BR","@id":"https:\/\/www.notibras.com\/site\/nicacio-fernandez-e-o-arquirrival-o-escritor-paulo-coelho\/#primaryimage","url":"https:\/\/www.notibras.com\/site\/wp-content\/uploads\/2026\/01\/IMG_0100.jpg","contentUrl":"https:\/\/www.notibras.com\/site\/wp-content\/uploads\/2026\/01\/IMG_0100.jpg","width":1023,"height":797},{"@type":"BreadcrumbList","@id":"https:\/\/www.notibras.com\/site\/nicacio-fernandez-e-o-arquirrival-o-escritor-paulo-coelho\/#breadcrumb","itemListElement":[{"@type":"ListItem","position":1,"name":"In\u00edcio","item":"https:\/\/www.notibras.com\/site\/"},{"@type":"ListItem","position":2,"name":"Nic\u00e1cio Fern\u00e1ndez e o arquirrival, o escritor Paulo Coelho"}]},{"@type":"WebSite","@id":"https:\/\/www.notibras.com\/site\/#website","url":"https:\/\/www.notibras.com\/site\/","name":"Notibras","description":"Not\u00edcias de Bras\u00edlia, do Brasil e do Mundo","publisher":{"@id":"https:\/\/www.notibras.com\/site\/#organization"},"potentialAction":[{"@type":"SearchAction","target":{"@type":"EntryPoint","urlTemplate":"https:\/\/www.notibras.com\/site\/?s={search_term_string}"},"query-input":{"@type":"PropertyValueSpecification","valueRequired":true,"valueName":"search_term_string"}}],"inLanguage":"pt-BR"},{"@type":"Organization","@id":"https:\/\/www.notibras.com\/site\/#organization","name":"Grupo Notibras de Comunica\u00e7\u00e3o","url":"https:\/\/www.notibras.com\/site\/","logo":{"@type":"ImageObject","inLanguage":"pt-BR","@id":"https:\/\/www.notibras.com\/site\/#\/schema\/logo\/image\/","url":"https:\/\/www.notibras.com\/site\/wp-content\/uploads\/2023\/01\/notibras23.png","contentUrl":"https:\/\/www.notibras.com\/site\/wp-content\/uploads\/2023\/01\/notibras23.png","width":350,"height":87,"caption":"Grupo Notibras de Comunica\u00e7\u00e3o"},"image":{"@id":"https:\/\/www.notibras.com\/site\/#\/schema\/logo\/image\/"},"sameAs":["https:\/\/www.facebook.com\/notibras\/","https:\/\/x.com\/Notibras","https:\/\/www.instagram.com\/notibras\/"]},{"@type":"Person","@id":"https:\/\/www.notibras.com\/site\/#\/schema\/person\/5b7fabf2aedc3ada2105f03b22b4d3dd","name":"Eduardo Mart\u00ednez","image":{"@type":"ImageObject","inLanguage":"pt-BR","@id":"https:\/\/secure.gravatar.com\/avatar\/7902f906289926289cbcda644b5197c796b893c6ffd7b9a536a42d290f7704a0?s=96&d=mm&r=g","url":"https:\/\/secure.gravatar.com\/avatar\/7902f906289926289cbcda644b5197c796b893c6ffd7b9a536a42d290f7704a0?s=96&d=mm&r=g","contentUrl":"https:\/\/secure.gravatar.com\/avatar\/7902f906289926289cbcda644b5197c796b893c6ffd7b9a536a42d290f7704a0?s=96&d=mm&r=g","caption":"Eduardo Mart\u00ednez"}}]}},"amp_enabled":true,"_links":{"self":[{"href":"https:\/\/www.notibras.com\/site\/wp-json\/wp\/v2\/posts\/377988","targetHints":{"allow":["GET"]}}],"collection":[{"href":"https:\/\/www.notibras.com\/site\/wp-json\/wp\/v2\/posts"}],"about":[{"href":"https:\/\/www.notibras.com\/site\/wp-json\/wp\/v2\/types\/post"}],"author":[{"embeddable":true,"href":"https:\/\/www.notibras.com\/site\/wp-json\/wp\/v2\/users\/21"}],"replies":[{"embeddable":true,"href":"https:\/\/www.notibras.com\/site\/wp-json\/wp\/v2\/comments?post=377988"}],"version-history":[{"count":4,"href":"https:\/\/www.notibras.com\/site\/wp-json\/wp\/v2\/posts\/377988\/revisions"}],"predecessor-version":[{"id":377992,"href":"https:\/\/www.notibras.com\/site\/wp-json\/wp\/v2\/posts\/377988\/revisions\/377992"}],"wp:featuredmedia":[{"embeddable":true,"href":"https:\/\/www.notibras.com\/site\/wp-json\/wp\/v2\/media\/377989"}],"wp:attachment":[{"href":"https:\/\/www.notibras.com\/site\/wp-json\/wp\/v2\/media?parent=377988"}],"wp:term":[{"taxonomy":"category","embeddable":true,"href":"https:\/\/www.notibras.com\/site\/wp-json\/wp\/v2\/categories?post=377988"},{"taxonomy":"post_tag","embeddable":true,"href":"https:\/\/www.notibras.com\/site\/wp-json\/wp\/v2\/tags?post=377988"}],"curies":[{"name":"wp","href":"https:\/\/api.w.org\/{rel}","templated":true}]}}