{"id":378012,"date":"2026-01-07T01:00:23","date_gmt":"2026-01-07T04:00:23","guid":{"rendered":"https:\/\/www.notibras.com\/site\/?p=378012"},"modified":"2026-01-07T00:19:49","modified_gmt":"2026-01-07T03:19:49","slug":"vai-de-graca-encerra-2025-com-316-milhoes-de-viagens-nos-onibus-e-metro","status":"publish","type":"post","link":"https:\/\/www.notibras.com\/site\/vai-de-graca-encerra-2025-com-316-milhoes-de-viagens-nos-onibus-e-metro\/","title":{"rendered":"Vai de Gra\u00e7a encerra 2025 com 31,6 milh\u00f5es de viagens nos \u00f4nibus e metr\u00f4"},"content":{"rendered":"<p>O programa Vai de Gra\u00e7a encerrou 2025 com 31.667.479 viagens realizadas sem a cobran\u00e7a de passagens nos \u00f4nibus e metr\u00f4 do Distrito Federal. De acordo com os dados da Secretaria de Transporte e Mobilidade (Semob-DF), o programa funcionou durante 69 dias, incluindo domingos, feriados e datas em que o benef\u00edcio foi estendido por meio de decreto do Governo do Distrito Federal (GDF).<\/p>\n<p>\u201cTivemos um aumento substancial na utiliza\u00e7\u00e3o do transporte p\u00fablico coletivo do DF, beneficiando a popula\u00e7\u00e3o em seus deslocamentos para eventos culturais, \u00e1reas de esporte, lazer e turismo, al\u00e9m de aumentar o movimento tamb\u00e9m no com\u00e9rcio local\u201d, avaliou o titular da Semob-DF, Zeno Gon\u00e7alves.<\/p>\n<p>Segundo o secret\u00e1rio, a m\u00e9dia de viagens aos domingos, que antes do programa girava em torno de 270 mil acessos por dia, subiu mais de 70% com as passagens gratuitas, passando para uma m\u00e9dia de 458 mil acessos di\u00e1rios. \u201cO Vai de Gra\u00e7a contribuiu para o incremento no sistema de transporte do DF, que registrou 360.604.983 acessos em 2024, subindo para 388.597.835 acessos em 2025\u201d, comparou Zeno.<\/p>\n<p>O programa Vai de Gra\u00e7a come\u00e7ou a funcionar em 1\u00ba de mar\u00e7o de 2025. Devido ao Carnaval, o primeiro m\u00eas foi o mais movimentado, com mais de 4,9 milh\u00f5es de acessos. Um pouco acima em rela\u00e7\u00e3o a abril, m\u00eas do anivers\u00e1rio de Bras\u00edlia e Semana Santa, que fechou em 4,8 milh\u00f5es de viagens de gra\u00e7a. Nos meses seguintes, a m\u00e9dia mensal foi abaixo de tr\u00eas milh\u00f5es de acessos.<\/p>\n<p><strong>Nosso Natal<\/strong><\/p>\n<p>No per\u00edodo de 20 de dezembro de 2025 a 4 de janeiro de 2026, o programa Vai de Gra\u00e7a foi estendido por decreto do GDF para beneficiar as pessoas que participaram do evento Nosso Natal, na Esplanada dos Minist\u00e9rios. Al\u00e9m de funcionar o dia todo aos domingos e feriados, o programa funcionou nos demais dias com passagens de gra\u00e7a entre 18h e 23h, em todas as linhas de \u00f4nibus e no metr\u00f4.<\/p>\n<p>Ao todo, foram 16 dias com transporte de gra\u00e7a para a popula\u00e7\u00e3o, e o sistema registrou 3.706.140 acessos ao transporte p\u00fablico coletivo do DF, nesse per\u00edodo. Os maiores movimentos foram registrados aos domingos, dia 21, com 548.060 viagens, e no dia 28, com 463.050 acessos. No feriado de Natal (25), houve 257.735 viagens pelo Vai de Gra\u00e7a.<\/p>\n","protected":false},"excerpt":{"rendered":"<p>O programa Vai de Gra\u00e7a encerrou 2025 com 31.667.479 viagens realizadas sem a cobran\u00e7a de passagens nos \u00f4nibus e metr\u00f4 do Distrito Federal. De acordo com os dados da Secretaria de Transporte e Mobilidade (Semob-DF), o programa funcionou durante 69 dias, incluindo domingos, feriados e datas em que o benef\u00edcio foi estendido por meio de [&hellip;]<\/p>\n","protected":false},"author":21,"featured_media":378013,"comment_status":"closed","ping_status":"closed","sticky":false,"template":"","format":"standard","meta":{"_acf_changed":false,"footnotes":""},"categories":[161],"tags":[],"class_list":["post-378012","post","type-post","status-publish","format-standard","has-post-thumbnail","hentry","category-quadradinho-em-foco"],"acf":[],"yoast_head":"<!-- This site is optimized with the Yoast SEO plugin v27.2 - https:\/\/yoast.com\/product\/yoast-seo-wordpress\/ -->\n<title>Vai de Gra\u00e7a encerra 2025 com 31,6 milh\u00f5es de viagens nos \u00f4nibus e metr\u00f4 - Notibras<\/title>\n<meta name=\"robots\" content=\"index, follow, max-snippet:-1, max-image-preview:large, max-video-preview:-1\" \/>\n<link rel=\"canonical\" href=\"https:\/\/www.notibras.com\/site\/vai-de-graca-encerra-2025-com-316-milhoes-de-viagens-nos-onibus-e-metro\/\" \/>\n<meta property=\"og:locale\" content=\"pt_BR\" \/>\n<meta property=\"og:type\" content=\"article\" \/>\n<meta property=\"og:title\" content=\"Vai de Gra\u00e7a encerra 2025 com 31,6 milh\u00f5es de viagens nos \u00f4nibus e metr\u00f4 - Notibras\" \/>\n<meta property=\"og:description\" content=\"O programa Vai de Gra\u00e7a encerrou 2025 com 31.667.479 viagens realizadas sem a cobran\u00e7a de passagens nos \u00f4nibus e metr\u00f4 do Distrito Federal. De acordo com os dados da Secretaria de Transporte e Mobilidade (Semob-DF), o programa funcionou durante 69 dias, incluindo domingos, feriados e datas em que o benef\u00edcio foi estendido por meio de [&hellip;]\" \/>\n<meta property=\"og:url\" content=\"https:\/\/www.notibras.com\/site\/vai-de-graca-encerra-2025-com-316-milhoes-de-viagens-nos-onibus-e-metro\/\" \/>\n<meta property=\"og:site_name\" content=\"Notibras\" \/>\n<meta property=\"article:publisher\" content=\"https:\/\/www.facebook.com\/notibras\/\" \/>\n<meta property=\"article:published_time\" content=\"2026-01-07T04:00:23+00:00\" \/>\n<meta property=\"og:image\" content=\"https:\/\/www.notibras.com\/site\/wp-content\/uploads\/2026\/01\/Rodoviaria-Plano-1.jpg\" \/>\n\t<meta property=\"og:image:width\" content=\"799\" \/>\n\t<meta property=\"og:image:height\" content=\"533\" \/>\n\t<meta property=\"og:image:type\" content=\"image\/jpeg\" \/>\n<meta name=\"author\" content=\"Eduardo Mart\u00ednez\" \/>\n<meta name=\"twitter:card\" content=\"summary_large_image\" \/>\n<meta name=\"twitter:creator\" content=\"@Notibras\" \/>\n<meta name=\"twitter:site\" content=\"@Notibras\" \/>\n<meta name=\"twitter:label1\" content=\"Escrito por\" \/>\n\t<meta name=\"twitter:data1\" content=\"Eduardo Mart\u00ednez\" \/>\n\t<meta name=\"twitter:label2\" content=\"Est. tempo de leitura\" \/>\n\t<meta name=\"twitter:data2\" content=\"3 minutos\" \/>\n<script type=\"application\/ld+json\" class=\"yoast-schema-graph\">{\"@context\":\"https:\/\/schema.org\",\"@graph\":[{\"@type\":\"Article\",\"@id\":\"https:\/\/www.notibras.com\/site\/vai-de-graca-encerra-2025-com-316-milhoes-de-viagens-nos-onibus-e-metro\/#article\",\"isPartOf\":{\"@id\":\"https:\/\/www.notibras.com\/site\/vai-de-graca-encerra-2025-com-316-milhoes-de-viagens-nos-onibus-e-metro\/\"},\"author\":{\"name\":\"Eduardo Mart\u00ednez\",\"@id\":\"https:\/\/www.notibras.com\/site\/#\/schema\/person\/5b7fabf2aedc3ada2105f03b22b4d3dd\"},\"headline\":\"Vai de Gra\u00e7a encerra 2025 com 31,6 milh\u00f5es de viagens nos \u00f4nibus e metr\u00f4\",\"datePublished\":\"2026-01-07T04:00:23+00:00\",\"mainEntityOfPage\":{\"@id\":\"https:\/\/www.notibras.com\/site\/vai-de-graca-encerra-2025-com-316-milhoes-de-viagens-nos-onibus-e-metro\/\"},\"wordCount\":398,\"publisher\":{\"@id\":\"https:\/\/www.notibras.com\/site\/#organization\"},\"image\":{\"@id\":\"https:\/\/www.notibras.com\/site\/vai-de-graca-encerra-2025-com-316-milhoes-de-viagens-nos-onibus-e-metro\/#primaryimage\"},\"thumbnailUrl\":\"https:\/\/www.notibras.com\/site\/wp-content\/uploads\/2026\/01\/Rodoviaria-Plano-1.jpg\",\"articleSection\":[\"Quadradinho em Foco\"],\"inLanguage\":\"pt-BR\"},{\"@type\":\"WebPage\",\"@id\":\"https:\/\/www.notibras.com\/site\/vai-de-graca-encerra-2025-com-316-milhoes-de-viagens-nos-onibus-e-metro\/\",\"url\":\"https:\/\/www.notibras.com\/site\/vai-de-graca-encerra-2025-com-316-milhoes-de-viagens-nos-onibus-e-metro\/\",\"name\":\"Vai de Gra\u00e7a encerra 2025 com 31,6 milh\u00f5es de viagens nos \u00f4nibus e metr\u00f4 - Notibras\",\"isPartOf\":{\"@id\":\"https:\/\/www.notibras.com\/site\/#website\"},\"primaryImageOfPage\":{\"@id\":\"https:\/\/www.notibras.com\/site\/vai-de-graca-encerra-2025-com-316-milhoes-de-viagens-nos-onibus-e-metro\/#primaryimage\"},\"image\":{\"@id\":\"https:\/\/www.notibras.com\/site\/vai-de-graca-encerra-2025-com-316-milhoes-de-viagens-nos-onibus-e-metro\/#primaryimage\"},\"thumbnailUrl\":\"https:\/\/www.notibras.com\/site\/wp-content\/uploads\/2026\/01\/Rodoviaria-Plano-1.jpg\",\"datePublished\":\"2026-01-07T04:00:23+00:00\",\"breadcrumb\":{\"@id\":\"https:\/\/www.notibras.com\/site\/vai-de-graca-encerra-2025-com-316-milhoes-de-viagens-nos-onibus-e-metro\/#breadcrumb\"},\"inLanguage\":\"pt-BR\",\"potentialAction\":[{\"@type\":\"ReadAction\",\"target\":[\"https:\/\/www.notibras.com\/site\/vai-de-graca-encerra-2025-com-316-milhoes-de-viagens-nos-onibus-e-metro\/\"]}]},{\"@type\":\"ImageObject\",\"inLanguage\":\"pt-BR\",\"@id\":\"https:\/\/www.notibras.com\/site\/vai-de-graca-encerra-2025-com-316-milhoes-de-viagens-nos-onibus-e-metro\/#primaryimage\",\"url\":\"https:\/\/www.notibras.com\/site\/wp-content\/uploads\/2026\/01\/Rodoviaria-Plano-1.jpg\",\"contentUrl\":\"https:\/\/www.notibras.com\/site\/wp-content\/uploads\/2026\/01\/Rodoviaria-Plano-1.jpg\",\"width\":799,\"height\":533},{\"@type\":\"BreadcrumbList\",\"@id\":\"https:\/\/www.notibras.com\/site\/vai-de-graca-encerra-2025-com-316-milhoes-de-viagens-nos-onibus-e-metro\/#breadcrumb\",\"itemListElement\":[{\"@type\":\"ListItem\",\"position\":1,\"name\":\"In\u00edcio\",\"item\":\"https:\/\/www.notibras.com\/site\/\"},{\"@type\":\"ListItem\",\"position\":2,\"name\":\"Vai de Gra\u00e7a encerra 2025 com 31,6 milh\u00f5es de viagens nos \u00f4nibus e metr\u00f4\"}]},{\"@type\":\"WebSite\",\"@id\":\"https:\/\/www.notibras.com\/site\/#website\",\"url\":\"https:\/\/www.notibras.com\/site\/\",\"name\":\"Notibras\",\"description\":\"Not\u00edcias de Bras\u00edlia, do Brasil e do Mundo\",\"publisher\":{\"@id\":\"https:\/\/www.notibras.com\/site\/#organization\"},\"potentialAction\":[{\"@type\":\"SearchAction\",\"target\":{\"@type\":\"EntryPoint\",\"urlTemplate\":\"https:\/\/www.notibras.com\/site\/?s={search_term_string}\"},\"query-input\":{\"@type\":\"PropertyValueSpecification\",\"valueRequired\":true,\"valueName\":\"search_term_string\"}}],\"inLanguage\":\"pt-BR\"},{\"@type\":\"Organization\",\"@id\":\"https:\/\/www.notibras.com\/site\/#organization\",\"name\":\"Grupo Notibras de Comunica\u00e7\u00e3o\",\"url\":\"https:\/\/www.notibras.com\/site\/\",\"logo\":{\"@type\":\"ImageObject\",\"inLanguage\":\"pt-BR\",\"@id\":\"https:\/\/www.notibras.com\/site\/#\/schema\/logo\/image\/\",\"url\":\"https:\/\/www.notibras.com\/site\/wp-content\/uploads\/2023\/01\/notibras23.png\",\"contentUrl\":\"https:\/\/www.notibras.com\/site\/wp-content\/uploads\/2023\/01\/notibras23.png\",\"width\":350,\"height\":87,\"caption\":\"Grupo Notibras de Comunica\u00e7\u00e3o\"},\"image\":{\"@id\":\"https:\/\/www.notibras.com\/site\/#\/schema\/logo\/image\/\"},\"sameAs\":[\"https:\/\/www.facebook.com\/notibras\/\",\"https:\/\/x.com\/Notibras\",\"https:\/\/www.instagram.com\/notibras\/\"]},{\"@type\":\"Person\",\"@id\":\"https:\/\/www.notibras.com\/site\/#\/schema\/person\/5b7fabf2aedc3ada2105f03b22b4d3dd\",\"name\":\"Eduardo Mart\u00ednez\",\"image\":{\"@type\":\"ImageObject\",\"inLanguage\":\"pt-BR\",\"@id\":\"https:\/\/secure.gravatar.com\/avatar\/7902f906289926289cbcda644b5197c796b893c6ffd7b9a536a42d290f7704a0?s=96&d=mm&r=g\",\"url\":\"https:\/\/secure.gravatar.com\/avatar\/7902f906289926289cbcda644b5197c796b893c6ffd7b9a536a42d290f7704a0?s=96&d=mm&r=g\",\"contentUrl\":\"https:\/\/secure.gravatar.com\/avatar\/7902f906289926289cbcda644b5197c796b893c6ffd7b9a536a42d290f7704a0?s=96&d=mm&r=g\",\"caption\":\"Eduardo Mart\u00ednez\"}}]}<\/script>\n<!-- \/ Yoast SEO plugin. -->","yoast_head_json":{"title":"Vai de Gra\u00e7a encerra 2025 com 31,6 milh\u00f5es de viagens nos \u00f4nibus e metr\u00f4 - Notibras","robots":{"index":"index","follow":"follow","max-snippet":"max-snippet:-1","max-image-preview":"max-image-preview:large","max-video-preview":"max-video-preview:-1"},"canonical":"https:\/\/www.notibras.com\/site\/vai-de-graca-encerra-2025-com-316-milhoes-de-viagens-nos-onibus-e-metro\/","og_locale":"pt_BR","og_type":"article","og_title":"Vai de Gra\u00e7a encerra 2025 com 31,6 milh\u00f5es de viagens nos \u00f4nibus e metr\u00f4 - Notibras","og_description":"O programa Vai de Gra\u00e7a encerrou 2025 com 31.667.479 viagens realizadas sem a cobran\u00e7a de passagens nos \u00f4nibus e metr\u00f4 do Distrito Federal. De acordo com os dados da Secretaria de Transporte e Mobilidade (Semob-DF), o programa funcionou durante 69 dias, incluindo domingos, feriados e datas em que o benef\u00edcio foi estendido por meio de [&hellip;]","og_url":"https:\/\/www.notibras.com\/site\/vai-de-graca-encerra-2025-com-316-milhoes-de-viagens-nos-onibus-e-metro\/","og_site_name":"Notibras","article_publisher":"https:\/\/www.facebook.com\/notibras\/","article_published_time":"2026-01-07T04:00:23+00:00","og_image":[{"width":799,"height":533,"url":"https:\/\/www.notibras.com\/site\/wp-content\/uploads\/2026\/01\/Rodoviaria-Plano-1.jpg","type":"image\/jpeg"}],"author":"Eduardo Mart\u00ednez","twitter_card":"summary_large_image","twitter_creator":"@Notibras","twitter_site":"@Notibras","twitter_misc":{"Escrito por":"Eduardo Mart\u00ednez","Est. tempo de leitura":"3 minutos"},"schema":{"@context":"https:\/\/schema.org","@graph":[{"@type":"Article","@id":"https:\/\/www.notibras.com\/site\/vai-de-graca-encerra-2025-com-316-milhoes-de-viagens-nos-onibus-e-metro\/#article","isPartOf":{"@id":"https:\/\/www.notibras.com\/site\/vai-de-graca-encerra-2025-com-316-milhoes-de-viagens-nos-onibus-e-metro\/"},"author":{"name":"Eduardo Mart\u00ednez","@id":"https:\/\/www.notibras.com\/site\/#\/schema\/person\/5b7fabf2aedc3ada2105f03b22b4d3dd"},"headline":"Vai de Gra\u00e7a encerra 2025 com 31,6 milh\u00f5es de viagens nos \u00f4nibus e metr\u00f4","datePublished":"2026-01-07T04:00:23+00:00","mainEntityOfPage":{"@id":"https:\/\/www.notibras.com\/site\/vai-de-graca-encerra-2025-com-316-milhoes-de-viagens-nos-onibus-e-metro\/"},"wordCount":398,"publisher":{"@id":"https:\/\/www.notibras.com\/site\/#organization"},"image":{"@id":"https:\/\/www.notibras.com\/site\/vai-de-graca-encerra-2025-com-316-milhoes-de-viagens-nos-onibus-e-metro\/#primaryimage"},"thumbnailUrl":"https:\/\/www.notibras.com\/site\/wp-content\/uploads\/2026\/01\/Rodoviaria-Plano-1.jpg","articleSection":["Quadradinho em Foco"],"inLanguage":"pt-BR"},{"@type":"WebPage","@id":"https:\/\/www.notibras.com\/site\/vai-de-graca-encerra-2025-com-316-milhoes-de-viagens-nos-onibus-e-metro\/","url":"https:\/\/www.notibras.com\/site\/vai-de-graca-encerra-2025-com-316-milhoes-de-viagens-nos-onibus-e-metro\/","name":"Vai de Gra\u00e7a encerra 2025 com 31,6 milh\u00f5es de viagens nos \u00f4nibus e metr\u00f4 - Notibras","isPartOf":{"@id":"https:\/\/www.notibras.com\/site\/#website"},"primaryImageOfPage":{"@id":"https:\/\/www.notibras.com\/site\/vai-de-graca-encerra-2025-com-316-milhoes-de-viagens-nos-onibus-e-metro\/#primaryimage"},"image":{"@id":"https:\/\/www.notibras.com\/site\/vai-de-graca-encerra-2025-com-316-milhoes-de-viagens-nos-onibus-e-metro\/#primaryimage"},"thumbnailUrl":"https:\/\/www.notibras.com\/site\/wp-content\/uploads\/2026\/01\/Rodoviaria-Plano-1.jpg","datePublished":"2026-01-07T04:00:23+00:00","breadcrumb":{"@id":"https:\/\/www.notibras.com\/site\/vai-de-graca-encerra-2025-com-316-milhoes-de-viagens-nos-onibus-e-metro\/#breadcrumb"},"inLanguage":"pt-BR","potentialAction":[{"@type":"ReadAction","target":["https:\/\/www.notibras.com\/site\/vai-de-graca-encerra-2025-com-316-milhoes-de-viagens-nos-onibus-e-metro\/"]}]},{"@type":"ImageObject","inLanguage":"pt-BR","@id":"https:\/\/www.notibras.com\/site\/vai-de-graca-encerra-2025-com-316-milhoes-de-viagens-nos-onibus-e-metro\/#primaryimage","url":"https:\/\/www.notibras.com\/site\/wp-content\/uploads\/2026\/01\/Rodoviaria-Plano-1.jpg","contentUrl":"https:\/\/www.notibras.com\/site\/wp-content\/uploads\/2026\/01\/Rodoviaria-Plano-1.jpg","width":799,"height":533},{"@type":"BreadcrumbList","@id":"https:\/\/www.notibras.com\/site\/vai-de-graca-encerra-2025-com-316-milhoes-de-viagens-nos-onibus-e-metro\/#breadcrumb","itemListElement":[{"@type":"ListItem","position":1,"name":"In\u00edcio","item":"https:\/\/www.notibras.com\/site\/"},{"@type":"ListItem","position":2,"name":"Vai de Gra\u00e7a encerra 2025 com 31,6 milh\u00f5es de viagens nos \u00f4nibus e metr\u00f4"}]},{"@type":"WebSite","@id":"https:\/\/www.notibras.com\/site\/#website","url":"https:\/\/www.notibras.com\/site\/","name":"Notibras","description":"Not\u00edcias de Bras\u00edlia, do Brasil e do Mundo","publisher":{"@id":"https:\/\/www.notibras.com\/site\/#organization"},"potentialAction":[{"@type":"SearchAction","target":{"@type":"EntryPoint","urlTemplate":"https:\/\/www.notibras.com\/site\/?s={search_term_string}"},"query-input":{"@type":"PropertyValueSpecification","valueRequired":true,"valueName":"search_term_string"}}],"inLanguage":"pt-BR"},{"@type":"Organization","@id":"https:\/\/www.notibras.com\/site\/#organization","name":"Grupo Notibras de Comunica\u00e7\u00e3o","url":"https:\/\/www.notibras.com\/site\/","logo":{"@type":"ImageObject","inLanguage":"pt-BR","@id":"https:\/\/www.notibras.com\/site\/#\/schema\/logo\/image\/","url":"https:\/\/www.notibras.com\/site\/wp-content\/uploads\/2023\/01\/notibras23.png","contentUrl":"https:\/\/www.notibras.com\/site\/wp-content\/uploads\/2023\/01\/notibras23.png","width":350,"height":87,"caption":"Grupo Notibras de Comunica\u00e7\u00e3o"},"image":{"@id":"https:\/\/www.notibras.com\/site\/#\/schema\/logo\/image\/"},"sameAs":["https:\/\/www.facebook.com\/notibras\/","https:\/\/x.com\/Notibras","https:\/\/www.instagram.com\/notibras\/"]},{"@type":"Person","@id":"https:\/\/www.notibras.com\/site\/#\/schema\/person\/5b7fabf2aedc3ada2105f03b22b4d3dd","name":"Eduardo Mart\u00ednez","image":{"@type":"ImageObject","inLanguage":"pt-BR","@id":"https:\/\/secure.gravatar.com\/avatar\/7902f906289926289cbcda644b5197c796b893c6ffd7b9a536a42d290f7704a0?s=96&d=mm&r=g","url":"https:\/\/secure.gravatar.com\/avatar\/7902f906289926289cbcda644b5197c796b893c6ffd7b9a536a42d290f7704a0?s=96&d=mm&r=g","contentUrl":"https:\/\/secure.gravatar.com\/avatar\/7902f906289926289cbcda644b5197c796b893c6ffd7b9a536a42d290f7704a0?s=96&d=mm&r=g","caption":"Eduardo Mart\u00ednez"}}]}},"amp_enabled":true,"_links":{"self":[{"href":"https:\/\/www.notibras.com\/site\/wp-json\/wp\/v2\/posts\/378012","targetHints":{"allow":["GET"]}}],"collection":[{"href":"https:\/\/www.notibras.com\/site\/wp-json\/wp\/v2\/posts"}],"about":[{"href":"https:\/\/www.notibras.com\/site\/wp-json\/wp\/v2\/types\/post"}],"author":[{"embeddable":true,"href":"https:\/\/www.notibras.com\/site\/wp-json\/wp\/v2\/users\/21"}],"replies":[{"embeddable":true,"href":"https:\/\/www.notibras.com\/site\/wp-json\/wp\/v2\/comments?post=378012"}],"version-history":[{"count":2,"href":"https:\/\/www.notibras.com\/site\/wp-json\/wp\/v2\/posts\/378012\/revisions"}],"predecessor-version":[{"id":378015,"href":"https:\/\/www.notibras.com\/site\/wp-json\/wp\/v2\/posts\/378012\/revisions\/378015"}],"wp:featuredmedia":[{"embeddable":true,"href":"https:\/\/www.notibras.com\/site\/wp-json\/wp\/v2\/media\/378013"}],"wp:attachment":[{"href":"https:\/\/www.notibras.com\/site\/wp-json\/wp\/v2\/media?parent=378012"}],"wp:term":[{"taxonomy":"category","embeddable":true,"href":"https:\/\/www.notibras.com\/site\/wp-json\/wp\/v2\/categories?post=378012"},{"taxonomy":"post_tag","embeddable":true,"href":"https:\/\/www.notibras.com\/site\/wp-json\/wp\/v2\/tags?post=378012"}],"curies":[{"name":"wp","href":"https:\/\/api.w.org\/{rel}","templated":true}]}}