{"id":378016,"date":"2026-01-07T01:15:12","date_gmt":"2026-01-07T04:15:12","guid":{"rendered":"https:\/\/www.notibras.com\/site\/?p=378016"},"modified":"2026-01-07T00:24:52","modified_gmt":"2026-01-07T03:24:52","slug":"abertas-inscricoes-para-o-cadastro-de-blocos-de-rua-do-carnaval","status":"publish","type":"post","link":"https:\/\/www.notibras.com\/site\/abertas-inscricoes-para-o-cadastro-de-blocos-de-rua-do-carnaval\/","title":{"rendered":"Abertas inscri\u00e7\u00f5es para o cadastro de blocos de rua do Carnaval"},"content":{"rendered":"<p>O Governo do Distrito Federal (GDF) abriu, nessa segunda (5), as inscri\u00e7\u00f5es para o cadastro de blocos de Carnaval de rua que desejam participar do DF Folia 2026. Ao todo, ser\u00e3o selecionados 73 blocos e tr\u00eas Territ\u00f3rios Folia, com investimento global de R$ 10 milh\u00f5es para a realiza\u00e7\u00e3o da festa, prevista para ocorrer entre 6 de fevereiro e 1\u00ba de mar\u00e7o de 2026.<\/p>\n<p>Do total de recursos, R$ 8,3 milh\u00f5es ser\u00e3o destinados exclusivamente aos blocos, contemplando grupos de diferentes portes e perfis, do iniciante ao de grande circula\u00e7\u00e3o popular. A iniciativa busca fortalecer o Carnaval como manifesta\u00e7\u00e3o cultural democr\u00e1tica, descentralizada e acess\u00edvel, com programa\u00e7\u00e3o distribu\u00edda por diversas regi\u00f5es do Distrito Federal.<\/p>\n<p>As inscri\u00e7\u00f5es devem ser feitas por meio de <a href=\"https:\/\/docs.google.com\/forms\/d\/1XNCixBbnoJQiLRtwxVLIfziDLxsGs71ZM7rNHBgpqUs\/viewform?edit_requested=true\">formul\u00e1rio eletr\u00f4nico<\/a>. O link foi liberado nessa segunda-feira e ficar\u00e1 aberto at\u00e9 as 23h59 do dia 13 de janeiro. Podem se inscrever blocos novos ou j\u00e1 consolidados, desde que atendam aos crit\u00e9rios do edital.<\/p>\n<p>O cadastro destina-se a todos os blocos de carnaval que participar\u00e3o do Carnaval de Rua do Distrito Federal em 2026. A finalidade \u00e9 fornecer \u00e0s entidades governamentais respons\u00e1veis pela coordena\u00e7\u00e3o, fiscaliza\u00e7\u00e3o, seguran\u00e7a e preven\u00e7\u00e3o os dados necess\u00e1rios para seu devido planejamento e atua\u00e7\u00e3o, sob a coordena\u00e7\u00e3o da Secretaria de Cultura e Economia Criativa do DF (Secec-DF), conforme o Decreto n\u00ba 44.169\/2023.<\/p>\n<p>A iniciativa busca fortalecer o Carnaval como manifesta\u00e7\u00e3o cultural democr\u00e1tica, descentralizada e acess\u00edvel, com programa\u00e7\u00e3o distribu\u00edda por diversas regi\u00f5es do Distrito Federal | Foto: Divulga\u00e7\u00e3o\/Secec-DF<\/p>\n<p>O modelo de apoio financeiro foi organizado por categorias, de acordo com o porte do bloco e a estimativa de p\u00fablico. Os valores variam de R$ 15 mil para blocos novos at\u00e9 R$ 300 mil para blocos de megaporte. J\u00e1 os Territ\u00f3rios Folia \u2014 espa\u00e7os que re\u00fanem m\u00faltiplas atra\u00e7\u00f5es e grande concentra\u00e7\u00e3o de p\u00fablico \u2014contar\u00e3o com apoio de at\u00e9 R$ 500 mil por projeto. No total, est\u00e3o previstas 76 vagas.<\/p>\n<p>O cronograma do DF Folia 2026 prev\u00ea a divulga\u00e7\u00e3o da lista de blocos inscritos no dia 15 de janeiro. O resultado provis\u00f3rio ser\u00e1 publicado em 19 de janeiro, \u00e0s 18h, com prazo para recursos at\u00e9 o dia 21. A lista definitiva dos selecionados ser\u00e1 divulgada em 23 de janeiro, tamb\u00e9m \u00e0s 18h.<\/p>\n<p>Para o titular da Secec-DF, Claudio Abrantes, o Carnaval de rua \u00e9 um dos principais espa\u00e7os de encontro entre cultura, cidadania e economia criativa no Distrito Federal. \u201cO DF Folia \u00e9 mais do que uma programa\u00e7\u00e3o de Carnaval. \u00c9 uma pol\u00edtica p\u00fablica que reconhece o trabalho dos fazedores de cultura, movimenta a economia local e garante que a festa chegue a diferentes territ\u00f3rios, de forma organizada, segura e inclusiva. Investir nos blocos \u00e9 investir no direito das pessoas ocuparem a cidade com alegria, diversidade e pertencimento\u201d, afirma o secret\u00e1rio.<\/p>\n<p>Al\u00e9m do impacto cultural, o DF Folia tamb\u00e9m gera emprego e renda, mobilizando artistas, produtores, t\u00e9cnicos, comerciantes e trabalhadores informais. Ao apoiar blocos de diferentes tamanhos, o programa amplia a participa\u00e7\u00e3o de coletivos comunit\u00e1rios e fortalece tradi\u00e7\u00f5es que fazem do Carnaval de rua uma das express\u00f5es culturais mais vivas do Distrito Federal.<\/p>\n","protected":false},"excerpt":{"rendered":"<p>O Governo do Distrito Federal (GDF) abriu, nessa segunda (5), as inscri\u00e7\u00f5es para o cadastro de blocos de Carnaval de rua que desejam participar do DF Folia 2026. Ao todo, ser\u00e3o selecionados 73 blocos e tr\u00eas Territ\u00f3rios Folia, com investimento global de R$ 10 milh\u00f5es para a realiza\u00e7\u00e3o da festa, prevista para ocorrer entre 6 [&hellip;]<\/p>\n","protected":false},"author":21,"featured_media":378017,"comment_status":"closed","ping_status":"closed","sticky":false,"template":"","format":"standard","meta":{"_acf_changed":false,"footnotes":""},"categories":[161],"tags":[],"class_list":["post-378016","post","type-post","status-publish","format-standard","has-post-thumbnail","hentry","category-quadradinho-em-foco"],"acf":[],"yoast_head":"<!-- This site is optimized with the Yoast SEO plugin v27.2 - https:\/\/yoast.com\/product\/yoast-seo-wordpress\/ -->\n<title>Abertas inscri\u00e7\u00f5es para o cadastro de blocos de rua do Carnaval - Notibras<\/title>\n<meta name=\"robots\" content=\"index, follow, max-snippet:-1, max-image-preview:large, max-video-preview:-1\" \/>\n<link rel=\"canonical\" href=\"https:\/\/www.notibras.com\/site\/abertas-inscricoes-para-o-cadastro-de-blocos-de-rua-do-carnaval\/\" \/>\n<meta property=\"og:locale\" content=\"pt_BR\" \/>\n<meta property=\"og:type\" content=\"article\" \/>\n<meta property=\"og:title\" content=\"Abertas inscri\u00e7\u00f5es para o cadastro de blocos de rua do Carnaval - Notibras\" \/>\n<meta property=\"og:description\" content=\"O Governo do Distrito Federal (GDF) abriu, nessa segunda (5), as inscri\u00e7\u00f5es para o cadastro de blocos de Carnaval de rua que desejam participar do DF Folia 2026. Ao todo, ser\u00e3o selecionados 73 blocos e tr\u00eas Territ\u00f3rios Folia, com investimento global de R$ 10 milh\u00f5es para a realiza\u00e7\u00e3o da festa, prevista para ocorrer entre 6 [&hellip;]\" \/>\n<meta property=\"og:url\" content=\"https:\/\/www.notibras.com\/site\/abertas-inscricoes-para-o-cadastro-de-blocos-de-rua-do-carnaval\/\" \/>\n<meta property=\"og:site_name\" content=\"Notibras\" \/>\n<meta property=\"article:publisher\" content=\"https:\/\/www.facebook.com\/notibras\/\" \/>\n<meta property=\"article:published_time\" content=\"2026-01-07T04:15:12+00:00\" \/>\n<meta property=\"og:image\" content=\"https:\/\/www.notibras.com\/site\/wp-content\/uploads\/2026\/01\/54371734785-A-1.jpg\" \/>\n\t<meta property=\"og:image:width\" content=\"799\" \/>\n\t<meta property=\"og:image:height\" content=\"533\" \/>\n\t<meta property=\"og:image:type\" content=\"image\/jpeg\" \/>\n<meta name=\"author\" content=\"Eduardo Mart\u00ednez\" \/>\n<meta name=\"twitter:card\" content=\"summary_large_image\" \/>\n<meta name=\"twitter:creator\" content=\"@Notibras\" \/>\n<meta name=\"twitter:site\" content=\"@Notibras\" \/>\n<meta name=\"twitter:label1\" content=\"Escrito por\" \/>\n\t<meta name=\"twitter:data1\" content=\"Eduardo Mart\u00ednez\" \/>\n\t<meta name=\"twitter:label2\" content=\"Est. tempo de leitura\" \/>\n\t<meta name=\"twitter:data2\" content=\"4 minutos\" \/>\n<script type=\"application\/ld+json\" class=\"yoast-schema-graph\">{\"@context\":\"https:\/\/schema.org\",\"@graph\":[{\"@type\":\"Article\",\"@id\":\"https:\/\/www.notibras.com\/site\/abertas-inscricoes-para-o-cadastro-de-blocos-de-rua-do-carnaval\/#article\",\"isPartOf\":{\"@id\":\"https:\/\/www.notibras.com\/site\/abertas-inscricoes-para-o-cadastro-de-blocos-de-rua-do-carnaval\/\"},\"author\":{\"name\":\"Eduardo Mart\u00ednez\",\"@id\":\"https:\/\/www.notibras.com\/site\/#\/schema\/person\/5b7fabf2aedc3ada2105f03b22b4d3dd\"},\"headline\":\"Abertas inscri\u00e7\u00f5es para o cadastro de blocos de rua do Carnaval\",\"datePublished\":\"2026-01-07T04:15:12+00:00\",\"mainEntityOfPage\":{\"@id\":\"https:\/\/www.notibras.com\/site\/abertas-inscricoes-para-o-cadastro-de-blocos-de-rua-do-carnaval\/\"},\"wordCount\":550,\"publisher\":{\"@id\":\"https:\/\/www.notibras.com\/site\/#organization\"},\"image\":{\"@id\":\"https:\/\/www.notibras.com\/site\/abertas-inscricoes-para-o-cadastro-de-blocos-de-rua-do-carnaval\/#primaryimage\"},\"thumbnailUrl\":\"https:\/\/www.notibras.com\/site\/wp-content\/uploads\/2026\/01\/54371734785-A-1.jpg\",\"articleSection\":[\"Quadradinho em Foco\"],\"inLanguage\":\"pt-BR\"},{\"@type\":\"WebPage\",\"@id\":\"https:\/\/www.notibras.com\/site\/abertas-inscricoes-para-o-cadastro-de-blocos-de-rua-do-carnaval\/\",\"url\":\"https:\/\/www.notibras.com\/site\/abertas-inscricoes-para-o-cadastro-de-blocos-de-rua-do-carnaval\/\",\"name\":\"Abertas inscri\u00e7\u00f5es para o cadastro de blocos de rua do Carnaval - Notibras\",\"isPartOf\":{\"@id\":\"https:\/\/www.notibras.com\/site\/#website\"},\"primaryImageOfPage\":{\"@id\":\"https:\/\/www.notibras.com\/site\/abertas-inscricoes-para-o-cadastro-de-blocos-de-rua-do-carnaval\/#primaryimage\"},\"image\":{\"@id\":\"https:\/\/www.notibras.com\/site\/abertas-inscricoes-para-o-cadastro-de-blocos-de-rua-do-carnaval\/#primaryimage\"},\"thumbnailUrl\":\"https:\/\/www.notibras.com\/site\/wp-content\/uploads\/2026\/01\/54371734785-A-1.jpg\",\"datePublished\":\"2026-01-07T04:15:12+00:00\",\"breadcrumb\":{\"@id\":\"https:\/\/www.notibras.com\/site\/abertas-inscricoes-para-o-cadastro-de-blocos-de-rua-do-carnaval\/#breadcrumb\"},\"inLanguage\":\"pt-BR\",\"potentialAction\":[{\"@type\":\"ReadAction\",\"target\":[\"https:\/\/www.notibras.com\/site\/abertas-inscricoes-para-o-cadastro-de-blocos-de-rua-do-carnaval\/\"]}]},{\"@type\":\"ImageObject\",\"inLanguage\":\"pt-BR\",\"@id\":\"https:\/\/www.notibras.com\/site\/abertas-inscricoes-para-o-cadastro-de-blocos-de-rua-do-carnaval\/#primaryimage\",\"url\":\"https:\/\/www.notibras.com\/site\/wp-content\/uploads\/2026\/01\/54371734785-A-1.jpg\",\"contentUrl\":\"https:\/\/www.notibras.com\/site\/wp-content\/uploads\/2026\/01\/54371734785-A-1.jpg\",\"width\":799,\"height\":533},{\"@type\":\"BreadcrumbList\",\"@id\":\"https:\/\/www.notibras.com\/site\/abertas-inscricoes-para-o-cadastro-de-blocos-de-rua-do-carnaval\/#breadcrumb\",\"itemListElement\":[{\"@type\":\"ListItem\",\"position\":1,\"name\":\"In\u00edcio\",\"item\":\"https:\/\/www.notibras.com\/site\/\"},{\"@type\":\"ListItem\",\"position\":2,\"name\":\"Abertas inscri\u00e7\u00f5es para o cadastro de blocos de rua do Carnaval\"}]},{\"@type\":\"WebSite\",\"@id\":\"https:\/\/www.notibras.com\/site\/#website\",\"url\":\"https:\/\/www.notibras.com\/site\/\",\"name\":\"Notibras\",\"description\":\"Not\u00edcias de Bras\u00edlia, do Brasil e do Mundo\",\"publisher\":{\"@id\":\"https:\/\/www.notibras.com\/site\/#organization\"},\"potentialAction\":[{\"@type\":\"SearchAction\",\"target\":{\"@type\":\"EntryPoint\",\"urlTemplate\":\"https:\/\/www.notibras.com\/site\/?s={search_term_string}\"},\"query-input\":{\"@type\":\"PropertyValueSpecification\",\"valueRequired\":true,\"valueName\":\"search_term_string\"}}],\"inLanguage\":\"pt-BR\"},{\"@type\":\"Organization\",\"@id\":\"https:\/\/www.notibras.com\/site\/#organization\",\"name\":\"Grupo Notibras de Comunica\u00e7\u00e3o\",\"url\":\"https:\/\/www.notibras.com\/site\/\",\"logo\":{\"@type\":\"ImageObject\",\"inLanguage\":\"pt-BR\",\"@id\":\"https:\/\/www.notibras.com\/site\/#\/schema\/logo\/image\/\",\"url\":\"https:\/\/www.notibras.com\/site\/wp-content\/uploads\/2023\/01\/notibras23.png\",\"contentUrl\":\"https:\/\/www.notibras.com\/site\/wp-content\/uploads\/2023\/01\/notibras23.png\",\"width\":350,\"height\":87,\"caption\":\"Grupo Notibras de Comunica\u00e7\u00e3o\"},\"image\":{\"@id\":\"https:\/\/www.notibras.com\/site\/#\/schema\/logo\/image\/\"},\"sameAs\":[\"https:\/\/www.facebook.com\/notibras\/\",\"https:\/\/x.com\/Notibras\",\"https:\/\/www.instagram.com\/notibras\/\"]},{\"@type\":\"Person\",\"@id\":\"https:\/\/www.notibras.com\/site\/#\/schema\/person\/5b7fabf2aedc3ada2105f03b22b4d3dd\",\"name\":\"Eduardo Mart\u00ednez\",\"image\":{\"@type\":\"ImageObject\",\"inLanguage\":\"pt-BR\",\"@id\":\"https:\/\/secure.gravatar.com\/avatar\/7902f906289926289cbcda644b5197c796b893c6ffd7b9a536a42d290f7704a0?s=96&d=mm&r=g\",\"url\":\"https:\/\/secure.gravatar.com\/avatar\/7902f906289926289cbcda644b5197c796b893c6ffd7b9a536a42d290f7704a0?s=96&d=mm&r=g\",\"contentUrl\":\"https:\/\/secure.gravatar.com\/avatar\/7902f906289926289cbcda644b5197c796b893c6ffd7b9a536a42d290f7704a0?s=96&d=mm&r=g\",\"caption\":\"Eduardo Mart\u00ednez\"}}]}<\/script>\n<!-- \/ Yoast SEO plugin. -->","yoast_head_json":{"title":"Abertas inscri\u00e7\u00f5es para o cadastro de blocos de rua do Carnaval - Notibras","robots":{"index":"index","follow":"follow","max-snippet":"max-snippet:-1","max-image-preview":"max-image-preview:large","max-video-preview":"max-video-preview:-1"},"canonical":"https:\/\/www.notibras.com\/site\/abertas-inscricoes-para-o-cadastro-de-blocos-de-rua-do-carnaval\/","og_locale":"pt_BR","og_type":"article","og_title":"Abertas inscri\u00e7\u00f5es para o cadastro de blocos de rua do Carnaval - Notibras","og_description":"O Governo do Distrito Federal (GDF) abriu, nessa segunda (5), as inscri\u00e7\u00f5es para o cadastro de blocos de Carnaval de rua que desejam participar do DF Folia 2026. Ao todo, ser\u00e3o selecionados 73 blocos e tr\u00eas Territ\u00f3rios Folia, com investimento global de R$ 10 milh\u00f5es para a realiza\u00e7\u00e3o da festa, prevista para ocorrer entre 6 [&hellip;]","og_url":"https:\/\/www.notibras.com\/site\/abertas-inscricoes-para-o-cadastro-de-blocos-de-rua-do-carnaval\/","og_site_name":"Notibras","article_publisher":"https:\/\/www.facebook.com\/notibras\/","article_published_time":"2026-01-07T04:15:12+00:00","og_image":[{"width":799,"height":533,"url":"https:\/\/www.notibras.com\/site\/wp-content\/uploads\/2026\/01\/54371734785-A-1.jpg","type":"image\/jpeg"}],"author":"Eduardo Mart\u00ednez","twitter_card":"summary_large_image","twitter_creator":"@Notibras","twitter_site":"@Notibras","twitter_misc":{"Escrito por":"Eduardo Mart\u00ednez","Est. tempo de leitura":"4 minutos"},"schema":{"@context":"https:\/\/schema.org","@graph":[{"@type":"Article","@id":"https:\/\/www.notibras.com\/site\/abertas-inscricoes-para-o-cadastro-de-blocos-de-rua-do-carnaval\/#article","isPartOf":{"@id":"https:\/\/www.notibras.com\/site\/abertas-inscricoes-para-o-cadastro-de-blocos-de-rua-do-carnaval\/"},"author":{"name":"Eduardo Mart\u00ednez","@id":"https:\/\/www.notibras.com\/site\/#\/schema\/person\/5b7fabf2aedc3ada2105f03b22b4d3dd"},"headline":"Abertas inscri\u00e7\u00f5es para o cadastro de blocos de rua do Carnaval","datePublished":"2026-01-07T04:15:12+00:00","mainEntityOfPage":{"@id":"https:\/\/www.notibras.com\/site\/abertas-inscricoes-para-o-cadastro-de-blocos-de-rua-do-carnaval\/"},"wordCount":550,"publisher":{"@id":"https:\/\/www.notibras.com\/site\/#organization"},"image":{"@id":"https:\/\/www.notibras.com\/site\/abertas-inscricoes-para-o-cadastro-de-blocos-de-rua-do-carnaval\/#primaryimage"},"thumbnailUrl":"https:\/\/www.notibras.com\/site\/wp-content\/uploads\/2026\/01\/54371734785-A-1.jpg","articleSection":["Quadradinho em Foco"],"inLanguage":"pt-BR"},{"@type":"WebPage","@id":"https:\/\/www.notibras.com\/site\/abertas-inscricoes-para-o-cadastro-de-blocos-de-rua-do-carnaval\/","url":"https:\/\/www.notibras.com\/site\/abertas-inscricoes-para-o-cadastro-de-blocos-de-rua-do-carnaval\/","name":"Abertas inscri\u00e7\u00f5es para o cadastro de blocos de rua do Carnaval - Notibras","isPartOf":{"@id":"https:\/\/www.notibras.com\/site\/#website"},"primaryImageOfPage":{"@id":"https:\/\/www.notibras.com\/site\/abertas-inscricoes-para-o-cadastro-de-blocos-de-rua-do-carnaval\/#primaryimage"},"image":{"@id":"https:\/\/www.notibras.com\/site\/abertas-inscricoes-para-o-cadastro-de-blocos-de-rua-do-carnaval\/#primaryimage"},"thumbnailUrl":"https:\/\/www.notibras.com\/site\/wp-content\/uploads\/2026\/01\/54371734785-A-1.jpg","datePublished":"2026-01-07T04:15:12+00:00","breadcrumb":{"@id":"https:\/\/www.notibras.com\/site\/abertas-inscricoes-para-o-cadastro-de-blocos-de-rua-do-carnaval\/#breadcrumb"},"inLanguage":"pt-BR","potentialAction":[{"@type":"ReadAction","target":["https:\/\/www.notibras.com\/site\/abertas-inscricoes-para-o-cadastro-de-blocos-de-rua-do-carnaval\/"]}]},{"@type":"ImageObject","inLanguage":"pt-BR","@id":"https:\/\/www.notibras.com\/site\/abertas-inscricoes-para-o-cadastro-de-blocos-de-rua-do-carnaval\/#primaryimage","url":"https:\/\/www.notibras.com\/site\/wp-content\/uploads\/2026\/01\/54371734785-A-1.jpg","contentUrl":"https:\/\/www.notibras.com\/site\/wp-content\/uploads\/2026\/01\/54371734785-A-1.jpg","width":799,"height":533},{"@type":"BreadcrumbList","@id":"https:\/\/www.notibras.com\/site\/abertas-inscricoes-para-o-cadastro-de-blocos-de-rua-do-carnaval\/#breadcrumb","itemListElement":[{"@type":"ListItem","position":1,"name":"In\u00edcio","item":"https:\/\/www.notibras.com\/site\/"},{"@type":"ListItem","position":2,"name":"Abertas inscri\u00e7\u00f5es para o cadastro de blocos de rua do Carnaval"}]},{"@type":"WebSite","@id":"https:\/\/www.notibras.com\/site\/#website","url":"https:\/\/www.notibras.com\/site\/","name":"Notibras","description":"Not\u00edcias de Bras\u00edlia, do Brasil e do Mundo","publisher":{"@id":"https:\/\/www.notibras.com\/site\/#organization"},"potentialAction":[{"@type":"SearchAction","target":{"@type":"EntryPoint","urlTemplate":"https:\/\/www.notibras.com\/site\/?s={search_term_string}"},"query-input":{"@type":"PropertyValueSpecification","valueRequired":true,"valueName":"search_term_string"}}],"inLanguage":"pt-BR"},{"@type":"Organization","@id":"https:\/\/www.notibras.com\/site\/#organization","name":"Grupo Notibras de Comunica\u00e7\u00e3o","url":"https:\/\/www.notibras.com\/site\/","logo":{"@type":"ImageObject","inLanguage":"pt-BR","@id":"https:\/\/www.notibras.com\/site\/#\/schema\/logo\/image\/","url":"https:\/\/www.notibras.com\/site\/wp-content\/uploads\/2023\/01\/notibras23.png","contentUrl":"https:\/\/www.notibras.com\/site\/wp-content\/uploads\/2023\/01\/notibras23.png","width":350,"height":87,"caption":"Grupo Notibras de Comunica\u00e7\u00e3o"},"image":{"@id":"https:\/\/www.notibras.com\/site\/#\/schema\/logo\/image\/"},"sameAs":["https:\/\/www.facebook.com\/notibras\/","https:\/\/x.com\/Notibras","https:\/\/www.instagram.com\/notibras\/"]},{"@type":"Person","@id":"https:\/\/www.notibras.com\/site\/#\/schema\/person\/5b7fabf2aedc3ada2105f03b22b4d3dd","name":"Eduardo Mart\u00ednez","image":{"@type":"ImageObject","inLanguage":"pt-BR","@id":"https:\/\/secure.gravatar.com\/avatar\/7902f906289926289cbcda644b5197c796b893c6ffd7b9a536a42d290f7704a0?s=96&d=mm&r=g","url":"https:\/\/secure.gravatar.com\/avatar\/7902f906289926289cbcda644b5197c796b893c6ffd7b9a536a42d290f7704a0?s=96&d=mm&r=g","contentUrl":"https:\/\/secure.gravatar.com\/avatar\/7902f906289926289cbcda644b5197c796b893c6ffd7b9a536a42d290f7704a0?s=96&d=mm&r=g","caption":"Eduardo Mart\u00ednez"}}]}},"amp_enabled":true,"_links":{"self":[{"href":"https:\/\/www.notibras.com\/site\/wp-json\/wp\/v2\/posts\/378016","targetHints":{"allow":["GET"]}}],"collection":[{"href":"https:\/\/www.notibras.com\/site\/wp-json\/wp\/v2\/posts"}],"about":[{"href":"https:\/\/www.notibras.com\/site\/wp-json\/wp\/v2\/types\/post"}],"author":[{"embeddable":true,"href":"https:\/\/www.notibras.com\/site\/wp-json\/wp\/v2\/users\/21"}],"replies":[{"embeddable":true,"href":"https:\/\/www.notibras.com\/site\/wp-json\/wp\/v2\/comments?post=378016"}],"version-history":[{"count":2,"href":"https:\/\/www.notibras.com\/site\/wp-json\/wp\/v2\/posts\/378016\/revisions"}],"predecessor-version":[{"id":378019,"href":"https:\/\/www.notibras.com\/site\/wp-json\/wp\/v2\/posts\/378016\/revisions\/378019"}],"wp:featuredmedia":[{"embeddable":true,"href":"https:\/\/www.notibras.com\/site\/wp-json\/wp\/v2\/media\/378017"}],"wp:attachment":[{"href":"https:\/\/www.notibras.com\/site\/wp-json\/wp\/v2\/media?parent=378016"}],"wp:term":[{"taxonomy":"category","embeddable":true,"href":"https:\/\/www.notibras.com\/site\/wp-json\/wp\/v2\/categories?post=378016"},{"taxonomy":"post_tag","embeddable":true,"href":"https:\/\/www.notibras.com\/site\/wp-json\/wp\/v2\/tags?post=378016"}],"curies":[{"name":"wp","href":"https:\/\/api.w.org\/{rel}","templated":true}]}}