{"id":37802,"date":"2015-02-21T19:46:56","date_gmt":"2015-02-21T22:46:56","guid":{"rendered":"http:\/\/www.notibras.com\/site\/?p=37802"},"modified":"2015-02-22T14:37:43","modified_gmt":"2015-02-22T17:37:43","slug":"jovem-da-golpe-do-cancer-e-fatura-20-mil-no-face","status":"publish","type":"post","link":"https:\/\/www.notibras.com\/site\/jovem-da-golpe-do-cancer-e-fatura-20-mil-no-face\/","title":{"rendered":"Jovem arma &#8216;golpe do c\u00e2ncer&#8217; no Piau\u00ed e fatura R$ 20 mil"},"content":{"rendered":"<p>O comando da Pol\u00edcia Civil do Piau\u00ed denominou como fraudulenta a campanha para arrecada\u00e7\u00e3o de fundos para tratamento de leucemia promovida pelo skatista Zacarias Gondim, de 20 anos. O delegado geral Riedel Batista informou que os documentos e exames apresentados pelo jovem com a inten\u00e7\u00e3o de comprovar a doen\u00e7a s\u00e3o falsos.<\/p>\n<p>A pol\u00edcia abriu inqu\u00e9rito para investigar, e caso seja comprovado a pr\u00e1tica criminosa, o jovem pode ser indiciado por estelionato e falsifica\u00e7\u00e3o de documentos. Gondim n\u00e3o foi encontrado para comentar o caso. Amigos dizem que ele faturou mais de 20 mil reais.<\/p>\n<blockquote>\n<p class=\"\">&#8211; Duas m\u00e9dicas que tiveram seus nomes divulgados na campanha em exames e laudos procuraram a pol\u00edcia. Uma delas negou qualquer atendimento ou exame feito com o rapaz. J\u00e1 a segunda, diz que o atendeu, mas negou que o jovem tivesse leucemia. Ele pode ter outra doen\u00e7a, mas n\u00e3o a que ele alegou possuir \u2013 declarou o delegado geral.<\/p>\n<\/blockquote>\n<p class=\"\">Zacarias Gondim \u00e9 skatista amador e conhecido entre os atletas da modalidade em Teresina. O jovem surpreendeu a todos h\u00e1 poucos dias com uma publica\u00e7\u00e3o em sua rede social pedindo apoio dos amigos para o custeio de um suposto tratamento de c\u00e2ncer.<\/p>\n<p class=\"\">&#8211; Perdi a minha m\u00e3e h\u00e1 um ano e uma das influ\u00eancias de eu ter tido um c\u00e2ncer foi esse. Eu estou aqui hoje para pedir ajuda. Como o meu quadro \u00e9 agudo, a m\u00e9dica pediu para eu tratar a minha doen\u00e7a em S\u00e3o Paulo porque aqui no Piau\u00ed n\u00e3o se faz transplante de medula \u00f3ssea. A minha m\u00e9dica disse que eu n\u00e3o tenho condi\u00e7\u00f5es de receber as quimios (quimioterapias). Eu preciso ir para l\u00e1 urgente &#8211; disse o skatista em v\u00eddeo nas redes sociais.<\/p>\n","protected":false},"excerpt":{"rendered":"<p>O comando da Pol\u00edcia Civil do Piau\u00ed denominou como fraudulenta a campanha para arrecada\u00e7\u00e3o de fundos para tratamento de leucemia promovida pelo skatista Zacarias Gondim, de 20 anos. O delegado geral Riedel Batista informou que os documentos e exames apresentados pelo jovem com a inten\u00e7\u00e3o de comprovar a doen\u00e7a s\u00e3o falsos. A pol\u00edcia abriu inqu\u00e9rito [&hellip;]<\/p>\n","protected":false},"author":2,"featured_media":37804,"comment_status":"open","ping_status":"closed","sticky":false,"template":"","format":"standard","meta":{"_acf_changed":false,"footnotes":""},"categories":[16],"tags":[],"class_list":["post-37802","post","type-post","status-publish","format-standard","has-post-thumbnail","hentry","category-brasil"],"acf":[],"yoast_head":"<!-- This site is optimized with the Yoast SEO plugin v27.2 - https:\/\/yoast.com\/product\/yoast-seo-wordpress\/ -->\n<title>Jovem arma &#039;golpe do c\u00e2ncer&#039; no Piau\u00ed e fatura R$ 20 mil - Notibras<\/title>\n<meta name=\"robots\" content=\"index, follow, max-snippet:-1, max-image-preview:large, max-video-preview:-1\" \/>\n<link rel=\"canonical\" href=\"https:\/\/www.notibras.com\/site\/jovem-da-golpe-do-cancer-e-fatura-20-mil-no-face\/\" \/>\n<meta property=\"og:locale\" content=\"pt_BR\" \/>\n<meta property=\"og:type\" content=\"article\" \/>\n<meta property=\"og:title\" content=\"Jovem arma &#039;golpe do c\u00e2ncer&#039; no Piau\u00ed e fatura R$ 20 mil - Notibras\" \/>\n<meta property=\"og:description\" content=\"O comando da Pol\u00edcia Civil do Piau\u00ed denominou como fraudulenta a campanha para arrecada\u00e7\u00e3o de fundos para tratamento de leucemia promovida pelo skatista Zacarias Gondim, de 20 anos. O delegado geral Riedel Batista informou que os documentos e exames apresentados pelo jovem com a inten\u00e7\u00e3o de comprovar a doen\u00e7a s\u00e3o falsos. A pol\u00edcia abriu inqu\u00e9rito [&hellip;]\" \/>\n<meta property=\"og:url\" content=\"https:\/\/www.notibras.com\/site\/jovem-da-golpe-do-cancer-e-fatura-20-mil-no-face\/\" \/>\n<meta property=\"og:site_name\" content=\"Notibras\" \/>\n<meta property=\"article:publisher\" content=\"https:\/\/www.facebook.com\/notibras\/\" \/>\n<meta property=\"article:published_time\" content=\"2015-02-21T22:46:56+00:00\" \/>\n<meta property=\"article:modified_time\" content=\"2015-02-22T17:37:43+00:00\" \/>\n<meta property=\"og:image\" content=\"https:\/\/www.notibras.com\/site\/wp-content\/uploads\/2015\/02\/can.jpeg\" \/>\n\t<meta property=\"og:image:width\" content=\"261\" \/>\n\t<meta property=\"og:image:height\" content=\"193\" \/>\n\t<meta property=\"og:image:type\" content=\"image\/jpeg\" \/>\n<meta name=\"author\" content=\"Reda\u00e7\u00e3o\" \/>\n<meta name=\"twitter:card\" content=\"summary_large_image\" \/>\n<meta name=\"twitter:creator\" content=\"@Notibras\" \/>\n<meta name=\"twitter:site\" content=\"@Notibras\" \/>\n<meta name=\"twitter:label1\" content=\"Escrito por\" \/>\n\t<meta name=\"twitter:data1\" content=\"Reda\u00e7\u00e3o\" \/>\n\t<meta name=\"twitter:label2\" content=\"Est. tempo de leitura\" \/>\n\t<meta name=\"twitter:data2\" content=\"2 minutos\" \/>\n<script type=\"application\/ld+json\" class=\"yoast-schema-graph\">{\"@context\":\"https:\/\/schema.org\",\"@graph\":[{\"@type\":\"Article\",\"@id\":\"https:\/\/www.notibras.com\/site\/jovem-da-golpe-do-cancer-e-fatura-20-mil-no-face\/#article\",\"isPartOf\":{\"@id\":\"https:\/\/www.notibras.com\/site\/jovem-da-golpe-do-cancer-e-fatura-20-mil-no-face\/\"},\"author\":{\"name\":\"Reda\u00e7\u00e3o\",\"@id\":\"https:\/\/www.notibras.com\/site\/#\/schema\/person\/36ab0979449956132d3e5b517ea76ac8\"},\"headline\":\"Jovem arma &#8216;golpe do c\u00e2ncer&#8217; no Piau\u00ed e fatura R$ 20 mil\",\"datePublished\":\"2015-02-21T22:46:56+00:00\",\"dateModified\":\"2015-02-22T17:37:43+00:00\",\"mainEntityOfPage\":{\"@id\":\"https:\/\/www.notibras.com\/site\/jovem-da-golpe-do-cancer-e-fatura-20-mil-no-face\/\"},\"wordCount\":313,\"commentCount\":0,\"publisher\":{\"@id\":\"https:\/\/www.notibras.com\/site\/#organization\"},\"image\":{\"@id\":\"https:\/\/www.notibras.com\/site\/jovem-da-golpe-do-cancer-e-fatura-20-mil-no-face\/#primaryimage\"},\"thumbnailUrl\":\"https:\/\/www.notibras.com\/site\/wp-content\/uploads\/2015\/02\/can.jpeg\",\"articleSection\":[\"Brasil\"],\"inLanguage\":\"pt-BR\",\"potentialAction\":[{\"@type\":\"CommentAction\",\"name\":\"Comment\",\"target\":[\"https:\/\/www.notibras.com\/site\/jovem-da-golpe-do-cancer-e-fatura-20-mil-no-face\/#respond\"]}]},{\"@type\":\"WebPage\",\"@id\":\"https:\/\/www.notibras.com\/site\/jovem-da-golpe-do-cancer-e-fatura-20-mil-no-face\/\",\"url\":\"https:\/\/www.notibras.com\/site\/jovem-da-golpe-do-cancer-e-fatura-20-mil-no-face\/\",\"name\":\"Jovem arma 'golpe do c\u00e2ncer' no Piau\u00ed e fatura R$ 20 mil - Notibras\",\"isPartOf\":{\"@id\":\"https:\/\/www.notibras.com\/site\/#website\"},\"primaryImageOfPage\":{\"@id\":\"https:\/\/www.notibras.com\/site\/jovem-da-golpe-do-cancer-e-fatura-20-mil-no-face\/#primaryimage\"},\"image\":{\"@id\":\"https:\/\/www.notibras.com\/site\/jovem-da-golpe-do-cancer-e-fatura-20-mil-no-face\/#primaryimage\"},\"thumbnailUrl\":\"https:\/\/www.notibras.com\/site\/wp-content\/uploads\/2015\/02\/can.jpeg\",\"datePublished\":\"2015-02-21T22:46:56+00:00\",\"dateModified\":\"2015-02-22T17:37:43+00:00\",\"breadcrumb\":{\"@id\":\"https:\/\/www.notibras.com\/site\/jovem-da-golpe-do-cancer-e-fatura-20-mil-no-face\/#breadcrumb\"},\"inLanguage\":\"pt-BR\",\"potentialAction\":[{\"@type\":\"ReadAction\",\"target\":[\"https:\/\/www.notibras.com\/site\/jovem-da-golpe-do-cancer-e-fatura-20-mil-no-face\/\"]}]},{\"@type\":\"ImageObject\",\"inLanguage\":\"pt-BR\",\"@id\":\"https:\/\/www.notibras.com\/site\/jovem-da-golpe-do-cancer-e-fatura-20-mil-no-face\/#primaryimage\",\"url\":\"https:\/\/www.notibras.com\/site\/wp-content\/uploads\/2015\/02\/can.jpeg\",\"contentUrl\":\"https:\/\/www.notibras.com\/site\/wp-content\/uploads\/2015\/02\/can.jpeg\",\"width\":261,\"height\":193},{\"@type\":\"BreadcrumbList\",\"@id\":\"https:\/\/www.notibras.com\/site\/jovem-da-golpe-do-cancer-e-fatura-20-mil-no-face\/#breadcrumb\",\"itemListElement\":[{\"@type\":\"ListItem\",\"position\":1,\"name\":\"In\u00edcio\",\"item\":\"https:\/\/www.notibras.com\/site\/\"},{\"@type\":\"ListItem\",\"position\":2,\"name\":\"Jovem arma &#8216;golpe do c\u00e2ncer&#8217; no Piau\u00ed e fatura R$ 20 mil\"}]},{\"@type\":\"WebSite\",\"@id\":\"https:\/\/www.notibras.com\/site\/#website\",\"url\":\"https:\/\/www.notibras.com\/site\/\",\"name\":\"Notibras\",\"description\":\"Not\u00edcias de Bras\u00edlia, do Brasil e do Mundo\",\"publisher\":{\"@id\":\"https:\/\/www.notibras.com\/site\/#organization\"},\"potentialAction\":[{\"@type\":\"SearchAction\",\"target\":{\"@type\":\"EntryPoint\",\"urlTemplate\":\"https:\/\/www.notibras.com\/site\/?s={search_term_string}\"},\"query-input\":{\"@type\":\"PropertyValueSpecification\",\"valueRequired\":true,\"valueName\":\"search_term_string\"}}],\"inLanguage\":\"pt-BR\"},{\"@type\":\"Organization\",\"@id\":\"https:\/\/www.notibras.com\/site\/#organization\",\"name\":\"Grupo Notibras de Comunica\u00e7\u00e3o\",\"url\":\"https:\/\/www.notibras.com\/site\/\",\"logo\":{\"@type\":\"ImageObject\",\"inLanguage\":\"pt-BR\",\"@id\":\"https:\/\/www.notibras.com\/site\/#\/schema\/logo\/image\/\",\"url\":\"https:\/\/www.notibras.com\/site\/wp-content\/uploads\/2023\/01\/notibras23.png\",\"contentUrl\":\"https:\/\/www.notibras.com\/site\/wp-content\/uploads\/2023\/01\/notibras23.png\",\"width\":350,\"height\":87,\"caption\":\"Grupo Notibras de Comunica\u00e7\u00e3o\"},\"image\":{\"@id\":\"https:\/\/www.notibras.com\/site\/#\/schema\/logo\/image\/\"},\"sameAs\":[\"https:\/\/www.facebook.com\/notibras\/\",\"https:\/\/x.com\/Notibras\",\"https:\/\/www.instagram.com\/notibras\/\"]},{\"@type\":\"Person\",\"@id\":\"https:\/\/www.notibras.com\/site\/#\/schema\/person\/36ab0979449956132d3e5b517ea76ac8\",\"name\":\"Reda\u00e7\u00e3o\",\"image\":{\"@type\":\"ImageObject\",\"inLanguage\":\"pt-BR\",\"@id\":\"https:\/\/secure.gravatar.com\/avatar\/e0a867bdedb85fd243eadf09663511f96fc81e0720a4a42581f334ad4303aa6b?s=96&d=mm&r=g\",\"url\":\"https:\/\/secure.gravatar.com\/avatar\/e0a867bdedb85fd243eadf09663511f96fc81e0720a4a42581f334ad4303aa6b?s=96&d=mm&r=g\",\"contentUrl\":\"https:\/\/secure.gravatar.com\/avatar\/e0a867bdedb85fd243eadf09663511f96fc81e0720a4a42581f334ad4303aa6b?s=96&d=mm&r=g\",\"caption\":\"Reda\u00e7\u00e3o\"}}]}<\/script>\n<!-- \/ Yoast SEO plugin. -->","yoast_head_json":{"title":"Jovem arma 'golpe do c\u00e2ncer' no Piau\u00ed e fatura R$ 20 mil - Notibras","robots":{"index":"index","follow":"follow","max-snippet":"max-snippet:-1","max-image-preview":"max-image-preview:large","max-video-preview":"max-video-preview:-1"},"canonical":"https:\/\/www.notibras.com\/site\/jovem-da-golpe-do-cancer-e-fatura-20-mil-no-face\/","og_locale":"pt_BR","og_type":"article","og_title":"Jovem arma 'golpe do c\u00e2ncer' no Piau\u00ed e fatura R$ 20 mil - Notibras","og_description":"O comando da Pol\u00edcia Civil do Piau\u00ed denominou como fraudulenta a campanha para arrecada\u00e7\u00e3o de fundos para tratamento de leucemia promovida pelo skatista Zacarias Gondim, de 20 anos. O delegado geral Riedel Batista informou que os documentos e exames apresentados pelo jovem com a inten\u00e7\u00e3o de comprovar a doen\u00e7a s\u00e3o falsos. A pol\u00edcia abriu inqu\u00e9rito [&hellip;]","og_url":"https:\/\/www.notibras.com\/site\/jovem-da-golpe-do-cancer-e-fatura-20-mil-no-face\/","og_site_name":"Notibras","article_publisher":"https:\/\/www.facebook.com\/notibras\/","article_published_time":"2015-02-21T22:46:56+00:00","article_modified_time":"2015-02-22T17:37:43+00:00","og_image":[{"width":261,"height":193,"url":"https:\/\/www.notibras.com\/site\/wp-content\/uploads\/2015\/02\/can.jpeg","type":"image\/jpeg"}],"author":"Reda\u00e7\u00e3o","twitter_card":"summary_large_image","twitter_creator":"@Notibras","twitter_site":"@Notibras","twitter_misc":{"Escrito por":"Reda\u00e7\u00e3o","Est. tempo de leitura":"2 minutos"},"schema":{"@context":"https:\/\/schema.org","@graph":[{"@type":"Article","@id":"https:\/\/www.notibras.com\/site\/jovem-da-golpe-do-cancer-e-fatura-20-mil-no-face\/#article","isPartOf":{"@id":"https:\/\/www.notibras.com\/site\/jovem-da-golpe-do-cancer-e-fatura-20-mil-no-face\/"},"author":{"name":"Reda\u00e7\u00e3o","@id":"https:\/\/www.notibras.com\/site\/#\/schema\/person\/36ab0979449956132d3e5b517ea76ac8"},"headline":"Jovem arma &#8216;golpe do c\u00e2ncer&#8217; no Piau\u00ed e fatura R$ 20 mil","datePublished":"2015-02-21T22:46:56+00:00","dateModified":"2015-02-22T17:37:43+00:00","mainEntityOfPage":{"@id":"https:\/\/www.notibras.com\/site\/jovem-da-golpe-do-cancer-e-fatura-20-mil-no-face\/"},"wordCount":313,"commentCount":0,"publisher":{"@id":"https:\/\/www.notibras.com\/site\/#organization"},"image":{"@id":"https:\/\/www.notibras.com\/site\/jovem-da-golpe-do-cancer-e-fatura-20-mil-no-face\/#primaryimage"},"thumbnailUrl":"https:\/\/www.notibras.com\/site\/wp-content\/uploads\/2015\/02\/can.jpeg","articleSection":["Brasil"],"inLanguage":"pt-BR","potentialAction":[{"@type":"CommentAction","name":"Comment","target":["https:\/\/www.notibras.com\/site\/jovem-da-golpe-do-cancer-e-fatura-20-mil-no-face\/#respond"]}]},{"@type":"WebPage","@id":"https:\/\/www.notibras.com\/site\/jovem-da-golpe-do-cancer-e-fatura-20-mil-no-face\/","url":"https:\/\/www.notibras.com\/site\/jovem-da-golpe-do-cancer-e-fatura-20-mil-no-face\/","name":"Jovem arma 'golpe do c\u00e2ncer' no Piau\u00ed e fatura R$ 20 mil - Notibras","isPartOf":{"@id":"https:\/\/www.notibras.com\/site\/#website"},"primaryImageOfPage":{"@id":"https:\/\/www.notibras.com\/site\/jovem-da-golpe-do-cancer-e-fatura-20-mil-no-face\/#primaryimage"},"image":{"@id":"https:\/\/www.notibras.com\/site\/jovem-da-golpe-do-cancer-e-fatura-20-mil-no-face\/#primaryimage"},"thumbnailUrl":"https:\/\/www.notibras.com\/site\/wp-content\/uploads\/2015\/02\/can.jpeg","datePublished":"2015-02-21T22:46:56+00:00","dateModified":"2015-02-22T17:37:43+00:00","breadcrumb":{"@id":"https:\/\/www.notibras.com\/site\/jovem-da-golpe-do-cancer-e-fatura-20-mil-no-face\/#breadcrumb"},"inLanguage":"pt-BR","potentialAction":[{"@type":"ReadAction","target":["https:\/\/www.notibras.com\/site\/jovem-da-golpe-do-cancer-e-fatura-20-mil-no-face\/"]}]},{"@type":"ImageObject","inLanguage":"pt-BR","@id":"https:\/\/www.notibras.com\/site\/jovem-da-golpe-do-cancer-e-fatura-20-mil-no-face\/#primaryimage","url":"https:\/\/www.notibras.com\/site\/wp-content\/uploads\/2015\/02\/can.jpeg","contentUrl":"https:\/\/www.notibras.com\/site\/wp-content\/uploads\/2015\/02\/can.jpeg","width":261,"height":193},{"@type":"BreadcrumbList","@id":"https:\/\/www.notibras.com\/site\/jovem-da-golpe-do-cancer-e-fatura-20-mil-no-face\/#breadcrumb","itemListElement":[{"@type":"ListItem","position":1,"name":"In\u00edcio","item":"https:\/\/www.notibras.com\/site\/"},{"@type":"ListItem","position":2,"name":"Jovem arma &#8216;golpe do c\u00e2ncer&#8217; no Piau\u00ed e fatura R$ 20 mil"}]},{"@type":"WebSite","@id":"https:\/\/www.notibras.com\/site\/#website","url":"https:\/\/www.notibras.com\/site\/","name":"Notibras","description":"Not\u00edcias de Bras\u00edlia, do Brasil e do Mundo","publisher":{"@id":"https:\/\/www.notibras.com\/site\/#organization"},"potentialAction":[{"@type":"SearchAction","target":{"@type":"EntryPoint","urlTemplate":"https:\/\/www.notibras.com\/site\/?s={search_term_string}"},"query-input":{"@type":"PropertyValueSpecification","valueRequired":true,"valueName":"search_term_string"}}],"inLanguage":"pt-BR"},{"@type":"Organization","@id":"https:\/\/www.notibras.com\/site\/#organization","name":"Grupo Notibras de Comunica\u00e7\u00e3o","url":"https:\/\/www.notibras.com\/site\/","logo":{"@type":"ImageObject","inLanguage":"pt-BR","@id":"https:\/\/www.notibras.com\/site\/#\/schema\/logo\/image\/","url":"https:\/\/www.notibras.com\/site\/wp-content\/uploads\/2023\/01\/notibras23.png","contentUrl":"https:\/\/www.notibras.com\/site\/wp-content\/uploads\/2023\/01\/notibras23.png","width":350,"height":87,"caption":"Grupo Notibras de Comunica\u00e7\u00e3o"},"image":{"@id":"https:\/\/www.notibras.com\/site\/#\/schema\/logo\/image\/"},"sameAs":["https:\/\/www.facebook.com\/notibras\/","https:\/\/x.com\/Notibras","https:\/\/www.instagram.com\/notibras\/"]},{"@type":"Person","@id":"https:\/\/www.notibras.com\/site\/#\/schema\/person\/36ab0979449956132d3e5b517ea76ac8","name":"Reda\u00e7\u00e3o","image":{"@type":"ImageObject","inLanguage":"pt-BR","@id":"https:\/\/secure.gravatar.com\/avatar\/e0a867bdedb85fd243eadf09663511f96fc81e0720a4a42581f334ad4303aa6b?s=96&d=mm&r=g","url":"https:\/\/secure.gravatar.com\/avatar\/e0a867bdedb85fd243eadf09663511f96fc81e0720a4a42581f334ad4303aa6b?s=96&d=mm&r=g","contentUrl":"https:\/\/secure.gravatar.com\/avatar\/e0a867bdedb85fd243eadf09663511f96fc81e0720a4a42581f334ad4303aa6b?s=96&d=mm&r=g","caption":"Reda\u00e7\u00e3o"}}]}},"amp_enabled":true,"_links":{"self":[{"href":"https:\/\/www.notibras.com\/site\/wp-json\/wp\/v2\/posts\/37802","targetHints":{"allow":["GET"]}}],"collection":[{"href":"https:\/\/www.notibras.com\/site\/wp-json\/wp\/v2\/posts"}],"about":[{"href":"https:\/\/www.notibras.com\/site\/wp-json\/wp\/v2\/types\/post"}],"author":[{"embeddable":true,"href":"https:\/\/www.notibras.com\/site\/wp-json\/wp\/v2\/users\/2"}],"replies":[{"embeddable":true,"href":"https:\/\/www.notibras.com\/site\/wp-json\/wp\/v2\/comments?post=37802"}],"version-history":[{"count":0,"href":"https:\/\/www.notibras.com\/site\/wp-json\/wp\/v2\/posts\/37802\/revisions"}],"wp:featuredmedia":[{"embeddable":true,"href":"https:\/\/www.notibras.com\/site\/wp-json\/wp\/v2\/media\/37804"}],"wp:attachment":[{"href":"https:\/\/www.notibras.com\/site\/wp-json\/wp\/v2\/media?parent=37802"}],"wp:term":[{"taxonomy":"category","embeddable":true,"href":"https:\/\/www.notibras.com\/site\/wp-json\/wp\/v2\/categories?post=37802"},{"taxonomy":"post_tag","embeddable":true,"href":"https:\/\/www.notibras.com\/site\/wp-json\/wp\/v2\/tags?post=37802"}],"curies":[{"name":"wp","href":"https:\/\/api.w.org\/{rel}","templated":true}]}}