{"id":378020,"date":"2026-01-07T02:00:13","date_gmt":"2026-01-07T05:00:13","guid":{"rendered":"https:\/\/www.notibras.com\/site\/?p=378020"},"modified":"2026-01-07T00:41:45","modified_gmt":"2026-01-07T03:41:45","slug":"a-dra-tatiana-sampaio-e-a-prova-viva-de-que-o-pais-precisa-investir-na-ciencia","status":"publish","type":"post","link":"https:\/\/www.notibras.com\/site\/a-dra-tatiana-sampaio-e-a-prova-viva-de-que-o-pais-precisa-investir-na-ciencia\/","title":{"rendered":"A Dra. Tatiana Sampaio \u00e9 a prova viva de que o pa\u00eds precisa investir na ci\u00eancia"},"content":{"rendered":"<p>Nesta semana a Anvisa autorizou o in\u00edcio da primeira fase de estudos cl\u00ednicos com humanos da polilaminina, um medicamento desenvolvido por pesquisadores da Universidade Federal do Rio de Janeiro (UFRJ) para o tratamento de les\u00f5es na medula espinhal.<\/p>\n<p>Essa primeira etapa \u00e9 fundamental. \u00c9 nela que se avalia a seguran\u00e7a da subst\u00e2ncia, seus poss\u00edveis efeitos colaterais, rea\u00e7\u00f5es adversas e eventuais danos aos usu\u00e1rios. Ainda h\u00e1 um caminho a ser percorrido: outras duas fases de estudos est\u00e3o previstas e ser\u00e3o respons\u00e1veis por verificar, de forma rigorosa, se a medica\u00e7\u00e3o \u00e9 de fato eficaz. A ci\u00eancia exige tempo, m\u00e9todo e cautela e isso precisa ser respeitado.<\/p>\n<p>Ainda assim, n\u00e3o h\u00e1 como negar: trata-se de uma medica\u00e7\u00e3o promissora. Para milhares de brasileiros e brasileiras que convivem diariamente com les\u00f5es na medula, a polilaminina representa mais do que um avan\u00e7o cient\u00edfico; ela simboliza esperan\u00e7a, possibilidade de futuro, qualidade de vida.<\/p>\n<p>Tamb\u00e9m me emociona e me inspira saber que essa conquista \u00e9 resultado de quase 30 anos de pesquisa conduzidos pela Dra. Tatiana Sampaio, chefe do Laborat\u00f3rio de Biologia da Matriz Extracelular da UFRJ. Ver uma mulher cientista alcan\u00e7ar \u00eaxito depois de d\u00e9cadas de dedica\u00e7\u00e3o silenciosa, persistente e muitas vezes invisibilizada, \u00e9 profundamente significativo.<\/p>\n<p>Que essa hist\u00f3ria sirva de incentivo para que mais meninas e mulheres se reconhe\u00e7am na ci\u00eancia, na pesquisa e na produ\u00e7\u00e3o de conhecimento. E que sirva tamb\u00e9m como lembrete poderoso da import\u00e2ncia das universidades p\u00fablicas brasileiras, que, apesar das dificuldades, seguem entregando ao pa\u00eds inova\u00e7\u00e3o, esperan\u00e7a e solu\u00e7\u00f5es reais para problemas complexos.<\/p>\n","protected":false},"excerpt":{"rendered":"<p>Nesta semana a Anvisa autorizou o in\u00edcio da primeira fase de estudos cl\u00ednicos com humanos da polilaminina, um medicamento desenvolvido por pesquisadores da Universidade Federal do Rio de Janeiro (UFRJ) para o tratamento de les\u00f5es na medula espinhal. Essa primeira etapa \u00e9 fundamental. \u00c9 nela que se avalia a seguran\u00e7a da subst\u00e2ncia, seus poss\u00edveis efeitos [&hellip;]<\/p>\n","protected":false},"author":21,"featured_media":378021,"comment_status":"closed","ping_status":"closed","sticky":false,"template":"","format":"standard","meta":{"_acf_changed":false,"footnotes":""},"categories":[235],"tags":[],"class_list":["post-378020","post","type-post","status-publish","format-standard","has-post-thumbnail","hentry","category-dona-irene"],"acf":[],"yoast_head":"<!-- This site is optimized with the Yoast SEO plugin v27.2 - https:\/\/yoast.com\/product\/yoast-seo-wordpress\/ -->\n<title>A Dra. Tatiana Sampaio \u00e9 a prova viva de que o pa\u00eds precisa investir na ci\u00eancia - Notibras<\/title>\n<meta name=\"robots\" content=\"index, follow, max-snippet:-1, max-image-preview:large, max-video-preview:-1\" \/>\n<link rel=\"canonical\" href=\"https:\/\/www.notibras.com\/site\/a-dra-tatiana-sampaio-e-a-prova-viva-de-que-o-pais-precisa-investir-na-ciencia\/\" \/>\n<meta property=\"og:locale\" content=\"pt_BR\" \/>\n<meta property=\"og:type\" content=\"article\" \/>\n<meta property=\"og:title\" content=\"A Dra. Tatiana Sampaio \u00e9 a prova viva de que o pa\u00eds precisa investir na ci\u00eancia - Notibras\" \/>\n<meta property=\"og:description\" content=\"Nesta semana a Anvisa autorizou o in\u00edcio da primeira fase de estudos cl\u00ednicos com humanos da polilaminina, um medicamento desenvolvido por pesquisadores da Universidade Federal do Rio de Janeiro (UFRJ) para o tratamento de les\u00f5es na medula espinhal. Essa primeira etapa \u00e9 fundamental. \u00c9 nela que se avalia a seguran\u00e7a da subst\u00e2ncia, seus poss\u00edveis efeitos [&hellip;]\" \/>\n<meta property=\"og:url\" content=\"https:\/\/www.notibras.com\/site\/a-dra-tatiana-sampaio-e-a-prova-viva-de-que-o-pais-precisa-investir-na-ciencia\/\" \/>\n<meta property=\"og:site_name\" content=\"Notibras\" \/>\n<meta property=\"article:publisher\" content=\"https:\/\/www.facebook.com\/notibras\/\" \/>\n<meta property=\"article:published_time\" content=\"2026-01-07T05:00:13+00:00\" \/>\n<meta property=\"og:image\" content=\"https:\/\/www.notibras.com\/site\/wp-content\/uploads\/2026\/01\/Padrao-admin-11-1.webp\" \/>\n\t<meta property=\"og:image:width\" content=\"1280\" \/>\n\t<meta property=\"og:image:height\" content=\"720\" \/>\n\t<meta property=\"og:image:type\" content=\"image\/webp\" \/>\n<meta name=\"author\" content=\"Eduardo Mart\u00ednez\" \/>\n<meta name=\"twitter:card\" content=\"summary_large_image\" \/>\n<meta name=\"twitter:creator\" content=\"@Notibras\" \/>\n<meta name=\"twitter:site\" content=\"@Notibras\" \/>\n<meta name=\"twitter:label1\" content=\"Escrito por\" \/>\n\t<meta name=\"twitter:data1\" content=\"Eduardo Mart\u00ednez\" \/>\n\t<meta name=\"twitter:label2\" content=\"Est. tempo de leitura\" \/>\n\t<meta name=\"twitter:data2\" content=\"2 minutos\" \/>\n<script type=\"application\/ld+json\" class=\"yoast-schema-graph\">{\"@context\":\"https:\/\/schema.org\",\"@graph\":[{\"@type\":\"Article\",\"@id\":\"https:\/\/www.notibras.com\/site\/a-dra-tatiana-sampaio-e-a-prova-viva-de-que-o-pais-precisa-investir-na-ciencia\/#article\",\"isPartOf\":{\"@id\":\"https:\/\/www.notibras.com\/site\/a-dra-tatiana-sampaio-e-a-prova-viva-de-que-o-pais-precisa-investir-na-ciencia\/\"},\"author\":{\"name\":\"Eduardo Mart\u00ednez\",\"@id\":\"https:\/\/www.notibras.com\/site\/#\/schema\/person\/5b7fabf2aedc3ada2105f03b22b4d3dd\"},\"headline\":\"A Dra. Tatiana Sampaio \u00e9 a prova viva de que o pa\u00eds precisa investir na ci\u00eancia\",\"datePublished\":\"2026-01-07T05:00:13+00:00\",\"mainEntityOfPage\":{\"@id\":\"https:\/\/www.notibras.com\/site\/a-dra-tatiana-sampaio-e-a-prova-viva-de-que-o-pais-precisa-investir-na-ciencia\/\"},\"wordCount\":298,\"publisher\":{\"@id\":\"https:\/\/www.notibras.com\/site\/#organization\"},\"image\":{\"@id\":\"https:\/\/www.notibras.com\/site\/a-dra-tatiana-sampaio-e-a-prova-viva-de-que-o-pais-precisa-investir-na-ciencia\/#primaryimage\"},\"thumbnailUrl\":\"https:\/\/www.notibras.com\/site\/wp-content\/uploads\/2026\/01\/Padrao-admin-11-1.webp\",\"articleSection\":[\"Dona Irene\"],\"inLanguage\":\"pt-BR\"},{\"@type\":\"WebPage\",\"@id\":\"https:\/\/www.notibras.com\/site\/a-dra-tatiana-sampaio-e-a-prova-viva-de-que-o-pais-precisa-investir-na-ciencia\/\",\"url\":\"https:\/\/www.notibras.com\/site\/a-dra-tatiana-sampaio-e-a-prova-viva-de-que-o-pais-precisa-investir-na-ciencia\/\",\"name\":\"A Dra. Tatiana Sampaio \u00e9 a prova viva de que o pa\u00eds precisa investir na ci\u00eancia - Notibras\",\"isPartOf\":{\"@id\":\"https:\/\/www.notibras.com\/site\/#website\"},\"primaryImageOfPage\":{\"@id\":\"https:\/\/www.notibras.com\/site\/a-dra-tatiana-sampaio-e-a-prova-viva-de-que-o-pais-precisa-investir-na-ciencia\/#primaryimage\"},\"image\":{\"@id\":\"https:\/\/www.notibras.com\/site\/a-dra-tatiana-sampaio-e-a-prova-viva-de-que-o-pais-precisa-investir-na-ciencia\/#primaryimage\"},\"thumbnailUrl\":\"https:\/\/www.notibras.com\/site\/wp-content\/uploads\/2026\/01\/Padrao-admin-11-1.webp\",\"datePublished\":\"2026-01-07T05:00:13+00:00\",\"breadcrumb\":{\"@id\":\"https:\/\/www.notibras.com\/site\/a-dra-tatiana-sampaio-e-a-prova-viva-de-que-o-pais-precisa-investir-na-ciencia\/#breadcrumb\"},\"inLanguage\":\"pt-BR\",\"potentialAction\":[{\"@type\":\"ReadAction\",\"target\":[\"https:\/\/www.notibras.com\/site\/a-dra-tatiana-sampaio-e-a-prova-viva-de-que-o-pais-precisa-investir-na-ciencia\/\"]}]},{\"@type\":\"ImageObject\",\"inLanguage\":\"pt-BR\",\"@id\":\"https:\/\/www.notibras.com\/site\/a-dra-tatiana-sampaio-e-a-prova-viva-de-que-o-pais-precisa-investir-na-ciencia\/#primaryimage\",\"url\":\"https:\/\/www.notibras.com\/site\/wp-content\/uploads\/2026\/01\/Padrao-admin-11-1.webp\",\"contentUrl\":\"https:\/\/www.notibras.com\/site\/wp-content\/uploads\/2026\/01\/Padrao-admin-11-1.webp\",\"width\":1280,\"height\":720},{\"@type\":\"BreadcrumbList\",\"@id\":\"https:\/\/www.notibras.com\/site\/a-dra-tatiana-sampaio-e-a-prova-viva-de-que-o-pais-precisa-investir-na-ciencia\/#breadcrumb\",\"itemListElement\":[{\"@type\":\"ListItem\",\"position\":1,\"name\":\"In\u00edcio\",\"item\":\"https:\/\/www.notibras.com\/site\/\"},{\"@type\":\"ListItem\",\"position\":2,\"name\":\"A Dra. Tatiana Sampaio \u00e9 a prova viva de que o pa\u00eds precisa investir na ci\u00eancia\"}]},{\"@type\":\"WebSite\",\"@id\":\"https:\/\/www.notibras.com\/site\/#website\",\"url\":\"https:\/\/www.notibras.com\/site\/\",\"name\":\"Notibras\",\"description\":\"Not\u00edcias de Bras\u00edlia, do Brasil e do Mundo\",\"publisher\":{\"@id\":\"https:\/\/www.notibras.com\/site\/#organization\"},\"potentialAction\":[{\"@type\":\"SearchAction\",\"target\":{\"@type\":\"EntryPoint\",\"urlTemplate\":\"https:\/\/www.notibras.com\/site\/?s={search_term_string}\"},\"query-input\":{\"@type\":\"PropertyValueSpecification\",\"valueRequired\":true,\"valueName\":\"search_term_string\"}}],\"inLanguage\":\"pt-BR\"},{\"@type\":\"Organization\",\"@id\":\"https:\/\/www.notibras.com\/site\/#organization\",\"name\":\"Grupo Notibras de Comunica\u00e7\u00e3o\",\"url\":\"https:\/\/www.notibras.com\/site\/\",\"logo\":{\"@type\":\"ImageObject\",\"inLanguage\":\"pt-BR\",\"@id\":\"https:\/\/www.notibras.com\/site\/#\/schema\/logo\/image\/\",\"url\":\"https:\/\/www.notibras.com\/site\/wp-content\/uploads\/2023\/01\/notibras23.png\",\"contentUrl\":\"https:\/\/www.notibras.com\/site\/wp-content\/uploads\/2023\/01\/notibras23.png\",\"width\":350,\"height\":87,\"caption\":\"Grupo Notibras de Comunica\u00e7\u00e3o\"},\"image\":{\"@id\":\"https:\/\/www.notibras.com\/site\/#\/schema\/logo\/image\/\"},\"sameAs\":[\"https:\/\/www.facebook.com\/notibras\/\",\"https:\/\/x.com\/Notibras\",\"https:\/\/www.instagram.com\/notibras\/\"]},{\"@type\":\"Person\",\"@id\":\"https:\/\/www.notibras.com\/site\/#\/schema\/person\/5b7fabf2aedc3ada2105f03b22b4d3dd\",\"name\":\"Eduardo Mart\u00ednez\",\"image\":{\"@type\":\"ImageObject\",\"inLanguage\":\"pt-BR\",\"@id\":\"https:\/\/secure.gravatar.com\/avatar\/7902f906289926289cbcda644b5197c796b893c6ffd7b9a536a42d290f7704a0?s=96&d=mm&r=g\",\"url\":\"https:\/\/secure.gravatar.com\/avatar\/7902f906289926289cbcda644b5197c796b893c6ffd7b9a536a42d290f7704a0?s=96&d=mm&r=g\",\"contentUrl\":\"https:\/\/secure.gravatar.com\/avatar\/7902f906289926289cbcda644b5197c796b893c6ffd7b9a536a42d290f7704a0?s=96&d=mm&r=g\",\"caption\":\"Eduardo Mart\u00ednez\"}}]}<\/script>\n<!-- \/ Yoast SEO plugin. -->","yoast_head_json":{"title":"A Dra. Tatiana Sampaio \u00e9 a prova viva de que o pa\u00eds precisa investir na ci\u00eancia - Notibras","robots":{"index":"index","follow":"follow","max-snippet":"max-snippet:-1","max-image-preview":"max-image-preview:large","max-video-preview":"max-video-preview:-1"},"canonical":"https:\/\/www.notibras.com\/site\/a-dra-tatiana-sampaio-e-a-prova-viva-de-que-o-pais-precisa-investir-na-ciencia\/","og_locale":"pt_BR","og_type":"article","og_title":"A Dra. Tatiana Sampaio \u00e9 a prova viva de que o pa\u00eds precisa investir na ci\u00eancia - Notibras","og_description":"Nesta semana a Anvisa autorizou o in\u00edcio da primeira fase de estudos cl\u00ednicos com humanos da polilaminina, um medicamento desenvolvido por pesquisadores da Universidade Federal do Rio de Janeiro (UFRJ) para o tratamento de les\u00f5es na medula espinhal. Essa primeira etapa \u00e9 fundamental. \u00c9 nela que se avalia a seguran\u00e7a da subst\u00e2ncia, seus poss\u00edveis efeitos [&hellip;]","og_url":"https:\/\/www.notibras.com\/site\/a-dra-tatiana-sampaio-e-a-prova-viva-de-que-o-pais-precisa-investir-na-ciencia\/","og_site_name":"Notibras","article_publisher":"https:\/\/www.facebook.com\/notibras\/","article_published_time":"2026-01-07T05:00:13+00:00","og_image":[{"width":1280,"height":720,"url":"https:\/\/www.notibras.com\/site\/wp-content\/uploads\/2026\/01\/Padrao-admin-11-1.webp","type":"image\/webp"}],"author":"Eduardo Mart\u00ednez","twitter_card":"summary_large_image","twitter_creator":"@Notibras","twitter_site":"@Notibras","twitter_misc":{"Escrito por":"Eduardo Mart\u00ednez","Est. tempo de leitura":"2 minutos"},"schema":{"@context":"https:\/\/schema.org","@graph":[{"@type":"Article","@id":"https:\/\/www.notibras.com\/site\/a-dra-tatiana-sampaio-e-a-prova-viva-de-que-o-pais-precisa-investir-na-ciencia\/#article","isPartOf":{"@id":"https:\/\/www.notibras.com\/site\/a-dra-tatiana-sampaio-e-a-prova-viva-de-que-o-pais-precisa-investir-na-ciencia\/"},"author":{"name":"Eduardo Mart\u00ednez","@id":"https:\/\/www.notibras.com\/site\/#\/schema\/person\/5b7fabf2aedc3ada2105f03b22b4d3dd"},"headline":"A Dra. Tatiana Sampaio \u00e9 a prova viva de que o pa\u00eds precisa investir na ci\u00eancia","datePublished":"2026-01-07T05:00:13+00:00","mainEntityOfPage":{"@id":"https:\/\/www.notibras.com\/site\/a-dra-tatiana-sampaio-e-a-prova-viva-de-que-o-pais-precisa-investir-na-ciencia\/"},"wordCount":298,"publisher":{"@id":"https:\/\/www.notibras.com\/site\/#organization"},"image":{"@id":"https:\/\/www.notibras.com\/site\/a-dra-tatiana-sampaio-e-a-prova-viva-de-que-o-pais-precisa-investir-na-ciencia\/#primaryimage"},"thumbnailUrl":"https:\/\/www.notibras.com\/site\/wp-content\/uploads\/2026\/01\/Padrao-admin-11-1.webp","articleSection":["Dona Irene"],"inLanguage":"pt-BR"},{"@type":"WebPage","@id":"https:\/\/www.notibras.com\/site\/a-dra-tatiana-sampaio-e-a-prova-viva-de-que-o-pais-precisa-investir-na-ciencia\/","url":"https:\/\/www.notibras.com\/site\/a-dra-tatiana-sampaio-e-a-prova-viva-de-que-o-pais-precisa-investir-na-ciencia\/","name":"A Dra. Tatiana Sampaio \u00e9 a prova viva de que o pa\u00eds precisa investir na ci\u00eancia - Notibras","isPartOf":{"@id":"https:\/\/www.notibras.com\/site\/#website"},"primaryImageOfPage":{"@id":"https:\/\/www.notibras.com\/site\/a-dra-tatiana-sampaio-e-a-prova-viva-de-que-o-pais-precisa-investir-na-ciencia\/#primaryimage"},"image":{"@id":"https:\/\/www.notibras.com\/site\/a-dra-tatiana-sampaio-e-a-prova-viva-de-que-o-pais-precisa-investir-na-ciencia\/#primaryimage"},"thumbnailUrl":"https:\/\/www.notibras.com\/site\/wp-content\/uploads\/2026\/01\/Padrao-admin-11-1.webp","datePublished":"2026-01-07T05:00:13+00:00","breadcrumb":{"@id":"https:\/\/www.notibras.com\/site\/a-dra-tatiana-sampaio-e-a-prova-viva-de-que-o-pais-precisa-investir-na-ciencia\/#breadcrumb"},"inLanguage":"pt-BR","potentialAction":[{"@type":"ReadAction","target":["https:\/\/www.notibras.com\/site\/a-dra-tatiana-sampaio-e-a-prova-viva-de-que-o-pais-precisa-investir-na-ciencia\/"]}]},{"@type":"ImageObject","inLanguage":"pt-BR","@id":"https:\/\/www.notibras.com\/site\/a-dra-tatiana-sampaio-e-a-prova-viva-de-que-o-pais-precisa-investir-na-ciencia\/#primaryimage","url":"https:\/\/www.notibras.com\/site\/wp-content\/uploads\/2026\/01\/Padrao-admin-11-1.webp","contentUrl":"https:\/\/www.notibras.com\/site\/wp-content\/uploads\/2026\/01\/Padrao-admin-11-1.webp","width":1280,"height":720},{"@type":"BreadcrumbList","@id":"https:\/\/www.notibras.com\/site\/a-dra-tatiana-sampaio-e-a-prova-viva-de-que-o-pais-precisa-investir-na-ciencia\/#breadcrumb","itemListElement":[{"@type":"ListItem","position":1,"name":"In\u00edcio","item":"https:\/\/www.notibras.com\/site\/"},{"@type":"ListItem","position":2,"name":"A Dra. Tatiana Sampaio \u00e9 a prova viva de que o pa\u00eds precisa investir na ci\u00eancia"}]},{"@type":"WebSite","@id":"https:\/\/www.notibras.com\/site\/#website","url":"https:\/\/www.notibras.com\/site\/","name":"Notibras","description":"Not\u00edcias de Bras\u00edlia, do Brasil e do Mundo","publisher":{"@id":"https:\/\/www.notibras.com\/site\/#organization"},"potentialAction":[{"@type":"SearchAction","target":{"@type":"EntryPoint","urlTemplate":"https:\/\/www.notibras.com\/site\/?s={search_term_string}"},"query-input":{"@type":"PropertyValueSpecification","valueRequired":true,"valueName":"search_term_string"}}],"inLanguage":"pt-BR"},{"@type":"Organization","@id":"https:\/\/www.notibras.com\/site\/#organization","name":"Grupo Notibras de Comunica\u00e7\u00e3o","url":"https:\/\/www.notibras.com\/site\/","logo":{"@type":"ImageObject","inLanguage":"pt-BR","@id":"https:\/\/www.notibras.com\/site\/#\/schema\/logo\/image\/","url":"https:\/\/www.notibras.com\/site\/wp-content\/uploads\/2023\/01\/notibras23.png","contentUrl":"https:\/\/www.notibras.com\/site\/wp-content\/uploads\/2023\/01\/notibras23.png","width":350,"height":87,"caption":"Grupo Notibras de Comunica\u00e7\u00e3o"},"image":{"@id":"https:\/\/www.notibras.com\/site\/#\/schema\/logo\/image\/"},"sameAs":["https:\/\/www.facebook.com\/notibras\/","https:\/\/x.com\/Notibras","https:\/\/www.instagram.com\/notibras\/"]},{"@type":"Person","@id":"https:\/\/www.notibras.com\/site\/#\/schema\/person\/5b7fabf2aedc3ada2105f03b22b4d3dd","name":"Eduardo Mart\u00ednez","image":{"@type":"ImageObject","inLanguage":"pt-BR","@id":"https:\/\/secure.gravatar.com\/avatar\/7902f906289926289cbcda644b5197c796b893c6ffd7b9a536a42d290f7704a0?s=96&d=mm&r=g","url":"https:\/\/secure.gravatar.com\/avatar\/7902f906289926289cbcda644b5197c796b893c6ffd7b9a536a42d290f7704a0?s=96&d=mm&r=g","contentUrl":"https:\/\/secure.gravatar.com\/avatar\/7902f906289926289cbcda644b5197c796b893c6ffd7b9a536a42d290f7704a0?s=96&d=mm&r=g","caption":"Eduardo Mart\u00ednez"}}]}},"amp_enabled":true,"_links":{"self":[{"href":"https:\/\/www.notibras.com\/site\/wp-json\/wp\/v2\/posts\/378020","targetHints":{"allow":["GET"]}}],"collection":[{"href":"https:\/\/www.notibras.com\/site\/wp-json\/wp\/v2\/posts"}],"about":[{"href":"https:\/\/www.notibras.com\/site\/wp-json\/wp\/v2\/types\/post"}],"author":[{"embeddable":true,"href":"https:\/\/www.notibras.com\/site\/wp-json\/wp\/v2\/users\/21"}],"replies":[{"embeddable":true,"href":"https:\/\/www.notibras.com\/site\/wp-json\/wp\/v2\/comments?post=378020"}],"version-history":[{"count":3,"href":"https:\/\/www.notibras.com\/site\/wp-json\/wp\/v2\/posts\/378020\/revisions"}],"predecessor-version":[{"id":378024,"href":"https:\/\/www.notibras.com\/site\/wp-json\/wp\/v2\/posts\/378020\/revisions\/378024"}],"wp:featuredmedia":[{"embeddable":true,"href":"https:\/\/www.notibras.com\/site\/wp-json\/wp\/v2\/media\/378021"}],"wp:attachment":[{"href":"https:\/\/www.notibras.com\/site\/wp-json\/wp\/v2\/media?parent=378020"}],"wp:term":[{"taxonomy":"category","embeddable":true,"href":"https:\/\/www.notibras.com\/site\/wp-json\/wp\/v2\/categories?post=378020"},{"taxonomy":"post_tag","embeddable":true,"href":"https:\/\/www.notibras.com\/site\/wp-json\/wp\/v2\/tags?post=378020"}],"curies":[{"name":"wp","href":"https:\/\/api.w.org\/{rel}","templated":true}]}}