{"id":378025,"date":"2026-01-07T02:15:43","date_gmt":"2026-01-07T05:15:43","guid":{"rendered":"https:\/\/www.notibras.com\/site\/?p=378025"},"modified":"2026-01-07T00:51:51","modified_gmt":"2026-01-07T03:51:51","slug":"o-ministro-por-tras-das-acoes-do-tcu","status":"publish","type":"post","link":"https:\/\/www.notibras.com\/site\/o-ministro-por-tras-das-acoes-do-tcu\/","title":{"rendered":"O ministro por tr\u00e1s das a\u00e7\u00f5es do TCU"},"content":{"rendered":"<p>Desde que explodiu o esc\u00e2ndalo do Banco Master, algumas coisas seguem dif\u00edceis de entender. N\u00e3o falo apenas das opera\u00e7\u00f5es que vieram \u00e0 tona, mas sobretudo do emaranhado institucional que se formou depois. Uma dessas incompreens\u00f5es diz respeito ao papel que o Tribunal de Contas da Uni\u00e3o resolveu assumir ao tentar reverter a liquida\u00e7\u00e3o do banco, extrapolando as suas compet\u00eancias constitucionais.<\/p>\n<p>O ministro por tr\u00e1s das a\u00e7\u00f5es do TCU, Jhonantan de Jesus, tem uma trajet\u00f3ria pol\u00edtica conhecida: foi deputado federal por quatro mandatos e era filiado ao Republicanos, o mesmo partido pelo qual seu pai at\u00e9 recentemente exerceu mandato de senador.<\/p>\n<p>Vale lembrar ainda que a indica\u00e7\u00e3o de Jhonatan de Jesus ao Tribunal de Contas da Uni\u00e3o partiu da C\u00e2mara dos Deputados e foi aprovada pelo Senado.<\/p>\n<p>Outro dado relevante \u00e9 que Jhonatan teve emendas Pix auditadas pela Controladoria Geral da Uni\u00e3o, ocasi\u00e3o em que foram encontradas falhas relacionadas a transpar\u00eancia e rastreabilidade. Por essa raz\u00e3o, o ministro do STF Fl\u00e1vio Dino enviou os relat\u00f3rios da CGU para a Pol\u00edcia Federal.<\/p>\n<p>Esse dado n\u00e3o \u00e9 uma acusa\u00e7\u00e3o, mas tampouco pode ser tratado como irrelevantes quando se analisa o contexto de decis\u00f5es que deveriam ser estritamente t\u00e9cnicas.<\/p>\n<p>Por outro lado, \u00e9 p\u00fablico e not\u00f3rio que o Banco Central do Brasil possui autonomia legal para tomar decis\u00f5es sobre o sistema financeiro, inclusive medidas extremas como interven\u00e7\u00e3o e liquida\u00e7\u00e3o de institui\u00e7\u00f5es banc\u00e1rias. Essa autonomia existe justamente para blindar tais decis\u00f5es de press\u00f5es pol\u00edticas e garantir a estabilidade do sistema.<\/p>\n<p>\u00c9 a\u00ed que a pergunta se imp\u00f5e: se o Banco Central \u00e9 o \u00f3rg\u00e3o competente e tecnicamente habilitado para decidir, por que o TCU est\u00e1 interferindo? Que fundamento t\u00e9cnico justificaria essa tentativa de revers\u00e3o? At\u00e9 aqui, o que se apresenta n\u00e3o convence. A interfer\u00eancia parece muito mais pol\u00edtica do que t\u00e9cnica, muito mais orientada por interesses e rela\u00e7\u00f5es do que por crit\u00e9rios regulat\u00f3rios objetivos.<\/p>\n<p>Quando \u00f3rg\u00e3os de controle passam a atuar fora de suas atribui\u00e7\u00f5es, abre-se um precedente perigoso. O resultado n\u00e3o \u00e9 mais controle, mas confus\u00e3o; n\u00e3o \u00e9 mais seguran\u00e7a jur\u00eddica, mas instabilidade. E, no fim das contas, quem paga essa conta \u00e9 sempre a sociedade, que assiste a decis\u00f5es fundamentais serem disputadas n\u00e3o no campo da t\u00e9cnica, mas no terreno nebuloso da pol\u00edtica.<\/p>\n","protected":false},"excerpt":{"rendered":"<p>Desde que explodiu o esc\u00e2ndalo do Banco Master, algumas coisas seguem dif\u00edceis de entender. N\u00e3o falo apenas das opera\u00e7\u00f5es que vieram \u00e0 tona, mas sobretudo do emaranhado institucional que se formou depois. Uma dessas incompreens\u00f5es diz respeito ao papel que o Tribunal de Contas da Uni\u00e3o resolveu assumir ao tentar reverter a liquida\u00e7\u00e3o do banco, [&hellip;]<\/p>\n","protected":false},"author":21,"featured_media":378026,"comment_status":"closed","ping_status":"closed","sticky":false,"template":"","format":"standard","meta":{"_acf_changed":false,"footnotes":""},"categories":[235],"tags":[],"class_list":["post-378025","post","type-post","status-publish","format-standard","has-post-thumbnail","hentry","category-dona-irene"],"acf":[],"yoast_head":"<!-- This site is optimized with the Yoast SEO plugin v27.2 - https:\/\/yoast.com\/product\/yoast-seo-wordpress\/ -->\n<title>O ministro por tr\u00e1s das a\u00e7\u00f5es do TCU - Notibras<\/title>\n<meta name=\"robots\" content=\"index, follow, max-snippet:-1, max-image-preview:large, max-video-preview:-1\" \/>\n<link rel=\"canonical\" href=\"https:\/\/www.notibras.com\/site\/o-ministro-por-tras-das-acoes-do-tcu\/\" \/>\n<meta property=\"og:locale\" content=\"pt_BR\" \/>\n<meta property=\"og:type\" content=\"article\" \/>\n<meta property=\"og:title\" content=\"O ministro por tr\u00e1s das a\u00e7\u00f5es do TCU - Notibras\" \/>\n<meta property=\"og:description\" content=\"Desde que explodiu o esc\u00e2ndalo do Banco Master, algumas coisas seguem dif\u00edceis de entender. N\u00e3o falo apenas das opera\u00e7\u00f5es que vieram \u00e0 tona, mas sobretudo do emaranhado institucional que se formou depois. Uma dessas incompreens\u00f5es diz respeito ao papel que o Tribunal de Contas da Uni\u00e3o resolveu assumir ao tentar reverter a liquida\u00e7\u00e3o do banco, [&hellip;]\" \/>\n<meta property=\"og:url\" content=\"https:\/\/www.notibras.com\/site\/o-ministro-por-tras-das-acoes-do-tcu\/\" \/>\n<meta property=\"og:site_name\" content=\"Notibras\" \/>\n<meta property=\"article:publisher\" content=\"https:\/\/www.facebook.com\/notibras\/\" \/>\n<meta property=\"article:published_time\" content=\"2026-01-07T05:15:43+00:00\" \/>\n<meta property=\"og:image\" content=\"https:\/\/www.notibras.com\/site\/wp-content\/uploads\/2026\/01\/jhonatan-posse-tcu-15mar2023-848x477-1.webp\" \/>\n\t<meta property=\"og:image:width\" content=\"848\" \/>\n\t<meta property=\"og:image:height\" content=\"477\" \/>\n\t<meta property=\"og:image:type\" content=\"image\/webp\" \/>\n<meta name=\"author\" content=\"Eduardo Mart\u00ednez\" \/>\n<meta name=\"twitter:card\" content=\"summary_large_image\" \/>\n<meta name=\"twitter:creator\" content=\"@Notibras\" \/>\n<meta name=\"twitter:site\" content=\"@Notibras\" \/>\n<meta name=\"twitter:label1\" content=\"Escrito por\" \/>\n\t<meta name=\"twitter:data1\" content=\"Eduardo Mart\u00ednez\" \/>\n\t<meta name=\"twitter:label2\" content=\"Est. tempo de leitura\" \/>\n\t<meta name=\"twitter:data2\" content=\"3 minutos\" \/>\n<script type=\"application\/ld+json\" class=\"yoast-schema-graph\">{\"@context\":\"https:\/\/schema.org\",\"@graph\":[{\"@type\":\"Article\",\"@id\":\"https:\/\/www.notibras.com\/site\/o-ministro-por-tras-das-acoes-do-tcu\/#article\",\"isPartOf\":{\"@id\":\"https:\/\/www.notibras.com\/site\/o-ministro-por-tras-das-acoes-do-tcu\/\"},\"author\":{\"name\":\"Eduardo Mart\u00ednez\",\"@id\":\"https:\/\/www.notibras.com\/site\/#\/schema\/person\/5b7fabf2aedc3ada2105f03b22b4d3dd\"},\"headline\":\"O ministro por tr\u00e1s das a\u00e7\u00f5es do TCU\",\"datePublished\":\"2026-01-07T05:15:43+00:00\",\"mainEntityOfPage\":{\"@id\":\"https:\/\/www.notibras.com\/site\/o-ministro-por-tras-das-acoes-do-tcu\/\"},\"wordCount\":429,\"publisher\":{\"@id\":\"https:\/\/www.notibras.com\/site\/#organization\"},\"image\":{\"@id\":\"https:\/\/www.notibras.com\/site\/o-ministro-por-tras-das-acoes-do-tcu\/#primaryimage\"},\"thumbnailUrl\":\"https:\/\/www.notibras.com\/site\/wp-content\/uploads\/2026\/01\/jhonatan-posse-tcu-15mar2023-848x477-1.webp\",\"articleSection\":[\"Dona Irene\"],\"inLanguage\":\"pt-BR\"},{\"@type\":\"WebPage\",\"@id\":\"https:\/\/www.notibras.com\/site\/o-ministro-por-tras-das-acoes-do-tcu\/\",\"url\":\"https:\/\/www.notibras.com\/site\/o-ministro-por-tras-das-acoes-do-tcu\/\",\"name\":\"O ministro por tr\u00e1s das a\u00e7\u00f5es do TCU - Notibras\",\"isPartOf\":{\"@id\":\"https:\/\/www.notibras.com\/site\/#website\"},\"primaryImageOfPage\":{\"@id\":\"https:\/\/www.notibras.com\/site\/o-ministro-por-tras-das-acoes-do-tcu\/#primaryimage\"},\"image\":{\"@id\":\"https:\/\/www.notibras.com\/site\/o-ministro-por-tras-das-acoes-do-tcu\/#primaryimage\"},\"thumbnailUrl\":\"https:\/\/www.notibras.com\/site\/wp-content\/uploads\/2026\/01\/jhonatan-posse-tcu-15mar2023-848x477-1.webp\",\"datePublished\":\"2026-01-07T05:15:43+00:00\",\"breadcrumb\":{\"@id\":\"https:\/\/www.notibras.com\/site\/o-ministro-por-tras-das-acoes-do-tcu\/#breadcrumb\"},\"inLanguage\":\"pt-BR\",\"potentialAction\":[{\"@type\":\"ReadAction\",\"target\":[\"https:\/\/www.notibras.com\/site\/o-ministro-por-tras-das-acoes-do-tcu\/\"]}]},{\"@type\":\"ImageObject\",\"inLanguage\":\"pt-BR\",\"@id\":\"https:\/\/www.notibras.com\/site\/o-ministro-por-tras-das-acoes-do-tcu\/#primaryimage\",\"url\":\"https:\/\/www.notibras.com\/site\/wp-content\/uploads\/2026\/01\/jhonatan-posse-tcu-15mar2023-848x477-1.webp\",\"contentUrl\":\"https:\/\/www.notibras.com\/site\/wp-content\/uploads\/2026\/01\/jhonatan-posse-tcu-15mar2023-848x477-1.webp\",\"width\":848,\"height\":477},{\"@type\":\"BreadcrumbList\",\"@id\":\"https:\/\/www.notibras.com\/site\/o-ministro-por-tras-das-acoes-do-tcu\/#breadcrumb\",\"itemListElement\":[{\"@type\":\"ListItem\",\"position\":1,\"name\":\"In\u00edcio\",\"item\":\"https:\/\/www.notibras.com\/site\/\"},{\"@type\":\"ListItem\",\"position\":2,\"name\":\"O ministro por tr\u00e1s das a\u00e7\u00f5es do TCU\"}]},{\"@type\":\"WebSite\",\"@id\":\"https:\/\/www.notibras.com\/site\/#website\",\"url\":\"https:\/\/www.notibras.com\/site\/\",\"name\":\"Notibras\",\"description\":\"Not\u00edcias de Bras\u00edlia, do Brasil e do Mundo\",\"publisher\":{\"@id\":\"https:\/\/www.notibras.com\/site\/#organization\"},\"potentialAction\":[{\"@type\":\"SearchAction\",\"target\":{\"@type\":\"EntryPoint\",\"urlTemplate\":\"https:\/\/www.notibras.com\/site\/?s={search_term_string}\"},\"query-input\":{\"@type\":\"PropertyValueSpecification\",\"valueRequired\":true,\"valueName\":\"search_term_string\"}}],\"inLanguage\":\"pt-BR\"},{\"@type\":\"Organization\",\"@id\":\"https:\/\/www.notibras.com\/site\/#organization\",\"name\":\"Grupo Notibras de Comunica\u00e7\u00e3o\",\"url\":\"https:\/\/www.notibras.com\/site\/\",\"logo\":{\"@type\":\"ImageObject\",\"inLanguage\":\"pt-BR\",\"@id\":\"https:\/\/www.notibras.com\/site\/#\/schema\/logo\/image\/\",\"url\":\"https:\/\/www.notibras.com\/site\/wp-content\/uploads\/2023\/01\/notibras23.png\",\"contentUrl\":\"https:\/\/www.notibras.com\/site\/wp-content\/uploads\/2023\/01\/notibras23.png\",\"width\":350,\"height\":87,\"caption\":\"Grupo Notibras de Comunica\u00e7\u00e3o\"},\"image\":{\"@id\":\"https:\/\/www.notibras.com\/site\/#\/schema\/logo\/image\/\"},\"sameAs\":[\"https:\/\/www.facebook.com\/notibras\/\",\"https:\/\/x.com\/Notibras\",\"https:\/\/www.instagram.com\/notibras\/\"]},{\"@type\":\"Person\",\"@id\":\"https:\/\/www.notibras.com\/site\/#\/schema\/person\/5b7fabf2aedc3ada2105f03b22b4d3dd\",\"name\":\"Eduardo Mart\u00ednez\",\"image\":{\"@type\":\"ImageObject\",\"inLanguage\":\"pt-BR\",\"@id\":\"https:\/\/secure.gravatar.com\/avatar\/7902f906289926289cbcda644b5197c796b893c6ffd7b9a536a42d290f7704a0?s=96&d=mm&r=g\",\"url\":\"https:\/\/secure.gravatar.com\/avatar\/7902f906289926289cbcda644b5197c796b893c6ffd7b9a536a42d290f7704a0?s=96&d=mm&r=g\",\"contentUrl\":\"https:\/\/secure.gravatar.com\/avatar\/7902f906289926289cbcda644b5197c796b893c6ffd7b9a536a42d290f7704a0?s=96&d=mm&r=g\",\"caption\":\"Eduardo Mart\u00ednez\"}}]}<\/script>\n<!-- \/ Yoast SEO plugin. -->","yoast_head_json":{"title":"O ministro por tr\u00e1s das a\u00e7\u00f5es do TCU - Notibras","robots":{"index":"index","follow":"follow","max-snippet":"max-snippet:-1","max-image-preview":"max-image-preview:large","max-video-preview":"max-video-preview:-1"},"canonical":"https:\/\/www.notibras.com\/site\/o-ministro-por-tras-das-acoes-do-tcu\/","og_locale":"pt_BR","og_type":"article","og_title":"O ministro por tr\u00e1s das a\u00e7\u00f5es do TCU - Notibras","og_description":"Desde que explodiu o esc\u00e2ndalo do Banco Master, algumas coisas seguem dif\u00edceis de entender. N\u00e3o falo apenas das opera\u00e7\u00f5es que vieram \u00e0 tona, mas sobretudo do emaranhado institucional que se formou depois. Uma dessas incompreens\u00f5es diz respeito ao papel que o Tribunal de Contas da Uni\u00e3o resolveu assumir ao tentar reverter a liquida\u00e7\u00e3o do banco, [&hellip;]","og_url":"https:\/\/www.notibras.com\/site\/o-ministro-por-tras-das-acoes-do-tcu\/","og_site_name":"Notibras","article_publisher":"https:\/\/www.facebook.com\/notibras\/","article_published_time":"2026-01-07T05:15:43+00:00","og_image":[{"width":848,"height":477,"url":"https:\/\/www.notibras.com\/site\/wp-content\/uploads\/2026\/01\/jhonatan-posse-tcu-15mar2023-848x477-1.webp","type":"image\/webp"}],"author":"Eduardo Mart\u00ednez","twitter_card":"summary_large_image","twitter_creator":"@Notibras","twitter_site":"@Notibras","twitter_misc":{"Escrito por":"Eduardo Mart\u00ednez","Est. tempo de leitura":"3 minutos"},"schema":{"@context":"https:\/\/schema.org","@graph":[{"@type":"Article","@id":"https:\/\/www.notibras.com\/site\/o-ministro-por-tras-das-acoes-do-tcu\/#article","isPartOf":{"@id":"https:\/\/www.notibras.com\/site\/o-ministro-por-tras-das-acoes-do-tcu\/"},"author":{"name":"Eduardo Mart\u00ednez","@id":"https:\/\/www.notibras.com\/site\/#\/schema\/person\/5b7fabf2aedc3ada2105f03b22b4d3dd"},"headline":"O ministro por tr\u00e1s das a\u00e7\u00f5es do TCU","datePublished":"2026-01-07T05:15:43+00:00","mainEntityOfPage":{"@id":"https:\/\/www.notibras.com\/site\/o-ministro-por-tras-das-acoes-do-tcu\/"},"wordCount":429,"publisher":{"@id":"https:\/\/www.notibras.com\/site\/#organization"},"image":{"@id":"https:\/\/www.notibras.com\/site\/o-ministro-por-tras-das-acoes-do-tcu\/#primaryimage"},"thumbnailUrl":"https:\/\/www.notibras.com\/site\/wp-content\/uploads\/2026\/01\/jhonatan-posse-tcu-15mar2023-848x477-1.webp","articleSection":["Dona Irene"],"inLanguage":"pt-BR"},{"@type":"WebPage","@id":"https:\/\/www.notibras.com\/site\/o-ministro-por-tras-das-acoes-do-tcu\/","url":"https:\/\/www.notibras.com\/site\/o-ministro-por-tras-das-acoes-do-tcu\/","name":"O ministro por tr\u00e1s das a\u00e7\u00f5es do TCU - Notibras","isPartOf":{"@id":"https:\/\/www.notibras.com\/site\/#website"},"primaryImageOfPage":{"@id":"https:\/\/www.notibras.com\/site\/o-ministro-por-tras-das-acoes-do-tcu\/#primaryimage"},"image":{"@id":"https:\/\/www.notibras.com\/site\/o-ministro-por-tras-das-acoes-do-tcu\/#primaryimage"},"thumbnailUrl":"https:\/\/www.notibras.com\/site\/wp-content\/uploads\/2026\/01\/jhonatan-posse-tcu-15mar2023-848x477-1.webp","datePublished":"2026-01-07T05:15:43+00:00","breadcrumb":{"@id":"https:\/\/www.notibras.com\/site\/o-ministro-por-tras-das-acoes-do-tcu\/#breadcrumb"},"inLanguage":"pt-BR","potentialAction":[{"@type":"ReadAction","target":["https:\/\/www.notibras.com\/site\/o-ministro-por-tras-das-acoes-do-tcu\/"]}]},{"@type":"ImageObject","inLanguage":"pt-BR","@id":"https:\/\/www.notibras.com\/site\/o-ministro-por-tras-das-acoes-do-tcu\/#primaryimage","url":"https:\/\/www.notibras.com\/site\/wp-content\/uploads\/2026\/01\/jhonatan-posse-tcu-15mar2023-848x477-1.webp","contentUrl":"https:\/\/www.notibras.com\/site\/wp-content\/uploads\/2026\/01\/jhonatan-posse-tcu-15mar2023-848x477-1.webp","width":848,"height":477},{"@type":"BreadcrumbList","@id":"https:\/\/www.notibras.com\/site\/o-ministro-por-tras-das-acoes-do-tcu\/#breadcrumb","itemListElement":[{"@type":"ListItem","position":1,"name":"In\u00edcio","item":"https:\/\/www.notibras.com\/site\/"},{"@type":"ListItem","position":2,"name":"O ministro por tr\u00e1s das a\u00e7\u00f5es do TCU"}]},{"@type":"WebSite","@id":"https:\/\/www.notibras.com\/site\/#website","url":"https:\/\/www.notibras.com\/site\/","name":"Notibras","description":"Not\u00edcias de Bras\u00edlia, do Brasil e do Mundo","publisher":{"@id":"https:\/\/www.notibras.com\/site\/#organization"},"potentialAction":[{"@type":"SearchAction","target":{"@type":"EntryPoint","urlTemplate":"https:\/\/www.notibras.com\/site\/?s={search_term_string}"},"query-input":{"@type":"PropertyValueSpecification","valueRequired":true,"valueName":"search_term_string"}}],"inLanguage":"pt-BR"},{"@type":"Organization","@id":"https:\/\/www.notibras.com\/site\/#organization","name":"Grupo Notibras de Comunica\u00e7\u00e3o","url":"https:\/\/www.notibras.com\/site\/","logo":{"@type":"ImageObject","inLanguage":"pt-BR","@id":"https:\/\/www.notibras.com\/site\/#\/schema\/logo\/image\/","url":"https:\/\/www.notibras.com\/site\/wp-content\/uploads\/2023\/01\/notibras23.png","contentUrl":"https:\/\/www.notibras.com\/site\/wp-content\/uploads\/2023\/01\/notibras23.png","width":350,"height":87,"caption":"Grupo Notibras de Comunica\u00e7\u00e3o"},"image":{"@id":"https:\/\/www.notibras.com\/site\/#\/schema\/logo\/image\/"},"sameAs":["https:\/\/www.facebook.com\/notibras\/","https:\/\/x.com\/Notibras","https:\/\/www.instagram.com\/notibras\/"]},{"@type":"Person","@id":"https:\/\/www.notibras.com\/site\/#\/schema\/person\/5b7fabf2aedc3ada2105f03b22b4d3dd","name":"Eduardo Mart\u00ednez","image":{"@type":"ImageObject","inLanguage":"pt-BR","@id":"https:\/\/secure.gravatar.com\/avatar\/7902f906289926289cbcda644b5197c796b893c6ffd7b9a536a42d290f7704a0?s=96&d=mm&r=g","url":"https:\/\/secure.gravatar.com\/avatar\/7902f906289926289cbcda644b5197c796b893c6ffd7b9a536a42d290f7704a0?s=96&d=mm&r=g","contentUrl":"https:\/\/secure.gravatar.com\/avatar\/7902f906289926289cbcda644b5197c796b893c6ffd7b9a536a42d290f7704a0?s=96&d=mm&r=g","caption":"Eduardo Mart\u00ednez"}}]}},"amp_enabled":true,"_links":{"self":[{"href":"https:\/\/www.notibras.com\/site\/wp-json\/wp\/v2\/posts\/378025","targetHints":{"allow":["GET"]}}],"collection":[{"href":"https:\/\/www.notibras.com\/site\/wp-json\/wp\/v2\/posts"}],"about":[{"href":"https:\/\/www.notibras.com\/site\/wp-json\/wp\/v2\/types\/post"}],"author":[{"embeddable":true,"href":"https:\/\/www.notibras.com\/site\/wp-json\/wp\/v2\/users\/21"}],"replies":[{"embeddable":true,"href":"https:\/\/www.notibras.com\/site\/wp-json\/wp\/v2\/comments?post=378025"}],"version-history":[{"count":3,"href":"https:\/\/www.notibras.com\/site\/wp-json\/wp\/v2\/posts\/378025\/revisions"}],"predecessor-version":[{"id":378029,"href":"https:\/\/www.notibras.com\/site\/wp-json\/wp\/v2\/posts\/378025\/revisions\/378029"}],"wp:featuredmedia":[{"embeddable":true,"href":"https:\/\/www.notibras.com\/site\/wp-json\/wp\/v2\/media\/378026"}],"wp:attachment":[{"href":"https:\/\/www.notibras.com\/site\/wp-json\/wp\/v2\/media?parent=378025"}],"wp:term":[{"taxonomy":"category","embeddable":true,"href":"https:\/\/www.notibras.com\/site\/wp-json\/wp\/v2\/categories?post=378025"},{"taxonomy":"post_tag","embeddable":true,"href":"https:\/\/www.notibras.com\/site\/wp-json\/wp\/v2\/tags?post=378025"}],"curies":[{"name":"wp","href":"https:\/\/api.w.org\/{rel}","templated":true}]}}