{"id":378040,"date":"2026-01-07T06:50:04","date_gmt":"2026-01-07T09:50:04","guid":{"rendered":"https:\/\/www.notibras.com\/site\/?p=378040"},"modified":"2026-01-07T06:51:19","modified_gmt":"2026-01-07T09:51:19","slug":"pior-que-a-droga-que-vicia-e-a-droga-que-os-brasileiros-levam-para-o-congresso","status":"publish","type":"post","link":"https:\/\/www.notibras.com\/site\/pior-que-a-droga-que-vicia-e-a-droga-que-os-brasileiros-levam-para-o-congresso\/","title":{"rendered":"Pior que a droga que vicia \u00e9 a droga que os brasileiros levam para o Congresso"},"content":{"rendered":"<p>Se a ideia do presidente norte-americano, Donald Trump, fosse realmente o combate \u00e0s drogas, a primeira investida deveria ser contra os legislativos da Am\u00e9rica do Sul, notadamente o do Brasil varonil. Com certeza, milh\u00f5es de brasileiros reclamariam do desrespeito \u00e0 soberania, mas os mesmos milh\u00f5es, depois de alguns segundo de reflex\u00e3o, soltariam foguetes ante a possibilidade de podermos dizer que viver representado por essa droga de Congresso tem o mesmo significado de viver no pa\u00eds da carreira de droga fantasiada de deputados e de senadores.<\/p>\n<p>E como tem. \u00c9 claro que h\u00e1 os mascarados por natureza e os que usam m\u00e1scaras somente para se esconder do v\u00edcio de ter de conviver com aqueles que, vinculados ao mito astrol\u00f3gico, est\u00e3o preocupados exclusivamente com o que se passa na lua e eventualmente com as novas propostas expansionistas de Tio Sam. Mais um ou dois mil quil\u00f4metros e Trump teria chegado a Bras\u00edlia, onde poderia ter experimentado in loco drogas\u00a0<i>in natura<\/i>\u00a0dos 26 estados da Federa\u00e7\u00e3o e do Distrito Federal, onde a pureza do material \u00e9 duvidosa, tendo em vista a proximidade com o cl\u00e3 a que veneram.<\/p>\n<p>Dizem os entendidos que \u00e9 nas siglas que amam amar os deuses da loucura subjetiva que est\u00e3o as drogas sint\u00e9ticas, aquelas que, enlouquecidas pelo mo\u00e7o que adora um hospital, falam, falam, mas nunca sabem o que dizem. Defensores do patriotismo golpista, os tidos como droga refinada v\u00eam, em parte, de S\u00e3o Paulo, do Rio de Janeiro, Minas Gerais, Goi\u00e1s, Esp\u00edrito Santo e Rio Grande do Sul. O refugo compulsivo e bajulador \u00e9 de Santa Catarina e do Paran\u00e1. Esse grupo faz mal s\u00f3 de ouvir falar.<\/p>\n<p>O problema \u00e9 de quem consome irrespons\u00e1vel e problematicamente esse tipo de droga. Esses popularmente conhecidos por dependentes submissos e obedientes a estimulantes e depressores sem proced\u00eancia, de pouca qu\u00edmica e de nenhum apelo pol\u00edtico. Est\u00e3o onde est\u00e3o somente porque pensam, falam e agem como alucin\u00f3genos. Nada mais do que isso. O resultado \u00e9 que, enquanto eles est\u00e3o ocupados fazendo planos para liberta\u00e7\u00e3o do deus do coturno, a vida acontece, o Brasil adoece, o povo padece e a credibilidade nos pol\u00edticos desaparece.<\/p>\n<p>Como consumidor respons\u00e1vel e hoje incapaz de suportar a dor decorrente das drogas que j\u00e1 escolhi, decidi manter viva a esperan\u00e7a. Na verdade, descobri que viver \u00e9 f\u00e1cil, desde que a gente viva de olhos fechados para o Congresso brasileiro, hoje lotado de pessoas insanas que t\u00eam objetivos insanos. Desnecess\u00e1rio se considerarmos nossa realidade, vale registrar que a afirma\u00e7\u00e3o de que nossos pol\u00edticos s\u00e3o como droga \u00e9 uma opini\u00e3o e uma analogia, e n\u00e3o um fato literal. Para mim, trata-se de uma met\u00e1fora que sugere claramente que a pol\u00edtica ou certas figuras pol\u00edticas t\u00eam feitos viciantes<\/p>\n<p>A pol\u00edtica n\u00e3o me incomoda. S\u00e3o os pol\u00edticos gananciosos com m\u00e1scaras da moralidade que me incomodam. Como esses n\u00e3o pretendem nunca realizar o que a pol\u00edtica sup\u00f5e, eu os incluo entre as drogas que a preocupa\u00e7\u00e3o de Donald Trump precisava alcan\u00e7ar. Voltando \u00e0s analogias, drogas il\u00edcitas e a classe pol\u00edtica corrupta realmente t\u00eam algo em comum. Ambas s\u00e3o nocivas para a sociedade, mas, movido pela curiosidade, o povo experimenta e muitos acabam se tornando seus escravos. Portanto, como Trump n\u00e3o veio \u2013 e n\u00e3o vir\u00e1 \u2013 aproveitemos as elei\u00e7\u00f5es e, de uma s\u00f3 tacada, lutemos para combater as drogas e os sentimentos que nos estimulam a votar em drogas.<\/p>\n<p>&#8230;&#8230;&#8230;&#8230;..<\/p>\n<p><strong>Mathuzal\u00e9m J\u00fanior \u00e9 jornalista profissional desde 1978<\/strong><\/p>\n","protected":false},"excerpt":{"rendered":"<p>Se a ideia do presidente norte-americano, Donald Trump, fosse realmente o combate \u00e0s drogas, a primeira investida deveria ser contra os legislativos da Am\u00e9rica do Sul, notadamente o do Brasil varonil. Com certeza, milh\u00f5es de brasileiros reclamariam do desrespeito \u00e0 soberania, mas os mesmos milh\u00f5es, depois de alguns segundo de reflex\u00e3o, soltariam foguetes ante a [&hellip;]<\/p>\n","protected":false},"author":2,"featured_media":292711,"comment_status":"closed","ping_status":"closed","sticky":false,"template":"","format":"standard","meta":{"_acf_changed":false,"footnotes":""},"categories":[16],"tags":[],"class_list":["post-378040","post","type-post","status-publish","format-standard","has-post-thumbnail","hentry","category-brasil"],"acf":[],"yoast_head":"<!-- This site is optimized with the Yoast SEO plugin v27.2 - https:\/\/yoast.com\/product\/yoast-seo-wordpress\/ -->\n<title>Pior que a droga que vicia \u00e9 a droga que os brasileiros levam para o Congresso - Notibras<\/title>\n<meta name=\"robots\" content=\"index, follow, max-snippet:-1, max-image-preview:large, max-video-preview:-1\" \/>\n<link rel=\"canonical\" href=\"https:\/\/www.notibras.com\/site\/pior-que-a-droga-que-vicia-e-a-droga-que-os-brasileiros-levam-para-o-congresso\/\" \/>\n<meta property=\"og:locale\" content=\"pt_BR\" \/>\n<meta property=\"og:type\" content=\"article\" \/>\n<meta property=\"og:title\" content=\"Pior que a droga que vicia \u00e9 a droga que os brasileiros levam para o Congresso - Notibras\" \/>\n<meta property=\"og:description\" content=\"Se a ideia do presidente norte-americano, Donald Trump, fosse realmente o combate \u00e0s drogas, a primeira investida deveria ser contra os legislativos da Am\u00e9rica do Sul, notadamente o do Brasil varonil. Com certeza, milh\u00f5es de brasileiros reclamariam do desrespeito \u00e0 soberania, mas os mesmos milh\u00f5es, depois de alguns segundo de reflex\u00e3o, soltariam foguetes ante a [&hellip;]\" \/>\n<meta property=\"og:url\" content=\"https:\/\/www.notibras.com\/site\/pior-que-a-droga-que-vicia-e-a-droga-que-os-brasileiros-levam-para-o-congresso\/\" \/>\n<meta property=\"og:site_name\" content=\"Notibras\" \/>\n<meta property=\"article:publisher\" content=\"https:\/\/www.facebook.com\/notibras\/\" \/>\n<meta property=\"article:published_time\" content=\"2026-01-07T09:50:04+00:00\" \/>\n<meta property=\"article:modified_time\" content=\"2026-01-07T09:51:19+00:00\" \/>\n<meta property=\"og:image\" content=\"https:\/\/www.notibras.com\/site\/wp-content\/uploads\/2022\/10\/foto01_0-1.jpg\" \/>\n\t<meta property=\"og:image:width\" content=\"770\" \/>\n\t<meta property=\"og:image:height\" content=\"513\" \/>\n\t<meta property=\"og:image:type\" content=\"image\/jpeg\" \/>\n<meta name=\"author\" content=\"Reda\u00e7\u00e3o\" \/>\n<meta name=\"twitter:card\" content=\"summary_large_image\" \/>\n<meta name=\"twitter:creator\" content=\"@Notibras\" \/>\n<meta name=\"twitter:site\" content=\"@Notibras\" \/>\n<meta name=\"twitter:label1\" content=\"Escrito por\" \/>\n\t<meta name=\"twitter:data1\" content=\"Reda\u00e7\u00e3o\" \/>\n\t<meta name=\"twitter:label2\" content=\"Est. tempo de leitura\" \/>\n\t<meta name=\"twitter:data2\" content=\"4 minutos\" \/>\n<script type=\"application\/ld+json\" class=\"yoast-schema-graph\">{\"@context\":\"https:\/\/schema.org\",\"@graph\":[{\"@type\":\"Article\",\"@id\":\"https:\/\/www.notibras.com\/site\/pior-que-a-droga-que-vicia-e-a-droga-que-os-brasileiros-levam-para-o-congresso\/#article\",\"isPartOf\":{\"@id\":\"https:\/\/www.notibras.com\/site\/pior-que-a-droga-que-vicia-e-a-droga-que-os-brasileiros-levam-para-o-congresso\/\"},\"author\":{\"name\":\"Reda\u00e7\u00e3o\",\"@id\":\"https:\/\/www.notibras.com\/site\/#\/schema\/person\/36ab0979449956132d3e5b517ea76ac8\"},\"headline\":\"Pior que a droga que vicia \u00e9 a droga que os brasileiros levam para o Congresso\",\"datePublished\":\"2026-01-07T09:50:04+00:00\",\"dateModified\":\"2026-01-07T09:51:19+00:00\",\"mainEntityOfPage\":{\"@id\":\"https:\/\/www.notibras.com\/site\/pior-que-a-droga-que-vicia-e-a-droga-que-os-brasileiros-levam-para-o-congresso\/\"},\"wordCount\":629,\"publisher\":{\"@id\":\"https:\/\/www.notibras.com\/site\/#organization\"},\"image\":{\"@id\":\"https:\/\/www.notibras.com\/site\/pior-que-a-droga-que-vicia-e-a-droga-que-os-brasileiros-levam-para-o-congresso\/#primaryimage\"},\"thumbnailUrl\":\"https:\/\/www.notibras.com\/site\/wp-content\/uploads\/2022\/10\/foto01_0-1.jpg\",\"articleSection\":[\"Brasil\"],\"inLanguage\":\"pt-BR\"},{\"@type\":\"WebPage\",\"@id\":\"https:\/\/www.notibras.com\/site\/pior-que-a-droga-que-vicia-e-a-droga-que-os-brasileiros-levam-para-o-congresso\/\",\"url\":\"https:\/\/www.notibras.com\/site\/pior-que-a-droga-que-vicia-e-a-droga-que-os-brasileiros-levam-para-o-congresso\/\",\"name\":\"Pior que a droga que vicia \u00e9 a droga que os brasileiros levam para o Congresso - Notibras\",\"isPartOf\":{\"@id\":\"https:\/\/www.notibras.com\/site\/#website\"},\"primaryImageOfPage\":{\"@id\":\"https:\/\/www.notibras.com\/site\/pior-que-a-droga-que-vicia-e-a-droga-que-os-brasileiros-levam-para-o-congresso\/#primaryimage\"},\"image\":{\"@id\":\"https:\/\/www.notibras.com\/site\/pior-que-a-droga-que-vicia-e-a-droga-que-os-brasileiros-levam-para-o-congresso\/#primaryimage\"},\"thumbnailUrl\":\"https:\/\/www.notibras.com\/site\/wp-content\/uploads\/2022\/10\/foto01_0-1.jpg\",\"datePublished\":\"2026-01-07T09:50:04+00:00\",\"dateModified\":\"2026-01-07T09:51:19+00:00\",\"breadcrumb\":{\"@id\":\"https:\/\/www.notibras.com\/site\/pior-que-a-droga-que-vicia-e-a-droga-que-os-brasileiros-levam-para-o-congresso\/#breadcrumb\"},\"inLanguage\":\"pt-BR\",\"potentialAction\":[{\"@type\":\"ReadAction\",\"target\":[\"https:\/\/www.notibras.com\/site\/pior-que-a-droga-que-vicia-e-a-droga-que-os-brasileiros-levam-para-o-congresso\/\"]}]},{\"@type\":\"ImageObject\",\"inLanguage\":\"pt-BR\",\"@id\":\"https:\/\/www.notibras.com\/site\/pior-que-a-droga-que-vicia-e-a-droga-que-os-brasileiros-levam-para-o-congresso\/#primaryimage\",\"url\":\"https:\/\/www.notibras.com\/site\/wp-content\/uploads\/2022\/10\/foto01_0-1.jpg\",\"contentUrl\":\"https:\/\/www.notibras.com\/site\/wp-content\/uploads\/2022\/10\/foto01_0-1.jpg\",\"width\":770,\"height\":513,\"caption\":\"Final de tarde em em Bras\u00edlia, pr\u00e9dio do Congresso Nacional\"},{\"@type\":\"BreadcrumbList\",\"@id\":\"https:\/\/www.notibras.com\/site\/pior-que-a-droga-que-vicia-e-a-droga-que-os-brasileiros-levam-para-o-congresso\/#breadcrumb\",\"itemListElement\":[{\"@type\":\"ListItem\",\"position\":1,\"name\":\"In\u00edcio\",\"item\":\"https:\/\/www.notibras.com\/site\/\"},{\"@type\":\"ListItem\",\"position\":2,\"name\":\"Pior que a droga que vicia \u00e9 a droga que os brasileiros levam para o Congresso\"}]},{\"@type\":\"WebSite\",\"@id\":\"https:\/\/www.notibras.com\/site\/#website\",\"url\":\"https:\/\/www.notibras.com\/site\/\",\"name\":\"Notibras\",\"description\":\"Not\u00edcias de Bras\u00edlia, do Brasil e do Mundo\",\"publisher\":{\"@id\":\"https:\/\/www.notibras.com\/site\/#organization\"},\"potentialAction\":[{\"@type\":\"SearchAction\",\"target\":{\"@type\":\"EntryPoint\",\"urlTemplate\":\"https:\/\/www.notibras.com\/site\/?s={search_term_string}\"},\"query-input\":{\"@type\":\"PropertyValueSpecification\",\"valueRequired\":true,\"valueName\":\"search_term_string\"}}],\"inLanguage\":\"pt-BR\"},{\"@type\":\"Organization\",\"@id\":\"https:\/\/www.notibras.com\/site\/#organization\",\"name\":\"Grupo Notibras de Comunica\u00e7\u00e3o\",\"url\":\"https:\/\/www.notibras.com\/site\/\",\"logo\":{\"@type\":\"ImageObject\",\"inLanguage\":\"pt-BR\",\"@id\":\"https:\/\/www.notibras.com\/site\/#\/schema\/logo\/image\/\",\"url\":\"https:\/\/www.notibras.com\/site\/wp-content\/uploads\/2023\/01\/notibras23.png\",\"contentUrl\":\"https:\/\/www.notibras.com\/site\/wp-content\/uploads\/2023\/01\/notibras23.png\",\"width\":350,\"height\":87,\"caption\":\"Grupo Notibras de Comunica\u00e7\u00e3o\"},\"image\":{\"@id\":\"https:\/\/www.notibras.com\/site\/#\/schema\/logo\/image\/\"},\"sameAs\":[\"https:\/\/www.facebook.com\/notibras\/\",\"https:\/\/x.com\/Notibras\",\"https:\/\/www.instagram.com\/notibras\/\"]},{\"@type\":\"Person\",\"@id\":\"https:\/\/www.notibras.com\/site\/#\/schema\/person\/36ab0979449956132d3e5b517ea76ac8\",\"name\":\"Reda\u00e7\u00e3o\",\"image\":{\"@type\":\"ImageObject\",\"inLanguage\":\"pt-BR\",\"@id\":\"https:\/\/secure.gravatar.com\/avatar\/e0a867bdedb85fd243eadf09663511f96fc81e0720a4a42581f334ad4303aa6b?s=96&d=mm&r=g\",\"url\":\"https:\/\/secure.gravatar.com\/avatar\/e0a867bdedb85fd243eadf09663511f96fc81e0720a4a42581f334ad4303aa6b?s=96&d=mm&r=g\",\"contentUrl\":\"https:\/\/secure.gravatar.com\/avatar\/e0a867bdedb85fd243eadf09663511f96fc81e0720a4a42581f334ad4303aa6b?s=96&d=mm&r=g\",\"caption\":\"Reda\u00e7\u00e3o\"}}]}<\/script>\n<!-- \/ Yoast SEO plugin. -->","yoast_head_json":{"title":"Pior que a droga que vicia \u00e9 a droga que os brasileiros levam para o Congresso - Notibras","robots":{"index":"index","follow":"follow","max-snippet":"max-snippet:-1","max-image-preview":"max-image-preview:large","max-video-preview":"max-video-preview:-1"},"canonical":"https:\/\/www.notibras.com\/site\/pior-que-a-droga-que-vicia-e-a-droga-que-os-brasileiros-levam-para-o-congresso\/","og_locale":"pt_BR","og_type":"article","og_title":"Pior que a droga que vicia \u00e9 a droga que os brasileiros levam para o Congresso - Notibras","og_description":"Se a ideia do presidente norte-americano, Donald Trump, fosse realmente o combate \u00e0s drogas, a primeira investida deveria ser contra os legislativos da Am\u00e9rica do Sul, notadamente o do Brasil varonil. Com certeza, milh\u00f5es de brasileiros reclamariam do desrespeito \u00e0 soberania, mas os mesmos milh\u00f5es, depois de alguns segundo de reflex\u00e3o, soltariam foguetes ante a [&hellip;]","og_url":"https:\/\/www.notibras.com\/site\/pior-que-a-droga-que-vicia-e-a-droga-que-os-brasileiros-levam-para-o-congresso\/","og_site_name":"Notibras","article_publisher":"https:\/\/www.facebook.com\/notibras\/","article_published_time":"2026-01-07T09:50:04+00:00","article_modified_time":"2026-01-07T09:51:19+00:00","og_image":[{"width":770,"height":513,"url":"https:\/\/www.notibras.com\/site\/wp-content\/uploads\/2022\/10\/foto01_0-1.jpg","type":"image\/jpeg"}],"author":"Reda\u00e7\u00e3o","twitter_card":"summary_large_image","twitter_creator":"@Notibras","twitter_site":"@Notibras","twitter_misc":{"Escrito por":"Reda\u00e7\u00e3o","Est. tempo de leitura":"4 minutos"},"schema":{"@context":"https:\/\/schema.org","@graph":[{"@type":"Article","@id":"https:\/\/www.notibras.com\/site\/pior-que-a-droga-que-vicia-e-a-droga-que-os-brasileiros-levam-para-o-congresso\/#article","isPartOf":{"@id":"https:\/\/www.notibras.com\/site\/pior-que-a-droga-que-vicia-e-a-droga-que-os-brasileiros-levam-para-o-congresso\/"},"author":{"name":"Reda\u00e7\u00e3o","@id":"https:\/\/www.notibras.com\/site\/#\/schema\/person\/36ab0979449956132d3e5b517ea76ac8"},"headline":"Pior que a droga que vicia \u00e9 a droga que os brasileiros levam para o Congresso","datePublished":"2026-01-07T09:50:04+00:00","dateModified":"2026-01-07T09:51:19+00:00","mainEntityOfPage":{"@id":"https:\/\/www.notibras.com\/site\/pior-que-a-droga-que-vicia-e-a-droga-que-os-brasileiros-levam-para-o-congresso\/"},"wordCount":629,"publisher":{"@id":"https:\/\/www.notibras.com\/site\/#organization"},"image":{"@id":"https:\/\/www.notibras.com\/site\/pior-que-a-droga-que-vicia-e-a-droga-que-os-brasileiros-levam-para-o-congresso\/#primaryimage"},"thumbnailUrl":"https:\/\/www.notibras.com\/site\/wp-content\/uploads\/2022\/10\/foto01_0-1.jpg","articleSection":["Brasil"],"inLanguage":"pt-BR"},{"@type":"WebPage","@id":"https:\/\/www.notibras.com\/site\/pior-que-a-droga-que-vicia-e-a-droga-que-os-brasileiros-levam-para-o-congresso\/","url":"https:\/\/www.notibras.com\/site\/pior-que-a-droga-que-vicia-e-a-droga-que-os-brasileiros-levam-para-o-congresso\/","name":"Pior que a droga que vicia \u00e9 a droga que os brasileiros levam para o Congresso - Notibras","isPartOf":{"@id":"https:\/\/www.notibras.com\/site\/#website"},"primaryImageOfPage":{"@id":"https:\/\/www.notibras.com\/site\/pior-que-a-droga-que-vicia-e-a-droga-que-os-brasileiros-levam-para-o-congresso\/#primaryimage"},"image":{"@id":"https:\/\/www.notibras.com\/site\/pior-que-a-droga-que-vicia-e-a-droga-que-os-brasileiros-levam-para-o-congresso\/#primaryimage"},"thumbnailUrl":"https:\/\/www.notibras.com\/site\/wp-content\/uploads\/2022\/10\/foto01_0-1.jpg","datePublished":"2026-01-07T09:50:04+00:00","dateModified":"2026-01-07T09:51:19+00:00","breadcrumb":{"@id":"https:\/\/www.notibras.com\/site\/pior-que-a-droga-que-vicia-e-a-droga-que-os-brasileiros-levam-para-o-congresso\/#breadcrumb"},"inLanguage":"pt-BR","potentialAction":[{"@type":"ReadAction","target":["https:\/\/www.notibras.com\/site\/pior-que-a-droga-que-vicia-e-a-droga-que-os-brasileiros-levam-para-o-congresso\/"]}]},{"@type":"ImageObject","inLanguage":"pt-BR","@id":"https:\/\/www.notibras.com\/site\/pior-que-a-droga-que-vicia-e-a-droga-que-os-brasileiros-levam-para-o-congresso\/#primaryimage","url":"https:\/\/www.notibras.com\/site\/wp-content\/uploads\/2022\/10\/foto01_0-1.jpg","contentUrl":"https:\/\/www.notibras.com\/site\/wp-content\/uploads\/2022\/10\/foto01_0-1.jpg","width":770,"height":513,"caption":"Final de tarde em em Bras\u00edlia, pr\u00e9dio do Congresso Nacional"},{"@type":"BreadcrumbList","@id":"https:\/\/www.notibras.com\/site\/pior-que-a-droga-que-vicia-e-a-droga-que-os-brasileiros-levam-para-o-congresso\/#breadcrumb","itemListElement":[{"@type":"ListItem","position":1,"name":"In\u00edcio","item":"https:\/\/www.notibras.com\/site\/"},{"@type":"ListItem","position":2,"name":"Pior que a droga que vicia \u00e9 a droga que os brasileiros levam para o Congresso"}]},{"@type":"WebSite","@id":"https:\/\/www.notibras.com\/site\/#website","url":"https:\/\/www.notibras.com\/site\/","name":"Notibras","description":"Not\u00edcias de Bras\u00edlia, do Brasil e do Mundo","publisher":{"@id":"https:\/\/www.notibras.com\/site\/#organization"},"potentialAction":[{"@type":"SearchAction","target":{"@type":"EntryPoint","urlTemplate":"https:\/\/www.notibras.com\/site\/?s={search_term_string}"},"query-input":{"@type":"PropertyValueSpecification","valueRequired":true,"valueName":"search_term_string"}}],"inLanguage":"pt-BR"},{"@type":"Organization","@id":"https:\/\/www.notibras.com\/site\/#organization","name":"Grupo Notibras de Comunica\u00e7\u00e3o","url":"https:\/\/www.notibras.com\/site\/","logo":{"@type":"ImageObject","inLanguage":"pt-BR","@id":"https:\/\/www.notibras.com\/site\/#\/schema\/logo\/image\/","url":"https:\/\/www.notibras.com\/site\/wp-content\/uploads\/2023\/01\/notibras23.png","contentUrl":"https:\/\/www.notibras.com\/site\/wp-content\/uploads\/2023\/01\/notibras23.png","width":350,"height":87,"caption":"Grupo Notibras de Comunica\u00e7\u00e3o"},"image":{"@id":"https:\/\/www.notibras.com\/site\/#\/schema\/logo\/image\/"},"sameAs":["https:\/\/www.facebook.com\/notibras\/","https:\/\/x.com\/Notibras","https:\/\/www.instagram.com\/notibras\/"]},{"@type":"Person","@id":"https:\/\/www.notibras.com\/site\/#\/schema\/person\/36ab0979449956132d3e5b517ea76ac8","name":"Reda\u00e7\u00e3o","image":{"@type":"ImageObject","inLanguage":"pt-BR","@id":"https:\/\/secure.gravatar.com\/avatar\/e0a867bdedb85fd243eadf09663511f96fc81e0720a4a42581f334ad4303aa6b?s=96&d=mm&r=g","url":"https:\/\/secure.gravatar.com\/avatar\/e0a867bdedb85fd243eadf09663511f96fc81e0720a4a42581f334ad4303aa6b?s=96&d=mm&r=g","contentUrl":"https:\/\/secure.gravatar.com\/avatar\/e0a867bdedb85fd243eadf09663511f96fc81e0720a4a42581f334ad4303aa6b?s=96&d=mm&r=g","caption":"Reda\u00e7\u00e3o"}}]}},"amp_enabled":true,"_links":{"self":[{"href":"https:\/\/www.notibras.com\/site\/wp-json\/wp\/v2\/posts\/378040","targetHints":{"allow":["GET"]}}],"collection":[{"href":"https:\/\/www.notibras.com\/site\/wp-json\/wp\/v2\/posts"}],"about":[{"href":"https:\/\/www.notibras.com\/site\/wp-json\/wp\/v2\/types\/post"}],"author":[{"embeddable":true,"href":"https:\/\/www.notibras.com\/site\/wp-json\/wp\/v2\/users\/2"}],"replies":[{"embeddable":true,"href":"https:\/\/www.notibras.com\/site\/wp-json\/wp\/v2\/comments?post=378040"}],"version-history":[{"count":3,"href":"https:\/\/www.notibras.com\/site\/wp-json\/wp\/v2\/posts\/378040\/revisions"}],"predecessor-version":[{"id":378043,"href":"https:\/\/www.notibras.com\/site\/wp-json\/wp\/v2\/posts\/378040\/revisions\/378043"}],"wp:featuredmedia":[{"embeddable":true,"href":"https:\/\/www.notibras.com\/site\/wp-json\/wp\/v2\/media\/292711"}],"wp:attachment":[{"href":"https:\/\/www.notibras.com\/site\/wp-json\/wp\/v2\/media?parent=378040"}],"wp:term":[{"taxonomy":"category","embeddable":true,"href":"https:\/\/www.notibras.com\/site\/wp-json\/wp\/v2\/categories?post=378040"},{"taxonomy":"post_tag","embeddable":true,"href":"https:\/\/www.notibras.com\/site\/wp-json\/wp\/v2\/tags?post=378040"}],"curies":[{"name":"wp","href":"https:\/\/api.w.org\/{rel}","templated":true}]}}