{"id":378051,"date":"2026-01-07T07:15:50","date_gmt":"2026-01-07T10:15:50","guid":{"rendered":"https:\/\/www.notibras.com\/site\/?p=378051"},"modified":"2026-01-07T08:19:04","modified_gmt":"2026-01-07T11:19:04","slug":"ano-do-cavalo-2026-trara-o-destino-a-galope","status":"publish","type":"post","link":"https:\/\/www.notibras.com\/site\/ano-do-cavalo-2026-trara-o-destino-a-galope\/","title":{"rendered":"Ano do Cavalo, 2026 trar\u00e1 o destino a galope"},"content":{"rendered":"<p>Na astrologia chinesa, o ano de 2026 ser\u00e1 regido pelo Cavalo, um dos signos mais intensos, inquietos e transformadores do zod\u00edaco oriental. O Cavalo n\u00e3o caminha: ele galopa. E quando assume a reg\u00eancia do tempo, anuncia um per\u00edodo em que a estagna\u00e7\u00e3o cobra seu pre\u00e7o e o movimento se torna inevit\u00e1vel.<\/p>\n<p>Trata-se de um ano que exige coragem, decis\u00e3o e autenticidade. Nada que esteja baseado em falsidade, acomoda\u00e7\u00e3o ou medo consegue se sustentar sob a energia do Cavalo.<\/p>\n<p>Na tradi\u00e7\u00e3o chinesa, o Cavalo representa liberdade e independ\u00eancia, velocidade e mudan\u00e7a, paix\u00e3o e impulso vital, viagens, deslocamentos e rupturas.<\/p>\n<p>O Cavalo odeia amarras. Ele desafia regras engessadas, estruturas envelhecidas e promessas vazias. Por isso, 2026 tende a ser um ano de quebras s\u00fabitas, mas tamb\u00e9m de grandes liberta\u00e7\u00f5es, tanto no plano individual quanto coletivo.<\/p>\n<p><strong>Intensifica\u00e7\u00e3o dos destinos<\/strong><br \/>\nSer\u00e1 um 2026 regido pelo Cavalo de Fogo, combina\u00e7\u00e3o rara e poderosa que ocorre a cada 60 anos. O Fogo intensifica tudo o que toca paix\u00f5es, conflitos, revela\u00e7\u00f5es e decis\u00f5es irrevers\u00edveis.<\/p>\n<p>Essa reg\u00eancia traz exposi\u00e7\u00e3o do que estava oculto, conflitos que n\u00e3o admitem mais adiamento, ascens\u00e3o de lideran\u00e7as carism\u00e1ticas, quedas abruptas de estruturas fr\u00e1geis e despertar espiritual atrav\u00e9s da crise.<\/p>\n<p>Nada ser\u00e1 morno. Tudo ser\u00e1 vivido em tons fortes: amor ou ruptura, avan\u00e7o ou colapso, verdade ou desmascaramento.<\/p>\n<p><strong>No plano coletivo<\/strong><br \/>\nSob o Cavalo, o mundo entra em estado de movimento acelerado. Fronteiras simb\u00f3licas e reais tendem a ser testadas. Velhos pactos podem ruir, enquanto novos alinhamentos surgem de forma inesperada.<\/p>\n<p>\u00c9 um ano prop\u00edcio a protestos e levantes populares, mudan\u00e7as r\u00e1pidas na pol\u00edtica e na economia, tens\u00f5es geopol\u00edticas impulsionadas por orgulho e impulsividade, e, avan\u00e7os tecnol\u00f3gicos que aceleram ainda mais o ritmo da vida.<\/p>\n<p>Tudo isso porque o Cavalo ensina que quem n\u00e3o acompanha o ritmo do tempo \u00e9 arrastado por ele.<\/p>\n<p><strong>No plano espiritual<\/strong><br \/>\nEspiritualmente, 2026 convida a uma pergunta essencial: \u201cEstou vivendo minha pr\u00f3pria verdade ou apenas obedecendo rotas impostas?\u201d<\/p>\n<p>Ser\u00e1 um ano de despertar de consci\u00eancias adormecidas, ruptura com padr\u00f5es k\u00e1rmicos antigos, chamados interiores imposs\u00edveis de ignorar e reencontros com prop\u00f3sitos esquecidos.<\/p>\n<p>O Cavalo n\u00e3o aceita m\u00e1scaras. Ele exige coer\u00eancia entre pensamento, palavra e a\u00e7\u00e3o. O grande aprendizado de 2026 \u00e9 simples e duro ao mesmo tempo: a vida n\u00e3o espera por quem hesita demais. Quem ousar mudar, avan\u00e7ar e ser fiel a si mesmo encontrar\u00e1 caminhos abertos. Mas, para quem insistir em permanecer parado, sentir\u00e1 o peso do tempo atropelando certezas.<\/p>\n","protected":false},"excerpt":{"rendered":"<p>Na astrologia chinesa, o ano de 2026 ser\u00e1 regido pelo Cavalo, um dos signos mais intensos, inquietos e transformadores do zod\u00edaco oriental. O Cavalo n\u00e3o caminha: ele galopa. E quando assume a reg\u00eancia do tempo, anuncia um per\u00edodo em que a estagna\u00e7\u00e3o cobra seu pre\u00e7o e o movimento se torna inevit\u00e1vel. Trata-se de um ano [&hellip;]<\/p>\n","protected":false},"author":2,"featured_media":378052,"comment_status":"closed","ping_status":"closed","sticky":false,"template":"","format":"standard","meta":{"_acf_changed":false,"footnotes":""},"categories":[237],"tags":[],"class_list":["post-378051","post","type-post","status-publish","format-standard","has-post-thumbnail","hentry","category-oraculos"],"acf":[],"yoast_head":"<!-- This site is optimized with the Yoast SEO plugin v27.2 - https:\/\/yoast.com\/product\/yoast-seo-wordpress\/ -->\n<title>Ano do Cavalo, 2026 trar\u00e1 o destino a galope - Notibras<\/title>\n<meta name=\"robots\" content=\"index, follow, max-snippet:-1, max-image-preview:large, max-video-preview:-1\" \/>\n<link rel=\"canonical\" href=\"https:\/\/www.notibras.com\/site\/ano-do-cavalo-2026-trara-o-destino-a-galope\/\" \/>\n<meta property=\"og:locale\" content=\"pt_BR\" \/>\n<meta property=\"og:type\" content=\"article\" \/>\n<meta property=\"og:title\" content=\"Ano do Cavalo, 2026 trar\u00e1 o destino a galope - Notibras\" \/>\n<meta property=\"og:description\" content=\"Na astrologia chinesa, o ano de 2026 ser\u00e1 regido pelo Cavalo, um dos signos mais intensos, inquietos e transformadores do zod\u00edaco oriental. O Cavalo n\u00e3o caminha: ele galopa. E quando assume a reg\u00eancia do tempo, anuncia um per\u00edodo em que a estagna\u00e7\u00e3o cobra seu pre\u00e7o e o movimento se torna inevit\u00e1vel. Trata-se de um ano [&hellip;]\" \/>\n<meta property=\"og:url\" content=\"https:\/\/www.notibras.com\/site\/ano-do-cavalo-2026-trara-o-destino-a-galope\/\" \/>\n<meta property=\"og:site_name\" content=\"Notibras\" \/>\n<meta property=\"article:publisher\" content=\"https:\/\/www.facebook.com\/notibras\/\" \/>\n<meta property=\"article:published_time\" content=\"2026-01-07T10:15:50+00:00\" \/>\n<meta property=\"article:modified_time\" content=\"2026-01-07T11:19:04+00:00\" \/>\n<meta property=\"og:image\" content=\"https:\/\/www.notibras.com\/site\/wp-content\/uploads\/2026\/01\/e96958bc-807c-4d04-b82e-f1c092cd8f44-683x1024.png\" \/>\n\t<meta property=\"og:image:width\" content=\"683\" \/>\n\t<meta property=\"og:image:height\" content=\"1024\" \/>\n\t<meta property=\"og:image:type\" content=\"image\/png\" \/>\n<meta name=\"author\" content=\"Reda\u00e7\u00e3o\" \/>\n<meta name=\"twitter:card\" content=\"summary_large_image\" \/>\n<meta name=\"twitter:creator\" content=\"@Notibras\" \/>\n<meta name=\"twitter:site\" content=\"@Notibras\" \/>\n<meta name=\"twitter:label1\" content=\"Escrito por\" \/>\n\t<meta name=\"twitter:data1\" content=\"Reda\u00e7\u00e3o\" \/>\n\t<meta name=\"twitter:label2\" content=\"Est. tempo de leitura\" \/>\n\t<meta name=\"twitter:data2\" content=\"3 minutos\" \/>\n<script type=\"application\/ld+json\" class=\"yoast-schema-graph\">{\"@context\":\"https:\/\/schema.org\",\"@graph\":[{\"@type\":\"Article\",\"@id\":\"https:\/\/www.notibras.com\/site\/ano-do-cavalo-2026-trara-o-destino-a-galope\/#article\",\"isPartOf\":{\"@id\":\"https:\/\/www.notibras.com\/site\/ano-do-cavalo-2026-trara-o-destino-a-galope\/\"},\"author\":{\"name\":\"Reda\u00e7\u00e3o\",\"@id\":\"https:\/\/www.notibras.com\/site\/#\/schema\/person\/36ab0979449956132d3e5b517ea76ac8\"},\"headline\":\"Ano do Cavalo, 2026 trar\u00e1 o destino a galope\",\"datePublished\":\"2026-01-07T10:15:50+00:00\",\"dateModified\":\"2026-01-07T11:19:04+00:00\",\"mainEntityOfPage\":{\"@id\":\"https:\/\/www.notibras.com\/site\/ano-do-cavalo-2026-trara-o-destino-a-galope\/\"},\"wordCount\":454,\"publisher\":{\"@id\":\"https:\/\/www.notibras.com\/site\/#organization\"},\"image\":{\"@id\":\"https:\/\/www.notibras.com\/site\/ano-do-cavalo-2026-trara-o-destino-a-galope\/#primaryimage\"},\"thumbnailUrl\":\"https:\/\/www.notibras.com\/site\/wp-content\/uploads\/2026\/01\/e96958bc-807c-4d04-b82e-f1c092cd8f44.png\",\"articleSection\":[\"Or\u00e1culos\"],\"inLanguage\":\"pt-BR\"},{\"@type\":\"WebPage\",\"@id\":\"https:\/\/www.notibras.com\/site\/ano-do-cavalo-2026-trara-o-destino-a-galope\/\",\"url\":\"https:\/\/www.notibras.com\/site\/ano-do-cavalo-2026-trara-o-destino-a-galope\/\",\"name\":\"Ano do Cavalo, 2026 trar\u00e1 o destino a galope - Notibras\",\"isPartOf\":{\"@id\":\"https:\/\/www.notibras.com\/site\/#website\"},\"primaryImageOfPage\":{\"@id\":\"https:\/\/www.notibras.com\/site\/ano-do-cavalo-2026-trara-o-destino-a-galope\/#primaryimage\"},\"image\":{\"@id\":\"https:\/\/www.notibras.com\/site\/ano-do-cavalo-2026-trara-o-destino-a-galope\/#primaryimage\"},\"thumbnailUrl\":\"https:\/\/www.notibras.com\/site\/wp-content\/uploads\/2026\/01\/e96958bc-807c-4d04-b82e-f1c092cd8f44.png\",\"datePublished\":\"2026-01-07T10:15:50+00:00\",\"dateModified\":\"2026-01-07T11:19:04+00:00\",\"breadcrumb\":{\"@id\":\"https:\/\/www.notibras.com\/site\/ano-do-cavalo-2026-trara-o-destino-a-galope\/#breadcrumb\"},\"inLanguage\":\"pt-BR\",\"potentialAction\":[{\"@type\":\"ReadAction\",\"target\":[\"https:\/\/www.notibras.com\/site\/ano-do-cavalo-2026-trara-o-destino-a-galope\/\"]}]},{\"@type\":\"ImageObject\",\"inLanguage\":\"pt-BR\",\"@id\":\"https:\/\/www.notibras.com\/site\/ano-do-cavalo-2026-trara-o-destino-a-galope\/#primaryimage\",\"url\":\"https:\/\/www.notibras.com\/site\/wp-content\/uploads\/2026\/01\/e96958bc-807c-4d04-b82e-f1c092cd8f44.png\",\"contentUrl\":\"https:\/\/www.notibras.com\/site\/wp-content\/uploads\/2026\/01\/e96958bc-807c-4d04-b82e-f1c092cd8f44.png\",\"width\":1024,\"height\":1536},{\"@type\":\"BreadcrumbList\",\"@id\":\"https:\/\/www.notibras.com\/site\/ano-do-cavalo-2026-trara-o-destino-a-galope\/#breadcrumb\",\"itemListElement\":[{\"@type\":\"ListItem\",\"position\":1,\"name\":\"In\u00edcio\",\"item\":\"https:\/\/www.notibras.com\/site\/\"},{\"@type\":\"ListItem\",\"position\":2,\"name\":\"Ano do Cavalo, 2026 trar\u00e1 o destino a galope\"}]},{\"@type\":\"WebSite\",\"@id\":\"https:\/\/www.notibras.com\/site\/#website\",\"url\":\"https:\/\/www.notibras.com\/site\/\",\"name\":\"Notibras\",\"description\":\"Not\u00edcias de Bras\u00edlia, do Brasil e do Mundo\",\"publisher\":{\"@id\":\"https:\/\/www.notibras.com\/site\/#organization\"},\"potentialAction\":[{\"@type\":\"SearchAction\",\"target\":{\"@type\":\"EntryPoint\",\"urlTemplate\":\"https:\/\/www.notibras.com\/site\/?s={search_term_string}\"},\"query-input\":{\"@type\":\"PropertyValueSpecification\",\"valueRequired\":true,\"valueName\":\"search_term_string\"}}],\"inLanguage\":\"pt-BR\"},{\"@type\":\"Organization\",\"@id\":\"https:\/\/www.notibras.com\/site\/#organization\",\"name\":\"Grupo Notibras de Comunica\u00e7\u00e3o\",\"url\":\"https:\/\/www.notibras.com\/site\/\",\"logo\":{\"@type\":\"ImageObject\",\"inLanguage\":\"pt-BR\",\"@id\":\"https:\/\/www.notibras.com\/site\/#\/schema\/logo\/image\/\",\"url\":\"https:\/\/www.notibras.com\/site\/wp-content\/uploads\/2023\/01\/notibras23.png\",\"contentUrl\":\"https:\/\/www.notibras.com\/site\/wp-content\/uploads\/2023\/01\/notibras23.png\",\"width\":350,\"height\":87,\"caption\":\"Grupo Notibras de Comunica\u00e7\u00e3o\"},\"image\":{\"@id\":\"https:\/\/www.notibras.com\/site\/#\/schema\/logo\/image\/\"},\"sameAs\":[\"https:\/\/www.facebook.com\/notibras\/\",\"https:\/\/x.com\/Notibras\",\"https:\/\/www.instagram.com\/notibras\/\"]},{\"@type\":\"Person\",\"@id\":\"https:\/\/www.notibras.com\/site\/#\/schema\/person\/36ab0979449956132d3e5b517ea76ac8\",\"name\":\"Reda\u00e7\u00e3o\",\"image\":{\"@type\":\"ImageObject\",\"inLanguage\":\"pt-BR\",\"@id\":\"https:\/\/secure.gravatar.com\/avatar\/e0a867bdedb85fd243eadf09663511f96fc81e0720a4a42581f334ad4303aa6b?s=96&d=mm&r=g\",\"url\":\"https:\/\/secure.gravatar.com\/avatar\/e0a867bdedb85fd243eadf09663511f96fc81e0720a4a42581f334ad4303aa6b?s=96&d=mm&r=g\",\"contentUrl\":\"https:\/\/secure.gravatar.com\/avatar\/e0a867bdedb85fd243eadf09663511f96fc81e0720a4a42581f334ad4303aa6b?s=96&d=mm&r=g\",\"caption\":\"Reda\u00e7\u00e3o\"}}]}<\/script>\n<!-- \/ Yoast SEO plugin. -->","yoast_head_json":{"title":"Ano do Cavalo, 2026 trar\u00e1 o destino a galope - Notibras","robots":{"index":"index","follow":"follow","max-snippet":"max-snippet:-1","max-image-preview":"max-image-preview:large","max-video-preview":"max-video-preview:-1"},"canonical":"https:\/\/www.notibras.com\/site\/ano-do-cavalo-2026-trara-o-destino-a-galope\/","og_locale":"pt_BR","og_type":"article","og_title":"Ano do Cavalo, 2026 trar\u00e1 o destino a galope - Notibras","og_description":"Na astrologia chinesa, o ano de 2026 ser\u00e1 regido pelo Cavalo, um dos signos mais intensos, inquietos e transformadores do zod\u00edaco oriental. O Cavalo n\u00e3o caminha: ele galopa. E quando assume a reg\u00eancia do tempo, anuncia um per\u00edodo em que a estagna\u00e7\u00e3o cobra seu pre\u00e7o e o movimento se torna inevit\u00e1vel. Trata-se de um ano [&hellip;]","og_url":"https:\/\/www.notibras.com\/site\/ano-do-cavalo-2026-trara-o-destino-a-galope\/","og_site_name":"Notibras","article_publisher":"https:\/\/www.facebook.com\/notibras\/","article_published_time":"2026-01-07T10:15:50+00:00","article_modified_time":"2026-01-07T11:19:04+00:00","og_image":[{"width":683,"height":1024,"url":"https:\/\/www.notibras.com\/site\/wp-content\/uploads\/2026\/01\/e96958bc-807c-4d04-b82e-f1c092cd8f44-683x1024.png","type":"image\/png"}],"author":"Reda\u00e7\u00e3o","twitter_card":"summary_large_image","twitter_creator":"@Notibras","twitter_site":"@Notibras","twitter_misc":{"Escrito por":"Reda\u00e7\u00e3o","Est. tempo de leitura":"3 minutos"},"schema":{"@context":"https:\/\/schema.org","@graph":[{"@type":"Article","@id":"https:\/\/www.notibras.com\/site\/ano-do-cavalo-2026-trara-o-destino-a-galope\/#article","isPartOf":{"@id":"https:\/\/www.notibras.com\/site\/ano-do-cavalo-2026-trara-o-destino-a-galope\/"},"author":{"name":"Reda\u00e7\u00e3o","@id":"https:\/\/www.notibras.com\/site\/#\/schema\/person\/36ab0979449956132d3e5b517ea76ac8"},"headline":"Ano do Cavalo, 2026 trar\u00e1 o destino a galope","datePublished":"2026-01-07T10:15:50+00:00","dateModified":"2026-01-07T11:19:04+00:00","mainEntityOfPage":{"@id":"https:\/\/www.notibras.com\/site\/ano-do-cavalo-2026-trara-o-destino-a-galope\/"},"wordCount":454,"publisher":{"@id":"https:\/\/www.notibras.com\/site\/#organization"},"image":{"@id":"https:\/\/www.notibras.com\/site\/ano-do-cavalo-2026-trara-o-destino-a-galope\/#primaryimage"},"thumbnailUrl":"https:\/\/www.notibras.com\/site\/wp-content\/uploads\/2026\/01\/e96958bc-807c-4d04-b82e-f1c092cd8f44.png","articleSection":["Or\u00e1culos"],"inLanguage":"pt-BR"},{"@type":"WebPage","@id":"https:\/\/www.notibras.com\/site\/ano-do-cavalo-2026-trara-o-destino-a-galope\/","url":"https:\/\/www.notibras.com\/site\/ano-do-cavalo-2026-trara-o-destino-a-galope\/","name":"Ano do Cavalo, 2026 trar\u00e1 o destino a galope - Notibras","isPartOf":{"@id":"https:\/\/www.notibras.com\/site\/#website"},"primaryImageOfPage":{"@id":"https:\/\/www.notibras.com\/site\/ano-do-cavalo-2026-trara-o-destino-a-galope\/#primaryimage"},"image":{"@id":"https:\/\/www.notibras.com\/site\/ano-do-cavalo-2026-trara-o-destino-a-galope\/#primaryimage"},"thumbnailUrl":"https:\/\/www.notibras.com\/site\/wp-content\/uploads\/2026\/01\/e96958bc-807c-4d04-b82e-f1c092cd8f44.png","datePublished":"2026-01-07T10:15:50+00:00","dateModified":"2026-01-07T11:19:04+00:00","breadcrumb":{"@id":"https:\/\/www.notibras.com\/site\/ano-do-cavalo-2026-trara-o-destino-a-galope\/#breadcrumb"},"inLanguage":"pt-BR","potentialAction":[{"@type":"ReadAction","target":["https:\/\/www.notibras.com\/site\/ano-do-cavalo-2026-trara-o-destino-a-galope\/"]}]},{"@type":"ImageObject","inLanguage":"pt-BR","@id":"https:\/\/www.notibras.com\/site\/ano-do-cavalo-2026-trara-o-destino-a-galope\/#primaryimage","url":"https:\/\/www.notibras.com\/site\/wp-content\/uploads\/2026\/01\/e96958bc-807c-4d04-b82e-f1c092cd8f44.png","contentUrl":"https:\/\/www.notibras.com\/site\/wp-content\/uploads\/2026\/01\/e96958bc-807c-4d04-b82e-f1c092cd8f44.png","width":1024,"height":1536},{"@type":"BreadcrumbList","@id":"https:\/\/www.notibras.com\/site\/ano-do-cavalo-2026-trara-o-destino-a-galope\/#breadcrumb","itemListElement":[{"@type":"ListItem","position":1,"name":"In\u00edcio","item":"https:\/\/www.notibras.com\/site\/"},{"@type":"ListItem","position":2,"name":"Ano do Cavalo, 2026 trar\u00e1 o destino a galope"}]},{"@type":"WebSite","@id":"https:\/\/www.notibras.com\/site\/#website","url":"https:\/\/www.notibras.com\/site\/","name":"Notibras","description":"Not\u00edcias de Bras\u00edlia, do Brasil e do Mundo","publisher":{"@id":"https:\/\/www.notibras.com\/site\/#organization"},"potentialAction":[{"@type":"SearchAction","target":{"@type":"EntryPoint","urlTemplate":"https:\/\/www.notibras.com\/site\/?s={search_term_string}"},"query-input":{"@type":"PropertyValueSpecification","valueRequired":true,"valueName":"search_term_string"}}],"inLanguage":"pt-BR"},{"@type":"Organization","@id":"https:\/\/www.notibras.com\/site\/#organization","name":"Grupo Notibras de Comunica\u00e7\u00e3o","url":"https:\/\/www.notibras.com\/site\/","logo":{"@type":"ImageObject","inLanguage":"pt-BR","@id":"https:\/\/www.notibras.com\/site\/#\/schema\/logo\/image\/","url":"https:\/\/www.notibras.com\/site\/wp-content\/uploads\/2023\/01\/notibras23.png","contentUrl":"https:\/\/www.notibras.com\/site\/wp-content\/uploads\/2023\/01\/notibras23.png","width":350,"height":87,"caption":"Grupo Notibras de Comunica\u00e7\u00e3o"},"image":{"@id":"https:\/\/www.notibras.com\/site\/#\/schema\/logo\/image\/"},"sameAs":["https:\/\/www.facebook.com\/notibras\/","https:\/\/x.com\/Notibras","https:\/\/www.instagram.com\/notibras\/"]},{"@type":"Person","@id":"https:\/\/www.notibras.com\/site\/#\/schema\/person\/36ab0979449956132d3e5b517ea76ac8","name":"Reda\u00e7\u00e3o","image":{"@type":"ImageObject","inLanguage":"pt-BR","@id":"https:\/\/secure.gravatar.com\/avatar\/e0a867bdedb85fd243eadf09663511f96fc81e0720a4a42581f334ad4303aa6b?s=96&d=mm&r=g","url":"https:\/\/secure.gravatar.com\/avatar\/e0a867bdedb85fd243eadf09663511f96fc81e0720a4a42581f334ad4303aa6b?s=96&d=mm&r=g","contentUrl":"https:\/\/secure.gravatar.com\/avatar\/e0a867bdedb85fd243eadf09663511f96fc81e0720a4a42581f334ad4303aa6b?s=96&d=mm&r=g","caption":"Reda\u00e7\u00e3o"}}]}},"amp_enabled":true,"_links":{"self":[{"href":"https:\/\/www.notibras.com\/site\/wp-json\/wp\/v2\/posts\/378051","targetHints":{"allow":["GET"]}}],"collection":[{"href":"https:\/\/www.notibras.com\/site\/wp-json\/wp\/v2\/posts"}],"about":[{"href":"https:\/\/www.notibras.com\/site\/wp-json\/wp\/v2\/types\/post"}],"author":[{"embeddable":true,"href":"https:\/\/www.notibras.com\/site\/wp-json\/wp\/v2\/users\/2"}],"replies":[{"embeddable":true,"href":"https:\/\/www.notibras.com\/site\/wp-json\/wp\/v2\/comments?post=378051"}],"version-history":[{"count":1,"href":"https:\/\/www.notibras.com\/site\/wp-json\/wp\/v2\/posts\/378051\/revisions"}],"predecessor-version":[{"id":378053,"href":"https:\/\/www.notibras.com\/site\/wp-json\/wp\/v2\/posts\/378051\/revisions\/378053"}],"wp:featuredmedia":[{"embeddable":true,"href":"https:\/\/www.notibras.com\/site\/wp-json\/wp\/v2\/media\/378052"}],"wp:attachment":[{"href":"https:\/\/www.notibras.com\/site\/wp-json\/wp\/v2\/media?parent=378051"}],"wp:term":[{"taxonomy":"category","embeddable":true,"href":"https:\/\/www.notibras.com\/site\/wp-json\/wp\/v2\/categories?post=378051"},{"taxonomy":"post_tag","embeddable":true,"href":"https:\/\/www.notibras.com\/site\/wp-json\/wp\/v2\/tags?post=378051"}],"curies":[{"name":"wp","href":"https:\/\/api.w.org\/{rel}","templated":true}]}}