{"id":378078,"date":"2026-01-07T09:38:42","date_gmt":"2026-01-07T12:38:42","guid":{"rendered":"https:\/\/www.notibras.com\/site\/?p=378078"},"modified":"2026-01-07T09:38:42","modified_gmt":"2026-01-07T12:38:42","slug":"sertanejo-busca-solucao-para-enfrentar-o-aquecimento-global","status":"publish","type":"post","link":"https:\/\/www.notibras.com\/site\/sertanejo-busca-solucao-para-enfrentar-o-aquecimento-global\/","title":{"rendered":"Sertanejo busca solu\u00e7\u00e3o para enfrentar o aquecimento global"},"content":{"rendered":"<p>O sol sempre foi presen\u00e7a constante no sert\u00e3o. Antes, era apenas parte da paisagem dura, do ch\u00e3o rachado e do suor que escorria lento no rosto do vaqueiro. Hoje, por\u00e9m, ele parece mais pr\u00f3ximo, mais quente, quase impaciente. O aquecimento global transformou o sol em personagem central da vida sertaneja, redefinindo rotinas, medos e esperan\u00e7as.<\/p>\n<p>As chuvas, que j\u00e1 foram incertas, agora se tornaram ainda mais imprevis\u00edveis. O inverno chega quando quer \u2014 \u00e0s vezes n\u00e3o chega. O agricultor olha o c\u00e9u como quem consulta um or\u00e1culo silencioso, tentando decifrar sinais em nuvens ralas e ventos quentes. Plantar virou ato de coragem, quase de f\u00e9. Cada semente lan\u00e7ada \u00e0 terra carrega o risco da perda, mas tamb\u00e9m a insist\u00eancia hist\u00f3rica de quem nunca aprendeu a desistir.<\/p>\n<p>Apesar das dificuldades, o sert\u00e3o n\u00e3o se entrega. Em meio \u00e0s mudan\u00e7as clim\u00e1ticas, surgem solu\u00e7\u00f5es moldadas pela criatividade e pela resist\u00eancia do povo nordestino. As cisternas, espalhadas como pequenas fortalezas de sobreviv\u00eancia, guardam a \u00e1gua da chuva como tesouro. A energia solar, antes apenas o sol que castigava, agora se transforma em aliada, gerando luz, renda e novas possibilidades para comunidades inteiras.<\/p>\n<p>No campo, t\u00e9cnicas de conviv\u00eancia com o semi\u00e1rido ganham for\u00e7a. O reuso da \u00e1gua, a agricultura familiar adaptada, as sementes crioulas e o manejo sustent\u00e1vel da caatinga mostram que \u00e9 poss\u00edvel produzir sem destruir. O sertanejo aprende a dialogar com a natureza, n\u00e3o mais a enfrent\u00e1-la. O saber ancestral se encontra com a ci\u00eancia, criando um caminho pr\u00f3prio, nascido do ch\u00e3o quente do Nordeste.<\/p>\n<p>As cidades do interior tamb\u00e9m sentem os efeitos do clima extremo: calor intenso, falta d\u2019\u00e1gua, impactos na sa\u00fade e no trabalho. Ainda assim, iniciativas comunit\u00e1rias, cooperativas e projetos sociais florescem como mandacaru em tempos dif\u00edceis. S\u00e3o sinais de que o futuro, embora desafiador, n\u00e3o est\u00e1 perdido.<\/p>\n<p>O aquecimento global imp\u00f5e urg\u00eancia, mas o sert\u00e3o responde com sabedoria. O Nordeste entende, talvez melhor do que muitos, que sustentabilidade n\u00e3o \u00e9 discurso distante \u2014 \u00e9 quest\u00e3o de sobreviv\u00eancia. E, entre sol forte e esperan\u00e7a teimosa, o povo segue reinventando a vida, provando que mesmo sob o clima mais duro, ainda \u00e9 poss\u00edvel semear futuro.<\/p>\n","protected":false},"excerpt":{"rendered":"<p>O sol sempre foi presen\u00e7a constante no sert\u00e3o. Antes, era apenas parte da paisagem dura, do ch\u00e3o rachado e do suor que escorria lento no rosto do vaqueiro. Hoje, por\u00e9m, ele parece mais pr\u00f3ximo, mais quente, quase impaciente. O aquecimento global transformou o sol em personagem central da vida sertaneja, redefinindo rotinas, medos e esperan\u00e7as. [&hellip;]<\/p>\n","protected":false},"author":2,"featured_media":378079,"comment_status":"closed","ping_status":"closed","sticky":false,"template":"","format":"standard","meta":{"_acf_changed":false,"footnotes":""},"categories":[165],"tags":[],"class_list":["post-378078","post","type-post","status-publish","format-standard","has-post-thumbnail","hentry","category-nordeste"],"acf":[],"yoast_head":"<!-- This site is optimized with the Yoast SEO plugin v27.2 - https:\/\/yoast.com\/product\/yoast-seo-wordpress\/ -->\n<title>Sertanejo busca solu\u00e7\u00e3o para enfrentar o aquecimento global - Notibras<\/title>\n<meta name=\"robots\" content=\"index, follow, max-snippet:-1, max-image-preview:large, max-video-preview:-1\" \/>\n<link rel=\"canonical\" href=\"https:\/\/www.notibras.com\/site\/sertanejo-busca-solucao-para-enfrentar-o-aquecimento-global\/\" \/>\n<meta property=\"og:locale\" content=\"pt_BR\" \/>\n<meta property=\"og:type\" content=\"article\" \/>\n<meta property=\"og:title\" content=\"Sertanejo busca solu\u00e7\u00e3o para enfrentar o aquecimento global - Notibras\" \/>\n<meta property=\"og:description\" content=\"O sol sempre foi presen\u00e7a constante no sert\u00e3o. Antes, era apenas parte da paisagem dura, do ch\u00e3o rachado e do suor que escorria lento no rosto do vaqueiro. Hoje, por\u00e9m, ele parece mais pr\u00f3ximo, mais quente, quase impaciente. O aquecimento global transformou o sol em personagem central da vida sertaneja, redefinindo rotinas, medos e esperan\u00e7as. [&hellip;]\" \/>\n<meta property=\"og:url\" content=\"https:\/\/www.notibras.com\/site\/sertanejo-busca-solucao-para-enfrentar-o-aquecimento-global\/\" \/>\n<meta property=\"og:site_name\" content=\"Notibras\" \/>\n<meta property=\"article:publisher\" content=\"https:\/\/www.facebook.com\/notibras\/\" \/>\n<meta property=\"article:published_time\" content=\"2026-01-07T12:38:42+00:00\" \/>\n<meta property=\"og:image\" content=\"https:\/\/www.notibras.com\/site\/wp-content\/uploads\/2026\/01\/b997623f-f9e5-4e44-838d-a0d3a576c036.jpg\" \/>\n\t<meta property=\"og:image:width\" content=\"1200\" \/>\n\t<meta property=\"og:image:height\" content=\"675\" \/>\n\t<meta property=\"og:image:type\" content=\"image\/jpeg\" \/>\n<meta name=\"author\" content=\"Reda\u00e7\u00e3o\" \/>\n<meta name=\"twitter:card\" content=\"summary_large_image\" \/>\n<meta name=\"twitter:creator\" content=\"@Notibras\" \/>\n<meta name=\"twitter:site\" content=\"@Notibras\" \/>\n<meta name=\"twitter:label1\" content=\"Escrito por\" \/>\n\t<meta name=\"twitter:data1\" content=\"Reda\u00e7\u00e3o\" \/>\n\t<meta name=\"twitter:label2\" content=\"Est. tempo de leitura\" \/>\n\t<meta name=\"twitter:data2\" content=\"3 minutos\" \/>\n<script type=\"application\/ld+json\" class=\"yoast-schema-graph\">{\"@context\":\"https:\/\/schema.org\",\"@graph\":[{\"@type\":\"Article\",\"@id\":\"https:\/\/www.notibras.com\/site\/sertanejo-busca-solucao-para-enfrentar-o-aquecimento-global\/#article\",\"isPartOf\":{\"@id\":\"https:\/\/www.notibras.com\/site\/sertanejo-busca-solucao-para-enfrentar-o-aquecimento-global\/\"},\"author\":{\"name\":\"Reda\u00e7\u00e3o\",\"@id\":\"https:\/\/www.notibras.com\/site\/#\/schema\/person\/36ab0979449956132d3e5b517ea76ac8\"},\"headline\":\"Sertanejo busca solu\u00e7\u00e3o para enfrentar o aquecimento global\",\"datePublished\":\"2026-01-07T12:38:42+00:00\",\"mainEntityOfPage\":{\"@id\":\"https:\/\/www.notibras.com\/site\/sertanejo-busca-solucao-para-enfrentar-o-aquecimento-global\/\"},\"wordCount\":403,\"publisher\":{\"@id\":\"https:\/\/www.notibras.com\/site\/#organization\"},\"image\":{\"@id\":\"https:\/\/www.notibras.com\/site\/sertanejo-busca-solucao-para-enfrentar-o-aquecimento-global\/#primaryimage\"},\"thumbnailUrl\":\"https:\/\/www.notibras.com\/site\/wp-content\/uploads\/2026\/01\/b997623f-f9e5-4e44-838d-a0d3a576c036.jpg\",\"articleSection\":[\"Nordeste\"],\"inLanguage\":\"pt-BR\"},{\"@type\":\"WebPage\",\"@id\":\"https:\/\/www.notibras.com\/site\/sertanejo-busca-solucao-para-enfrentar-o-aquecimento-global\/\",\"url\":\"https:\/\/www.notibras.com\/site\/sertanejo-busca-solucao-para-enfrentar-o-aquecimento-global\/\",\"name\":\"Sertanejo busca solu\u00e7\u00e3o para enfrentar o aquecimento global - Notibras\",\"isPartOf\":{\"@id\":\"https:\/\/www.notibras.com\/site\/#website\"},\"primaryImageOfPage\":{\"@id\":\"https:\/\/www.notibras.com\/site\/sertanejo-busca-solucao-para-enfrentar-o-aquecimento-global\/#primaryimage\"},\"image\":{\"@id\":\"https:\/\/www.notibras.com\/site\/sertanejo-busca-solucao-para-enfrentar-o-aquecimento-global\/#primaryimage\"},\"thumbnailUrl\":\"https:\/\/www.notibras.com\/site\/wp-content\/uploads\/2026\/01\/b997623f-f9e5-4e44-838d-a0d3a576c036.jpg\",\"datePublished\":\"2026-01-07T12:38:42+00:00\",\"breadcrumb\":{\"@id\":\"https:\/\/www.notibras.com\/site\/sertanejo-busca-solucao-para-enfrentar-o-aquecimento-global\/#breadcrumb\"},\"inLanguage\":\"pt-BR\",\"potentialAction\":[{\"@type\":\"ReadAction\",\"target\":[\"https:\/\/www.notibras.com\/site\/sertanejo-busca-solucao-para-enfrentar-o-aquecimento-global\/\"]}]},{\"@type\":\"ImageObject\",\"inLanguage\":\"pt-BR\",\"@id\":\"https:\/\/www.notibras.com\/site\/sertanejo-busca-solucao-para-enfrentar-o-aquecimento-global\/#primaryimage\",\"url\":\"https:\/\/www.notibras.com\/site\/wp-content\/uploads\/2026\/01\/b997623f-f9e5-4e44-838d-a0d3a576c036.jpg\",\"contentUrl\":\"https:\/\/www.notibras.com\/site\/wp-content\/uploads\/2026\/01\/b997623f-f9e5-4e44-838d-a0d3a576c036.jpg\",\"width\":1200,\"height\":675},{\"@type\":\"BreadcrumbList\",\"@id\":\"https:\/\/www.notibras.com\/site\/sertanejo-busca-solucao-para-enfrentar-o-aquecimento-global\/#breadcrumb\",\"itemListElement\":[{\"@type\":\"ListItem\",\"position\":1,\"name\":\"In\u00edcio\",\"item\":\"https:\/\/www.notibras.com\/site\/\"},{\"@type\":\"ListItem\",\"position\":2,\"name\":\"Sertanejo busca solu\u00e7\u00e3o para enfrentar o aquecimento global\"}]},{\"@type\":\"WebSite\",\"@id\":\"https:\/\/www.notibras.com\/site\/#website\",\"url\":\"https:\/\/www.notibras.com\/site\/\",\"name\":\"Notibras\",\"description\":\"Not\u00edcias de Bras\u00edlia, do Brasil e do Mundo\",\"publisher\":{\"@id\":\"https:\/\/www.notibras.com\/site\/#organization\"},\"potentialAction\":[{\"@type\":\"SearchAction\",\"target\":{\"@type\":\"EntryPoint\",\"urlTemplate\":\"https:\/\/www.notibras.com\/site\/?s={search_term_string}\"},\"query-input\":{\"@type\":\"PropertyValueSpecification\",\"valueRequired\":true,\"valueName\":\"search_term_string\"}}],\"inLanguage\":\"pt-BR\"},{\"@type\":\"Organization\",\"@id\":\"https:\/\/www.notibras.com\/site\/#organization\",\"name\":\"Grupo Notibras de Comunica\u00e7\u00e3o\",\"url\":\"https:\/\/www.notibras.com\/site\/\",\"logo\":{\"@type\":\"ImageObject\",\"inLanguage\":\"pt-BR\",\"@id\":\"https:\/\/www.notibras.com\/site\/#\/schema\/logo\/image\/\",\"url\":\"https:\/\/www.notibras.com\/site\/wp-content\/uploads\/2023\/01\/notibras23.png\",\"contentUrl\":\"https:\/\/www.notibras.com\/site\/wp-content\/uploads\/2023\/01\/notibras23.png\",\"width\":350,\"height\":87,\"caption\":\"Grupo Notibras de Comunica\u00e7\u00e3o\"},\"image\":{\"@id\":\"https:\/\/www.notibras.com\/site\/#\/schema\/logo\/image\/\"},\"sameAs\":[\"https:\/\/www.facebook.com\/notibras\/\",\"https:\/\/x.com\/Notibras\",\"https:\/\/www.instagram.com\/notibras\/\"]},{\"@type\":\"Person\",\"@id\":\"https:\/\/www.notibras.com\/site\/#\/schema\/person\/36ab0979449956132d3e5b517ea76ac8\",\"name\":\"Reda\u00e7\u00e3o\",\"image\":{\"@type\":\"ImageObject\",\"inLanguage\":\"pt-BR\",\"@id\":\"https:\/\/secure.gravatar.com\/avatar\/e0a867bdedb85fd243eadf09663511f96fc81e0720a4a42581f334ad4303aa6b?s=96&d=mm&r=g\",\"url\":\"https:\/\/secure.gravatar.com\/avatar\/e0a867bdedb85fd243eadf09663511f96fc81e0720a4a42581f334ad4303aa6b?s=96&d=mm&r=g\",\"contentUrl\":\"https:\/\/secure.gravatar.com\/avatar\/e0a867bdedb85fd243eadf09663511f96fc81e0720a4a42581f334ad4303aa6b?s=96&d=mm&r=g\",\"caption\":\"Reda\u00e7\u00e3o\"}}]}<\/script>\n<!-- \/ Yoast SEO plugin. -->","yoast_head_json":{"title":"Sertanejo busca solu\u00e7\u00e3o para enfrentar o aquecimento global - Notibras","robots":{"index":"index","follow":"follow","max-snippet":"max-snippet:-1","max-image-preview":"max-image-preview:large","max-video-preview":"max-video-preview:-1"},"canonical":"https:\/\/www.notibras.com\/site\/sertanejo-busca-solucao-para-enfrentar-o-aquecimento-global\/","og_locale":"pt_BR","og_type":"article","og_title":"Sertanejo busca solu\u00e7\u00e3o para enfrentar o aquecimento global - Notibras","og_description":"O sol sempre foi presen\u00e7a constante no sert\u00e3o. Antes, era apenas parte da paisagem dura, do ch\u00e3o rachado e do suor que escorria lento no rosto do vaqueiro. Hoje, por\u00e9m, ele parece mais pr\u00f3ximo, mais quente, quase impaciente. O aquecimento global transformou o sol em personagem central da vida sertaneja, redefinindo rotinas, medos e esperan\u00e7as. [&hellip;]","og_url":"https:\/\/www.notibras.com\/site\/sertanejo-busca-solucao-para-enfrentar-o-aquecimento-global\/","og_site_name":"Notibras","article_publisher":"https:\/\/www.facebook.com\/notibras\/","article_published_time":"2026-01-07T12:38:42+00:00","og_image":[{"width":1200,"height":675,"url":"https:\/\/www.notibras.com\/site\/wp-content\/uploads\/2026\/01\/b997623f-f9e5-4e44-838d-a0d3a576c036.jpg","type":"image\/jpeg"}],"author":"Reda\u00e7\u00e3o","twitter_card":"summary_large_image","twitter_creator":"@Notibras","twitter_site":"@Notibras","twitter_misc":{"Escrito por":"Reda\u00e7\u00e3o","Est. tempo de leitura":"3 minutos"},"schema":{"@context":"https:\/\/schema.org","@graph":[{"@type":"Article","@id":"https:\/\/www.notibras.com\/site\/sertanejo-busca-solucao-para-enfrentar-o-aquecimento-global\/#article","isPartOf":{"@id":"https:\/\/www.notibras.com\/site\/sertanejo-busca-solucao-para-enfrentar-o-aquecimento-global\/"},"author":{"name":"Reda\u00e7\u00e3o","@id":"https:\/\/www.notibras.com\/site\/#\/schema\/person\/36ab0979449956132d3e5b517ea76ac8"},"headline":"Sertanejo busca solu\u00e7\u00e3o para enfrentar o aquecimento global","datePublished":"2026-01-07T12:38:42+00:00","mainEntityOfPage":{"@id":"https:\/\/www.notibras.com\/site\/sertanejo-busca-solucao-para-enfrentar-o-aquecimento-global\/"},"wordCount":403,"publisher":{"@id":"https:\/\/www.notibras.com\/site\/#organization"},"image":{"@id":"https:\/\/www.notibras.com\/site\/sertanejo-busca-solucao-para-enfrentar-o-aquecimento-global\/#primaryimage"},"thumbnailUrl":"https:\/\/www.notibras.com\/site\/wp-content\/uploads\/2026\/01\/b997623f-f9e5-4e44-838d-a0d3a576c036.jpg","articleSection":["Nordeste"],"inLanguage":"pt-BR"},{"@type":"WebPage","@id":"https:\/\/www.notibras.com\/site\/sertanejo-busca-solucao-para-enfrentar-o-aquecimento-global\/","url":"https:\/\/www.notibras.com\/site\/sertanejo-busca-solucao-para-enfrentar-o-aquecimento-global\/","name":"Sertanejo busca solu\u00e7\u00e3o para enfrentar o aquecimento global - Notibras","isPartOf":{"@id":"https:\/\/www.notibras.com\/site\/#website"},"primaryImageOfPage":{"@id":"https:\/\/www.notibras.com\/site\/sertanejo-busca-solucao-para-enfrentar-o-aquecimento-global\/#primaryimage"},"image":{"@id":"https:\/\/www.notibras.com\/site\/sertanejo-busca-solucao-para-enfrentar-o-aquecimento-global\/#primaryimage"},"thumbnailUrl":"https:\/\/www.notibras.com\/site\/wp-content\/uploads\/2026\/01\/b997623f-f9e5-4e44-838d-a0d3a576c036.jpg","datePublished":"2026-01-07T12:38:42+00:00","breadcrumb":{"@id":"https:\/\/www.notibras.com\/site\/sertanejo-busca-solucao-para-enfrentar-o-aquecimento-global\/#breadcrumb"},"inLanguage":"pt-BR","potentialAction":[{"@type":"ReadAction","target":["https:\/\/www.notibras.com\/site\/sertanejo-busca-solucao-para-enfrentar-o-aquecimento-global\/"]}]},{"@type":"ImageObject","inLanguage":"pt-BR","@id":"https:\/\/www.notibras.com\/site\/sertanejo-busca-solucao-para-enfrentar-o-aquecimento-global\/#primaryimage","url":"https:\/\/www.notibras.com\/site\/wp-content\/uploads\/2026\/01\/b997623f-f9e5-4e44-838d-a0d3a576c036.jpg","contentUrl":"https:\/\/www.notibras.com\/site\/wp-content\/uploads\/2026\/01\/b997623f-f9e5-4e44-838d-a0d3a576c036.jpg","width":1200,"height":675},{"@type":"BreadcrumbList","@id":"https:\/\/www.notibras.com\/site\/sertanejo-busca-solucao-para-enfrentar-o-aquecimento-global\/#breadcrumb","itemListElement":[{"@type":"ListItem","position":1,"name":"In\u00edcio","item":"https:\/\/www.notibras.com\/site\/"},{"@type":"ListItem","position":2,"name":"Sertanejo busca solu\u00e7\u00e3o para enfrentar o aquecimento global"}]},{"@type":"WebSite","@id":"https:\/\/www.notibras.com\/site\/#website","url":"https:\/\/www.notibras.com\/site\/","name":"Notibras","description":"Not\u00edcias de Bras\u00edlia, do Brasil e do Mundo","publisher":{"@id":"https:\/\/www.notibras.com\/site\/#organization"},"potentialAction":[{"@type":"SearchAction","target":{"@type":"EntryPoint","urlTemplate":"https:\/\/www.notibras.com\/site\/?s={search_term_string}"},"query-input":{"@type":"PropertyValueSpecification","valueRequired":true,"valueName":"search_term_string"}}],"inLanguage":"pt-BR"},{"@type":"Organization","@id":"https:\/\/www.notibras.com\/site\/#organization","name":"Grupo Notibras de Comunica\u00e7\u00e3o","url":"https:\/\/www.notibras.com\/site\/","logo":{"@type":"ImageObject","inLanguage":"pt-BR","@id":"https:\/\/www.notibras.com\/site\/#\/schema\/logo\/image\/","url":"https:\/\/www.notibras.com\/site\/wp-content\/uploads\/2023\/01\/notibras23.png","contentUrl":"https:\/\/www.notibras.com\/site\/wp-content\/uploads\/2023\/01\/notibras23.png","width":350,"height":87,"caption":"Grupo Notibras de Comunica\u00e7\u00e3o"},"image":{"@id":"https:\/\/www.notibras.com\/site\/#\/schema\/logo\/image\/"},"sameAs":["https:\/\/www.facebook.com\/notibras\/","https:\/\/x.com\/Notibras","https:\/\/www.instagram.com\/notibras\/"]},{"@type":"Person","@id":"https:\/\/www.notibras.com\/site\/#\/schema\/person\/36ab0979449956132d3e5b517ea76ac8","name":"Reda\u00e7\u00e3o","image":{"@type":"ImageObject","inLanguage":"pt-BR","@id":"https:\/\/secure.gravatar.com\/avatar\/e0a867bdedb85fd243eadf09663511f96fc81e0720a4a42581f334ad4303aa6b?s=96&d=mm&r=g","url":"https:\/\/secure.gravatar.com\/avatar\/e0a867bdedb85fd243eadf09663511f96fc81e0720a4a42581f334ad4303aa6b?s=96&d=mm&r=g","contentUrl":"https:\/\/secure.gravatar.com\/avatar\/e0a867bdedb85fd243eadf09663511f96fc81e0720a4a42581f334ad4303aa6b?s=96&d=mm&r=g","caption":"Reda\u00e7\u00e3o"}}]}},"amp_enabled":true,"_links":{"self":[{"href":"https:\/\/www.notibras.com\/site\/wp-json\/wp\/v2\/posts\/378078","targetHints":{"allow":["GET"]}}],"collection":[{"href":"https:\/\/www.notibras.com\/site\/wp-json\/wp\/v2\/posts"}],"about":[{"href":"https:\/\/www.notibras.com\/site\/wp-json\/wp\/v2\/types\/post"}],"author":[{"embeddable":true,"href":"https:\/\/www.notibras.com\/site\/wp-json\/wp\/v2\/users\/2"}],"replies":[{"embeddable":true,"href":"https:\/\/www.notibras.com\/site\/wp-json\/wp\/v2\/comments?post=378078"}],"version-history":[{"count":1,"href":"https:\/\/www.notibras.com\/site\/wp-json\/wp\/v2\/posts\/378078\/revisions"}],"predecessor-version":[{"id":378080,"href":"https:\/\/www.notibras.com\/site\/wp-json\/wp\/v2\/posts\/378078\/revisions\/378080"}],"wp:featuredmedia":[{"embeddable":true,"href":"https:\/\/www.notibras.com\/site\/wp-json\/wp\/v2\/media\/378079"}],"wp:attachment":[{"href":"https:\/\/www.notibras.com\/site\/wp-json\/wp\/v2\/media?parent=378078"}],"wp:term":[{"taxonomy":"category","embeddable":true,"href":"https:\/\/www.notibras.com\/site\/wp-json\/wp\/v2\/categories?post=378078"},{"taxonomy":"post_tag","embeddable":true,"href":"https:\/\/www.notibras.com\/site\/wp-json\/wp\/v2\/tags?post=378078"}],"curies":[{"name":"wp","href":"https:\/\/api.w.org\/{rel}","templated":true}]}}