{"id":378081,"date":"2026-01-07T13:25:47","date_gmt":"2026-01-07T16:25:47","guid":{"rendered":"https:\/\/www.notibras.com\/site\/?p=378081"},"modified":"2026-01-07T14:32:14","modified_gmt":"2026-01-07T17:32:14","slug":"moscou-mantem-silencio-calculado-apos-captura-do-petroleiro-marinera","status":"publish","type":"post","link":"https:\/\/www.notibras.com\/site\/moscou-mantem-silencio-calculado-apos-captura-do-petroleiro-marinera\/","title":{"rendered":"Moscou mant\u00e9m sil\u00eancio calculado ap\u00f3s captura do petroleiro Marinera"},"content":{"rendered":"<p>A apreens\u00e3o, pelos Estados Unidos, do petroleiro Marinera (anteriormente Bella-1), com bandeira russa em \u00e1guas internacionais abriu nesta quarta, 7, um novo flanco de tens\u00e3o geopol\u00edtica neste alvorecer de 2026 e levantou questionamentos sobre os limites do direito internacional, o alcance das san\u00e7\u00f5es econ\u00f4micas e o risco de normaliza\u00e7\u00e3o de a\u00e7\u00f5es que alguns pa\u00edses classificam como pirataria estatal.<\/p>\n<p>Segundo Washington, a intercepta\u00e7\u00e3o ocorreu com base em ordem judicial norte-americana, no contexto do combate a redes que burlam san\u00e7\u00f5es relacionadas ao com\u00e9rcio de petr\u00f3leo, especialmente envolvendo a Venezuela e a chamada shadow fleet. O navio teria desligado sistemas de identifica\u00e7\u00e3o e alterado registro para escapar de fiscaliza\u00e7\u00f5es.<\/p>\n<p>A rea\u00e7\u00e3o da R\u00fassia chamou aten\u00e7\u00e3o pela modera\u00e7\u00e3o. Moscou evitou amea\u00e7as diretas ou retalia\u00e7\u00f5es imediatas, limitando-se a condenar a a\u00e7\u00e3o e exigir tratamento humanizado \u00e0 tripula\u00e7\u00e3o de cidadania russa. O tom contido sugere cautela estrat\u00e9gica: o Kremlin prefere questionar a legalidade do ato sem escalar o confronto com os EUA em um cen\u00e1rio internacional j\u00e1 saturado de crises.<\/p>\n<p><img loading=\"lazy\" decoding=\"async\" class=\"wp-image-378083 aligncenter\" src=\"https:\/\/www.notibras.com\/site\/wp-content\/uploads\/2026\/01\/G-Eb2yqXQAIzfW7-300x169.jpg\" alt=\"\" width=\"485\" height=\"273\" srcset=\"https:\/\/www.notibras.com\/site\/wp-content\/uploads\/2026\/01\/G-Eb2yqXQAIzfW7-300x169.jpg 300w, https:\/\/www.notibras.com\/site\/wp-content\/uploads\/2026\/01\/G-Eb2yqXQAIzfW7.jpg 680w\" sizes=\"auto, (max-width: 485px) 100vw, 485px\" \/><\/p>\n<p>O epis\u00f3dio reacendeu o debate jur\u00eddico. Cr\u00edticos afirmam que a apreens\u00e3o viola a Conven\u00e7\u00e3o da ONU sobre o Direito do Mar, que garante liberdade de navega\u00e7\u00e3o em alto-mar e restringe abordagens coercitivas entre Estados. Para esses pa\u00edses, trata-se de um precedente perigoso, que aproxima san\u00e7\u00f5es de atos de for\u00e7a t\u00edpicos da pirataria, ainda que praticados por um Estado.<\/p>\n<p>Washington, por sua vez, sustenta que n\u00e3o houve ilegalidade, mas execu\u00e7\u00e3o de san\u00e7\u00f5es respaldadas por seu sistema judicial. O problema central est\u00e1 na jurisdi\u00e7\u00e3o extraterritorial: at\u00e9 que ponto um pa\u00eds pode impor suas leis a embarca\u00e7\u00f5es estrangeiras fora de suas \u00e1guas territoriais?<\/p>\n<p>A China demonstrou contrariedade ao epis\u00f3dio, reiterando sua oposi\u00e7\u00e3o a san\u00e7\u00f5es unilaterais e a\u00e7\u00f5es que, segundo Pequim, corroem a ordem multilateral. Para o governo chin\u00eas, a apreens\u00e3o cria inseguran\u00e7a para o com\u00e9rcio mar\u00edtimo global e amea\u00e7a princ\u00edpios fundamentais da navega\u00e7\u00e3o internacional \u2014 tema sens\u00edvel para um pa\u00eds altamente dependente de rotas oce\u00e2nicas.<\/p>\n<p>O caso tende a produzir efeitos duradouros, como aumento da tens\u00e3o EUA\u2013R\u00fassia, ainda que sem confronto imediato; judicializa\u00e7\u00e3o e politiza\u00e7\u00e3o do direito mar\u00edtimo internacional; fortalecimento do discurso contra san\u00e7\u00f5es unilaterais, especialmente entre pa\u00edses do Sul Global; e, maior alinhamento entre R\u00fassia, China e aliados em f\u00f3runs multilaterais.<\/p>\n<p>Mais do que um incidente isolado, a apreens\u00e3o do petroleiro exp\u00f5e uma disputa maior. Afinal, quem define as regras do mar em um mundo cada vez mais fragmentado \u2014 o direito internacional ou o poder de quem pode imp\u00f4-lo pela for\u00e7a?<\/p>\n","protected":false},"excerpt":{"rendered":"<p>A apreens\u00e3o, pelos Estados Unidos, do petroleiro Marinera (anteriormente Bella-1), com bandeira russa em \u00e1guas internacionais abriu nesta quarta, 7, um novo flanco de tens\u00e3o geopol\u00edtica neste alvorecer de 2026 e levantou questionamentos sobre os limites do direito internacional, o alcance das san\u00e7\u00f5es econ\u00f4micas e o risco de normaliza\u00e7\u00e3o de a\u00e7\u00f5es que alguns pa\u00edses classificam [&hellip;]<\/p>\n","protected":false},"author":2,"featured_media":378082,"comment_status":"closed","ping_status":"closed","sticky":false,"template":"","format":"standard","meta":{"_acf_changed":false,"footnotes":""},"categories":[159],"tags":[95],"class_list":["post-378081","post","type-post","status-publish","format-standard","has-post-thumbnail","hentry","category-apocalipse","tag-capa"],"acf":[],"yoast_head":"<!-- This site is optimized with the Yoast SEO plugin v27.2 - https:\/\/yoast.com\/product\/yoast-seo-wordpress\/ -->\n<title>Moscou mant\u00e9m sil\u00eancio calculado ap\u00f3s captura do petroleiro Marinera - Notibras<\/title>\n<meta name=\"robots\" content=\"index, follow, max-snippet:-1, max-image-preview:large, max-video-preview:-1\" \/>\n<link rel=\"canonical\" href=\"https:\/\/www.notibras.com\/site\/moscou-mantem-silencio-calculado-apos-captura-do-petroleiro-marinera\/\" \/>\n<meta property=\"og:locale\" content=\"pt_BR\" \/>\n<meta property=\"og:type\" content=\"article\" \/>\n<meta property=\"og:title\" content=\"Moscou mant\u00e9m sil\u00eancio calculado ap\u00f3s captura do petroleiro Marinera - Notibras\" \/>\n<meta property=\"og:description\" content=\"A apreens\u00e3o, pelos Estados Unidos, do petroleiro Marinera (anteriormente Bella-1), com bandeira russa em \u00e1guas internacionais abriu nesta quarta, 7, um novo flanco de tens\u00e3o geopol\u00edtica neste alvorecer de 2026 e levantou questionamentos sobre os limites do direito internacional, o alcance das san\u00e7\u00f5es econ\u00f4micas e o risco de normaliza\u00e7\u00e3o de a\u00e7\u00f5es que alguns pa\u00edses classificam [&hellip;]\" \/>\n<meta property=\"og:url\" content=\"https:\/\/www.notibras.com\/site\/moscou-mantem-silencio-calculado-apos-captura-do-petroleiro-marinera\/\" \/>\n<meta property=\"og:site_name\" content=\"Notibras\" \/>\n<meta property=\"article:publisher\" content=\"https:\/\/www.facebook.com\/notibras\/\" \/>\n<meta property=\"article:published_time\" content=\"2026-01-07T16:25:47+00:00\" \/>\n<meta property=\"article:modified_time\" content=\"2026-01-07T17:32:14+00:00\" \/>\n<meta property=\"og:image\" content=\"https:\/\/www.notibras.com\/site\/wp-content\/uploads\/2026\/01\/1080174066_0_107_2048_1259_1920x0_80_0_0_a0f521ce76e1580767d51d6290efc66f.jpg.webp\" \/>\n\t<meta property=\"og:image:width\" content=\"1920\" \/>\n\t<meta property=\"og:image:height\" content=\"1080\" \/>\n\t<meta property=\"og:image:type\" content=\"image\/webp\" \/>\n<meta name=\"author\" content=\"Reda\u00e7\u00e3o\" \/>\n<meta name=\"twitter:card\" content=\"summary_large_image\" \/>\n<meta name=\"twitter:creator\" content=\"@Notibras\" \/>\n<meta name=\"twitter:site\" content=\"@Notibras\" \/>\n<meta name=\"twitter:label1\" content=\"Escrito por\" \/>\n\t<meta name=\"twitter:data1\" content=\"Reda\u00e7\u00e3o\" \/>\n\t<meta name=\"twitter:label2\" content=\"Est. tempo de leitura\" \/>\n\t<meta name=\"twitter:data2\" content=\"3 minutos\" \/>\n<script type=\"application\/ld+json\" class=\"yoast-schema-graph\">{\"@context\":\"https:\/\/schema.org\",\"@graph\":[{\"@type\":\"Article\",\"@id\":\"https:\/\/www.notibras.com\/site\/moscou-mantem-silencio-calculado-apos-captura-do-petroleiro-marinera\/#article\",\"isPartOf\":{\"@id\":\"https:\/\/www.notibras.com\/site\/moscou-mantem-silencio-calculado-apos-captura-do-petroleiro-marinera\/\"},\"author\":{\"name\":\"Reda\u00e7\u00e3o\",\"@id\":\"https:\/\/www.notibras.com\/site\/#\/schema\/person\/36ab0979449956132d3e5b517ea76ac8\"},\"headline\":\"Moscou mant\u00e9m sil\u00eancio calculado ap\u00f3s captura do petroleiro Marinera\",\"datePublished\":\"2026-01-07T16:25:47+00:00\",\"dateModified\":\"2026-01-07T17:32:14+00:00\",\"mainEntityOfPage\":{\"@id\":\"https:\/\/www.notibras.com\/site\/moscou-mantem-silencio-calculado-apos-captura-do-petroleiro-marinera\/\"},\"wordCount\":480,\"publisher\":{\"@id\":\"https:\/\/www.notibras.com\/site\/#organization\"},\"image\":{\"@id\":\"https:\/\/www.notibras.com\/site\/moscou-mantem-silencio-calculado-apos-captura-do-petroleiro-marinera\/#primaryimage\"},\"thumbnailUrl\":\"https:\/\/www.notibras.com\/site\/wp-content\/uploads\/2026\/01\/1080174066_0_107_2048_1259_1920x0_80_0_0_a0f521ce76e1580767d51d6290efc66f.jpg.webp\",\"keywords\":[\"capa\"],\"articleSection\":[\"Apocalipse\"],\"inLanguage\":\"pt-BR\"},{\"@type\":\"WebPage\",\"@id\":\"https:\/\/www.notibras.com\/site\/moscou-mantem-silencio-calculado-apos-captura-do-petroleiro-marinera\/\",\"url\":\"https:\/\/www.notibras.com\/site\/moscou-mantem-silencio-calculado-apos-captura-do-petroleiro-marinera\/\",\"name\":\"Moscou mant\u00e9m sil\u00eancio calculado ap\u00f3s captura do petroleiro Marinera - Notibras\",\"isPartOf\":{\"@id\":\"https:\/\/www.notibras.com\/site\/#website\"},\"primaryImageOfPage\":{\"@id\":\"https:\/\/www.notibras.com\/site\/moscou-mantem-silencio-calculado-apos-captura-do-petroleiro-marinera\/#primaryimage\"},\"image\":{\"@id\":\"https:\/\/www.notibras.com\/site\/moscou-mantem-silencio-calculado-apos-captura-do-petroleiro-marinera\/#primaryimage\"},\"thumbnailUrl\":\"https:\/\/www.notibras.com\/site\/wp-content\/uploads\/2026\/01\/1080174066_0_107_2048_1259_1920x0_80_0_0_a0f521ce76e1580767d51d6290efc66f.jpg.webp\",\"datePublished\":\"2026-01-07T16:25:47+00:00\",\"dateModified\":\"2026-01-07T17:32:14+00:00\",\"breadcrumb\":{\"@id\":\"https:\/\/www.notibras.com\/site\/moscou-mantem-silencio-calculado-apos-captura-do-petroleiro-marinera\/#breadcrumb\"},\"inLanguage\":\"pt-BR\",\"potentialAction\":[{\"@type\":\"ReadAction\",\"target\":[\"https:\/\/www.notibras.com\/site\/moscou-mantem-silencio-calculado-apos-captura-do-petroleiro-marinera\/\"]}]},{\"@type\":\"ImageObject\",\"inLanguage\":\"pt-BR\",\"@id\":\"https:\/\/www.notibras.com\/site\/moscou-mantem-silencio-calculado-apos-captura-do-petroleiro-marinera\/#primaryimage\",\"url\":\"https:\/\/www.notibras.com\/site\/wp-content\/uploads\/2026\/01\/1080174066_0_107_2048_1259_1920x0_80_0_0_a0f521ce76e1580767d51d6290efc66f.jpg.webp\",\"contentUrl\":\"https:\/\/www.notibras.com\/site\/wp-content\/uploads\/2026\/01\/1080174066_0_107_2048_1259_1920x0_80_0_0_a0f521ce76e1580767d51d6290efc66f.jpg.webp\",\"width\":1920,\"height\":1080},{\"@type\":\"BreadcrumbList\",\"@id\":\"https:\/\/www.notibras.com\/site\/moscou-mantem-silencio-calculado-apos-captura-do-petroleiro-marinera\/#breadcrumb\",\"itemListElement\":[{\"@type\":\"ListItem\",\"position\":1,\"name\":\"In\u00edcio\",\"item\":\"https:\/\/www.notibras.com\/site\/\"},{\"@type\":\"ListItem\",\"position\":2,\"name\":\"Moscou mant\u00e9m sil\u00eancio calculado ap\u00f3s captura do petroleiro Marinera\"}]},{\"@type\":\"WebSite\",\"@id\":\"https:\/\/www.notibras.com\/site\/#website\",\"url\":\"https:\/\/www.notibras.com\/site\/\",\"name\":\"Notibras\",\"description\":\"Not\u00edcias de Bras\u00edlia, do Brasil e do Mundo\",\"publisher\":{\"@id\":\"https:\/\/www.notibras.com\/site\/#organization\"},\"potentialAction\":[{\"@type\":\"SearchAction\",\"target\":{\"@type\":\"EntryPoint\",\"urlTemplate\":\"https:\/\/www.notibras.com\/site\/?s={search_term_string}\"},\"query-input\":{\"@type\":\"PropertyValueSpecification\",\"valueRequired\":true,\"valueName\":\"search_term_string\"}}],\"inLanguage\":\"pt-BR\"},{\"@type\":\"Organization\",\"@id\":\"https:\/\/www.notibras.com\/site\/#organization\",\"name\":\"Grupo Notibras de Comunica\u00e7\u00e3o\",\"url\":\"https:\/\/www.notibras.com\/site\/\",\"logo\":{\"@type\":\"ImageObject\",\"inLanguage\":\"pt-BR\",\"@id\":\"https:\/\/www.notibras.com\/site\/#\/schema\/logo\/image\/\",\"url\":\"https:\/\/www.notibras.com\/site\/wp-content\/uploads\/2023\/01\/notibras23.png\",\"contentUrl\":\"https:\/\/www.notibras.com\/site\/wp-content\/uploads\/2023\/01\/notibras23.png\",\"width\":350,\"height\":87,\"caption\":\"Grupo Notibras de Comunica\u00e7\u00e3o\"},\"image\":{\"@id\":\"https:\/\/www.notibras.com\/site\/#\/schema\/logo\/image\/\"},\"sameAs\":[\"https:\/\/www.facebook.com\/notibras\/\",\"https:\/\/x.com\/Notibras\",\"https:\/\/www.instagram.com\/notibras\/\"]},{\"@type\":\"Person\",\"@id\":\"https:\/\/www.notibras.com\/site\/#\/schema\/person\/36ab0979449956132d3e5b517ea76ac8\",\"name\":\"Reda\u00e7\u00e3o\",\"image\":{\"@type\":\"ImageObject\",\"inLanguage\":\"pt-BR\",\"@id\":\"https:\/\/secure.gravatar.com\/avatar\/e0a867bdedb85fd243eadf09663511f96fc81e0720a4a42581f334ad4303aa6b?s=96&d=mm&r=g\",\"url\":\"https:\/\/secure.gravatar.com\/avatar\/e0a867bdedb85fd243eadf09663511f96fc81e0720a4a42581f334ad4303aa6b?s=96&d=mm&r=g\",\"contentUrl\":\"https:\/\/secure.gravatar.com\/avatar\/e0a867bdedb85fd243eadf09663511f96fc81e0720a4a42581f334ad4303aa6b?s=96&d=mm&r=g\",\"caption\":\"Reda\u00e7\u00e3o\"}}]}<\/script>\n<!-- \/ Yoast SEO plugin. -->","yoast_head_json":{"title":"Moscou mant\u00e9m sil\u00eancio calculado ap\u00f3s captura do petroleiro Marinera - Notibras","robots":{"index":"index","follow":"follow","max-snippet":"max-snippet:-1","max-image-preview":"max-image-preview:large","max-video-preview":"max-video-preview:-1"},"canonical":"https:\/\/www.notibras.com\/site\/moscou-mantem-silencio-calculado-apos-captura-do-petroleiro-marinera\/","og_locale":"pt_BR","og_type":"article","og_title":"Moscou mant\u00e9m sil\u00eancio calculado ap\u00f3s captura do petroleiro Marinera - Notibras","og_description":"A apreens\u00e3o, pelos Estados Unidos, do petroleiro Marinera (anteriormente Bella-1), com bandeira russa em \u00e1guas internacionais abriu nesta quarta, 7, um novo flanco de tens\u00e3o geopol\u00edtica neste alvorecer de 2026 e levantou questionamentos sobre os limites do direito internacional, o alcance das san\u00e7\u00f5es econ\u00f4micas e o risco de normaliza\u00e7\u00e3o de a\u00e7\u00f5es que alguns pa\u00edses classificam [&hellip;]","og_url":"https:\/\/www.notibras.com\/site\/moscou-mantem-silencio-calculado-apos-captura-do-petroleiro-marinera\/","og_site_name":"Notibras","article_publisher":"https:\/\/www.facebook.com\/notibras\/","article_published_time":"2026-01-07T16:25:47+00:00","article_modified_time":"2026-01-07T17:32:14+00:00","og_image":[{"width":1920,"height":1080,"url":"https:\/\/www.notibras.com\/site\/wp-content\/uploads\/2026\/01\/1080174066_0_107_2048_1259_1920x0_80_0_0_a0f521ce76e1580767d51d6290efc66f.jpg.webp","type":"image\/webp"}],"author":"Reda\u00e7\u00e3o","twitter_card":"summary_large_image","twitter_creator":"@Notibras","twitter_site":"@Notibras","twitter_misc":{"Escrito por":"Reda\u00e7\u00e3o","Est. tempo de leitura":"3 minutos"},"schema":{"@context":"https:\/\/schema.org","@graph":[{"@type":"Article","@id":"https:\/\/www.notibras.com\/site\/moscou-mantem-silencio-calculado-apos-captura-do-petroleiro-marinera\/#article","isPartOf":{"@id":"https:\/\/www.notibras.com\/site\/moscou-mantem-silencio-calculado-apos-captura-do-petroleiro-marinera\/"},"author":{"name":"Reda\u00e7\u00e3o","@id":"https:\/\/www.notibras.com\/site\/#\/schema\/person\/36ab0979449956132d3e5b517ea76ac8"},"headline":"Moscou mant\u00e9m sil\u00eancio calculado ap\u00f3s captura do petroleiro Marinera","datePublished":"2026-01-07T16:25:47+00:00","dateModified":"2026-01-07T17:32:14+00:00","mainEntityOfPage":{"@id":"https:\/\/www.notibras.com\/site\/moscou-mantem-silencio-calculado-apos-captura-do-petroleiro-marinera\/"},"wordCount":480,"publisher":{"@id":"https:\/\/www.notibras.com\/site\/#organization"},"image":{"@id":"https:\/\/www.notibras.com\/site\/moscou-mantem-silencio-calculado-apos-captura-do-petroleiro-marinera\/#primaryimage"},"thumbnailUrl":"https:\/\/www.notibras.com\/site\/wp-content\/uploads\/2026\/01\/1080174066_0_107_2048_1259_1920x0_80_0_0_a0f521ce76e1580767d51d6290efc66f.jpg.webp","keywords":["capa"],"articleSection":["Apocalipse"],"inLanguage":"pt-BR"},{"@type":"WebPage","@id":"https:\/\/www.notibras.com\/site\/moscou-mantem-silencio-calculado-apos-captura-do-petroleiro-marinera\/","url":"https:\/\/www.notibras.com\/site\/moscou-mantem-silencio-calculado-apos-captura-do-petroleiro-marinera\/","name":"Moscou mant\u00e9m sil\u00eancio calculado ap\u00f3s captura do petroleiro Marinera - Notibras","isPartOf":{"@id":"https:\/\/www.notibras.com\/site\/#website"},"primaryImageOfPage":{"@id":"https:\/\/www.notibras.com\/site\/moscou-mantem-silencio-calculado-apos-captura-do-petroleiro-marinera\/#primaryimage"},"image":{"@id":"https:\/\/www.notibras.com\/site\/moscou-mantem-silencio-calculado-apos-captura-do-petroleiro-marinera\/#primaryimage"},"thumbnailUrl":"https:\/\/www.notibras.com\/site\/wp-content\/uploads\/2026\/01\/1080174066_0_107_2048_1259_1920x0_80_0_0_a0f521ce76e1580767d51d6290efc66f.jpg.webp","datePublished":"2026-01-07T16:25:47+00:00","dateModified":"2026-01-07T17:32:14+00:00","breadcrumb":{"@id":"https:\/\/www.notibras.com\/site\/moscou-mantem-silencio-calculado-apos-captura-do-petroleiro-marinera\/#breadcrumb"},"inLanguage":"pt-BR","potentialAction":[{"@type":"ReadAction","target":["https:\/\/www.notibras.com\/site\/moscou-mantem-silencio-calculado-apos-captura-do-petroleiro-marinera\/"]}]},{"@type":"ImageObject","inLanguage":"pt-BR","@id":"https:\/\/www.notibras.com\/site\/moscou-mantem-silencio-calculado-apos-captura-do-petroleiro-marinera\/#primaryimage","url":"https:\/\/www.notibras.com\/site\/wp-content\/uploads\/2026\/01\/1080174066_0_107_2048_1259_1920x0_80_0_0_a0f521ce76e1580767d51d6290efc66f.jpg.webp","contentUrl":"https:\/\/www.notibras.com\/site\/wp-content\/uploads\/2026\/01\/1080174066_0_107_2048_1259_1920x0_80_0_0_a0f521ce76e1580767d51d6290efc66f.jpg.webp","width":1920,"height":1080},{"@type":"BreadcrumbList","@id":"https:\/\/www.notibras.com\/site\/moscou-mantem-silencio-calculado-apos-captura-do-petroleiro-marinera\/#breadcrumb","itemListElement":[{"@type":"ListItem","position":1,"name":"In\u00edcio","item":"https:\/\/www.notibras.com\/site\/"},{"@type":"ListItem","position":2,"name":"Moscou mant\u00e9m sil\u00eancio calculado ap\u00f3s captura do petroleiro Marinera"}]},{"@type":"WebSite","@id":"https:\/\/www.notibras.com\/site\/#website","url":"https:\/\/www.notibras.com\/site\/","name":"Notibras","description":"Not\u00edcias de Bras\u00edlia, do Brasil e do Mundo","publisher":{"@id":"https:\/\/www.notibras.com\/site\/#organization"},"potentialAction":[{"@type":"SearchAction","target":{"@type":"EntryPoint","urlTemplate":"https:\/\/www.notibras.com\/site\/?s={search_term_string}"},"query-input":{"@type":"PropertyValueSpecification","valueRequired":true,"valueName":"search_term_string"}}],"inLanguage":"pt-BR"},{"@type":"Organization","@id":"https:\/\/www.notibras.com\/site\/#organization","name":"Grupo Notibras de Comunica\u00e7\u00e3o","url":"https:\/\/www.notibras.com\/site\/","logo":{"@type":"ImageObject","inLanguage":"pt-BR","@id":"https:\/\/www.notibras.com\/site\/#\/schema\/logo\/image\/","url":"https:\/\/www.notibras.com\/site\/wp-content\/uploads\/2023\/01\/notibras23.png","contentUrl":"https:\/\/www.notibras.com\/site\/wp-content\/uploads\/2023\/01\/notibras23.png","width":350,"height":87,"caption":"Grupo Notibras de Comunica\u00e7\u00e3o"},"image":{"@id":"https:\/\/www.notibras.com\/site\/#\/schema\/logo\/image\/"},"sameAs":["https:\/\/www.facebook.com\/notibras\/","https:\/\/x.com\/Notibras","https:\/\/www.instagram.com\/notibras\/"]},{"@type":"Person","@id":"https:\/\/www.notibras.com\/site\/#\/schema\/person\/36ab0979449956132d3e5b517ea76ac8","name":"Reda\u00e7\u00e3o","image":{"@type":"ImageObject","inLanguage":"pt-BR","@id":"https:\/\/secure.gravatar.com\/avatar\/e0a867bdedb85fd243eadf09663511f96fc81e0720a4a42581f334ad4303aa6b?s=96&d=mm&r=g","url":"https:\/\/secure.gravatar.com\/avatar\/e0a867bdedb85fd243eadf09663511f96fc81e0720a4a42581f334ad4303aa6b?s=96&d=mm&r=g","contentUrl":"https:\/\/secure.gravatar.com\/avatar\/e0a867bdedb85fd243eadf09663511f96fc81e0720a4a42581f334ad4303aa6b?s=96&d=mm&r=g","caption":"Reda\u00e7\u00e3o"}}]}},"amp_enabled":true,"_links":{"self":[{"href":"https:\/\/www.notibras.com\/site\/wp-json\/wp\/v2\/posts\/378081","targetHints":{"allow":["GET"]}}],"collection":[{"href":"https:\/\/www.notibras.com\/site\/wp-json\/wp\/v2\/posts"}],"about":[{"href":"https:\/\/www.notibras.com\/site\/wp-json\/wp\/v2\/types\/post"}],"author":[{"embeddable":true,"href":"https:\/\/www.notibras.com\/site\/wp-json\/wp\/v2\/users\/2"}],"replies":[{"embeddable":true,"href":"https:\/\/www.notibras.com\/site\/wp-json\/wp\/v2\/comments?post=378081"}],"version-history":[{"count":4,"href":"https:\/\/www.notibras.com\/site\/wp-json\/wp\/v2\/posts\/378081\/revisions"}],"predecessor-version":[{"id":378087,"href":"https:\/\/www.notibras.com\/site\/wp-json\/wp\/v2\/posts\/378081\/revisions\/378087"}],"wp:featuredmedia":[{"embeddable":true,"href":"https:\/\/www.notibras.com\/site\/wp-json\/wp\/v2\/media\/378082"}],"wp:attachment":[{"href":"https:\/\/www.notibras.com\/site\/wp-json\/wp\/v2\/media?parent=378081"}],"wp:term":[{"taxonomy":"category","embeddable":true,"href":"https:\/\/www.notibras.com\/site\/wp-json\/wp\/v2\/categories?post=378081"},{"taxonomy":"post_tag","embeddable":true,"href":"https:\/\/www.notibras.com\/site\/wp-json\/wp\/v2\/tags?post=378081"}],"curies":[{"name":"wp","href":"https:\/\/api.w.org\/{rel}","templated":true}]}}