{"id":378098,"date":"2026-01-08T00:15:16","date_gmt":"2026-01-08T03:15:16","guid":{"rendered":"https:\/\/www.notibras.com\/site\/?p=378098"},"modified":"2026-01-07T22:40:04","modified_gmt":"2026-01-08T01:40:04","slug":"cha-revelacao-leva-alegria-para-ambiente-hospitalar","status":"publish","type":"post","link":"https:\/\/www.notibras.com\/site\/cha-revelacao-leva-alegria-para-ambiente-hospitalar\/","title":{"rendered":"Ch\u00e1-revela\u00e7\u00e3o leva alegria para ambiente hospitalar"},"content":{"rendered":"<p>No quarto m\u00eas de gesta\u00e7\u00e3o, Emily da Silva Souza, de 23 anos, acompanha de perto a interna\u00e7\u00e3o da m\u00e3e, que est\u00e1 h\u00e1 40 dias no Hospital Regional de Santa Maria (HRSM). Karina Martins, 44, passa por tratamento para adenocarcinoma, um tipo de c\u00e2ncer de intestino. Moradoras do Recanto das Emas, m\u00e3e e filha enfrentam juntas um per\u00edodo delicado, marcado tamb\u00e9m por esperan\u00e7a e afeto.<\/p>\n<p>\u201cSempre foi meu sonho viver esse momento, mas a interna\u00e7\u00e3o da minha m\u00e3e acabou sendo mais longa do que esper\u00e1vamos\u201d, relata Emily. Decidida a passar os momentos mais felizes da primeira gesta\u00e7\u00e3o perto da m\u00e3e, a jovem resolveu fazer o ch\u00e1-revela\u00e7\u00e3o no hospital. \u201cEu s\u00f3 viveria isso se fosse com ela. Com minha m\u00e3e internada, n\u00e3o teria sentido fazer longe dela.\u201d<\/p>\n<p>Para que o desejo se realizasse, quem entrou em cena foi a equipe do HRSM, administrado pelo Instituto de Gest\u00e3o Estrat\u00e9gica de Sa\u00fade do Distrito Federal (IgesDF). A iniciativa contou com o envolvimento de profissionais de diferentes \u00e1reas. Ap\u00f3s conhecer a hist\u00f3ria da paciente e o sonho de participar do ch\u00e1-revela\u00e7\u00e3o do primeiro neto, a m\u00e9dica paliativista Brunna Rezende mobilizou todo o hospital.<\/p>\n<p>\u201c\u00c9 um tipo de c\u00e2ncer menos comum em pessoas jovens e, quando acontece, impacta toda a fam\u00edlia. Nosso compromisso \u00e9 garantir que, apesar da gravidade da doen\u00e7a, a paciente seja cuidada como pessoa. A interna\u00e7\u00e3o e o diagn\u00f3stico n\u00e3o a impedem de viver tudo o que faz parte da sua trajet\u00f3ria\u201d, destaca.<\/p>\n<p>A terapeuta ocupacional Let\u00edcia Albuquerque F\u00e9lix ajudou a organizar e transformar o ambiente hospitalar. \u201cA terapia ocupacional busca promover qualidade de vida, autonomia e viv\u00eancias significativas. Por isso, organizamos tudo para garantir um momento seguro, respeitando os limites f\u00edsicos e emocionais da paciente\u201d, explica a profissional.<\/p>\n<p><strong>A revela\u00e7\u00e3o<\/strong><\/p>\n<p>Entre bal\u00f5es, sorrisos e l\u00e1grimas de emo\u00e7\u00e3o, o an\u00fancio surpreendeu a futura mam\u00e3e. \u201cEu estava convencida de que esperava um menino\u201d, revela Emily. Mas quem vai chegar \u00e9 Esther.<\/p>\n<p>A emo\u00e7\u00e3o tomou conta de toda a equipe e, principalmente, da futura vov\u00f3. \u201c\u00c9 meu primeiro neto, e s\u00f3 tenho a agradecer a Deus. Eu disse para ela fazer o ch\u00e1 em casa, do jeito que sempre sonhou, mas ela n\u00e3o quis. Ent\u00e3o, a equipe do hospital acolheu a ideia e ajudou para que acontecesse\u201d, conta Karina.<\/p>\n<p>Para a enfermeira paliativista L\u00e9ia Lima, a\u00e7\u00f5es como essa refor\u00e7am a ess\u00eancia dos cuidados desse segmento. \u201c\u00c9 um cuidado centrado na pessoa, n\u00e3o no diagn\u00f3stico. A Karina est\u00e1 em tratamento, est\u00e1 viva e mant\u00e9m sua hist\u00f3ria e seus v\u00ednculos. O cuidado paliativo tamb\u00e9m envolve humaniza\u00e7\u00e3o, respeito e valoriza\u00e7\u00e3o\u201d.<\/p>\n<p>Ao final do ch\u00e1-revela\u00e7\u00e3o, Emily e a m\u00e3e seguiram para o centro obst\u00e9trico do HRSM, onde a av\u00f3 p\u00f4de ouvir, pela primeira vez, o cora\u00e7\u00e3o da neta bater.<\/p>\n","protected":false},"excerpt":{"rendered":"<p>No quarto m\u00eas de gesta\u00e7\u00e3o, Emily da Silva Souza, de 23 anos, acompanha de perto a interna\u00e7\u00e3o da m\u00e3e, que est\u00e1 h\u00e1 40 dias no Hospital Regional de Santa Maria (HRSM). Karina Martins, 44, passa por tratamento para adenocarcinoma, um tipo de c\u00e2ncer de intestino. Moradoras do Recanto das Emas, m\u00e3e e filha enfrentam juntas [&hellip;]<\/p>\n","protected":false},"author":21,"featured_media":378104,"comment_status":"closed","ping_status":"closed","sticky":false,"template":"","format":"standard","meta":{"_acf_changed":false,"footnotes":""},"categories":[161],"tags":[],"class_list":["post-378098","post","type-post","status-publish","format-standard","has-post-thumbnail","hentry","category-quadradinho-em-foco"],"acf":[],"yoast_head":"<!-- This site is optimized with the Yoast SEO plugin v27.2 - https:\/\/yoast.com\/product\/yoast-seo-wordpress\/ -->\n<title>Ch\u00e1-revela\u00e7\u00e3o leva alegria para ambiente hospitalar - Notibras<\/title>\n<meta name=\"robots\" content=\"index, follow, max-snippet:-1, max-image-preview:large, max-video-preview:-1\" \/>\n<link rel=\"canonical\" href=\"https:\/\/www.notibras.com\/site\/cha-revelacao-leva-alegria-para-ambiente-hospitalar\/\" \/>\n<meta property=\"og:locale\" content=\"pt_BR\" \/>\n<meta property=\"og:type\" content=\"article\" \/>\n<meta property=\"og:title\" content=\"Ch\u00e1-revela\u00e7\u00e3o leva alegria para ambiente hospitalar - Notibras\" \/>\n<meta property=\"og:description\" content=\"No quarto m\u00eas de gesta\u00e7\u00e3o, Emily da Silva Souza, de 23 anos, acompanha de perto a interna\u00e7\u00e3o da m\u00e3e, que est\u00e1 h\u00e1 40 dias no Hospital Regional de Santa Maria (HRSM). Karina Martins, 44, passa por tratamento para adenocarcinoma, um tipo de c\u00e2ncer de intestino. Moradoras do Recanto das Emas, m\u00e3e e filha enfrentam juntas [&hellip;]\" \/>\n<meta property=\"og:url\" content=\"https:\/\/www.notibras.com\/site\/cha-revelacao-leva-alegria-para-ambiente-hospitalar\/\" \/>\n<meta property=\"og:site_name\" content=\"Notibras\" \/>\n<meta property=\"article:publisher\" content=\"https:\/\/www.facebook.com\/notibras\/\" \/>\n<meta property=\"article:published_time\" content=\"2026-01-08T03:15:16+00:00\" \/>\n<meta property=\"og:image\" content=\"https:\/\/www.notibras.com\/site\/wp-content\/uploads\/2026\/01\/Equipe-de-cuidados-paliativos-Alberto-Ruy_ASCO\u2026-Flickr.png\" \/>\n\t<meta property=\"og:image:width\" content=\"1033\" \/>\n\t<meta property=\"og:image:height\" content=\"689\" \/>\n\t<meta property=\"og:image:type\" content=\"image\/png\" \/>\n<meta name=\"author\" content=\"Eduardo Mart\u00ednez\" \/>\n<meta name=\"twitter:card\" content=\"summary_large_image\" \/>\n<meta name=\"twitter:creator\" content=\"@Notibras\" \/>\n<meta name=\"twitter:site\" content=\"@Notibras\" \/>\n<meta name=\"twitter:label1\" content=\"Escrito por\" \/>\n\t<meta name=\"twitter:data1\" content=\"Eduardo Mart\u00ednez\" \/>\n\t<meta name=\"twitter:label2\" content=\"Est. tempo de leitura\" \/>\n\t<meta name=\"twitter:data2\" content=\"3 minutos\" \/>\n<script type=\"application\/ld+json\" class=\"yoast-schema-graph\">{\"@context\":\"https:\/\/schema.org\",\"@graph\":[{\"@type\":\"Article\",\"@id\":\"https:\/\/www.notibras.com\/site\/cha-revelacao-leva-alegria-para-ambiente-hospitalar\/#article\",\"isPartOf\":{\"@id\":\"https:\/\/www.notibras.com\/site\/cha-revelacao-leva-alegria-para-ambiente-hospitalar\/\"},\"author\":{\"name\":\"Eduardo Mart\u00ednez\",\"@id\":\"https:\/\/www.notibras.com\/site\/#\/schema\/person\/5b7fabf2aedc3ada2105f03b22b4d3dd\"},\"headline\":\"Ch\u00e1-revela\u00e7\u00e3o leva alegria para ambiente hospitalar\",\"datePublished\":\"2026-01-08T03:15:16+00:00\",\"mainEntityOfPage\":{\"@id\":\"https:\/\/www.notibras.com\/site\/cha-revelacao-leva-alegria-para-ambiente-hospitalar\/\"},\"wordCount\":514,\"publisher\":{\"@id\":\"https:\/\/www.notibras.com\/site\/#organization\"},\"image\":{\"@id\":\"https:\/\/www.notibras.com\/site\/cha-revelacao-leva-alegria-para-ambiente-hospitalar\/#primaryimage\"},\"thumbnailUrl\":\"https:\/\/www.notibras.com\/site\/wp-content\/uploads\/2026\/01\/Equipe-de-cuidados-paliativos-Alberto-Ruy_ASCO\u2026-Flickr.png\",\"articleSection\":[\"Quadradinho em Foco\"],\"inLanguage\":\"pt-BR\"},{\"@type\":\"WebPage\",\"@id\":\"https:\/\/www.notibras.com\/site\/cha-revelacao-leva-alegria-para-ambiente-hospitalar\/\",\"url\":\"https:\/\/www.notibras.com\/site\/cha-revelacao-leva-alegria-para-ambiente-hospitalar\/\",\"name\":\"Ch\u00e1-revela\u00e7\u00e3o leva alegria para ambiente hospitalar - Notibras\",\"isPartOf\":{\"@id\":\"https:\/\/www.notibras.com\/site\/#website\"},\"primaryImageOfPage\":{\"@id\":\"https:\/\/www.notibras.com\/site\/cha-revelacao-leva-alegria-para-ambiente-hospitalar\/#primaryimage\"},\"image\":{\"@id\":\"https:\/\/www.notibras.com\/site\/cha-revelacao-leva-alegria-para-ambiente-hospitalar\/#primaryimage\"},\"thumbnailUrl\":\"https:\/\/www.notibras.com\/site\/wp-content\/uploads\/2026\/01\/Equipe-de-cuidados-paliativos-Alberto-Ruy_ASCO\u2026-Flickr.png\",\"datePublished\":\"2026-01-08T03:15:16+00:00\",\"breadcrumb\":{\"@id\":\"https:\/\/www.notibras.com\/site\/cha-revelacao-leva-alegria-para-ambiente-hospitalar\/#breadcrumb\"},\"inLanguage\":\"pt-BR\",\"potentialAction\":[{\"@type\":\"ReadAction\",\"target\":[\"https:\/\/www.notibras.com\/site\/cha-revelacao-leva-alegria-para-ambiente-hospitalar\/\"]}]},{\"@type\":\"ImageObject\",\"inLanguage\":\"pt-BR\",\"@id\":\"https:\/\/www.notibras.com\/site\/cha-revelacao-leva-alegria-para-ambiente-hospitalar\/#primaryimage\",\"url\":\"https:\/\/www.notibras.com\/site\/wp-content\/uploads\/2026\/01\/Equipe-de-cuidados-paliativos-Alberto-Ruy_ASCO\u2026-Flickr.png\",\"contentUrl\":\"https:\/\/www.notibras.com\/site\/wp-content\/uploads\/2026\/01\/Equipe-de-cuidados-paliativos-Alberto-Ruy_ASCO\u2026-Flickr.png\",\"width\":1033,\"height\":689},{\"@type\":\"BreadcrumbList\",\"@id\":\"https:\/\/www.notibras.com\/site\/cha-revelacao-leva-alegria-para-ambiente-hospitalar\/#breadcrumb\",\"itemListElement\":[{\"@type\":\"ListItem\",\"position\":1,\"name\":\"In\u00edcio\",\"item\":\"https:\/\/www.notibras.com\/site\/\"},{\"@type\":\"ListItem\",\"position\":2,\"name\":\"Ch\u00e1-revela\u00e7\u00e3o leva alegria para ambiente hospitalar\"}]},{\"@type\":\"WebSite\",\"@id\":\"https:\/\/www.notibras.com\/site\/#website\",\"url\":\"https:\/\/www.notibras.com\/site\/\",\"name\":\"Notibras\",\"description\":\"Not\u00edcias de Bras\u00edlia, do Brasil e do Mundo\",\"publisher\":{\"@id\":\"https:\/\/www.notibras.com\/site\/#organization\"},\"potentialAction\":[{\"@type\":\"SearchAction\",\"target\":{\"@type\":\"EntryPoint\",\"urlTemplate\":\"https:\/\/www.notibras.com\/site\/?s={search_term_string}\"},\"query-input\":{\"@type\":\"PropertyValueSpecification\",\"valueRequired\":true,\"valueName\":\"search_term_string\"}}],\"inLanguage\":\"pt-BR\"},{\"@type\":\"Organization\",\"@id\":\"https:\/\/www.notibras.com\/site\/#organization\",\"name\":\"Grupo Notibras de Comunica\u00e7\u00e3o\",\"url\":\"https:\/\/www.notibras.com\/site\/\",\"logo\":{\"@type\":\"ImageObject\",\"inLanguage\":\"pt-BR\",\"@id\":\"https:\/\/www.notibras.com\/site\/#\/schema\/logo\/image\/\",\"url\":\"https:\/\/www.notibras.com\/site\/wp-content\/uploads\/2023\/01\/notibras23.png\",\"contentUrl\":\"https:\/\/www.notibras.com\/site\/wp-content\/uploads\/2023\/01\/notibras23.png\",\"width\":350,\"height\":87,\"caption\":\"Grupo Notibras de Comunica\u00e7\u00e3o\"},\"image\":{\"@id\":\"https:\/\/www.notibras.com\/site\/#\/schema\/logo\/image\/\"},\"sameAs\":[\"https:\/\/www.facebook.com\/notibras\/\",\"https:\/\/x.com\/Notibras\",\"https:\/\/www.instagram.com\/notibras\/\"]},{\"@type\":\"Person\",\"@id\":\"https:\/\/www.notibras.com\/site\/#\/schema\/person\/5b7fabf2aedc3ada2105f03b22b4d3dd\",\"name\":\"Eduardo Mart\u00ednez\",\"image\":{\"@type\":\"ImageObject\",\"inLanguage\":\"pt-BR\",\"@id\":\"https:\/\/secure.gravatar.com\/avatar\/7902f906289926289cbcda644b5197c796b893c6ffd7b9a536a42d290f7704a0?s=96&d=mm&r=g\",\"url\":\"https:\/\/secure.gravatar.com\/avatar\/7902f906289926289cbcda644b5197c796b893c6ffd7b9a536a42d290f7704a0?s=96&d=mm&r=g\",\"contentUrl\":\"https:\/\/secure.gravatar.com\/avatar\/7902f906289926289cbcda644b5197c796b893c6ffd7b9a536a42d290f7704a0?s=96&d=mm&r=g\",\"caption\":\"Eduardo Mart\u00ednez\"}}]}<\/script>\n<!-- \/ Yoast SEO plugin. -->","yoast_head_json":{"title":"Ch\u00e1-revela\u00e7\u00e3o leva alegria para ambiente hospitalar - Notibras","robots":{"index":"index","follow":"follow","max-snippet":"max-snippet:-1","max-image-preview":"max-image-preview:large","max-video-preview":"max-video-preview:-1"},"canonical":"https:\/\/www.notibras.com\/site\/cha-revelacao-leva-alegria-para-ambiente-hospitalar\/","og_locale":"pt_BR","og_type":"article","og_title":"Ch\u00e1-revela\u00e7\u00e3o leva alegria para ambiente hospitalar - Notibras","og_description":"No quarto m\u00eas de gesta\u00e7\u00e3o, Emily da Silva Souza, de 23 anos, acompanha de perto a interna\u00e7\u00e3o da m\u00e3e, que est\u00e1 h\u00e1 40 dias no Hospital Regional de Santa Maria (HRSM). Karina Martins, 44, passa por tratamento para adenocarcinoma, um tipo de c\u00e2ncer de intestino. Moradoras do Recanto das Emas, m\u00e3e e filha enfrentam juntas [&hellip;]","og_url":"https:\/\/www.notibras.com\/site\/cha-revelacao-leva-alegria-para-ambiente-hospitalar\/","og_site_name":"Notibras","article_publisher":"https:\/\/www.facebook.com\/notibras\/","article_published_time":"2026-01-08T03:15:16+00:00","og_image":[{"width":1033,"height":689,"url":"https:\/\/www.notibras.com\/site\/wp-content\/uploads\/2026\/01\/Equipe-de-cuidados-paliativos-Alberto-Ruy_ASCO\u2026-Flickr.png","type":"image\/png"}],"author":"Eduardo Mart\u00ednez","twitter_card":"summary_large_image","twitter_creator":"@Notibras","twitter_site":"@Notibras","twitter_misc":{"Escrito por":"Eduardo Mart\u00ednez","Est. tempo de leitura":"3 minutos"},"schema":{"@context":"https:\/\/schema.org","@graph":[{"@type":"Article","@id":"https:\/\/www.notibras.com\/site\/cha-revelacao-leva-alegria-para-ambiente-hospitalar\/#article","isPartOf":{"@id":"https:\/\/www.notibras.com\/site\/cha-revelacao-leva-alegria-para-ambiente-hospitalar\/"},"author":{"name":"Eduardo Mart\u00ednez","@id":"https:\/\/www.notibras.com\/site\/#\/schema\/person\/5b7fabf2aedc3ada2105f03b22b4d3dd"},"headline":"Ch\u00e1-revela\u00e7\u00e3o leva alegria para ambiente hospitalar","datePublished":"2026-01-08T03:15:16+00:00","mainEntityOfPage":{"@id":"https:\/\/www.notibras.com\/site\/cha-revelacao-leva-alegria-para-ambiente-hospitalar\/"},"wordCount":514,"publisher":{"@id":"https:\/\/www.notibras.com\/site\/#organization"},"image":{"@id":"https:\/\/www.notibras.com\/site\/cha-revelacao-leva-alegria-para-ambiente-hospitalar\/#primaryimage"},"thumbnailUrl":"https:\/\/www.notibras.com\/site\/wp-content\/uploads\/2026\/01\/Equipe-de-cuidados-paliativos-Alberto-Ruy_ASCO\u2026-Flickr.png","articleSection":["Quadradinho em Foco"],"inLanguage":"pt-BR"},{"@type":"WebPage","@id":"https:\/\/www.notibras.com\/site\/cha-revelacao-leva-alegria-para-ambiente-hospitalar\/","url":"https:\/\/www.notibras.com\/site\/cha-revelacao-leva-alegria-para-ambiente-hospitalar\/","name":"Ch\u00e1-revela\u00e7\u00e3o leva alegria para ambiente hospitalar - Notibras","isPartOf":{"@id":"https:\/\/www.notibras.com\/site\/#website"},"primaryImageOfPage":{"@id":"https:\/\/www.notibras.com\/site\/cha-revelacao-leva-alegria-para-ambiente-hospitalar\/#primaryimage"},"image":{"@id":"https:\/\/www.notibras.com\/site\/cha-revelacao-leva-alegria-para-ambiente-hospitalar\/#primaryimage"},"thumbnailUrl":"https:\/\/www.notibras.com\/site\/wp-content\/uploads\/2026\/01\/Equipe-de-cuidados-paliativos-Alberto-Ruy_ASCO\u2026-Flickr.png","datePublished":"2026-01-08T03:15:16+00:00","breadcrumb":{"@id":"https:\/\/www.notibras.com\/site\/cha-revelacao-leva-alegria-para-ambiente-hospitalar\/#breadcrumb"},"inLanguage":"pt-BR","potentialAction":[{"@type":"ReadAction","target":["https:\/\/www.notibras.com\/site\/cha-revelacao-leva-alegria-para-ambiente-hospitalar\/"]}]},{"@type":"ImageObject","inLanguage":"pt-BR","@id":"https:\/\/www.notibras.com\/site\/cha-revelacao-leva-alegria-para-ambiente-hospitalar\/#primaryimage","url":"https:\/\/www.notibras.com\/site\/wp-content\/uploads\/2026\/01\/Equipe-de-cuidados-paliativos-Alberto-Ruy_ASCO\u2026-Flickr.png","contentUrl":"https:\/\/www.notibras.com\/site\/wp-content\/uploads\/2026\/01\/Equipe-de-cuidados-paliativos-Alberto-Ruy_ASCO\u2026-Flickr.png","width":1033,"height":689},{"@type":"BreadcrumbList","@id":"https:\/\/www.notibras.com\/site\/cha-revelacao-leva-alegria-para-ambiente-hospitalar\/#breadcrumb","itemListElement":[{"@type":"ListItem","position":1,"name":"In\u00edcio","item":"https:\/\/www.notibras.com\/site\/"},{"@type":"ListItem","position":2,"name":"Ch\u00e1-revela\u00e7\u00e3o leva alegria para ambiente hospitalar"}]},{"@type":"WebSite","@id":"https:\/\/www.notibras.com\/site\/#website","url":"https:\/\/www.notibras.com\/site\/","name":"Notibras","description":"Not\u00edcias de Bras\u00edlia, do Brasil e do Mundo","publisher":{"@id":"https:\/\/www.notibras.com\/site\/#organization"},"potentialAction":[{"@type":"SearchAction","target":{"@type":"EntryPoint","urlTemplate":"https:\/\/www.notibras.com\/site\/?s={search_term_string}"},"query-input":{"@type":"PropertyValueSpecification","valueRequired":true,"valueName":"search_term_string"}}],"inLanguage":"pt-BR"},{"@type":"Organization","@id":"https:\/\/www.notibras.com\/site\/#organization","name":"Grupo Notibras de Comunica\u00e7\u00e3o","url":"https:\/\/www.notibras.com\/site\/","logo":{"@type":"ImageObject","inLanguage":"pt-BR","@id":"https:\/\/www.notibras.com\/site\/#\/schema\/logo\/image\/","url":"https:\/\/www.notibras.com\/site\/wp-content\/uploads\/2023\/01\/notibras23.png","contentUrl":"https:\/\/www.notibras.com\/site\/wp-content\/uploads\/2023\/01\/notibras23.png","width":350,"height":87,"caption":"Grupo Notibras de Comunica\u00e7\u00e3o"},"image":{"@id":"https:\/\/www.notibras.com\/site\/#\/schema\/logo\/image\/"},"sameAs":["https:\/\/www.facebook.com\/notibras\/","https:\/\/x.com\/Notibras","https:\/\/www.instagram.com\/notibras\/"]},{"@type":"Person","@id":"https:\/\/www.notibras.com\/site\/#\/schema\/person\/5b7fabf2aedc3ada2105f03b22b4d3dd","name":"Eduardo Mart\u00ednez","image":{"@type":"ImageObject","inLanguage":"pt-BR","@id":"https:\/\/secure.gravatar.com\/avatar\/7902f906289926289cbcda644b5197c796b893c6ffd7b9a536a42d290f7704a0?s=96&d=mm&r=g","url":"https:\/\/secure.gravatar.com\/avatar\/7902f906289926289cbcda644b5197c796b893c6ffd7b9a536a42d290f7704a0?s=96&d=mm&r=g","contentUrl":"https:\/\/secure.gravatar.com\/avatar\/7902f906289926289cbcda644b5197c796b893c6ffd7b9a536a42d290f7704a0?s=96&d=mm&r=g","caption":"Eduardo Mart\u00ednez"}}]}},"amp_enabled":true,"_links":{"self":[{"href":"https:\/\/www.notibras.com\/site\/wp-json\/wp\/v2\/posts\/378098","targetHints":{"allow":["GET"]}}],"collection":[{"href":"https:\/\/www.notibras.com\/site\/wp-json\/wp\/v2\/posts"}],"about":[{"href":"https:\/\/www.notibras.com\/site\/wp-json\/wp\/v2\/types\/post"}],"author":[{"embeddable":true,"href":"https:\/\/www.notibras.com\/site\/wp-json\/wp\/v2\/users\/21"}],"replies":[{"embeddable":true,"href":"https:\/\/www.notibras.com\/site\/wp-json\/wp\/v2\/comments?post=378098"}],"version-history":[{"count":7,"href":"https:\/\/www.notibras.com\/site\/wp-json\/wp\/v2\/posts\/378098\/revisions"}],"predecessor-version":[{"id":378109,"href":"https:\/\/www.notibras.com\/site\/wp-json\/wp\/v2\/posts\/378098\/revisions\/378109"}],"wp:featuredmedia":[{"embeddable":true,"href":"https:\/\/www.notibras.com\/site\/wp-json\/wp\/v2\/media\/378104"}],"wp:attachment":[{"href":"https:\/\/www.notibras.com\/site\/wp-json\/wp\/v2\/media?parent=378098"}],"wp:term":[{"taxonomy":"category","embeddable":true,"href":"https:\/\/www.notibras.com\/site\/wp-json\/wp\/v2\/categories?post=378098"},{"taxonomy":"post_tag","embeddable":true,"href":"https:\/\/www.notibras.com\/site\/wp-json\/wp\/v2\/tags?post=378098"}],"curies":[{"name":"wp","href":"https:\/\/api.w.org\/{rel}","templated":true}]}}