{"id":378111,"date":"2026-01-08T00:30:09","date_gmt":"2026-01-08T03:30:09","guid":{"rendered":"https:\/\/www.notibras.com\/site\/?p=378111"},"modified":"2026-01-07T22:45:45","modified_gmt":"2026-01-08T01:45:45","slug":"suspeito-de-assassinar-professor-tem-prisao-preventiva-decretada","status":"publish","type":"post","link":"https:\/\/www.notibras.com\/site\/suspeito-de-assassinar-professor-tem-prisao-preventiva-decretada\/","title":{"rendered":"Suspeito de assassinar professor tem pris\u00e3o preventiva decretada"},"content":{"rendered":"<p>A Justi\u00e7a do Distrito Federal decidiu manter a pris\u00e3o de Guilherme Silva Teixeira, de 24 anos, suspeito de matar o professor Jo\u00e3o Emmanuel em Sobradinho II. A decis\u00e3o foi tomada durante a audi\u00eancia de cust\u00f3dia do suspeito, na manh\u00e3 desta quarta-feira (7). A pris\u00e3o em flagrante de Guilherme foi convertida em pris\u00e3o preventiva \u00b9.<\/p>\n<p>Jo\u00e3o Emmanuel Ribeiro Gon\u00e7alves de Moura Carvalho, de 32 anos, foi encontrado morto no domingo (4). Guilherme Silva Teixeira foi preso em flagrante por policiais civis da 35\u00aa DP na segunda (5) e confessou o crime, que teria sido motivado por homofobia.<\/p>\n<p>A pris\u00e3o preventiva \u00e9 uma medida cautelar que visa garantir a ordem p\u00fablica e a seguran\u00e7a da sociedade. Nesse caso, a Justi\u00e7a considerou que a liberdade de Guilherme Silva Teixeira representaria um risco para a sociedade.<\/p>\n<p><strong>Detalhes do crime<\/strong><\/p>\n<p>&#8211; Guilherme Silva Teixeira agrediu Jo\u00e3o Emmanuel com chutes e socos<\/p>\n<p>&#8211; Pisoteou o rosto da v\u00edtima<\/p>\n<p>&#8211; Crime motivado por homofobia, segundo a Pol\u00edcia Civil<\/p>\n<p>A decis\u00e3o da Justi\u00e7a \u00e9 um passo importante para garantir justi\u00e7a para a v\u00edtima e sua fam\u00edlia.<\/p>\n","protected":false},"excerpt":{"rendered":"<p>A Justi\u00e7a do Distrito Federal decidiu manter a pris\u00e3o de Guilherme Silva Teixeira, de 24 anos, suspeito de matar o professor Jo\u00e3o Emmanuel em Sobradinho II. A decis\u00e3o foi tomada durante a audi\u00eancia de cust\u00f3dia do suspeito, na manh\u00e3 desta quarta-feira (7). A pris\u00e3o em flagrante de Guilherme foi convertida em pris\u00e3o preventiva \u00b9. Jo\u00e3o [&hellip;]<\/p>\n","protected":false},"author":21,"featured_media":378112,"comment_status":"closed","ping_status":"closed","sticky":false,"template":"","format":"standard","meta":{"_acf_changed":false,"footnotes":""},"categories":[161],"tags":[],"class_list":["post-378111","post","type-post","status-publish","format-standard","has-post-thumbnail","hentry","category-quadradinho-em-foco"],"acf":[],"yoast_head":"<!-- This site is optimized with the Yoast SEO plugin v27.2 - https:\/\/yoast.com\/product\/yoast-seo-wordpress\/ -->\n<title>Suspeito de assassinar professor tem pris\u00e3o preventiva decretada - Notibras<\/title>\n<meta name=\"robots\" content=\"index, follow, max-snippet:-1, max-image-preview:large, max-video-preview:-1\" \/>\n<link rel=\"canonical\" href=\"https:\/\/www.notibras.com\/site\/suspeito-de-assassinar-professor-tem-prisao-preventiva-decretada\/\" \/>\n<meta property=\"og:locale\" content=\"pt_BR\" \/>\n<meta property=\"og:type\" content=\"article\" \/>\n<meta property=\"og:title\" content=\"Suspeito de assassinar professor tem pris\u00e3o preventiva decretada - Notibras\" \/>\n<meta property=\"og:description\" content=\"A Justi\u00e7a do Distrito Federal decidiu manter a pris\u00e3o de Guilherme Silva Teixeira, de 24 anos, suspeito de matar o professor Jo\u00e3o Emmanuel em Sobradinho II. A decis\u00e3o foi tomada durante a audi\u00eancia de cust\u00f3dia do suspeito, na manh\u00e3 desta quarta-feira (7). A pris\u00e3o em flagrante de Guilherme foi convertida em pris\u00e3o preventiva \u00b9. Jo\u00e3o [&hellip;]\" \/>\n<meta property=\"og:url\" content=\"https:\/\/www.notibras.com\/site\/suspeito-de-assassinar-professor-tem-prisao-preventiva-decretada\/\" \/>\n<meta property=\"og:site_name\" content=\"Notibras\" \/>\n<meta property=\"article:publisher\" content=\"https:\/\/www.facebook.com\/notibras\/\" \/>\n<meta property=\"article:published_time\" content=\"2026-01-08T03:30:09+00:00\" \/>\n<meta property=\"og:image\" content=\"https:\/\/www.notibras.com\/site\/wp-content\/uploads\/2026\/01\/WhatsApp-Image-2026-01-07-at-22.42.52.jpeg\" \/>\n\t<meta property=\"og:image:width\" content=\"984\" \/>\n\t<meta property=\"og:image:height\" content=\"554\" \/>\n\t<meta property=\"og:image:type\" content=\"image\/jpeg\" \/>\n<meta name=\"author\" content=\"Eduardo Mart\u00ednez\" \/>\n<meta name=\"twitter:card\" content=\"summary_large_image\" \/>\n<meta name=\"twitter:creator\" content=\"@Notibras\" \/>\n<meta name=\"twitter:site\" content=\"@Notibras\" \/>\n<meta name=\"twitter:label1\" content=\"Escrito por\" \/>\n\t<meta name=\"twitter:data1\" content=\"Eduardo Mart\u00ednez\" \/>\n\t<meta name=\"twitter:label2\" content=\"Est. tempo de leitura\" \/>\n\t<meta name=\"twitter:data2\" content=\"2 minutos\" \/>\n<script type=\"application\/ld+json\" class=\"yoast-schema-graph\">{\"@context\":\"https:\/\/schema.org\",\"@graph\":[{\"@type\":\"Article\",\"@id\":\"https:\/\/www.notibras.com\/site\/suspeito-de-assassinar-professor-tem-prisao-preventiva-decretada\/#article\",\"isPartOf\":{\"@id\":\"https:\/\/www.notibras.com\/site\/suspeito-de-assassinar-professor-tem-prisao-preventiva-decretada\/\"},\"author\":{\"name\":\"Eduardo Mart\u00ednez\",\"@id\":\"https:\/\/www.notibras.com\/site\/#\/schema\/person\/5b7fabf2aedc3ada2105f03b22b4d3dd\"},\"headline\":\"Suspeito de assassinar professor tem pris\u00e3o preventiva decretada\",\"datePublished\":\"2026-01-08T03:30:09+00:00\",\"mainEntityOfPage\":{\"@id\":\"https:\/\/www.notibras.com\/site\/suspeito-de-assassinar-professor-tem-prisao-preventiva-decretada\/\"},\"wordCount\":200,\"publisher\":{\"@id\":\"https:\/\/www.notibras.com\/site\/#organization\"},\"image\":{\"@id\":\"https:\/\/www.notibras.com\/site\/suspeito-de-assassinar-professor-tem-prisao-preventiva-decretada\/#primaryimage\"},\"thumbnailUrl\":\"https:\/\/www.notibras.com\/site\/wp-content\/uploads\/2026\/01\/WhatsApp-Image-2026-01-07-at-22.42.52.jpeg\",\"articleSection\":[\"Quadradinho em Foco\"],\"inLanguage\":\"pt-BR\"},{\"@type\":\"WebPage\",\"@id\":\"https:\/\/www.notibras.com\/site\/suspeito-de-assassinar-professor-tem-prisao-preventiva-decretada\/\",\"url\":\"https:\/\/www.notibras.com\/site\/suspeito-de-assassinar-professor-tem-prisao-preventiva-decretada\/\",\"name\":\"Suspeito de assassinar professor tem pris\u00e3o preventiva decretada - Notibras\",\"isPartOf\":{\"@id\":\"https:\/\/www.notibras.com\/site\/#website\"},\"primaryImageOfPage\":{\"@id\":\"https:\/\/www.notibras.com\/site\/suspeito-de-assassinar-professor-tem-prisao-preventiva-decretada\/#primaryimage\"},\"image\":{\"@id\":\"https:\/\/www.notibras.com\/site\/suspeito-de-assassinar-professor-tem-prisao-preventiva-decretada\/#primaryimage\"},\"thumbnailUrl\":\"https:\/\/www.notibras.com\/site\/wp-content\/uploads\/2026\/01\/WhatsApp-Image-2026-01-07-at-22.42.52.jpeg\",\"datePublished\":\"2026-01-08T03:30:09+00:00\",\"breadcrumb\":{\"@id\":\"https:\/\/www.notibras.com\/site\/suspeito-de-assassinar-professor-tem-prisao-preventiva-decretada\/#breadcrumb\"},\"inLanguage\":\"pt-BR\",\"potentialAction\":[{\"@type\":\"ReadAction\",\"target\":[\"https:\/\/www.notibras.com\/site\/suspeito-de-assassinar-professor-tem-prisao-preventiva-decretada\/\"]}]},{\"@type\":\"ImageObject\",\"inLanguage\":\"pt-BR\",\"@id\":\"https:\/\/www.notibras.com\/site\/suspeito-de-assassinar-professor-tem-prisao-preventiva-decretada\/#primaryimage\",\"url\":\"https:\/\/www.notibras.com\/site\/wp-content\/uploads\/2026\/01\/WhatsApp-Image-2026-01-07-at-22.42.52.jpeg\",\"contentUrl\":\"https:\/\/www.notibras.com\/site\/wp-content\/uploads\/2026\/01\/WhatsApp-Image-2026-01-07-at-22.42.52.jpeg\",\"width\":984,\"height\":554},{\"@type\":\"BreadcrumbList\",\"@id\":\"https:\/\/www.notibras.com\/site\/suspeito-de-assassinar-professor-tem-prisao-preventiva-decretada\/#breadcrumb\",\"itemListElement\":[{\"@type\":\"ListItem\",\"position\":1,\"name\":\"In\u00edcio\",\"item\":\"https:\/\/www.notibras.com\/site\/\"},{\"@type\":\"ListItem\",\"position\":2,\"name\":\"Suspeito de assassinar professor tem pris\u00e3o preventiva decretada\"}]},{\"@type\":\"WebSite\",\"@id\":\"https:\/\/www.notibras.com\/site\/#website\",\"url\":\"https:\/\/www.notibras.com\/site\/\",\"name\":\"Notibras\",\"description\":\"Not\u00edcias de Bras\u00edlia, do Brasil e do Mundo\",\"publisher\":{\"@id\":\"https:\/\/www.notibras.com\/site\/#organization\"},\"potentialAction\":[{\"@type\":\"SearchAction\",\"target\":{\"@type\":\"EntryPoint\",\"urlTemplate\":\"https:\/\/www.notibras.com\/site\/?s={search_term_string}\"},\"query-input\":{\"@type\":\"PropertyValueSpecification\",\"valueRequired\":true,\"valueName\":\"search_term_string\"}}],\"inLanguage\":\"pt-BR\"},{\"@type\":\"Organization\",\"@id\":\"https:\/\/www.notibras.com\/site\/#organization\",\"name\":\"Grupo Notibras de Comunica\u00e7\u00e3o\",\"url\":\"https:\/\/www.notibras.com\/site\/\",\"logo\":{\"@type\":\"ImageObject\",\"inLanguage\":\"pt-BR\",\"@id\":\"https:\/\/www.notibras.com\/site\/#\/schema\/logo\/image\/\",\"url\":\"https:\/\/www.notibras.com\/site\/wp-content\/uploads\/2023\/01\/notibras23.png\",\"contentUrl\":\"https:\/\/www.notibras.com\/site\/wp-content\/uploads\/2023\/01\/notibras23.png\",\"width\":350,\"height\":87,\"caption\":\"Grupo Notibras de Comunica\u00e7\u00e3o\"},\"image\":{\"@id\":\"https:\/\/www.notibras.com\/site\/#\/schema\/logo\/image\/\"},\"sameAs\":[\"https:\/\/www.facebook.com\/notibras\/\",\"https:\/\/x.com\/Notibras\",\"https:\/\/www.instagram.com\/notibras\/\"]},{\"@type\":\"Person\",\"@id\":\"https:\/\/www.notibras.com\/site\/#\/schema\/person\/5b7fabf2aedc3ada2105f03b22b4d3dd\",\"name\":\"Eduardo Mart\u00ednez\",\"image\":{\"@type\":\"ImageObject\",\"inLanguage\":\"pt-BR\",\"@id\":\"https:\/\/secure.gravatar.com\/avatar\/7902f906289926289cbcda644b5197c796b893c6ffd7b9a536a42d290f7704a0?s=96&d=mm&r=g\",\"url\":\"https:\/\/secure.gravatar.com\/avatar\/7902f906289926289cbcda644b5197c796b893c6ffd7b9a536a42d290f7704a0?s=96&d=mm&r=g\",\"contentUrl\":\"https:\/\/secure.gravatar.com\/avatar\/7902f906289926289cbcda644b5197c796b893c6ffd7b9a536a42d290f7704a0?s=96&d=mm&r=g\",\"caption\":\"Eduardo Mart\u00ednez\"}}]}<\/script>\n<!-- \/ Yoast SEO plugin. -->","yoast_head_json":{"title":"Suspeito de assassinar professor tem pris\u00e3o preventiva decretada - Notibras","robots":{"index":"index","follow":"follow","max-snippet":"max-snippet:-1","max-image-preview":"max-image-preview:large","max-video-preview":"max-video-preview:-1"},"canonical":"https:\/\/www.notibras.com\/site\/suspeito-de-assassinar-professor-tem-prisao-preventiva-decretada\/","og_locale":"pt_BR","og_type":"article","og_title":"Suspeito de assassinar professor tem pris\u00e3o preventiva decretada - Notibras","og_description":"A Justi\u00e7a do Distrito Federal decidiu manter a pris\u00e3o de Guilherme Silva Teixeira, de 24 anos, suspeito de matar o professor Jo\u00e3o Emmanuel em Sobradinho II. A decis\u00e3o foi tomada durante a audi\u00eancia de cust\u00f3dia do suspeito, na manh\u00e3 desta quarta-feira (7). A pris\u00e3o em flagrante de Guilherme foi convertida em pris\u00e3o preventiva \u00b9. Jo\u00e3o [&hellip;]","og_url":"https:\/\/www.notibras.com\/site\/suspeito-de-assassinar-professor-tem-prisao-preventiva-decretada\/","og_site_name":"Notibras","article_publisher":"https:\/\/www.facebook.com\/notibras\/","article_published_time":"2026-01-08T03:30:09+00:00","og_image":[{"width":984,"height":554,"url":"https:\/\/www.notibras.com\/site\/wp-content\/uploads\/2026\/01\/WhatsApp-Image-2026-01-07-at-22.42.52.jpeg","type":"image\/jpeg"}],"author":"Eduardo Mart\u00ednez","twitter_card":"summary_large_image","twitter_creator":"@Notibras","twitter_site":"@Notibras","twitter_misc":{"Escrito por":"Eduardo Mart\u00ednez","Est. tempo de leitura":"2 minutos"},"schema":{"@context":"https:\/\/schema.org","@graph":[{"@type":"Article","@id":"https:\/\/www.notibras.com\/site\/suspeito-de-assassinar-professor-tem-prisao-preventiva-decretada\/#article","isPartOf":{"@id":"https:\/\/www.notibras.com\/site\/suspeito-de-assassinar-professor-tem-prisao-preventiva-decretada\/"},"author":{"name":"Eduardo Mart\u00ednez","@id":"https:\/\/www.notibras.com\/site\/#\/schema\/person\/5b7fabf2aedc3ada2105f03b22b4d3dd"},"headline":"Suspeito de assassinar professor tem pris\u00e3o preventiva decretada","datePublished":"2026-01-08T03:30:09+00:00","mainEntityOfPage":{"@id":"https:\/\/www.notibras.com\/site\/suspeito-de-assassinar-professor-tem-prisao-preventiva-decretada\/"},"wordCount":200,"publisher":{"@id":"https:\/\/www.notibras.com\/site\/#organization"},"image":{"@id":"https:\/\/www.notibras.com\/site\/suspeito-de-assassinar-professor-tem-prisao-preventiva-decretada\/#primaryimage"},"thumbnailUrl":"https:\/\/www.notibras.com\/site\/wp-content\/uploads\/2026\/01\/WhatsApp-Image-2026-01-07-at-22.42.52.jpeg","articleSection":["Quadradinho em Foco"],"inLanguage":"pt-BR"},{"@type":"WebPage","@id":"https:\/\/www.notibras.com\/site\/suspeito-de-assassinar-professor-tem-prisao-preventiva-decretada\/","url":"https:\/\/www.notibras.com\/site\/suspeito-de-assassinar-professor-tem-prisao-preventiva-decretada\/","name":"Suspeito de assassinar professor tem pris\u00e3o preventiva decretada - Notibras","isPartOf":{"@id":"https:\/\/www.notibras.com\/site\/#website"},"primaryImageOfPage":{"@id":"https:\/\/www.notibras.com\/site\/suspeito-de-assassinar-professor-tem-prisao-preventiva-decretada\/#primaryimage"},"image":{"@id":"https:\/\/www.notibras.com\/site\/suspeito-de-assassinar-professor-tem-prisao-preventiva-decretada\/#primaryimage"},"thumbnailUrl":"https:\/\/www.notibras.com\/site\/wp-content\/uploads\/2026\/01\/WhatsApp-Image-2026-01-07-at-22.42.52.jpeg","datePublished":"2026-01-08T03:30:09+00:00","breadcrumb":{"@id":"https:\/\/www.notibras.com\/site\/suspeito-de-assassinar-professor-tem-prisao-preventiva-decretada\/#breadcrumb"},"inLanguage":"pt-BR","potentialAction":[{"@type":"ReadAction","target":["https:\/\/www.notibras.com\/site\/suspeito-de-assassinar-professor-tem-prisao-preventiva-decretada\/"]}]},{"@type":"ImageObject","inLanguage":"pt-BR","@id":"https:\/\/www.notibras.com\/site\/suspeito-de-assassinar-professor-tem-prisao-preventiva-decretada\/#primaryimage","url":"https:\/\/www.notibras.com\/site\/wp-content\/uploads\/2026\/01\/WhatsApp-Image-2026-01-07-at-22.42.52.jpeg","contentUrl":"https:\/\/www.notibras.com\/site\/wp-content\/uploads\/2026\/01\/WhatsApp-Image-2026-01-07-at-22.42.52.jpeg","width":984,"height":554},{"@type":"BreadcrumbList","@id":"https:\/\/www.notibras.com\/site\/suspeito-de-assassinar-professor-tem-prisao-preventiva-decretada\/#breadcrumb","itemListElement":[{"@type":"ListItem","position":1,"name":"In\u00edcio","item":"https:\/\/www.notibras.com\/site\/"},{"@type":"ListItem","position":2,"name":"Suspeito de assassinar professor tem pris\u00e3o preventiva decretada"}]},{"@type":"WebSite","@id":"https:\/\/www.notibras.com\/site\/#website","url":"https:\/\/www.notibras.com\/site\/","name":"Notibras","description":"Not\u00edcias de Bras\u00edlia, do Brasil e do Mundo","publisher":{"@id":"https:\/\/www.notibras.com\/site\/#organization"},"potentialAction":[{"@type":"SearchAction","target":{"@type":"EntryPoint","urlTemplate":"https:\/\/www.notibras.com\/site\/?s={search_term_string}"},"query-input":{"@type":"PropertyValueSpecification","valueRequired":true,"valueName":"search_term_string"}}],"inLanguage":"pt-BR"},{"@type":"Organization","@id":"https:\/\/www.notibras.com\/site\/#organization","name":"Grupo Notibras de Comunica\u00e7\u00e3o","url":"https:\/\/www.notibras.com\/site\/","logo":{"@type":"ImageObject","inLanguage":"pt-BR","@id":"https:\/\/www.notibras.com\/site\/#\/schema\/logo\/image\/","url":"https:\/\/www.notibras.com\/site\/wp-content\/uploads\/2023\/01\/notibras23.png","contentUrl":"https:\/\/www.notibras.com\/site\/wp-content\/uploads\/2023\/01\/notibras23.png","width":350,"height":87,"caption":"Grupo Notibras de Comunica\u00e7\u00e3o"},"image":{"@id":"https:\/\/www.notibras.com\/site\/#\/schema\/logo\/image\/"},"sameAs":["https:\/\/www.facebook.com\/notibras\/","https:\/\/x.com\/Notibras","https:\/\/www.instagram.com\/notibras\/"]},{"@type":"Person","@id":"https:\/\/www.notibras.com\/site\/#\/schema\/person\/5b7fabf2aedc3ada2105f03b22b4d3dd","name":"Eduardo Mart\u00ednez","image":{"@type":"ImageObject","inLanguage":"pt-BR","@id":"https:\/\/secure.gravatar.com\/avatar\/7902f906289926289cbcda644b5197c796b893c6ffd7b9a536a42d290f7704a0?s=96&d=mm&r=g","url":"https:\/\/secure.gravatar.com\/avatar\/7902f906289926289cbcda644b5197c796b893c6ffd7b9a536a42d290f7704a0?s=96&d=mm&r=g","contentUrl":"https:\/\/secure.gravatar.com\/avatar\/7902f906289926289cbcda644b5197c796b893c6ffd7b9a536a42d290f7704a0?s=96&d=mm&r=g","caption":"Eduardo Mart\u00ednez"}}]}},"amp_enabled":true,"_links":{"self":[{"href":"https:\/\/www.notibras.com\/site\/wp-json\/wp\/v2\/posts\/378111","targetHints":{"allow":["GET"]}}],"collection":[{"href":"https:\/\/www.notibras.com\/site\/wp-json\/wp\/v2\/posts"}],"about":[{"href":"https:\/\/www.notibras.com\/site\/wp-json\/wp\/v2\/types\/post"}],"author":[{"embeddable":true,"href":"https:\/\/www.notibras.com\/site\/wp-json\/wp\/v2\/users\/21"}],"replies":[{"embeddable":true,"href":"https:\/\/www.notibras.com\/site\/wp-json\/wp\/v2\/comments?post=378111"}],"version-history":[{"count":2,"href":"https:\/\/www.notibras.com\/site\/wp-json\/wp\/v2\/posts\/378111\/revisions"}],"predecessor-version":[{"id":378114,"href":"https:\/\/www.notibras.com\/site\/wp-json\/wp\/v2\/posts\/378111\/revisions\/378114"}],"wp:featuredmedia":[{"embeddable":true,"href":"https:\/\/www.notibras.com\/site\/wp-json\/wp\/v2\/media\/378112"}],"wp:attachment":[{"href":"https:\/\/www.notibras.com\/site\/wp-json\/wp\/v2\/media?parent=378111"}],"wp:term":[{"taxonomy":"category","embeddable":true,"href":"https:\/\/www.notibras.com\/site\/wp-json\/wp\/v2\/categories?post=378111"},{"taxonomy":"post_tag","embeddable":true,"href":"https:\/\/www.notibras.com\/site\/wp-json\/wp\/v2\/tags?post=378111"}],"curies":[{"name":"wp","href":"https:\/\/api.w.org\/{rel}","templated":true}]}}