{"id":378115,"date":"2026-01-08T02:15:16","date_gmt":"2026-01-08T05:15:16","guid":{"rendered":"https:\/\/www.notibras.com\/site\/?p=378115"},"modified":"2026-01-07T23:24:05","modified_gmt":"2026-01-08T02:24:05","slug":"cfm-deveria-fiscalizar-o-exercicio-da-medicina-e-nao-fazer-politicagem","status":"publish","type":"post","link":"https:\/\/www.notibras.com\/site\/cfm-deveria-fiscalizar-o-exercicio-da-medicina-e-nao-fazer-politicagem\/","title":{"rendered":"CFM deveria fiscalizar o exerc\u00edcio da medicina e n\u00e3o fazer politicagem"},"content":{"rendered":"<p>O Conselho Federal de Medicina \u00e9 o \u00f3rg\u00e3o respons\u00e1vel por regulamentar e fiscalizar o exerc\u00edcio da medicina no Brasil. Trata-se, portanto, de uma institui\u00e7\u00e3o que deveria zelar pelo rigor cient\u00edfico, pela \u00e9tica profissional e, sobretudo, pela prote\u00e7\u00e3o da vida e do bem-estar da popula\u00e7\u00e3o. No entanto, nos \u00faltimos anos, o que se viu foi um afastamento perigoso desses princ\u00edpios.<\/p>\n<p>Durante a pandemia de COVID-19, o CFM adotou posi\u00e7\u00f5es amplamente controversas. Defendeu e chancelou o chamado \u201ctratamento precoce\u201d, incentivando o uso de medicamentos como cloroquina, azitromicina e ivermectina, sabidamente ineficazes contra a doen\u00e7a. O conselho tamb\u00e9m se op\u00f4s a medidas de isolamento social, criticou o uso de m\u00e1scaras e se colocou contra a obrigatoriedade das vacinas. Essas posi\u00e7\u00f5es n\u00e3o foram neutras nem t\u00e9cnicas: tiveram impacto direto na condu\u00e7\u00e3o da crise sanit\u00e1ria e na percep\u00e7\u00e3o da popula\u00e7\u00e3o sobre o que era ou n\u00e3o seguro fazer.<\/p>\n<p>N\u00e3o por acaso, o relat\u00f3rio final da CPI da pandemia, em 2021, classificou as a\u00e7\u00f5es do CFM como criminosas, anti\u00e9ticas e temer\u00e1rias, chegando a apontar o conselho como um dos respons\u00e1veis pelo caos sanit\u00e1rio vivido pelo pa\u00eds. \u00c9 uma acusa\u00e7\u00e3o grav\u00edssima, que jamais deveria ser naturalizada ou esquecida.<\/p>\n<p>\u00c9 esse mesmo CFM que agora determinou a instaura\u00e7\u00e3o de sindic\u00e2ncia para apurar a \u201cadequada assist\u00eancia m\u00e9dica\u201d prestada ao presidi\u00e1rio Jair Bolsonaro. O ministro Alexandre de Moraes j\u00e1 decretou a nulidade dessa sindic\u00e2ncia e determinou que o presidente do conselho seja ouvido pela Pol\u00edcia Federal, o que, por si s\u00f3, revela a fragilidade e a inadequa\u00e7\u00e3o da iniciativa.<\/p>\n<p>O que revolta \u00e9 a seletividade. Um conselho que deveria estar permanentemente preocupado com a sa\u00fade coletiva, com a qualidade da assist\u00eancia m\u00e9dica e com a prote\u00e7\u00e3o da vida jamais demonstrou o mesmo zelo quando milh\u00f5es de brasileiros adoeceram e morreram. Ao contr\u00e1rio: o que se viu foi um claro posicionamento pol\u00edtico, enviesado, negacionista, com consequ\u00eancias concretas e dolorosas para a popula\u00e7\u00e3o.<\/p>\n<p>Quando uma institui\u00e7\u00e3o t\u00e9cnica abandona a ci\u00eancia para servir a projetos ideol\u00f3gicos, ela trai sua fun\u00e7\u00e3o social. E, quando isso acontece em um \u00f3rg\u00e3o que deveria proteger vidas, o preju\u00edzo n\u00e3o \u00e9 apenas institucional, \u00e9 humano, profundo e irrepar\u00e1vel.<\/p>\n","protected":false},"excerpt":{"rendered":"<p>O Conselho Federal de Medicina \u00e9 o \u00f3rg\u00e3o respons\u00e1vel por regulamentar e fiscalizar o exerc\u00edcio da medicina no Brasil. Trata-se, portanto, de uma institui\u00e7\u00e3o que deveria zelar pelo rigor cient\u00edfico, pela \u00e9tica profissional e, sobretudo, pela prote\u00e7\u00e3o da vida e do bem-estar da popula\u00e7\u00e3o. No entanto, nos \u00faltimos anos, o que se viu foi um [&hellip;]<\/p>\n","protected":false},"author":21,"featured_media":378116,"comment_status":"closed","ping_status":"closed","sticky":false,"template":"","format":"standard","meta":{"_acf_changed":false,"footnotes":""},"categories":[235],"tags":[],"class_list":["post-378115","post","type-post","status-publish","format-standard","has-post-thumbnail","hentry","category-dona-irene"],"acf":[],"yoast_head":"<!-- This site is optimized with the Yoast SEO plugin v27.2 - https:\/\/yoast.com\/product\/yoast-seo-wordpress\/ -->\n<title>CFM deveria fiscalizar o exerc\u00edcio da medicina e n\u00e3o fazer politicagem - Notibras<\/title>\n<meta name=\"robots\" content=\"index, follow, max-snippet:-1, max-image-preview:large, max-video-preview:-1\" \/>\n<link rel=\"canonical\" href=\"https:\/\/www.notibras.com\/site\/cfm-deveria-fiscalizar-o-exercicio-da-medicina-e-nao-fazer-politicagem\/\" \/>\n<meta property=\"og:locale\" content=\"pt_BR\" \/>\n<meta property=\"og:type\" content=\"article\" \/>\n<meta property=\"og:title\" content=\"CFM deveria fiscalizar o exerc\u00edcio da medicina e n\u00e3o fazer politicagem - Notibras\" \/>\n<meta property=\"og:description\" content=\"O Conselho Federal de Medicina \u00e9 o \u00f3rg\u00e3o respons\u00e1vel por regulamentar e fiscalizar o exerc\u00edcio da medicina no Brasil. Trata-se, portanto, de uma institui\u00e7\u00e3o que deveria zelar pelo rigor cient\u00edfico, pela \u00e9tica profissional e, sobretudo, pela prote\u00e7\u00e3o da vida e do bem-estar da popula\u00e7\u00e3o. No entanto, nos \u00faltimos anos, o que se viu foi um [&hellip;]\" \/>\n<meta property=\"og:url\" content=\"https:\/\/www.notibras.com\/site\/cfm-deveria-fiscalizar-o-exercicio-da-medicina-e-nao-fazer-politicagem\/\" \/>\n<meta property=\"og:site_name\" content=\"Notibras\" \/>\n<meta property=\"article:publisher\" content=\"https:\/\/www.facebook.com\/notibras\/\" \/>\n<meta property=\"article:published_time\" content=\"2026-01-08T05:15:16+00:00\" \/>\n<meta property=\"og:image\" content=\"https:\/\/www.notibras.com\/site\/wp-content\/uploads\/2026\/01\/112752039_gettyimages-1213995427_tx.jpg.webp\" \/>\n\t<meta property=\"og:image:width\" content=\"800\" \/>\n\t<meta property=\"og:image:height\" content=\"450\" \/>\n\t<meta property=\"og:image:type\" content=\"image\/webp\" \/>\n<meta name=\"author\" content=\"Eduardo Mart\u00ednez\" \/>\n<meta name=\"twitter:card\" content=\"summary_large_image\" \/>\n<meta name=\"twitter:creator\" content=\"@Notibras\" \/>\n<meta name=\"twitter:site\" content=\"@Notibras\" \/>\n<meta name=\"twitter:label1\" content=\"Escrito por\" \/>\n\t<meta name=\"twitter:data1\" content=\"Eduardo Mart\u00ednez\" \/>\n\t<meta name=\"twitter:label2\" content=\"Est. tempo de leitura\" \/>\n\t<meta name=\"twitter:data2\" content=\"3 minutos\" \/>\n<script type=\"application\/ld+json\" class=\"yoast-schema-graph\">{\"@context\":\"https:\/\/schema.org\",\"@graph\":[{\"@type\":\"Article\",\"@id\":\"https:\/\/www.notibras.com\/site\/cfm-deveria-fiscalizar-o-exercicio-da-medicina-e-nao-fazer-politicagem\/#article\",\"isPartOf\":{\"@id\":\"https:\/\/www.notibras.com\/site\/cfm-deveria-fiscalizar-o-exercicio-da-medicina-e-nao-fazer-politicagem\/\"},\"author\":{\"name\":\"Eduardo Mart\u00ednez\",\"@id\":\"https:\/\/www.notibras.com\/site\/#\/schema\/person\/5b7fabf2aedc3ada2105f03b22b4d3dd\"},\"headline\":\"CFM deveria fiscalizar o exerc\u00edcio da medicina e n\u00e3o fazer politicagem\",\"datePublished\":\"2026-01-08T05:15:16+00:00\",\"mainEntityOfPage\":{\"@id\":\"https:\/\/www.notibras.com\/site\/cfm-deveria-fiscalizar-o-exercicio-da-medicina-e-nao-fazer-politicagem\/\"},\"wordCount\":413,\"publisher\":{\"@id\":\"https:\/\/www.notibras.com\/site\/#organization\"},\"image\":{\"@id\":\"https:\/\/www.notibras.com\/site\/cfm-deveria-fiscalizar-o-exercicio-da-medicina-e-nao-fazer-politicagem\/#primaryimage\"},\"thumbnailUrl\":\"https:\/\/www.notibras.com\/site\/wp-content\/uploads\/2026\/01\/112752039_gettyimages-1213995427_tx.jpg.webp\",\"articleSection\":[\"Dona Irene\"],\"inLanguage\":\"pt-BR\"},{\"@type\":\"WebPage\",\"@id\":\"https:\/\/www.notibras.com\/site\/cfm-deveria-fiscalizar-o-exercicio-da-medicina-e-nao-fazer-politicagem\/\",\"url\":\"https:\/\/www.notibras.com\/site\/cfm-deveria-fiscalizar-o-exercicio-da-medicina-e-nao-fazer-politicagem\/\",\"name\":\"CFM deveria fiscalizar o exerc\u00edcio da medicina e n\u00e3o fazer politicagem - Notibras\",\"isPartOf\":{\"@id\":\"https:\/\/www.notibras.com\/site\/#website\"},\"primaryImageOfPage\":{\"@id\":\"https:\/\/www.notibras.com\/site\/cfm-deveria-fiscalizar-o-exercicio-da-medicina-e-nao-fazer-politicagem\/#primaryimage\"},\"image\":{\"@id\":\"https:\/\/www.notibras.com\/site\/cfm-deveria-fiscalizar-o-exercicio-da-medicina-e-nao-fazer-politicagem\/#primaryimage\"},\"thumbnailUrl\":\"https:\/\/www.notibras.com\/site\/wp-content\/uploads\/2026\/01\/112752039_gettyimages-1213995427_tx.jpg.webp\",\"datePublished\":\"2026-01-08T05:15:16+00:00\",\"breadcrumb\":{\"@id\":\"https:\/\/www.notibras.com\/site\/cfm-deveria-fiscalizar-o-exercicio-da-medicina-e-nao-fazer-politicagem\/#breadcrumb\"},\"inLanguage\":\"pt-BR\",\"potentialAction\":[{\"@type\":\"ReadAction\",\"target\":[\"https:\/\/www.notibras.com\/site\/cfm-deveria-fiscalizar-o-exercicio-da-medicina-e-nao-fazer-politicagem\/\"]}]},{\"@type\":\"ImageObject\",\"inLanguage\":\"pt-BR\",\"@id\":\"https:\/\/www.notibras.com\/site\/cfm-deveria-fiscalizar-o-exercicio-da-medicina-e-nao-fazer-politicagem\/#primaryimage\",\"url\":\"https:\/\/www.notibras.com\/site\/wp-content\/uploads\/2026\/01\/112752039_gettyimages-1213995427_tx.jpg.webp\",\"contentUrl\":\"https:\/\/www.notibras.com\/site\/wp-content\/uploads\/2026\/01\/112752039_gettyimages-1213995427_tx.jpg.webp\",\"width\":800,\"height\":450},{\"@type\":\"BreadcrumbList\",\"@id\":\"https:\/\/www.notibras.com\/site\/cfm-deveria-fiscalizar-o-exercicio-da-medicina-e-nao-fazer-politicagem\/#breadcrumb\",\"itemListElement\":[{\"@type\":\"ListItem\",\"position\":1,\"name\":\"In\u00edcio\",\"item\":\"https:\/\/www.notibras.com\/site\/\"},{\"@type\":\"ListItem\",\"position\":2,\"name\":\"CFM deveria fiscalizar o exerc\u00edcio da medicina e n\u00e3o fazer politicagem\"}]},{\"@type\":\"WebSite\",\"@id\":\"https:\/\/www.notibras.com\/site\/#website\",\"url\":\"https:\/\/www.notibras.com\/site\/\",\"name\":\"Notibras\",\"description\":\"Not\u00edcias de Bras\u00edlia, do Brasil e do Mundo\",\"publisher\":{\"@id\":\"https:\/\/www.notibras.com\/site\/#organization\"},\"potentialAction\":[{\"@type\":\"SearchAction\",\"target\":{\"@type\":\"EntryPoint\",\"urlTemplate\":\"https:\/\/www.notibras.com\/site\/?s={search_term_string}\"},\"query-input\":{\"@type\":\"PropertyValueSpecification\",\"valueRequired\":true,\"valueName\":\"search_term_string\"}}],\"inLanguage\":\"pt-BR\"},{\"@type\":\"Organization\",\"@id\":\"https:\/\/www.notibras.com\/site\/#organization\",\"name\":\"Grupo Notibras de Comunica\u00e7\u00e3o\",\"url\":\"https:\/\/www.notibras.com\/site\/\",\"logo\":{\"@type\":\"ImageObject\",\"inLanguage\":\"pt-BR\",\"@id\":\"https:\/\/www.notibras.com\/site\/#\/schema\/logo\/image\/\",\"url\":\"https:\/\/www.notibras.com\/site\/wp-content\/uploads\/2023\/01\/notibras23.png\",\"contentUrl\":\"https:\/\/www.notibras.com\/site\/wp-content\/uploads\/2023\/01\/notibras23.png\",\"width\":350,\"height\":87,\"caption\":\"Grupo Notibras de Comunica\u00e7\u00e3o\"},\"image\":{\"@id\":\"https:\/\/www.notibras.com\/site\/#\/schema\/logo\/image\/\"},\"sameAs\":[\"https:\/\/www.facebook.com\/notibras\/\",\"https:\/\/x.com\/Notibras\",\"https:\/\/www.instagram.com\/notibras\/\"]},{\"@type\":\"Person\",\"@id\":\"https:\/\/www.notibras.com\/site\/#\/schema\/person\/5b7fabf2aedc3ada2105f03b22b4d3dd\",\"name\":\"Eduardo Mart\u00ednez\",\"image\":{\"@type\":\"ImageObject\",\"inLanguage\":\"pt-BR\",\"@id\":\"https:\/\/secure.gravatar.com\/avatar\/7902f906289926289cbcda644b5197c796b893c6ffd7b9a536a42d290f7704a0?s=96&d=mm&r=g\",\"url\":\"https:\/\/secure.gravatar.com\/avatar\/7902f906289926289cbcda644b5197c796b893c6ffd7b9a536a42d290f7704a0?s=96&d=mm&r=g\",\"contentUrl\":\"https:\/\/secure.gravatar.com\/avatar\/7902f906289926289cbcda644b5197c796b893c6ffd7b9a536a42d290f7704a0?s=96&d=mm&r=g\",\"caption\":\"Eduardo Mart\u00ednez\"}}]}<\/script>\n<!-- \/ Yoast SEO plugin. -->","yoast_head_json":{"title":"CFM deveria fiscalizar o exerc\u00edcio da medicina e n\u00e3o fazer politicagem - Notibras","robots":{"index":"index","follow":"follow","max-snippet":"max-snippet:-1","max-image-preview":"max-image-preview:large","max-video-preview":"max-video-preview:-1"},"canonical":"https:\/\/www.notibras.com\/site\/cfm-deveria-fiscalizar-o-exercicio-da-medicina-e-nao-fazer-politicagem\/","og_locale":"pt_BR","og_type":"article","og_title":"CFM deveria fiscalizar o exerc\u00edcio da medicina e n\u00e3o fazer politicagem - Notibras","og_description":"O Conselho Federal de Medicina \u00e9 o \u00f3rg\u00e3o respons\u00e1vel por regulamentar e fiscalizar o exerc\u00edcio da medicina no Brasil. Trata-se, portanto, de uma institui\u00e7\u00e3o que deveria zelar pelo rigor cient\u00edfico, pela \u00e9tica profissional e, sobretudo, pela prote\u00e7\u00e3o da vida e do bem-estar da popula\u00e7\u00e3o. No entanto, nos \u00faltimos anos, o que se viu foi um [&hellip;]","og_url":"https:\/\/www.notibras.com\/site\/cfm-deveria-fiscalizar-o-exercicio-da-medicina-e-nao-fazer-politicagem\/","og_site_name":"Notibras","article_publisher":"https:\/\/www.facebook.com\/notibras\/","article_published_time":"2026-01-08T05:15:16+00:00","og_image":[{"width":800,"height":450,"url":"https:\/\/www.notibras.com\/site\/wp-content\/uploads\/2026\/01\/112752039_gettyimages-1213995427_tx.jpg.webp","type":"image\/webp"}],"author":"Eduardo Mart\u00ednez","twitter_card":"summary_large_image","twitter_creator":"@Notibras","twitter_site":"@Notibras","twitter_misc":{"Escrito por":"Eduardo Mart\u00ednez","Est. tempo de leitura":"3 minutos"},"schema":{"@context":"https:\/\/schema.org","@graph":[{"@type":"Article","@id":"https:\/\/www.notibras.com\/site\/cfm-deveria-fiscalizar-o-exercicio-da-medicina-e-nao-fazer-politicagem\/#article","isPartOf":{"@id":"https:\/\/www.notibras.com\/site\/cfm-deveria-fiscalizar-o-exercicio-da-medicina-e-nao-fazer-politicagem\/"},"author":{"name":"Eduardo Mart\u00ednez","@id":"https:\/\/www.notibras.com\/site\/#\/schema\/person\/5b7fabf2aedc3ada2105f03b22b4d3dd"},"headline":"CFM deveria fiscalizar o exerc\u00edcio da medicina e n\u00e3o fazer politicagem","datePublished":"2026-01-08T05:15:16+00:00","mainEntityOfPage":{"@id":"https:\/\/www.notibras.com\/site\/cfm-deveria-fiscalizar-o-exercicio-da-medicina-e-nao-fazer-politicagem\/"},"wordCount":413,"publisher":{"@id":"https:\/\/www.notibras.com\/site\/#organization"},"image":{"@id":"https:\/\/www.notibras.com\/site\/cfm-deveria-fiscalizar-o-exercicio-da-medicina-e-nao-fazer-politicagem\/#primaryimage"},"thumbnailUrl":"https:\/\/www.notibras.com\/site\/wp-content\/uploads\/2026\/01\/112752039_gettyimages-1213995427_tx.jpg.webp","articleSection":["Dona Irene"],"inLanguage":"pt-BR"},{"@type":"WebPage","@id":"https:\/\/www.notibras.com\/site\/cfm-deveria-fiscalizar-o-exercicio-da-medicina-e-nao-fazer-politicagem\/","url":"https:\/\/www.notibras.com\/site\/cfm-deveria-fiscalizar-o-exercicio-da-medicina-e-nao-fazer-politicagem\/","name":"CFM deveria fiscalizar o exerc\u00edcio da medicina e n\u00e3o fazer politicagem - Notibras","isPartOf":{"@id":"https:\/\/www.notibras.com\/site\/#website"},"primaryImageOfPage":{"@id":"https:\/\/www.notibras.com\/site\/cfm-deveria-fiscalizar-o-exercicio-da-medicina-e-nao-fazer-politicagem\/#primaryimage"},"image":{"@id":"https:\/\/www.notibras.com\/site\/cfm-deveria-fiscalizar-o-exercicio-da-medicina-e-nao-fazer-politicagem\/#primaryimage"},"thumbnailUrl":"https:\/\/www.notibras.com\/site\/wp-content\/uploads\/2026\/01\/112752039_gettyimages-1213995427_tx.jpg.webp","datePublished":"2026-01-08T05:15:16+00:00","breadcrumb":{"@id":"https:\/\/www.notibras.com\/site\/cfm-deveria-fiscalizar-o-exercicio-da-medicina-e-nao-fazer-politicagem\/#breadcrumb"},"inLanguage":"pt-BR","potentialAction":[{"@type":"ReadAction","target":["https:\/\/www.notibras.com\/site\/cfm-deveria-fiscalizar-o-exercicio-da-medicina-e-nao-fazer-politicagem\/"]}]},{"@type":"ImageObject","inLanguage":"pt-BR","@id":"https:\/\/www.notibras.com\/site\/cfm-deveria-fiscalizar-o-exercicio-da-medicina-e-nao-fazer-politicagem\/#primaryimage","url":"https:\/\/www.notibras.com\/site\/wp-content\/uploads\/2026\/01\/112752039_gettyimages-1213995427_tx.jpg.webp","contentUrl":"https:\/\/www.notibras.com\/site\/wp-content\/uploads\/2026\/01\/112752039_gettyimages-1213995427_tx.jpg.webp","width":800,"height":450},{"@type":"BreadcrumbList","@id":"https:\/\/www.notibras.com\/site\/cfm-deveria-fiscalizar-o-exercicio-da-medicina-e-nao-fazer-politicagem\/#breadcrumb","itemListElement":[{"@type":"ListItem","position":1,"name":"In\u00edcio","item":"https:\/\/www.notibras.com\/site\/"},{"@type":"ListItem","position":2,"name":"CFM deveria fiscalizar o exerc\u00edcio da medicina e n\u00e3o fazer politicagem"}]},{"@type":"WebSite","@id":"https:\/\/www.notibras.com\/site\/#website","url":"https:\/\/www.notibras.com\/site\/","name":"Notibras","description":"Not\u00edcias de Bras\u00edlia, do Brasil e do Mundo","publisher":{"@id":"https:\/\/www.notibras.com\/site\/#organization"},"potentialAction":[{"@type":"SearchAction","target":{"@type":"EntryPoint","urlTemplate":"https:\/\/www.notibras.com\/site\/?s={search_term_string}"},"query-input":{"@type":"PropertyValueSpecification","valueRequired":true,"valueName":"search_term_string"}}],"inLanguage":"pt-BR"},{"@type":"Organization","@id":"https:\/\/www.notibras.com\/site\/#organization","name":"Grupo Notibras de Comunica\u00e7\u00e3o","url":"https:\/\/www.notibras.com\/site\/","logo":{"@type":"ImageObject","inLanguage":"pt-BR","@id":"https:\/\/www.notibras.com\/site\/#\/schema\/logo\/image\/","url":"https:\/\/www.notibras.com\/site\/wp-content\/uploads\/2023\/01\/notibras23.png","contentUrl":"https:\/\/www.notibras.com\/site\/wp-content\/uploads\/2023\/01\/notibras23.png","width":350,"height":87,"caption":"Grupo Notibras de Comunica\u00e7\u00e3o"},"image":{"@id":"https:\/\/www.notibras.com\/site\/#\/schema\/logo\/image\/"},"sameAs":["https:\/\/www.facebook.com\/notibras\/","https:\/\/x.com\/Notibras","https:\/\/www.instagram.com\/notibras\/"]},{"@type":"Person","@id":"https:\/\/www.notibras.com\/site\/#\/schema\/person\/5b7fabf2aedc3ada2105f03b22b4d3dd","name":"Eduardo Mart\u00ednez","image":{"@type":"ImageObject","inLanguage":"pt-BR","@id":"https:\/\/secure.gravatar.com\/avatar\/7902f906289926289cbcda644b5197c796b893c6ffd7b9a536a42d290f7704a0?s=96&d=mm&r=g","url":"https:\/\/secure.gravatar.com\/avatar\/7902f906289926289cbcda644b5197c796b893c6ffd7b9a536a42d290f7704a0?s=96&d=mm&r=g","contentUrl":"https:\/\/secure.gravatar.com\/avatar\/7902f906289926289cbcda644b5197c796b893c6ffd7b9a536a42d290f7704a0?s=96&d=mm&r=g","caption":"Eduardo Mart\u00ednez"}}]}},"amp_enabled":true,"_links":{"self":[{"href":"https:\/\/www.notibras.com\/site\/wp-json\/wp\/v2\/posts\/378115","targetHints":{"allow":["GET"]}}],"collection":[{"href":"https:\/\/www.notibras.com\/site\/wp-json\/wp\/v2\/posts"}],"about":[{"href":"https:\/\/www.notibras.com\/site\/wp-json\/wp\/v2\/types\/post"}],"author":[{"embeddable":true,"href":"https:\/\/www.notibras.com\/site\/wp-json\/wp\/v2\/users\/21"}],"replies":[{"embeddable":true,"href":"https:\/\/www.notibras.com\/site\/wp-json\/wp\/v2\/comments?post=378115"}],"version-history":[{"count":3,"href":"https:\/\/www.notibras.com\/site\/wp-json\/wp\/v2\/posts\/378115\/revisions"}],"predecessor-version":[{"id":378119,"href":"https:\/\/www.notibras.com\/site\/wp-json\/wp\/v2\/posts\/378115\/revisions\/378119"}],"wp:featuredmedia":[{"embeddable":true,"href":"https:\/\/www.notibras.com\/site\/wp-json\/wp\/v2\/media\/378116"}],"wp:attachment":[{"href":"https:\/\/www.notibras.com\/site\/wp-json\/wp\/v2\/media?parent=378115"}],"wp:term":[{"taxonomy":"category","embeddable":true,"href":"https:\/\/www.notibras.com\/site\/wp-json\/wp\/v2\/categories?post=378115"},{"taxonomy":"post_tag","embeddable":true,"href":"https:\/\/www.notibras.com\/site\/wp-json\/wp\/v2\/tags?post=378115"}],"curies":[{"name":"wp","href":"https:\/\/api.w.org\/{rel}","templated":true}]}}