{"id":378120,"date":"2026-01-08T02:00:40","date_gmt":"2026-01-08T05:00:40","guid":{"rendered":"https:\/\/www.notibras.com\/site\/?p=378120"},"modified":"2026-01-07T23:47:33","modified_gmt":"2026-01-08T02:47:33","slug":"o-filme-estrelado-por-wagner-moura-nao-termina-quando-os-letreiros-iniciam","status":"publish","type":"post","link":"https:\/\/www.notibras.com\/site\/o-filme-estrelado-por-wagner-moura-nao-termina-quando-os-letreiros-iniciam\/","title":{"rendered":"O filme estrelado por Wagner Moura n\u00e3o termina quando os letreiros iniciam"},"content":{"rendered":"<p>No in\u00edcio do m\u00eas passado, fui ao cinema assistir a <em>O Agente Secreto<\/em>, filme do diretor Kleber Mendon\u00e7a Filho, que conta com a atua\u00e7\u00e3o sempre brilhante de Wagner Moura. Sa\u00ed da sala com aquela sensa\u00e7\u00e3o de ter visto algo que n\u00e3o acaba quando a luz acende.<\/p>\n<p>N\u00e3o \u00e9, definitivamente, um filme para quem busca apenas se distrair enquanto come pipoca. <em>O Agente Secreto<\/em> exige presen\u00e7a, escuta e alguma coragem emocional. \u00c9 o retrato de um Brasil mergulhado em um regime autorit\u00e1rio, mas curiosamente habitado por personagens que s\u00e3o docemente tristes. Ou tristemente alegres. H\u00e1 uma melancolia suave que atravessa o filme inteiro, como se a dor j\u00e1 estivesse t\u00e3o entranhada que tivesse aprendido a conviver com o riso.<\/p>\n<p>O humor da \u201cperna cabeluda\u201d, quase absurdo, quase infantil, contrasta com a densidade pol\u00edtica do enredo e funciona como respiro e den\u00fancia ao mesmo tempo. Nada ali \u00e9 gratuito. E, como se n\u00e3o bastasse, a presen\u00e7a de T\u00e2nia Maria empresta ao filme uma naturalidade confort\u00e1vel. Sua voz de alcatr\u00e3o e nicotina cria um efeito de intimidade, de casa conhecida, de mem\u00f3ria afetiva que atravessa gera\u00e7\u00f5es. \u00c9 como ouvir algu\u00e9m da fam\u00edlia cantar verdades duras sem elevar o tom.<\/p>\n<p>O filme \u00e9 brilhante, potente, e merece todo o <em>hype<\/em> que vem recebendo. Mas deixo aqui um aviso honesto, quase um cuidado: <em>O Agente Secreto<\/em> n\u00e3o se limita \u00e0 dura\u00e7\u00e3o da sess\u00e3o. Ele permanece. Volta em cenas soltas, em di\u00e1logos lembrados fora de contexto, em pensamentos atravessados no meio do dia. \u00c9 desses filmes que se instalam silenciosamente e ficam reverberando dentro da gente.<\/p>\n","protected":false},"excerpt":{"rendered":"<p>No in\u00edcio do m\u00eas passado, fui ao cinema assistir a O Agente Secreto, filme do diretor Kleber Mendon\u00e7a Filho, que conta com a atua\u00e7\u00e3o sempre brilhante de Wagner Moura. Sa\u00ed da sala com aquela sensa\u00e7\u00e3o de ter visto algo que n\u00e3o acaba quando a luz acende. N\u00e3o \u00e9, definitivamente, um filme para quem busca apenas [&hellip;]<\/p>\n","protected":false},"author":21,"featured_media":378122,"comment_status":"closed","ping_status":"closed","sticky":false,"template":"","format":"standard","meta":{"_acf_changed":false,"footnotes":""},"categories":[235],"tags":[],"class_list":["post-378120","post","type-post","status-publish","format-standard","has-post-thumbnail","hentry","category-dona-irene"],"acf":[],"yoast_head":"<!-- This site is optimized with the Yoast SEO plugin v27.2 - https:\/\/yoast.com\/product\/yoast-seo-wordpress\/ -->\n<title>O filme estrelado por Wagner Moura n\u00e3o termina quando os letreiros iniciam - Notibras<\/title>\n<meta name=\"robots\" content=\"index, follow, max-snippet:-1, max-image-preview:large, max-video-preview:-1\" \/>\n<link rel=\"canonical\" href=\"https:\/\/www.notibras.com\/site\/o-filme-estrelado-por-wagner-moura-nao-termina-quando-os-letreiros-iniciam\/\" \/>\n<meta property=\"og:locale\" content=\"pt_BR\" \/>\n<meta property=\"og:type\" content=\"article\" \/>\n<meta property=\"og:title\" content=\"O filme estrelado por Wagner Moura n\u00e3o termina quando os letreiros iniciam - Notibras\" \/>\n<meta property=\"og:description\" content=\"No in\u00edcio do m\u00eas passado, fui ao cinema assistir a O Agente Secreto, filme do diretor Kleber Mendon\u00e7a Filho, que conta com a atua\u00e7\u00e3o sempre brilhante de Wagner Moura. Sa\u00ed da sala com aquela sensa\u00e7\u00e3o de ter visto algo que n\u00e3o acaba quando a luz acende. N\u00e3o \u00e9, definitivamente, um filme para quem busca apenas [&hellip;]\" \/>\n<meta property=\"og:url\" content=\"https:\/\/www.notibras.com\/site\/o-filme-estrelado-por-wagner-moura-nao-termina-quando-os-letreiros-iniciam\/\" \/>\n<meta property=\"og:site_name\" content=\"Notibras\" \/>\n<meta property=\"article:publisher\" content=\"https:\/\/www.facebook.com\/notibras\/\" \/>\n<meta property=\"article:published_time\" content=\"2026-01-08T05:00:40+00:00\" \/>\n<meta property=\"og:image\" content=\"https:\/\/www.notibras.com\/site\/wp-content\/uploads\/2026\/01\/WhatsApp-Image-2026-01-07-at-23.28.17.jpeg\" \/>\n\t<meta property=\"og:image:width\" content=\"888\" \/>\n\t<meta property=\"og:image:height\" content=\"520\" \/>\n\t<meta property=\"og:image:type\" content=\"image\/jpeg\" \/>\n<meta name=\"author\" content=\"Eduardo Mart\u00ednez\" \/>\n<meta name=\"twitter:card\" content=\"summary_large_image\" \/>\n<meta name=\"twitter:creator\" content=\"@Notibras\" \/>\n<meta name=\"twitter:site\" content=\"@Notibras\" \/>\n<meta name=\"twitter:label1\" content=\"Escrito por\" \/>\n\t<meta name=\"twitter:data1\" content=\"Eduardo Mart\u00ednez\" \/>\n\t<meta name=\"twitter:label2\" content=\"Est. tempo de leitura\" \/>\n\t<meta name=\"twitter:data2\" content=\"2 minutos\" \/>\n<script type=\"application\/ld+json\" class=\"yoast-schema-graph\">{\"@context\":\"https:\/\/schema.org\",\"@graph\":[{\"@type\":\"Article\",\"@id\":\"https:\/\/www.notibras.com\/site\/o-filme-estrelado-por-wagner-moura-nao-termina-quando-os-letreiros-iniciam\/#article\",\"isPartOf\":{\"@id\":\"https:\/\/www.notibras.com\/site\/o-filme-estrelado-por-wagner-moura-nao-termina-quando-os-letreiros-iniciam\/\"},\"author\":{\"name\":\"Eduardo Mart\u00ednez\",\"@id\":\"https:\/\/www.notibras.com\/site\/#\/schema\/person\/5b7fabf2aedc3ada2105f03b22b4d3dd\"},\"headline\":\"O filme estrelado por Wagner Moura n\u00e3o termina quando os letreiros iniciam\",\"datePublished\":\"2026-01-08T05:00:40+00:00\",\"mainEntityOfPage\":{\"@id\":\"https:\/\/www.notibras.com\/site\/o-filme-estrelado-por-wagner-moura-nao-termina-quando-os-letreiros-iniciam\/\"},\"wordCount\":292,\"publisher\":{\"@id\":\"https:\/\/www.notibras.com\/site\/#organization\"},\"image\":{\"@id\":\"https:\/\/www.notibras.com\/site\/o-filme-estrelado-por-wagner-moura-nao-termina-quando-os-letreiros-iniciam\/#primaryimage\"},\"thumbnailUrl\":\"https:\/\/www.notibras.com\/site\/wp-content\/uploads\/2026\/01\/WhatsApp-Image-2026-01-07-at-23.28.17.jpeg\",\"articleSection\":[\"Dona Irene\"],\"inLanguage\":\"pt-BR\"},{\"@type\":\"WebPage\",\"@id\":\"https:\/\/www.notibras.com\/site\/o-filme-estrelado-por-wagner-moura-nao-termina-quando-os-letreiros-iniciam\/\",\"url\":\"https:\/\/www.notibras.com\/site\/o-filme-estrelado-por-wagner-moura-nao-termina-quando-os-letreiros-iniciam\/\",\"name\":\"O filme estrelado por Wagner Moura n\u00e3o termina quando os letreiros iniciam - Notibras\",\"isPartOf\":{\"@id\":\"https:\/\/www.notibras.com\/site\/#website\"},\"primaryImageOfPage\":{\"@id\":\"https:\/\/www.notibras.com\/site\/o-filme-estrelado-por-wagner-moura-nao-termina-quando-os-letreiros-iniciam\/#primaryimage\"},\"image\":{\"@id\":\"https:\/\/www.notibras.com\/site\/o-filme-estrelado-por-wagner-moura-nao-termina-quando-os-letreiros-iniciam\/#primaryimage\"},\"thumbnailUrl\":\"https:\/\/www.notibras.com\/site\/wp-content\/uploads\/2026\/01\/WhatsApp-Image-2026-01-07-at-23.28.17.jpeg\",\"datePublished\":\"2026-01-08T05:00:40+00:00\",\"breadcrumb\":{\"@id\":\"https:\/\/www.notibras.com\/site\/o-filme-estrelado-por-wagner-moura-nao-termina-quando-os-letreiros-iniciam\/#breadcrumb\"},\"inLanguage\":\"pt-BR\",\"potentialAction\":[{\"@type\":\"ReadAction\",\"target\":[\"https:\/\/www.notibras.com\/site\/o-filme-estrelado-por-wagner-moura-nao-termina-quando-os-letreiros-iniciam\/\"]}]},{\"@type\":\"ImageObject\",\"inLanguage\":\"pt-BR\",\"@id\":\"https:\/\/www.notibras.com\/site\/o-filme-estrelado-por-wagner-moura-nao-termina-quando-os-letreiros-iniciam\/#primaryimage\",\"url\":\"https:\/\/www.notibras.com\/site\/wp-content\/uploads\/2026\/01\/WhatsApp-Image-2026-01-07-at-23.28.17.jpeg\",\"contentUrl\":\"https:\/\/www.notibras.com\/site\/wp-content\/uploads\/2026\/01\/WhatsApp-Image-2026-01-07-at-23.28.17.jpeg\",\"width\":888,\"height\":520},{\"@type\":\"BreadcrumbList\",\"@id\":\"https:\/\/www.notibras.com\/site\/o-filme-estrelado-por-wagner-moura-nao-termina-quando-os-letreiros-iniciam\/#breadcrumb\",\"itemListElement\":[{\"@type\":\"ListItem\",\"position\":1,\"name\":\"In\u00edcio\",\"item\":\"https:\/\/www.notibras.com\/site\/\"},{\"@type\":\"ListItem\",\"position\":2,\"name\":\"O filme estrelado por Wagner Moura n\u00e3o termina quando os letreiros iniciam\"}]},{\"@type\":\"WebSite\",\"@id\":\"https:\/\/www.notibras.com\/site\/#website\",\"url\":\"https:\/\/www.notibras.com\/site\/\",\"name\":\"Notibras\",\"description\":\"Not\u00edcias de Bras\u00edlia, do Brasil e do Mundo\",\"publisher\":{\"@id\":\"https:\/\/www.notibras.com\/site\/#organization\"},\"potentialAction\":[{\"@type\":\"SearchAction\",\"target\":{\"@type\":\"EntryPoint\",\"urlTemplate\":\"https:\/\/www.notibras.com\/site\/?s={search_term_string}\"},\"query-input\":{\"@type\":\"PropertyValueSpecification\",\"valueRequired\":true,\"valueName\":\"search_term_string\"}}],\"inLanguage\":\"pt-BR\"},{\"@type\":\"Organization\",\"@id\":\"https:\/\/www.notibras.com\/site\/#organization\",\"name\":\"Grupo Notibras de Comunica\u00e7\u00e3o\",\"url\":\"https:\/\/www.notibras.com\/site\/\",\"logo\":{\"@type\":\"ImageObject\",\"inLanguage\":\"pt-BR\",\"@id\":\"https:\/\/www.notibras.com\/site\/#\/schema\/logo\/image\/\",\"url\":\"https:\/\/www.notibras.com\/site\/wp-content\/uploads\/2023\/01\/notibras23.png\",\"contentUrl\":\"https:\/\/www.notibras.com\/site\/wp-content\/uploads\/2023\/01\/notibras23.png\",\"width\":350,\"height\":87,\"caption\":\"Grupo Notibras de Comunica\u00e7\u00e3o\"},\"image\":{\"@id\":\"https:\/\/www.notibras.com\/site\/#\/schema\/logo\/image\/\"},\"sameAs\":[\"https:\/\/www.facebook.com\/notibras\/\",\"https:\/\/x.com\/Notibras\",\"https:\/\/www.instagram.com\/notibras\/\"]},{\"@type\":\"Person\",\"@id\":\"https:\/\/www.notibras.com\/site\/#\/schema\/person\/5b7fabf2aedc3ada2105f03b22b4d3dd\",\"name\":\"Eduardo Mart\u00ednez\",\"image\":{\"@type\":\"ImageObject\",\"inLanguage\":\"pt-BR\",\"@id\":\"https:\/\/secure.gravatar.com\/avatar\/7902f906289926289cbcda644b5197c796b893c6ffd7b9a536a42d290f7704a0?s=96&d=mm&r=g\",\"url\":\"https:\/\/secure.gravatar.com\/avatar\/7902f906289926289cbcda644b5197c796b893c6ffd7b9a536a42d290f7704a0?s=96&d=mm&r=g\",\"contentUrl\":\"https:\/\/secure.gravatar.com\/avatar\/7902f906289926289cbcda644b5197c796b893c6ffd7b9a536a42d290f7704a0?s=96&d=mm&r=g\",\"caption\":\"Eduardo Mart\u00ednez\"}}]}<\/script>\n<!-- \/ Yoast SEO plugin. -->","yoast_head_json":{"title":"O filme estrelado por Wagner Moura n\u00e3o termina quando os letreiros iniciam - Notibras","robots":{"index":"index","follow":"follow","max-snippet":"max-snippet:-1","max-image-preview":"max-image-preview:large","max-video-preview":"max-video-preview:-1"},"canonical":"https:\/\/www.notibras.com\/site\/o-filme-estrelado-por-wagner-moura-nao-termina-quando-os-letreiros-iniciam\/","og_locale":"pt_BR","og_type":"article","og_title":"O filme estrelado por Wagner Moura n\u00e3o termina quando os letreiros iniciam - Notibras","og_description":"No in\u00edcio do m\u00eas passado, fui ao cinema assistir a O Agente Secreto, filme do diretor Kleber Mendon\u00e7a Filho, que conta com a atua\u00e7\u00e3o sempre brilhante de Wagner Moura. Sa\u00ed da sala com aquela sensa\u00e7\u00e3o de ter visto algo que n\u00e3o acaba quando a luz acende. N\u00e3o \u00e9, definitivamente, um filme para quem busca apenas [&hellip;]","og_url":"https:\/\/www.notibras.com\/site\/o-filme-estrelado-por-wagner-moura-nao-termina-quando-os-letreiros-iniciam\/","og_site_name":"Notibras","article_publisher":"https:\/\/www.facebook.com\/notibras\/","article_published_time":"2026-01-08T05:00:40+00:00","og_image":[{"width":888,"height":520,"url":"https:\/\/www.notibras.com\/site\/wp-content\/uploads\/2026\/01\/WhatsApp-Image-2026-01-07-at-23.28.17.jpeg","type":"image\/jpeg"}],"author":"Eduardo Mart\u00ednez","twitter_card":"summary_large_image","twitter_creator":"@Notibras","twitter_site":"@Notibras","twitter_misc":{"Escrito por":"Eduardo Mart\u00ednez","Est. tempo de leitura":"2 minutos"},"schema":{"@context":"https:\/\/schema.org","@graph":[{"@type":"Article","@id":"https:\/\/www.notibras.com\/site\/o-filme-estrelado-por-wagner-moura-nao-termina-quando-os-letreiros-iniciam\/#article","isPartOf":{"@id":"https:\/\/www.notibras.com\/site\/o-filme-estrelado-por-wagner-moura-nao-termina-quando-os-letreiros-iniciam\/"},"author":{"name":"Eduardo Mart\u00ednez","@id":"https:\/\/www.notibras.com\/site\/#\/schema\/person\/5b7fabf2aedc3ada2105f03b22b4d3dd"},"headline":"O filme estrelado por Wagner Moura n\u00e3o termina quando os letreiros iniciam","datePublished":"2026-01-08T05:00:40+00:00","mainEntityOfPage":{"@id":"https:\/\/www.notibras.com\/site\/o-filme-estrelado-por-wagner-moura-nao-termina-quando-os-letreiros-iniciam\/"},"wordCount":292,"publisher":{"@id":"https:\/\/www.notibras.com\/site\/#organization"},"image":{"@id":"https:\/\/www.notibras.com\/site\/o-filme-estrelado-por-wagner-moura-nao-termina-quando-os-letreiros-iniciam\/#primaryimage"},"thumbnailUrl":"https:\/\/www.notibras.com\/site\/wp-content\/uploads\/2026\/01\/WhatsApp-Image-2026-01-07-at-23.28.17.jpeg","articleSection":["Dona Irene"],"inLanguage":"pt-BR"},{"@type":"WebPage","@id":"https:\/\/www.notibras.com\/site\/o-filme-estrelado-por-wagner-moura-nao-termina-quando-os-letreiros-iniciam\/","url":"https:\/\/www.notibras.com\/site\/o-filme-estrelado-por-wagner-moura-nao-termina-quando-os-letreiros-iniciam\/","name":"O filme estrelado por Wagner Moura n\u00e3o termina quando os letreiros iniciam - Notibras","isPartOf":{"@id":"https:\/\/www.notibras.com\/site\/#website"},"primaryImageOfPage":{"@id":"https:\/\/www.notibras.com\/site\/o-filme-estrelado-por-wagner-moura-nao-termina-quando-os-letreiros-iniciam\/#primaryimage"},"image":{"@id":"https:\/\/www.notibras.com\/site\/o-filme-estrelado-por-wagner-moura-nao-termina-quando-os-letreiros-iniciam\/#primaryimage"},"thumbnailUrl":"https:\/\/www.notibras.com\/site\/wp-content\/uploads\/2026\/01\/WhatsApp-Image-2026-01-07-at-23.28.17.jpeg","datePublished":"2026-01-08T05:00:40+00:00","breadcrumb":{"@id":"https:\/\/www.notibras.com\/site\/o-filme-estrelado-por-wagner-moura-nao-termina-quando-os-letreiros-iniciam\/#breadcrumb"},"inLanguage":"pt-BR","potentialAction":[{"@type":"ReadAction","target":["https:\/\/www.notibras.com\/site\/o-filme-estrelado-por-wagner-moura-nao-termina-quando-os-letreiros-iniciam\/"]}]},{"@type":"ImageObject","inLanguage":"pt-BR","@id":"https:\/\/www.notibras.com\/site\/o-filme-estrelado-por-wagner-moura-nao-termina-quando-os-letreiros-iniciam\/#primaryimage","url":"https:\/\/www.notibras.com\/site\/wp-content\/uploads\/2026\/01\/WhatsApp-Image-2026-01-07-at-23.28.17.jpeg","contentUrl":"https:\/\/www.notibras.com\/site\/wp-content\/uploads\/2026\/01\/WhatsApp-Image-2026-01-07-at-23.28.17.jpeg","width":888,"height":520},{"@type":"BreadcrumbList","@id":"https:\/\/www.notibras.com\/site\/o-filme-estrelado-por-wagner-moura-nao-termina-quando-os-letreiros-iniciam\/#breadcrumb","itemListElement":[{"@type":"ListItem","position":1,"name":"In\u00edcio","item":"https:\/\/www.notibras.com\/site\/"},{"@type":"ListItem","position":2,"name":"O filme estrelado por Wagner Moura n\u00e3o termina quando os letreiros iniciam"}]},{"@type":"WebSite","@id":"https:\/\/www.notibras.com\/site\/#website","url":"https:\/\/www.notibras.com\/site\/","name":"Notibras","description":"Not\u00edcias de Bras\u00edlia, do Brasil e do Mundo","publisher":{"@id":"https:\/\/www.notibras.com\/site\/#organization"},"potentialAction":[{"@type":"SearchAction","target":{"@type":"EntryPoint","urlTemplate":"https:\/\/www.notibras.com\/site\/?s={search_term_string}"},"query-input":{"@type":"PropertyValueSpecification","valueRequired":true,"valueName":"search_term_string"}}],"inLanguage":"pt-BR"},{"@type":"Organization","@id":"https:\/\/www.notibras.com\/site\/#organization","name":"Grupo Notibras de Comunica\u00e7\u00e3o","url":"https:\/\/www.notibras.com\/site\/","logo":{"@type":"ImageObject","inLanguage":"pt-BR","@id":"https:\/\/www.notibras.com\/site\/#\/schema\/logo\/image\/","url":"https:\/\/www.notibras.com\/site\/wp-content\/uploads\/2023\/01\/notibras23.png","contentUrl":"https:\/\/www.notibras.com\/site\/wp-content\/uploads\/2023\/01\/notibras23.png","width":350,"height":87,"caption":"Grupo Notibras de Comunica\u00e7\u00e3o"},"image":{"@id":"https:\/\/www.notibras.com\/site\/#\/schema\/logo\/image\/"},"sameAs":["https:\/\/www.facebook.com\/notibras\/","https:\/\/x.com\/Notibras","https:\/\/www.instagram.com\/notibras\/"]},{"@type":"Person","@id":"https:\/\/www.notibras.com\/site\/#\/schema\/person\/5b7fabf2aedc3ada2105f03b22b4d3dd","name":"Eduardo Mart\u00ednez","image":{"@type":"ImageObject","inLanguage":"pt-BR","@id":"https:\/\/secure.gravatar.com\/avatar\/7902f906289926289cbcda644b5197c796b893c6ffd7b9a536a42d290f7704a0?s=96&d=mm&r=g","url":"https:\/\/secure.gravatar.com\/avatar\/7902f906289926289cbcda644b5197c796b893c6ffd7b9a536a42d290f7704a0?s=96&d=mm&r=g","contentUrl":"https:\/\/secure.gravatar.com\/avatar\/7902f906289926289cbcda644b5197c796b893c6ffd7b9a536a42d290f7704a0?s=96&d=mm&r=g","caption":"Eduardo Mart\u00ednez"}}]}},"amp_enabled":true,"_links":{"self":[{"href":"https:\/\/www.notibras.com\/site\/wp-json\/wp\/v2\/posts\/378120","targetHints":{"allow":["GET"]}}],"collection":[{"href":"https:\/\/www.notibras.com\/site\/wp-json\/wp\/v2\/posts"}],"about":[{"href":"https:\/\/www.notibras.com\/site\/wp-json\/wp\/v2\/types\/post"}],"author":[{"embeddable":true,"href":"https:\/\/www.notibras.com\/site\/wp-json\/wp\/v2\/users\/21"}],"replies":[{"embeddable":true,"href":"https:\/\/www.notibras.com\/site\/wp-json\/wp\/v2\/comments?post=378120"}],"version-history":[{"count":4,"href":"https:\/\/www.notibras.com\/site\/wp-json\/wp\/v2\/posts\/378120\/revisions"}],"predecessor-version":[{"id":378125,"href":"https:\/\/www.notibras.com\/site\/wp-json\/wp\/v2\/posts\/378120\/revisions\/378125"}],"wp:featuredmedia":[{"embeddable":true,"href":"https:\/\/www.notibras.com\/site\/wp-json\/wp\/v2\/media\/378122"}],"wp:attachment":[{"href":"https:\/\/www.notibras.com\/site\/wp-json\/wp\/v2\/media?parent=378120"}],"wp:term":[{"taxonomy":"category","embeddable":true,"href":"https:\/\/www.notibras.com\/site\/wp-json\/wp\/v2\/categories?post=378120"},{"taxonomy":"post_tag","embeddable":true,"href":"https:\/\/www.notibras.com\/site\/wp-json\/wp\/v2\/tags?post=378120"}],"curies":[{"name":"wp","href":"https:\/\/api.w.org\/{rel}","templated":true}]}}