{"id":378131,"date":"2026-01-08T01:00:23","date_gmt":"2026-01-08T04:00:23","guid":{"rendered":"https:\/\/www.notibras.com\/site\/?p=378131"},"modified":"2026-01-08T00:03:52","modified_gmt":"2026-01-08T03:03:52","slug":"projeto-conexao-para-todos-abre-inscricoes-para-cursos-gratuitos","status":"publish","type":"post","link":"https:\/\/www.notibras.com\/site\/projeto-conexao-para-todos-abre-inscricoes-para-cursos-gratuitos\/","title":{"rendered":"Projeto Conex\u00e3o Para Todos abre inscri\u00e7\u00f5es para cursos gratuitos"},"content":{"rendered":"<p>As inscri\u00e7\u00f5es para os cursos de capacita\u00e7\u00e3o tecnol\u00f3gica em Ceil\u00e2ndia j\u00e1 est\u00e3o abertas. O projeto Conex\u00e3o para Todos, da Secretaria de Ci\u00eancia, Tecnologia e Inova\u00e7\u00e3o do Distrito Federal (Secti-DF) em parceria com o Instituto Bem Viver DF, tem como foco a inclus\u00e3o digital e a qualifica\u00e7\u00e3o profissional de jovens e adultos. A iniciativa visa ampliar o acesso ao conhecimento tecnol\u00f3gico e \u00e0s oportunidades de trabalho no mercado digital, que tem crescido cada vez mais.<\/p>\n<p>As aulas iniciam no dia 12 de janeiro, s\u00e3o 100% gratuitas e com certificado de conclus\u00e3o. Ao se inscrever, o candidato poder\u00e1 escolher a participa\u00e7\u00e3o presencial ou online. Os cursos oferecidos s\u00e3o de inform\u00e1tica, videomaker, design gr\u00e1fico e e-sport, com turmas no per\u00edodo da manh\u00e3 e da tarde.<\/p>\n<p>O secret\u00e1rio de Ci\u00eancia, Tecnologia e Inova\u00e7\u00e3o, Rafael Vitorino, destaca que a oferta de cursos gratuitos visa reduzir as barreiras de acesso ao conhecimento t\u00e9cnico e ampliar as chances de empregabilidade na regi\u00e3o. Segundo o titular da pasta, o projeto \u00e9 uma ferramenta para o fortalecimento da autonomia dos cidad\u00e3os. &#8220;O Conex\u00e3o para Todos busca democratizar o acesso \u00e0 tecnologia no Distrito Federal. Ao oferecer capacita\u00e7\u00e3o em \u00e1reas com demanda de mercado, focamos na prepara\u00e7\u00e3o dos alunos para novas oportunidades de trabalho e no desenvolvimento de compet\u00eancias digitais necess\u00e1rias para o cotidiano profissional&#8221;, afirma o secret\u00e1rio.<\/p>\n<p>Os alunos que se inscreverem no curso de inform\u00e1tica aprender\u00e3o no\u00e7\u00f5es b\u00e1sicas de uso do computador e ferramentas digitais essenciais para o dia a dia profissional. J\u00e1 no curso de videomaker, o participante ir\u00e1 aprender t\u00e9cnicas de grava\u00e7\u00e3o e edi\u00e7\u00e3o de v\u00eddeos, como foco na cria\u00e7\u00e3o de conte\u00fados para redes sociais e projetos digitais.<\/p>\n<p>O curso de design gr\u00e1fico \u00e9 voltado aos fundamentos da comunica\u00e7\u00e3o visual e \u00e0 cria\u00e7\u00e3o de artes digitais, enquanto o curso de e-sport introduz os alunos no universo dos esportes eletr\u00f4nicos, abordando estrat\u00e9gia, trabalho em equipe e comportamento no ambiente digital.<\/p>\n<p>As vagas s\u00e3o limitadas e os interessados podem se inscrever por meio do site ou pelo telefone (61) 9 9503-1722.<\/p>\n","protected":false},"excerpt":{"rendered":"<p>As inscri\u00e7\u00f5es para os cursos de capacita\u00e7\u00e3o tecnol\u00f3gica em Ceil\u00e2ndia j\u00e1 est\u00e3o abertas. O projeto Conex\u00e3o para Todos, da Secretaria de Ci\u00eancia, Tecnologia e Inova\u00e7\u00e3o do Distrito Federal (Secti-DF) em parceria com o Instituto Bem Viver DF, tem como foco a inclus\u00e3o digital e a qualifica\u00e7\u00e3o profissional de jovens e adultos. A iniciativa visa ampliar [&hellip;]<\/p>\n","protected":false},"author":21,"featured_media":378134,"comment_status":"closed","ping_status":"closed","sticky":false,"template":"","format":"standard","meta":{"_acf_changed":false,"footnotes":""},"categories":[161],"tags":[],"class_list":["post-378131","post","type-post","status-publish","format-standard","has-post-thumbnail","hentry","category-quadradinho-em-foco"],"acf":[],"yoast_head":"<!-- This site is optimized with the Yoast SEO plugin v27.2 - https:\/\/yoast.com\/product\/yoast-seo-wordpress\/ -->\n<title>Projeto Conex\u00e3o Para Todos abre inscri\u00e7\u00f5es para cursos gratuitos - Notibras<\/title>\n<meta name=\"robots\" content=\"index, follow, max-snippet:-1, max-image-preview:large, max-video-preview:-1\" \/>\n<link rel=\"canonical\" href=\"https:\/\/www.notibras.com\/site\/projeto-conexao-para-todos-abre-inscricoes-para-cursos-gratuitos\/\" \/>\n<meta property=\"og:locale\" content=\"pt_BR\" \/>\n<meta property=\"og:type\" content=\"article\" \/>\n<meta property=\"og:title\" content=\"Projeto Conex\u00e3o Para Todos abre inscri\u00e7\u00f5es para cursos gratuitos - Notibras\" \/>\n<meta property=\"og:description\" content=\"As inscri\u00e7\u00f5es para os cursos de capacita\u00e7\u00e3o tecnol\u00f3gica em Ceil\u00e2ndia j\u00e1 est\u00e3o abertas. O projeto Conex\u00e3o para Todos, da Secretaria de Ci\u00eancia, Tecnologia e Inova\u00e7\u00e3o do Distrito Federal (Secti-DF) em parceria com o Instituto Bem Viver DF, tem como foco a inclus\u00e3o digital e a qualifica\u00e7\u00e3o profissional de jovens e adultos. A iniciativa visa ampliar [&hellip;]\" \/>\n<meta property=\"og:url\" content=\"https:\/\/www.notibras.com\/site\/projeto-conexao-para-todos-abre-inscricoes-para-cursos-gratuitos\/\" \/>\n<meta property=\"og:site_name\" content=\"Notibras\" \/>\n<meta property=\"article:publisher\" content=\"https:\/\/www.facebook.com\/notibras\/\" \/>\n<meta property=\"article:published_time\" content=\"2026-01-08T04:00:23+00:00\" \/>\n<meta property=\"og:image\" content=\"https:\/\/www.notibras.com\/site\/wp-content\/uploads\/2026\/01\/Conexao-para-Todos-Divulgacao-1.png\" \/>\n\t<meta property=\"og:image:width\" content=\"1366\" \/>\n\t<meta property=\"og:image:height\" content=\"768\" \/>\n\t<meta property=\"og:image:type\" content=\"image\/png\" \/>\n<meta name=\"author\" content=\"Eduardo Mart\u00ednez\" \/>\n<meta name=\"twitter:card\" content=\"summary_large_image\" \/>\n<meta name=\"twitter:creator\" content=\"@Notibras\" \/>\n<meta name=\"twitter:site\" content=\"@Notibras\" \/>\n<meta name=\"twitter:label1\" content=\"Escrito por\" \/>\n\t<meta name=\"twitter:data1\" content=\"Eduardo Mart\u00ednez\" \/>\n\t<meta name=\"twitter:label2\" content=\"Est. tempo de leitura\" \/>\n\t<meta name=\"twitter:data2\" content=\"3 minutos\" \/>\n<script type=\"application\/ld+json\" class=\"yoast-schema-graph\">{\"@context\":\"https:\/\/schema.org\",\"@graph\":[{\"@type\":\"Article\",\"@id\":\"https:\/\/www.notibras.com\/site\/projeto-conexao-para-todos-abre-inscricoes-para-cursos-gratuitos\/#article\",\"isPartOf\":{\"@id\":\"https:\/\/www.notibras.com\/site\/projeto-conexao-para-todos-abre-inscricoes-para-cursos-gratuitos\/\"},\"author\":{\"name\":\"Eduardo Mart\u00ednez\",\"@id\":\"https:\/\/www.notibras.com\/site\/#\/schema\/person\/5b7fabf2aedc3ada2105f03b22b4d3dd\"},\"headline\":\"Projeto Conex\u00e3o Para Todos abre inscri\u00e7\u00f5es para cursos gratuitos\",\"datePublished\":\"2026-01-08T04:00:23+00:00\",\"mainEntityOfPage\":{\"@id\":\"https:\/\/www.notibras.com\/site\/projeto-conexao-para-todos-abre-inscricoes-para-cursos-gratuitos\/\"},\"wordCount\":382,\"publisher\":{\"@id\":\"https:\/\/www.notibras.com\/site\/#organization\"},\"image\":{\"@id\":\"https:\/\/www.notibras.com\/site\/projeto-conexao-para-todos-abre-inscricoes-para-cursos-gratuitos\/#primaryimage\"},\"thumbnailUrl\":\"https:\/\/www.notibras.com\/site\/wp-content\/uploads\/2026\/01\/Conexao-para-Todos-Divulgacao-1.png\",\"articleSection\":[\"Quadradinho em Foco\"],\"inLanguage\":\"pt-BR\"},{\"@type\":\"WebPage\",\"@id\":\"https:\/\/www.notibras.com\/site\/projeto-conexao-para-todos-abre-inscricoes-para-cursos-gratuitos\/\",\"url\":\"https:\/\/www.notibras.com\/site\/projeto-conexao-para-todos-abre-inscricoes-para-cursos-gratuitos\/\",\"name\":\"Projeto Conex\u00e3o Para Todos abre inscri\u00e7\u00f5es para cursos gratuitos - Notibras\",\"isPartOf\":{\"@id\":\"https:\/\/www.notibras.com\/site\/#website\"},\"primaryImageOfPage\":{\"@id\":\"https:\/\/www.notibras.com\/site\/projeto-conexao-para-todos-abre-inscricoes-para-cursos-gratuitos\/#primaryimage\"},\"image\":{\"@id\":\"https:\/\/www.notibras.com\/site\/projeto-conexao-para-todos-abre-inscricoes-para-cursos-gratuitos\/#primaryimage\"},\"thumbnailUrl\":\"https:\/\/www.notibras.com\/site\/wp-content\/uploads\/2026\/01\/Conexao-para-Todos-Divulgacao-1.png\",\"datePublished\":\"2026-01-08T04:00:23+00:00\",\"breadcrumb\":{\"@id\":\"https:\/\/www.notibras.com\/site\/projeto-conexao-para-todos-abre-inscricoes-para-cursos-gratuitos\/#breadcrumb\"},\"inLanguage\":\"pt-BR\",\"potentialAction\":[{\"@type\":\"ReadAction\",\"target\":[\"https:\/\/www.notibras.com\/site\/projeto-conexao-para-todos-abre-inscricoes-para-cursos-gratuitos\/\"]}]},{\"@type\":\"ImageObject\",\"inLanguage\":\"pt-BR\",\"@id\":\"https:\/\/www.notibras.com\/site\/projeto-conexao-para-todos-abre-inscricoes-para-cursos-gratuitos\/#primaryimage\",\"url\":\"https:\/\/www.notibras.com\/site\/wp-content\/uploads\/2026\/01\/Conexao-para-Todos-Divulgacao-1.png\",\"contentUrl\":\"https:\/\/www.notibras.com\/site\/wp-content\/uploads\/2026\/01\/Conexao-para-Todos-Divulgacao-1.png\",\"width\":1366,\"height\":768},{\"@type\":\"BreadcrumbList\",\"@id\":\"https:\/\/www.notibras.com\/site\/projeto-conexao-para-todos-abre-inscricoes-para-cursos-gratuitos\/#breadcrumb\",\"itemListElement\":[{\"@type\":\"ListItem\",\"position\":1,\"name\":\"In\u00edcio\",\"item\":\"https:\/\/www.notibras.com\/site\/\"},{\"@type\":\"ListItem\",\"position\":2,\"name\":\"Projeto Conex\u00e3o Para Todos abre inscri\u00e7\u00f5es para cursos gratuitos\"}]},{\"@type\":\"WebSite\",\"@id\":\"https:\/\/www.notibras.com\/site\/#website\",\"url\":\"https:\/\/www.notibras.com\/site\/\",\"name\":\"Notibras\",\"description\":\"Not\u00edcias de Bras\u00edlia, do Brasil e do Mundo\",\"publisher\":{\"@id\":\"https:\/\/www.notibras.com\/site\/#organization\"},\"potentialAction\":[{\"@type\":\"SearchAction\",\"target\":{\"@type\":\"EntryPoint\",\"urlTemplate\":\"https:\/\/www.notibras.com\/site\/?s={search_term_string}\"},\"query-input\":{\"@type\":\"PropertyValueSpecification\",\"valueRequired\":true,\"valueName\":\"search_term_string\"}}],\"inLanguage\":\"pt-BR\"},{\"@type\":\"Organization\",\"@id\":\"https:\/\/www.notibras.com\/site\/#organization\",\"name\":\"Grupo Notibras de Comunica\u00e7\u00e3o\",\"url\":\"https:\/\/www.notibras.com\/site\/\",\"logo\":{\"@type\":\"ImageObject\",\"inLanguage\":\"pt-BR\",\"@id\":\"https:\/\/www.notibras.com\/site\/#\/schema\/logo\/image\/\",\"url\":\"https:\/\/www.notibras.com\/site\/wp-content\/uploads\/2023\/01\/notibras23.png\",\"contentUrl\":\"https:\/\/www.notibras.com\/site\/wp-content\/uploads\/2023\/01\/notibras23.png\",\"width\":350,\"height\":87,\"caption\":\"Grupo Notibras de Comunica\u00e7\u00e3o\"},\"image\":{\"@id\":\"https:\/\/www.notibras.com\/site\/#\/schema\/logo\/image\/\"},\"sameAs\":[\"https:\/\/www.facebook.com\/notibras\/\",\"https:\/\/x.com\/Notibras\",\"https:\/\/www.instagram.com\/notibras\/\"]},{\"@type\":\"Person\",\"@id\":\"https:\/\/www.notibras.com\/site\/#\/schema\/person\/5b7fabf2aedc3ada2105f03b22b4d3dd\",\"name\":\"Eduardo Mart\u00ednez\",\"image\":{\"@type\":\"ImageObject\",\"inLanguage\":\"pt-BR\",\"@id\":\"https:\/\/secure.gravatar.com\/avatar\/7902f906289926289cbcda644b5197c796b893c6ffd7b9a536a42d290f7704a0?s=96&d=mm&r=g\",\"url\":\"https:\/\/secure.gravatar.com\/avatar\/7902f906289926289cbcda644b5197c796b893c6ffd7b9a536a42d290f7704a0?s=96&d=mm&r=g\",\"contentUrl\":\"https:\/\/secure.gravatar.com\/avatar\/7902f906289926289cbcda644b5197c796b893c6ffd7b9a536a42d290f7704a0?s=96&d=mm&r=g\",\"caption\":\"Eduardo Mart\u00ednez\"}}]}<\/script>\n<!-- \/ Yoast SEO plugin. -->","yoast_head_json":{"title":"Projeto Conex\u00e3o Para Todos abre inscri\u00e7\u00f5es para cursos gratuitos - Notibras","robots":{"index":"index","follow":"follow","max-snippet":"max-snippet:-1","max-image-preview":"max-image-preview:large","max-video-preview":"max-video-preview:-1"},"canonical":"https:\/\/www.notibras.com\/site\/projeto-conexao-para-todos-abre-inscricoes-para-cursos-gratuitos\/","og_locale":"pt_BR","og_type":"article","og_title":"Projeto Conex\u00e3o Para Todos abre inscri\u00e7\u00f5es para cursos gratuitos - Notibras","og_description":"As inscri\u00e7\u00f5es para os cursos de capacita\u00e7\u00e3o tecnol\u00f3gica em Ceil\u00e2ndia j\u00e1 est\u00e3o abertas. O projeto Conex\u00e3o para Todos, da Secretaria de Ci\u00eancia, Tecnologia e Inova\u00e7\u00e3o do Distrito Federal (Secti-DF) em parceria com o Instituto Bem Viver DF, tem como foco a inclus\u00e3o digital e a qualifica\u00e7\u00e3o profissional de jovens e adultos. A iniciativa visa ampliar [&hellip;]","og_url":"https:\/\/www.notibras.com\/site\/projeto-conexao-para-todos-abre-inscricoes-para-cursos-gratuitos\/","og_site_name":"Notibras","article_publisher":"https:\/\/www.facebook.com\/notibras\/","article_published_time":"2026-01-08T04:00:23+00:00","og_image":[{"width":1366,"height":768,"url":"https:\/\/www.notibras.com\/site\/wp-content\/uploads\/2026\/01\/Conexao-para-Todos-Divulgacao-1.png","type":"image\/png"}],"author":"Eduardo Mart\u00ednez","twitter_card":"summary_large_image","twitter_creator":"@Notibras","twitter_site":"@Notibras","twitter_misc":{"Escrito por":"Eduardo Mart\u00ednez","Est. tempo de leitura":"3 minutos"},"schema":{"@context":"https:\/\/schema.org","@graph":[{"@type":"Article","@id":"https:\/\/www.notibras.com\/site\/projeto-conexao-para-todos-abre-inscricoes-para-cursos-gratuitos\/#article","isPartOf":{"@id":"https:\/\/www.notibras.com\/site\/projeto-conexao-para-todos-abre-inscricoes-para-cursos-gratuitos\/"},"author":{"name":"Eduardo Mart\u00ednez","@id":"https:\/\/www.notibras.com\/site\/#\/schema\/person\/5b7fabf2aedc3ada2105f03b22b4d3dd"},"headline":"Projeto Conex\u00e3o Para Todos abre inscri\u00e7\u00f5es para cursos gratuitos","datePublished":"2026-01-08T04:00:23+00:00","mainEntityOfPage":{"@id":"https:\/\/www.notibras.com\/site\/projeto-conexao-para-todos-abre-inscricoes-para-cursos-gratuitos\/"},"wordCount":382,"publisher":{"@id":"https:\/\/www.notibras.com\/site\/#organization"},"image":{"@id":"https:\/\/www.notibras.com\/site\/projeto-conexao-para-todos-abre-inscricoes-para-cursos-gratuitos\/#primaryimage"},"thumbnailUrl":"https:\/\/www.notibras.com\/site\/wp-content\/uploads\/2026\/01\/Conexao-para-Todos-Divulgacao-1.png","articleSection":["Quadradinho em Foco"],"inLanguage":"pt-BR"},{"@type":"WebPage","@id":"https:\/\/www.notibras.com\/site\/projeto-conexao-para-todos-abre-inscricoes-para-cursos-gratuitos\/","url":"https:\/\/www.notibras.com\/site\/projeto-conexao-para-todos-abre-inscricoes-para-cursos-gratuitos\/","name":"Projeto Conex\u00e3o Para Todos abre inscri\u00e7\u00f5es para cursos gratuitos - Notibras","isPartOf":{"@id":"https:\/\/www.notibras.com\/site\/#website"},"primaryImageOfPage":{"@id":"https:\/\/www.notibras.com\/site\/projeto-conexao-para-todos-abre-inscricoes-para-cursos-gratuitos\/#primaryimage"},"image":{"@id":"https:\/\/www.notibras.com\/site\/projeto-conexao-para-todos-abre-inscricoes-para-cursos-gratuitos\/#primaryimage"},"thumbnailUrl":"https:\/\/www.notibras.com\/site\/wp-content\/uploads\/2026\/01\/Conexao-para-Todos-Divulgacao-1.png","datePublished":"2026-01-08T04:00:23+00:00","breadcrumb":{"@id":"https:\/\/www.notibras.com\/site\/projeto-conexao-para-todos-abre-inscricoes-para-cursos-gratuitos\/#breadcrumb"},"inLanguage":"pt-BR","potentialAction":[{"@type":"ReadAction","target":["https:\/\/www.notibras.com\/site\/projeto-conexao-para-todos-abre-inscricoes-para-cursos-gratuitos\/"]}]},{"@type":"ImageObject","inLanguage":"pt-BR","@id":"https:\/\/www.notibras.com\/site\/projeto-conexao-para-todos-abre-inscricoes-para-cursos-gratuitos\/#primaryimage","url":"https:\/\/www.notibras.com\/site\/wp-content\/uploads\/2026\/01\/Conexao-para-Todos-Divulgacao-1.png","contentUrl":"https:\/\/www.notibras.com\/site\/wp-content\/uploads\/2026\/01\/Conexao-para-Todos-Divulgacao-1.png","width":1366,"height":768},{"@type":"BreadcrumbList","@id":"https:\/\/www.notibras.com\/site\/projeto-conexao-para-todos-abre-inscricoes-para-cursos-gratuitos\/#breadcrumb","itemListElement":[{"@type":"ListItem","position":1,"name":"In\u00edcio","item":"https:\/\/www.notibras.com\/site\/"},{"@type":"ListItem","position":2,"name":"Projeto Conex\u00e3o Para Todos abre inscri\u00e7\u00f5es para cursos gratuitos"}]},{"@type":"WebSite","@id":"https:\/\/www.notibras.com\/site\/#website","url":"https:\/\/www.notibras.com\/site\/","name":"Notibras","description":"Not\u00edcias de Bras\u00edlia, do Brasil e do Mundo","publisher":{"@id":"https:\/\/www.notibras.com\/site\/#organization"},"potentialAction":[{"@type":"SearchAction","target":{"@type":"EntryPoint","urlTemplate":"https:\/\/www.notibras.com\/site\/?s={search_term_string}"},"query-input":{"@type":"PropertyValueSpecification","valueRequired":true,"valueName":"search_term_string"}}],"inLanguage":"pt-BR"},{"@type":"Organization","@id":"https:\/\/www.notibras.com\/site\/#organization","name":"Grupo Notibras de Comunica\u00e7\u00e3o","url":"https:\/\/www.notibras.com\/site\/","logo":{"@type":"ImageObject","inLanguage":"pt-BR","@id":"https:\/\/www.notibras.com\/site\/#\/schema\/logo\/image\/","url":"https:\/\/www.notibras.com\/site\/wp-content\/uploads\/2023\/01\/notibras23.png","contentUrl":"https:\/\/www.notibras.com\/site\/wp-content\/uploads\/2023\/01\/notibras23.png","width":350,"height":87,"caption":"Grupo Notibras de Comunica\u00e7\u00e3o"},"image":{"@id":"https:\/\/www.notibras.com\/site\/#\/schema\/logo\/image\/"},"sameAs":["https:\/\/www.facebook.com\/notibras\/","https:\/\/x.com\/Notibras","https:\/\/www.instagram.com\/notibras\/"]},{"@type":"Person","@id":"https:\/\/www.notibras.com\/site\/#\/schema\/person\/5b7fabf2aedc3ada2105f03b22b4d3dd","name":"Eduardo Mart\u00ednez","image":{"@type":"ImageObject","inLanguage":"pt-BR","@id":"https:\/\/secure.gravatar.com\/avatar\/7902f906289926289cbcda644b5197c796b893c6ffd7b9a536a42d290f7704a0?s=96&d=mm&r=g","url":"https:\/\/secure.gravatar.com\/avatar\/7902f906289926289cbcda644b5197c796b893c6ffd7b9a536a42d290f7704a0?s=96&d=mm&r=g","contentUrl":"https:\/\/secure.gravatar.com\/avatar\/7902f906289926289cbcda644b5197c796b893c6ffd7b9a536a42d290f7704a0?s=96&d=mm&r=g","caption":"Eduardo Mart\u00ednez"}}]}},"amp_enabled":true,"_links":{"self":[{"href":"https:\/\/www.notibras.com\/site\/wp-json\/wp\/v2\/posts\/378131","targetHints":{"allow":["GET"]}}],"collection":[{"href":"https:\/\/www.notibras.com\/site\/wp-json\/wp\/v2\/posts"}],"about":[{"href":"https:\/\/www.notibras.com\/site\/wp-json\/wp\/v2\/types\/post"}],"author":[{"embeddable":true,"href":"https:\/\/www.notibras.com\/site\/wp-json\/wp\/v2\/users\/21"}],"replies":[{"embeddable":true,"href":"https:\/\/www.notibras.com\/site\/wp-json\/wp\/v2\/comments?post=378131"}],"version-history":[{"count":4,"href":"https:\/\/www.notibras.com\/site\/wp-json\/wp\/v2\/posts\/378131\/revisions"}],"predecessor-version":[{"id":378136,"href":"https:\/\/www.notibras.com\/site\/wp-json\/wp\/v2\/posts\/378131\/revisions\/378136"}],"wp:featuredmedia":[{"embeddable":true,"href":"https:\/\/www.notibras.com\/site\/wp-json\/wp\/v2\/media\/378134"}],"wp:attachment":[{"href":"https:\/\/www.notibras.com\/site\/wp-json\/wp\/v2\/media?parent=378131"}],"wp:term":[{"taxonomy":"category","embeddable":true,"href":"https:\/\/www.notibras.com\/site\/wp-json\/wp\/v2\/categories?post=378131"},{"taxonomy":"post_tag","embeddable":true,"href":"https:\/\/www.notibras.com\/site\/wp-json\/wp\/v2\/tags?post=378131"}],"curies":[{"name":"wp","href":"https:\/\/api.w.org\/{rel}","templated":true}]}}