{"id":378137,"date":"2026-01-08T01:15:59","date_gmt":"2026-01-08T04:15:59","guid":{"rendered":"https:\/\/www.notibras.com\/site\/?p=378137"},"modified":"2026-01-08T00:08:01","modified_gmt":"2026-01-08T03:08:01","slug":"esquema-especial-de-seguranca-na-praca-dos-tres-poderes","status":"publish","type":"post","link":"https:\/\/www.notibras.com\/site\/esquema-especial-de-seguranca-na-praca-dos-tres-poderes\/","title":{"rendered":"Esquema especial de seguran\u00e7a na Pra\u00e7a dos Tr\u00eas Poderes"},"content":{"rendered":"<p>A Secretaria de Seguran\u00e7a P\u00fablica do Distrito Federal (SSP-DF) informa que montou um esquema especial de seguran\u00e7a para as manifesta\u00e7\u00f5es alusivas ao 8 de Janeiro, previstas para ocorrer em Bras\u00edlia.<\/p>\n<p>A opera\u00e7\u00e3o prev\u00ea atua\u00e7\u00e3o integrada entre a SSP-DF e \u00f3rg\u00e3os locais e nacionais do Sistema de Seguran\u00e7a P\u00fablica, com refor\u00e7o na seguran\u00e7a da Pra\u00e7a dos Tr\u00eas Poderes. O objetivo \u00e9 ampliar o monitoramento e o compartilhamento de informa\u00e7\u00f5es, reduzir o tempo de resposta e intensificar a\u00e7\u00f5es preventivas, garantindo a tranquilidade do p\u00fablico e a plena realiza\u00e7\u00e3o do evento.<\/p>\n<p>Na Pra\u00e7a dos Tr\u00eas Poderes, a Pol\u00edcia Militar do Distrito Federal (PMDF) instalou uma estrutura de comando e controle, refor\u00e7ou o policiamento ostensivo e mant\u00e9m tropas especializadas em prontid\u00e3o para eventual acionamento. Poder\u00e3o ser realizadas interven\u00e7\u00f5es vi\u00e1rias conforme a necessidade, com eventuais bloqueios condicionados \u00e0 avalia\u00e7\u00e3o de risco. O monitoramento pode incluir abordagens e revistas de mochilas.<\/p>\n<p>O acesso ao local do evento ser\u00e1 permitido apenas mediante credenciamento pr\u00e9vio. A orienta\u00e7\u00e3o \u00e9 que os participantes cheguem com anteced\u00eancia para evitar filas. O isolamento da Esplanada dos Minist\u00e9rios, sob responsabilidade da PMDF, ter\u00e1 in\u00edcio \u00e0 0h01 do dia 8 de janeiro de 2026 e seguir\u00e1 at\u00e9 o encerramento do evento.<\/p>\n<p>O monitoramento da \u00e1rea central de Bras\u00edlia \u00e9 realizado pelo Centro Integrado de Opera\u00e7\u00f5es de Bras\u00edlia (Ciob\/SSP-DF), em conjunto com as for\u00e7as de seguran\u00e7a p\u00fablica, que permanecem em prontid\u00e3o para resposta imediata a qualquer ocorr\u00eancia. A SSP-DF seguir\u00e1 acompanhando o cen\u00e1rio e, caso surjam novas informa\u00e7\u00f5es, estas ser\u00e3o prontamente divulgadas.<\/p>\n","protected":false},"excerpt":{"rendered":"<p>A Secretaria de Seguran\u00e7a P\u00fablica do Distrito Federal (SSP-DF) informa que montou um esquema especial de seguran\u00e7a para as manifesta\u00e7\u00f5es alusivas ao 8 de Janeiro, previstas para ocorrer em Bras\u00edlia. A opera\u00e7\u00e3o prev\u00ea atua\u00e7\u00e3o integrada entre a SSP-DF e \u00f3rg\u00e3os locais e nacionais do Sistema de Seguran\u00e7a P\u00fablica, com refor\u00e7o na seguran\u00e7a da Pra\u00e7a dos [&hellip;]<\/p>\n","protected":false},"author":21,"featured_media":378141,"comment_status":"closed","ping_status":"closed","sticky":false,"template":"","format":"standard","meta":{"_acf_changed":false,"footnotes":""},"categories":[161],"tags":[],"class_list":["post-378137","post","type-post","status-publish","format-standard","has-post-thumbnail","hentry","category-quadradinho-em-foco"],"acf":[],"yoast_head":"<!-- This site is optimized with the Yoast SEO plugin v27.2 - https:\/\/yoast.com\/product\/yoast-seo-wordpress\/ -->\n<title>Esquema especial de seguran\u00e7a na Pra\u00e7a dos Tr\u00eas Poderes - Notibras<\/title>\n<meta name=\"robots\" content=\"index, follow, max-snippet:-1, max-image-preview:large, max-video-preview:-1\" \/>\n<link rel=\"canonical\" href=\"https:\/\/www.notibras.com\/site\/esquema-especial-de-seguranca-na-praca-dos-tres-poderes\/\" \/>\n<meta property=\"og:locale\" content=\"pt_BR\" \/>\n<meta property=\"og:type\" content=\"article\" \/>\n<meta property=\"og:title\" content=\"Esquema especial de seguran\u00e7a na Pra\u00e7a dos Tr\u00eas Poderes - Notibras\" \/>\n<meta property=\"og:description\" content=\"A Secretaria de Seguran\u00e7a P\u00fablica do Distrito Federal (SSP-DF) informa que montou um esquema especial de seguran\u00e7a para as manifesta\u00e7\u00f5es alusivas ao 8 de Janeiro, previstas para ocorrer em Bras\u00edlia. A opera\u00e7\u00e3o prev\u00ea atua\u00e7\u00e3o integrada entre a SSP-DF e \u00f3rg\u00e3os locais e nacionais do Sistema de Seguran\u00e7a P\u00fablica, com refor\u00e7o na seguran\u00e7a da Pra\u00e7a dos [&hellip;]\" \/>\n<meta property=\"og:url\" content=\"https:\/\/www.notibras.com\/site\/esquema-especial-de-seguranca-na-praca-dos-tres-poderes\/\" \/>\n<meta property=\"og:site_name\" content=\"Notibras\" \/>\n<meta property=\"article:publisher\" content=\"https:\/\/www.facebook.com\/notibras\/\" \/>\n<meta property=\"article:published_time\" content=\"2026-01-08T04:15:59+00:00\" \/>\n<meta property=\"og:image\" content=\"https:\/\/www.notibras.com\/site\/wp-content\/uploads\/2026\/01\/WhatsApp-Image-2026-01-07-at-17.29.34-1.jpeg\" \/>\n\t<meta property=\"og:image:width\" content=\"799\" \/>\n\t<meta property=\"og:image:height\" content=\"533\" \/>\n\t<meta property=\"og:image:type\" content=\"image\/jpeg\" \/>\n<meta name=\"author\" content=\"Eduardo Mart\u00ednez\" \/>\n<meta name=\"twitter:card\" content=\"summary_large_image\" \/>\n<meta name=\"twitter:creator\" content=\"@Notibras\" \/>\n<meta name=\"twitter:site\" content=\"@Notibras\" \/>\n<meta name=\"twitter:label1\" content=\"Escrito por\" \/>\n\t<meta name=\"twitter:data1\" content=\"Eduardo Mart\u00ednez\" \/>\n\t<meta name=\"twitter:label2\" content=\"Est. tempo de leitura\" \/>\n\t<meta name=\"twitter:data2\" content=\"2 minutos\" \/>\n<script type=\"application\/ld+json\" class=\"yoast-schema-graph\">{\"@context\":\"https:\/\/schema.org\",\"@graph\":[{\"@type\":\"Article\",\"@id\":\"https:\/\/www.notibras.com\/site\/esquema-especial-de-seguranca-na-praca-dos-tres-poderes\/#article\",\"isPartOf\":{\"@id\":\"https:\/\/www.notibras.com\/site\/esquema-especial-de-seguranca-na-praca-dos-tres-poderes\/\"},\"author\":{\"name\":\"Eduardo Mart\u00ednez\",\"@id\":\"https:\/\/www.notibras.com\/site\/#\/schema\/person\/5b7fabf2aedc3ada2105f03b22b4d3dd\"},\"headline\":\"Esquema especial de seguran\u00e7a na Pra\u00e7a dos Tr\u00eas Poderes\",\"datePublished\":\"2026-01-08T04:15:59+00:00\",\"mainEntityOfPage\":{\"@id\":\"https:\/\/www.notibras.com\/site\/esquema-especial-de-seguranca-na-praca-dos-tres-poderes\/\"},\"wordCount\":296,\"publisher\":{\"@id\":\"https:\/\/www.notibras.com\/site\/#organization\"},\"image\":{\"@id\":\"https:\/\/www.notibras.com\/site\/esquema-especial-de-seguranca-na-praca-dos-tres-poderes\/#primaryimage\"},\"thumbnailUrl\":\"https:\/\/www.notibras.com\/site\/wp-content\/uploads\/2026\/01\/WhatsApp-Image-2026-01-07-at-17.29.34-1.jpeg\",\"articleSection\":[\"Quadradinho em Foco\"],\"inLanguage\":\"pt-BR\"},{\"@type\":\"WebPage\",\"@id\":\"https:\/\/www.notibras.com\/site\/esquema-especial-de-seguranca-na-praca-dos-tres-poderes\/\",\"url\":\"https:\/\/www.notibras.com\/site\/esquema-especial-de-seguranca-na-praca-dos-tres-poderes\/\",\"name\":\"Esquema especial de seguran\u00e7a na Pra\u00e7a dos Tr\u00eas Poderes - Notibras\",\"isPartOf\":{\"@id\":\"https:\/\/www.notibras.com\/site\/#website\"},\"primaryImageOfPage\":{\"@id\":\"https:\/\/www.notibras.com\/site\/esquema-especial-de-seguranca-na-praca-dos-tres-poderes\/#primaryimage\"},\"image\":{\"@id\":\"https:\/\/www.notibras.com\/site\/esquema-especial-de-seguranca-na-praca-dos-tres-poderes\/#primaryimage\"},\"thumbnailUrl\":\"https:\/\/www.notibras.com\/site\/wp-content\/uploads\/2026\/01\/WhatsApp-Image-2026-01-07-at-17.29.34-1.jpeg\",\"datePublished\":\"2026-01-08T04:15:59+00:00\",\"breadcrumb\":{\"@id\":\"https:\/\/www.notibras.com\/site\/esquema-especial-de-seguranca-na-praca-dos-tres-poderes\/#breadcrumb\"},\"inLanguage\":\"pt-BR\",\"potentialAction\":[{\"@type\":\"ReadAction\",\"target\":[\"https:\/\/www.notibras.com\/site\/esquema-especial-de-seguranca-na-praca-dos-tres-poderes\/\"]}]},{\"@type\":\"ImageObject\",\"inLanguage\":\"pt-BR\",\"@id\":\"https:\/\/www.notibras.com\/site\/esquema-especial-de-seguranca-na-praca-dos-tres-poderes\/#primaryimage\",\"url\":\"https:\/\/www.notibras.com\/site\/wp-content\/uploads\/2026\/01\/WhatsApp-Image-2026-01-07-at-17.29.34-1.jpeg\",\"contentUrl\":\"https:\/\/www.notibras.com\/site\/wp-content\/uploads\/2026\/01\/WhatsApp-Image-2026-01-07-at-17.29.34-1.jpeg\",\"width\":799,\"height\":533},{\"@type\":\"BreadcrumbList\",\"@id\":\"https:\/\/www.notibras.com\/site\/esquema-especial-de-seguranca-na-praca-dos-tres-poderes\/#breadcrumb\",\"itemListElement\":[{\"@type\":\"ListItem\",\"position\":1,\"name\":\"In\u00edcio\",\"item\":\"https:\/\/www.notibras.com\/site\/\"},{\"@type\":\"ListItem\",\"position\":2,\"name\":\"Esquema especial de seguran\u00e7a na Pra\u00e7a dos Tr\u00eas Poderes\"}]},{\"@type\":\"WebSite\",\"@id\":\"https:\/\/www.notibras.com\/site\/#website\",\"url\":\"https:\/\/www.notibras.com\/site\/\",\"name\":\"Notibras\",\"description\":\"Not\u00edcias de Bras\u00edlia, do Brasil e do Mundo\",\"publisher\":{\"@id\":\"https:\/\/www.notibras.com\/site\/#organization\"},\"potentialAction\":[{\"@type\":\"SearchAction\",\"target\":{\"@type\":\"EntryPoint\",\"urlTemplate\":\"https:\/\/www.notibras.com\/site\/?s={search_term_string}\"},\"query-input\":{\"@type\":\"PropertyValueSpecification\",\"valueRequired\":true,\"valueName\":\"search_term_string\"}}],\"inLanguage\":\"pt-BR\"},{\"@type\":\"Organization\",\"@id\":\"https:\/\/www.notibras.com\/site\/#organization\",\"name\":\"Grupo Notibras de Comunica\u00e7\u00e3o\",\"url\":\"https:\/\/www.notibras.com\/site\/\",\"logo\":{\"@type\":\"ImageObject\",\"inLanguage\":\"pt-BR\",\"@id\":\"https:\/\/www.notibras.com\/site\/#\/schema\/logo\/image\/\",\"url\":\"https:\/\/www.notibras.com\/site\/wp-content\/uploads\/2023\/01\/notibras23.png\",\"contentUrl\":\"https:\/\/www.notibras.com\/site\/wp-content\/uploads\/2023\/01\/notibras23.png\",\"width\":350,\"height\":87,\"caption\":\"Grupo Notibras de Comunica\u00e7\u00e3o\"},\"image\":{\"@id\":\"https:\/\/www.notibras.com\/site\/#\/schema\/logo\/image\/\"},\"sameAs\":[\"https:\/\/www.facebook.com\/notibras\/\",\"https:\/\/x.com\/Notibras\",\"https:\/\/www.instagram.com\/notibras\/\"]},{\"@type\":\"Person\",\"@id\":\"https:\/\/www.notibras.com\/site\/#\/schema\/person\/5b7fabf2aedc3ada2105f03b22b4d3dd\",\"name\":\"Eduardo Mart\u00ednez\",\"image\":{\"@type\":\"ImageObject\",\"inLanguage\":\"pt-BR\",\"@id\":\"https:\/\/secure.gravatar.com\/avatar\/7902f906289926289cbcda644b5197c796b893c6ffd7b9a536a42d290f7704a0?s=96&d=mm&r=g\",\"url\":\"https:\/\/secure.gravatar.com\/avatar\/7902f906289926289cbcda644b5197c796b893c6ffd7b9a536a42d290f7704a0?s=96&d=mm&r=g\",\"contentUrl\":\"https:\/\/secure.gravatar.com\/avatar\/7902f906289926289cbcda644b5197c796b893c6ffd7b9a536a42d290f7704a0?s=96&d=mm&r=g\",\"caption\":\"Eduardo Mart\u00ednez\"}}]}<\/script>\n<!-- \/ Yoast SEO plugin. -->","yoast_head_json":{"title":"Esquema especial de seguran\u00e7a na Pra\u00e7a dos Tr\u00eas Poderes - Notibras","robots":{"index":"index","follow":"follow","max-snippet":"max-snippet:-1","max-image-preview":"max-image-preview:large","max-video-preview":"max-video-preview:-1"},"canonical":"https:\/\/www.notibras.com\/site\/esquema-especial-de-seguranca-na-praca-dos-tres-poderes\/","og_locale":"pt_BR","og_type":"article","og_title":"Esquema especial de seguran\u00e7a na Pra\u00e7a dos Tr\u00eas Poderes - Notibras","og_description":"A Secretaria de Seguran\u00e7a P\u00fablica do Distrito Federal (SSP-DF) informa que montou um esquema especial de seguran\u00e7a para as manifesta\u00e7\u00f5es alusivas ao 8 de Janeiro, previstas para ocorrer em Bras\u00edlia. A opera\u00e7\u00e3o prev\u00ea atua\u00e7\u00e3o integrada entre a SSP-DF e \u00f3rg\u00e3os locais e nacionais do Sistema de Seguran\u00e7a P\u00fablica, com refor\u00e7o na seguran\u00e7a da Pra\u00e7a dos [&hellip;]","og_url":"https:\/\/www.notibras.com\/site\/esquema-especial-de-seguranca-na-praca-dos-tres-poderes\/","og_site_name":"Notibras","article_publisher":"https:\/\/www.facebook.com\/notibras\/","article_published_time":"2026-01-08T04:15:59+00:00","og_image":[{"width":799,"height":533,"url":"https:\/\/www.notibras.com\/site\/wp-content\/uploads\/2026\/01\/WhatsApp-Image-2026-01-07-at-17.29.34-1.jpeg","type":"image\/jpeg"}],"author":"Eduardo Mart\u00ednez","twitter_card":"summary_large_image","twitter_creator":"@Notibras","twitter_site":"@Notibras","twitter_misc":{"Escrito por":"Eduardo Mart\u00ednez","Est. tempo de leitura":"2 minutos"},"schema":{"@context":"https:\/\/schema.org","@graph":[{"@type":"Article","@id":"https:\/\/www.notibras.com\/site\/esquema-especial-de-seguranca-na-praca-dos-tres-poderes\/#article","isPartOf":{"@id":"https:\/\/www.notibras.com\/site\/esquema-especial-de-seguranca-na-praca-dos-tres-poderes\/"},"author":{"name":"Eduardo Mart\u00ednez","@id":"https:\/\/www.notibras.com\/site\/#\/schema\/person\/5b7fabf2aedc3ada2105f03b22b4d3dd"},"headline":"Esquema especial de seguran\u00e7a na Pra\u00e7a dos Tr\u00eas Poderes","datePublished":"2026-01-08T04:15:59+00:00","mainEntityOfPage":{"@id":"https:\/\/www.notibras.com\/site\/esquema-especial-de-seguranca-na-praca-dos-tres-poderes\/"},"wordCount":296,"publisher":{"@id":"https:\/\/www.notibras.com\/site\/#organization"},"image":{"@id":"https:\/\/www.notibras.com\/site\/esquema-especial-de-seguranca-na-praca-dos-tres-poderes\/#primaryimage"},"thumbnailUrl":"https:\/\/www.notibras.com\/site\/wp-content\/uploads\/2026\/01\/WhatsApp-Image-2026-01-07-at-17.29.34-1.jpeg","articleSection":["Quadradinho em Foco"],"inLanguage":"pt-BR"},{"@type":"WebPage","@id":"https:\/\/www.notibras.com\/site\/esquema-especial-de-seguranca-na-praca-dos-tres-poderes\/","url":"https:\/\/www.notibras.com\/site\/esquema-especial-de-seguranca-na-praca-dos-tres-poderes\/","name":"Esquema especial de seguran\u00e7a na Pra\u00e7a dos Tr\u00eas Poderes - Notibras","isPartOf":{"@id":"https:\/\/www.notibras.com\/site\/#website"},"primaryImageOfPage":{"@id":"https:\/\/www.notibras.com\/site\/esquema-especial-de-seguranca-na-praca-dos-tres-poderes\/#primaryimage"},"image":{"@id":"https:\/\/www.notibras.com\/site\/esquema-especial-de-seguranca-na-praca-dos-tres-poderes\/#primaryimage"},"thumbnailUrl":"https:\/\/www.notibras.com\/site\/wp-content\/uploads\/2026\/01\/WhatsApp-Image-2026-01-07-at-17.29.34-1.jpeg","datePublished":"2026-01-08T04:15:59+00:00","breadcrumb":{"@id":"https:\/\/www.notibras.com\/site\/esquema-especial-de-seguranca-na-praca-dos-tres-poderes\/#breadcrumb"},"inLanguage":"pt-BR","potentialAction":[{"@type":"ReadAction","target":["https:\/\/www.notibras.com\/site\/esquema-especial-de-seguranca-na-praca-dos-tres-poderes\/"]}]},{"@type":"ImageObject","inLanguage":"pt-BR","@id":"https:\/\/www.notibras.com\/site\/esquema-especial-de-seguranca-na-praca-dos-tres-poderes\/#primaryimage","url":"https:\/\/www.notibras.com\/site\/wp-content\/uploads\/2026\/01\/WhatsApp-Image-2026-01-07-at-17.29.34-1.jpeg","contentUrl":"https:\/\/www.notibras.com\/site\/wp-content\/uploads\/2026\/01\/WhatsApp-Image-2026-01-07-at-17.29.34-1.jpeg","width":799,"height":533},{"@type":"BreadcrumbList","@id":"https:\/\/www.notibras.com\/site\/esquema-especial-de-seguranca-na-praca-dos-tres-poderes\/#breadcrumb","itemListElement":[{"@type":"ListItem","position":1,"name":"In\u00edcio","item":"https:\/\/www.notibras.com\/site\/"},{"@type":"ListItem","position":2,"name":"Esquema especial de seguran\u00e7a na Pra\u00e7a dos Tr\u00eas Poderes"}]},{"@type":"WebSite","@id":"https:\/\/www.notibras.com\/site\/#website","url":"https:\/\/www.notibras.com\/site\/","name":"Notibras","description":"Not\u00edcias de Bras\u00edlia, do Brasil e do Mundo","publisher":{"@id":"https:\/\/www.notibras.com\/site\/#organization"},"potentialAction":[{"@type":"SearchAction","target":{"@type":"EntryPoint","urlTemplate":"https:\/\/www.notibras.com\/site\/?s={search_term_string}"},"query-input":{"@type":"PropertyValueSpecification","valueRequired":true,"valueName":"search_term_string"}}],"inLanguage":"pt-BR"},{"@type":"Organization","@id":"https:\/\/www.notibras.com\/site\/#organization","name":"Grupo Notibras de Comunica\u00e7\u00e3o","url":"https:\/\/www.notibras.com\/site\/","logo":{"@type":"ImageObject","inLanguage":"pt-BR","@id":"https:\/\/www.notibras.com\/site\/#\/schema\/logo\/image\/","url":"https:\/\/www.notibras.com\/site\/wp-content\/uploads\/2023\/01\/notibras23.png","contentUrl":"https:\/\/www.notibras.com\/site\/wp-content\/uploads\/2023\/01\/notibras23.png","width":350,"height":87,"caption":"Grupo Notibras de Comunica\u00e7\u00e3o"},"image":{"@id":"https:\/\/www.notibras.com\/site\/#\/schema\/logo\/image\/"},"sameAs":["https:\/\/www.facebook.com\/notibras\/","https:\/\/x.com\/Notibras","https:\/\/www.instagram.com\/notibras\/"]},{"@type":"Person","@id":"https:\/\/www.notibras.com\/site\/#\/schema\/person\/5b7fabf2aedc3ada2105f03b22b4d3dd","name":"Eduardo Mart\u00ednez","image":{"@type":"ImageObject","inLanguage":"pt-BR","@id":"https:\/\/secure.gravatar.com\/avatar\/7902f906289926289cbcda644b5197c796b893c6ffd7b9a536a42d290f7704a0?s=96&d=mm&r=g","url":"https:\/\/secure.gravatar.com\/avatar\/7902f906289926289cbcda644b5197c796b893c6ffd7b9a536a42d290f7704a0?s=96&d=mm&r=g","contentUrl":"https:\/\/secure.gravatar.com\/avatar\/7902f906289926289cbcda644b5197c796b893c6ffd7b9a536a42d290f7704a0?s=96&d=mm&r=g","caption":"Eduardo Mart\u00ednez"}}]}},"amp_enabled":true,"_links":{"self":[{"href":"https:\/\/www.notibras.com\/site\/wp-json\/wp\/v2\/posts\/378137","targetHints":{"allow":["GET"]}}],"collection":[{"href":"https:\/\/www.notibras.com\/site\/wp-json\/wp\/v2\/posts"}],"about":[{"href":"https:\/\/www.notibras.com\/site\/wp-json\/wp\/v2\/types\/post"}],"author":[{"embeddable":true,"href":"https:\/\/www.notibras.com\/site\/wp-json\/wp\/v2\/users\/21"}],"replies":[{"embeddable":true,"href":"https:\/\/www.notibras.com\/site\/wp-json\/wp\/v2\/comments?post=378137"}],"version-history":[{"count":4,"href":"https:\/\/www.notibras.com\/site\/wp-json\/wp\/v2\/posts\/378137\/revisions"}],"predecessor-version":[{"id":378142,"href":"https:\/\/www.notibras.com\/site\/wp-json\/wp\/v2\/posts\/378137\/revisions\/378142"}],"wp:featuredmedia":[{"embeddable":true,"href":"https:\/\/www.notibras.com\/site\/wp-json\/wp\/v2\/media\/378141"}],"wp:attachment":[{"href":"https:\/\/www.notibras.com\/site\/wp-json\/wp\/v2\/media?parent=378137"}],"wp:term":[{"taxonomy":"category","embeddable":true,"href":"https:\/\/www.notibras.com\/site\/wp-json\/wp\/v2\/categories?post=378137"},{"taxonomy":"post_tag","embeddable":true,"href":"https:\/\/www.notibras.com\/site\/wp-json\/wp\/v2\/tags?post=378137"}],"curies":[{"name":"wp","href":"https:\/\/api.w.org\/{rel}","templated":true}]}}