{"id":378143,"date":"2026-01-08T02:00:20","date_gmt":"2026-01-08T05:00:20","guid":{"rendered":"https:\/\/www.notibras.com\/site\/?p=378143"},"modified":"2026-01-08T01:15:45","modified_gmt":"2026-01-08T04:15:45","slug":"santana-e-o-caso-do-buraco-no-muro","status":"publish","type":"post","link":"https:\/\/www.notibras.com\/site\/santana-e-o-caso-do-buraco-no-muro\/","title":{"rendered":"Santana e o caso do buraco no muro"},"content":{"rendered":"<p>Santana, para manter a tradi\u00e7\u00e3o, foi trabalhar com o mau humor que todos na delegacia j\u00e1 conheciam. Mal entrou, fez quest\u00e3o de fazer bico e ir direto para cozinha, onde a Sissi acabara de passar o milagroso caf\u00e9 que mantinha toda a equipe de plant\u00e3o acordada.<\/p>\n<p>\u2014 Tem caf\u00e9?<\/p>\n<p>\u2014 Tem.<\/p>\n<p>\u2014 Cad\u00ea? Cad\u00ea?<\/p>\n<p>\u2014 Num t\u00e1 vendo a\u00ed na sua frente, Santana?<\/p>\n<p>\u2014 Hum! Me serve um pouco a\u00ed.<\/p>\n<p>\u2014 O qu\u00ea?<\/p>\n<p>\u2014 Me serve um pouco a\u00ed! T\u00f4 mandando!<\/p>\n<p>\u2014 Olha aqui, Santana! Me respeite, que sou capaz de colocar veneno no caf\u00e9 pra te ver estrebuchando aqui no ch\u00e3o.<\/p>\n<p>Diante da pequena gigante, o mal-humorado recuou. Serviu-se e foi trabalhar no balc\u00e3o da delegacia, onde Ricky Ricardo (chefe da equipe), Pedrito e Evelina j\u00e1 estavam atendendo o p\u00fablico. O agente, assim que percebeu a pequena aglomera\u00e7\u00e3o na recep\u00e7\u00e3o, quis refugar. No entanto, Ricky Ricardo, ressabiado que era com a pregui\u00e7a do colega, foi firme.<\/p>\n<p>\u2014 Ei, Santana, trate de sentar a poupan\u00e7a na cadeira e come\u00e7ar a atender o povo.<\/p>\n<p>Cara amarrada, l\u00e1 foi o Santana. E os quatro agentes trabalharam tanto naquela manh\u00e3, que imaginaram que todos os cidad\u00e3os de Sobradinho teriam combinado para registrarem ocorr\u00eancia policial justamente no mesmo hor\u00e1rio. Por sorte, \u00e0 tarde, foi uma calmaria e, \u00e0 noite, quando o clima ameno parecia se firmar, eis que o telefone tocou.<\/p>\n<p>Evelina, que estava mais pr\u00f3xima, atendeu. Ricky Ricardo e Pedrito ficaram atentos \u00e0 conversa, enquanto Santana resolveu tirar o time de campo. Foi arrumar a cama na certeza de que aquele telefonema seria apenas algu\u00e9m reclamando da m\u00fasica alta vinda da casa de algum vizinho sem-no\u00e7\u00e3o.<\/p>\n<p>Que nada! Dona Carmita, a cidad\u00e3 do outro lado da linha, parecia desesperada, pois teria visto um homem no quintal de sua resid\u00eancia. Desse modo, Ricky Ricardo chamou toda a equipe para ir ao local, antes que algo pior acontecesse \u00e0 pobre senhora.<\/p>\n<p>Para n\u00e3o deixar o balc\u00e3o da delegacia vazio, Ricky Ricardo pediu para o escriv\u00e3o Gilmarildo ficar atento \u00e0 chegada de qualquer do povo que quisesse registrar boletim. E o delegado Rupereta, que acabara de retornar do jantar, ficou lhe fazendo companhia.<\/p>\n<p>Assim que a viatura chegou ao local, perceberam que a resid\u00eancia possu\u00eda um muro alto. Dona Carmita, sentindo-se segura, abriu a porta e apontou para onde teria visto o bandido atrav\u00e9s da janela da sala. Ricky Ricardo, Evelina e Pedrito revistaram o local, enquanto Santana ficou perambulando pelo quintal de maneira displicente.<\/p>\n<p>Evelina percebeu que havia um buraco no muro, mas insuficiente para passar uma pessoa. A policial perguntou o motivo daquela espa\u00e7o aberto para a propriet\u00e1ria da casa, que respondeu que era para a Sonja sair e entrar.<\/p>\n<p>\u2014 Sonja?<\/p>\n<p>\u2014 \u00c9 a minha gata.<\/p>\n<p>Ap\u00f3s vasculharem tudo, nem sinal do criminoso. Ricky Ricardo, Evelina e Pedrito conversaram com a v\u00edtima para tranquiliz\u00e1-la. Nisso, l\u00e1 foi o Santana, curioso como ele s\u00f3, olhar o buraco no muro. Como se quisesse provar para si mesmo que aquela hist\u00f3ria estava mal contada, arma em punho, ele enfiou todo o bra\u00e7o no buraco at\u00e9 dar do lado da cal\u00e7ada.<\/p>\n<p>\u2014 Dona Carmita, a senhora tem certeza de que a sua gata passa por aqui?<\/p>\n<p>Antes que a mulher tivesse a chance de responder \u00e0quela bobagem, eis que o Santana sentiu algu\u00e9m puxando a pistola de suas m\u00e3os. Em seguida, o ladr\u00e3o gritou e se evadiu do local.<\/p>\n<p>\u2014 Perdeu, gorducho!<\/p>\n<p>Somente ap\u00f3s quase duas semanas \u00e9 que a arma foi encontrada, gra\u00e7as \u00e0s investiga\u00e7\u00f5es feitas em conjunto pela equipe do plant\u00e3o e os agentes Daniel, Ana Lu\u00edsa, Rog\u00e9rio e Alexandre, vulgo Vasc\u00e3o.<\/p>\n<p>Quanto ao Santana, nem ele acreditava que um dia teria sua pistola de volta. Mesmo assim, n\u00e3o foi poupado de uma brincadeira feita pelo Gilmarildo.<\/p>\n<p>\u2014 Santana, isso \u00e9 pra voc\u00ea aprender a n\u00e3o colocar a m\u00e3o no primeiro buraco que encontrar pela frente.<\/p>\n<p><strong>\u2026\u2026\u2026\u2026\u2026\u2026\u2026\u2026<\/strong><\/p>\n<p><strong>Eduardo Mart\u00ednez \u00e9 autor do livro \u201957 Contos e Cr\u00f4nicas por um Autor Muito Velho\u2019 (Vencedor do Pr\u00eamio Liter\u00e1rio Clarice Lispector \u2013 2025 na categoria livro de contos).<\/strong><\/p>\n<p><strong>Compre aqui<\/strong><\/p>\n<p><a href=\"https:\/\/www.joanineditora.com.br\/57-contos-e-cronicas-por-um-autor-muito-velho\"><strong>https:\/\/www.joanineditora.com.br\/57-contos-e-cronicas-por-um-autor-muito-velho<\/strong><\/a><\/p>\n<div id=\"wpdevar_comment_4\"><\/div>\n","protected":false},"excerpt":{"rendered":"<p>Santana, para manter a tradi\u00e7\u00e3o, foi trabalhar com o mau humor que todos na delegacia j\u00e1 conheciam. Mal entrou, fez quest\u00e3o de fazer bico e ir direto para cozinha, onde a Sissi acabara de passar o milagroso caf\u00e9 que mantinha toda a equipe de plant\u00e3o acordada. \u2014 Tem caf\u00e9? \u2014 Tem. \u2014 Cad\u00ea? Cad\u00ea? \u2014 [&hellip;]<\/p>\n","protected":false},"author":21,"featured_media":378145,"comment_status":"closed","ping_status":"closed","sticky":false,"template":"","format":"standard","meta":{"_acf_changed":false,"footnotes":""},"categories":[161],"tags":[],"class_list":["post-378143","post","type-post","status-publish","format-standard","has-post-thumbnail","hentry","category-quadradinho-em-foco"],"acf":[],"yoast_head":"<!-- This site is optimized with the Yoast SEO plugin v27.2 - https:\/\/yoast.com\/product\/yoast-seo-wordpress\/ -->\n<title>Santana e o caso do buraco no muro - Notibras<\/title>\n<meta name=\"robots\" content=\"index, follow, max-snippet:-1, max-image-preview:large, max-video-preview:-1\" \/>\n<link rel=\"canonical\" href=\"https:\/\/www.notibras.com\/site\/santana-e-o-caso-do-buraco-no-muro\/\" \/>\n<meta property=\"og:locale\" content=\"pt_BR\" \/>\n<meta property=\"og:type\" content=\"article\" \/>\n<meta property=\"og:title\" content=\"Santana e o caso do buraco no muro - Notibras\" \/>\n<meta property=\"og:description\" content=\"Santana, para manter a tradi\u00e7\u00e3o, foi trabalhar com o mau humor que todos na delegacia j\u00e1 conheciam. Mal entrou, fez quest\u00e3o de fazer bico e ir direto para cozinha, onde a Sissi acabara de passar o milagroso caf\u00e9 que mantinha toda a equipe de plant\u00e3o acordada. \u2014 Tem caf\u00e9? \u2014 Tem. \u2014 Cad\u00ea? Cad\u00ea? \u2014 [&hellip;]\" \/>\n<meta property=\"og:url\" content=\"https:\/\/www.notibras.com\/site\/santana-e-o-caso-do-buraco-no-muro\/\" \/>\n<meta property=\"og:site_name\" content=\"Notibras\" \/>\n<meta property=\"article:publisher\" content=\"https:\/\/www.facebook.com\/notibras\/\" \/>\n<meta property=\"article:published_time\" content=\"2026-01-08T05:00:20+00:00\" \/>\n<meta property=\"og:image\" content=\"https:\/\/www.notibras.com\/site\/wp-content\/uploads\/2026\/01\/IMG_0162.jpg\" \/>\n\t<meta property=\"og:image:width\" content=\"1023\" \/>\n\t<meta property=\"og:image:height\" content=\"927\" \/>\n\t<meta property=\"og:image:type\" content=\"image\/jpeg\" \/>\n<meta name=\"author\" content=\"Eduardo Mart\u00ednez\" \/>\n<meta name=\"twitter:card\" content=\"summary_large_image\" \/>\n<meta name=\"twitter:creator\" content=\"@Notibras\" \/>\n<meta name=\"twitter:site\" content=\"@Notibras\" \/>\n<meta name=\"twitter:label1\" content=\"Escrito por\" \/>\n\t<meta name=\"twitter:data1\" content=\"Eduardo Mart\u00ednez\" \/>\n\t<meta name=\"twitter:label2\" content=\"Est. tempo de leitura\" \/>\n\t<meta name=\"twitter:data2\" content=\"4 minutos\" \/>\n<script type=\"application\/ld+json\" class=\"yoast-schema-graph\">{\"@context\":\"https:\/\/schema.org\",\"@graph\":[{\"@type\":\"Article\",\"@id\":\"https:\/\/www.notibras.com\/site\/santana-e-o-caso-do-buraco-no-muro\/#article\",\"isPartOf\":{\"@id\":\"https:\/\/www.notibras.com\/site\/santana-e-o-caso-do-buraco-no-muro\/\"},\"author\":{\"name\":\"Eduardo Mart\u00ednez\",\"@id\":\"https:\/\/www.notibras.com\/site\/#\/schema\/person\/5b7fabf2aedc3ada2105f03b22b4d3dd\"},\"headline\":\"Santana e o caso do buraco no muro\",\"datePublished\":\"2026-01-08T05:00:20+00:00\",\"mainEntityOfPage\":{\"@id\":\"https:\/\/www.notibras.com\/site\/santana-e-o-caso-do-buraco-no-muro\/\"},\"wordCount\":709,\"publisher\":{\"@id\":\"https:\/\/www.notibras.com\/site\/#organization\"},\"image\":{\"@id\":\"https:\/\/www.notibras.com\/site\/santana-e-o-caso-do-buraco-no-muro\/#primaryimage\"},\"thumbnailUrl\":\"https:\/\/www.notibras.com\/site\/wp-content\/uploads\/2026\/01\/IMG_0162.jpg\",\"articleSection\":[\"Quadradinho em Foco\"],\"inLanguage\":\"pt-BR\"},{\"@type\":\"WebPage\",\"@id\":\"https:\/\/www.notibras.com\/site\/santana-e-o-caso-do-buraco-no-muro\/\",\"url\":\"https:\/\/www.notibras.com\/site\/santana-e-o-caso-do-buraco-no-muro\/\",\"name\":\"Santana e o caso do buraco no muro - Notibras\",\"isPartOf\":{\"@id\":\"https:\/\/www.notibras.com\/site\/#website\"},\"primaryImageOfPage\":{\"@id\":\"https:\/\/www.notibras.com\/site\/santana-e-o-caso-do-buraco-no-muro\/#primaryimage\"},\"image\":{\"@id\":\"https:\/\/www.notibras.com\/site\/santana-e-o-caso-do-buraco-no-muro\/#primaryimage\"},\"thumbnailUrl\":\"https:\/\/www.notibras.com\/site\/wp-content\/uploads\/2026\/01\/IMG_0162.jpg\",\"datePublished\":\"2026-01-08T05:00:20+00:00\",\"breadcrumb\":{\"@id\":\"https:\/\/www.notibras.com\/site\/santana-e-o-caso-do-buraco-no-muro\/#breadcrumb\"},\"inLanguage\":\"pt-BR\",\"potentialAction\":[{\"@type\":\"ReadAction\",\"target\":[\"https:\/\/www.notibras.com\/site\/santana-e-o-caso-do-buraco-no-muro\/\"]}]},{\"@type\":\"ImageObject\",\"inLanguage\":\"pt-BR\",\"@id\":\"https:\/\/www.notibras.com\/site\/santana-e-o-caso-do-buraco-no-muro\/#primaryimage\",\"url\":\"https:\/\/www.notibras.com\/site\/wp-content\/uploads\/2026\/01\/IMG_0162.jpg\",\"contentUrl\":\"https:\/\/www.notibras.com\/site\/wp-content\/uploads\/2026\/01\/IMG_0162.jpg\",\"width\":1023,\"height\":927},{\"@type\":\"BreadcrumbList\",\"@id\":\"https:\/\/www.notibras.com\/site\/santana-e-o-caso-do-buraco-no-muro\/#breadcrumb\",\"itemListElement\":[{\"@type\":\"ListItem\",\"position\":1,\"name\":\"In\u00edcio\",\"item\":\"https:\/\/www.notibras.com\/site\/\"},{\"@type\":\"ListItem\",\"position\":2,\"name\":\"Santana e o caso do buraco no muro\"}]},{\"@type\":\"WebSite\",\"@id\":\"https:\/\/www.notibras.com\/site\/#website\",\"url\":\"https:\/\/www.notibras.com\/site\/\",\"name\":\"Notibras\",\"description\":\"Not\u00edcias de Bras\u00edlia, do Brasil e do Mundo\",\"publisher\":{\"@id\":\"https:\/\/www.notibras.com\/site\/#organization\"},\"potentialAction\":[{\"@type\":\"SearchAction\",\"target\":{\"@type\":\"EntryPoint\",\"urlTemplate\":\"https:\/\/www.notibras.com\/site\/?s={search_term_string}\"},\"query-input\":{\"@type\":\"PropertyValueSpecification\",\"valueRequired\":true,\"valueName\":\"search_term_string\"}}],\"inLanguage\":\"pt-BR\"},{\"@type\":\"Organization\",\"@id\":\"https:\/\/www.notibras.com\/site\/#organization\",\"name\":\"Grupo Notibras de Comunica\u00e7\u00e3o\",\"url\":\"https:\/\/www.notibras.com\/site\/\",\"logo\":{\"@type\":\"ImageObject\",\"inLanguage\":\"pt-BR\",\"@id\":\"https:\/\/www.notibras.com\/site\/#\/schema\/logo\/image\/\",\"url\":\"https:\/\/www.notibras.com\/site\/wp-content\/uploads\/2023\/01\/notibras23.png\",\"contentUrl\":\"https:\/\/www.notibras.com\/site\/wp-content\/uploads\/2023\/01\/notibras23.png\",\"width\":350,\"height\":87,\"caption\":\"Grupo Notibras de Comunica\u00e7\u00e3o\"},\"image\":{\"@id\":\"https:\/\/www.notibras.com\/site\/#\/schema\/logo\/image\/\"},\"sameAs\":[\"https:\/\/www.facebook.com\/notibras\/\",\"https:\/\/x.com\/Notibras\",\"https:\/\/www.instagram.com\/notibras\/\"]},{\"@type\":\"Person\",\"@id\":\"https:\/\/www.notibras.com\/site\/#\/schema\/person\/5b7fabf2aedc3ada2105f03b22b4d3dd\",\"name\":\"Eduardo Mart\u00ednez\",\"image\":{\"@type\":\"ImageObject\",\"inLanguage\":\"pt-BR\",\"@id\":\"https:\/\/secure.gravatar.com\/avatar\/7902f906289926289cbcda644b5197c796b893c6ffd7b9a536a42d290f7704a0?s=96&d=mm&r=g\",\"url\":\"https:\/\/secure.gravatar.com\/avatar\/7902f906289926289cbcda644b5197c796b893c6ffd7b9a536a42d290f7704a0?s=96&d=mm&r=g\",\"contentUrl\":\"https:\/\/secure.gravatar.com\/avatar\/7902f906289926289cbcda644b5197c796b893c6ffd7b9a536a42d290f7704a0?s=96&d=mm&r=g\",\"caption\":\"Eduardo Mart\u00ednez\"}}]}<\/script>\n<!-- \/ Yoast SEO plugin. -->","yoast_head_json":{"title":"Santana e o caso do buraco no muro - Notibras","robots":{"index":"index","follow":"follow","max-snippet":"max-snippet:-1","max-image-preview":"max-image-preview:large","max-video-preview":"max-video-preview:-1"},"canonical":"https:\/\/www.notibras.com\/site\/santana-e-o-caso-do-buraco-no-muro\/","og_locale":"pt_BR","og_type":"article","og_title":"Santana e o caso do buraco no muro - Notibras","og_description":"Santana, para manter a tradi\u00e7\u00e3o, foi trabalhar com o mau humor que todos na delegacia j\u00e1 conheciam. Mal entrou, fez quest\u00e3o de fazer bico e ir direto para cozinha, onde a Sissi acabara de passar o milagroso caf\u00e9 que mantinha toda a equipe de plant\u00e3o acordada. \u2014 Tem caf\u00e9? \u2014 Tem. \u2014 Cad\u00ea? Cad\u00ea? \u2014 [&hellip;]","og_url":"https:\/\/www.notibras.com\/site\/santana-e-o-caso-do-buraco-no-muro\/","og_site_name":"Notibras","article_publisher":"https:\/\/www.facebook.com\/notibras\/","article_published_time":"2026-01-08T05:00:20+00:00","og_image":[{"width":1023,"height":927,"url":"https:\/\/www.notibras.com\/site\/wp-content\/uploads\/2026\/01\/IMG_0162.jpg","type":"image\/jpeg"}],"author":"Eduardo Mart\u00ednez","twitter_card":"summary_large_image","twitter_creator":"@Notibras","twitter_site":"@Notibras","twitter_misc":{"Escrito por":"Eduardo Mart\u00ednez","Est. tempo de leitura":"4 minutos"},"schema":{"@context":"https:\/\/schema.org","@graph":[{"@type":"Article","@id":"https:\/\/www.notibras.com\/site\/santana-e-o-caso-do-buraco-no-muro\/#article","isPartOf":{"@id":"https:\/\/www.notibras.com\/site\/santana-e-o-caso-do-buraco-no-muro\/"},"author":{"name":"Eduardo Mart\u00ednez","@id":"https:\/\/www.notibras.com\/site\/#\/schema\/person\/5b7fabf2aedc3ada2105f03b22b4d3dd"},"headline":"Santana e o caso do buraco no muro","datePublished":"2026-01-08T05:00:20+00:00","mainEntityOfPage":{"@id":"https:\/\/www.notibras.com\/site\/santana-e-o-caso-do-buraco-no-muro\/"},"wordCount":709,"publisher":{"@id":"https:\/\/www.notibras.com\/site\/#organization"},"image":{"@id":"https:\/\/www.notibras.com\/site\/santana-e-o-caso-do-buraco-no-muro\/#primaryimage"},"thumbnailUrl":"https:\/\/www.notibras.com\/site\/wp-content\/uploads\/2026\/01\/IMG_0162.jpg","articleSection":["Quadradinho em Foco"],"inLanguage":"pt-BR"},{"@type":"WebPage","@id":"https:\/\/www.notibras.com\/site\/santana-e-o-caso-do-buraco-no-muro\/","url":"https:\/\/www.notibras.com\/site\/santana-e-o-caso-do-buraco-no-muro\/","name":"Santana e o caso do buraco no muro - Notibras","isPartOf":{"@id":"https:\/\/www.notibras.com\/site\/#website"},"primaryImageOfPage":{"@id":"https:\/\/www.notibras.com\/site\/santana-e-o-caso-do-buraco-no-muro\/#primaryimage"},"image":{"@id":"https:\/\/www.notibras.com\/site\/santana-e-o-caso-do-buraco-no-muro\/#primaryimage"},"thumbnailUrl":"https:\/\/www.notibras.com\/site\/wp-content\/uploads\/2026\/01\/IMG_0162.jpg","datePublished":"2026-01-08T05:00:20+00:00","breadcrumb":{"@id":"https:\/\/www.notibras.com\/site\/santana-e-o-caso-do-buraco-no-muro\/#breadcrumb"},"inLanguage":"pt-BR","potentialAction":[{"@type":"ReadAction","target":["https:\/\/www.notibras.com\/site\/santana-e-o-caso-do-buraco-no-muro\/"]}]},{"@type":"ImageObject","inLanguage":"pt-BR","@id":"https:\/\/www.notibras.com\/site\/santana-e-o-caso-do-buraco-no-muro\/#primaryimage","url":"https:\/\/www.notibras.com\/site\/wp-content\/uploads\/2026\/01\/IMG_0162.jpg","contentUrl":"https:\/\/www.notibras.com\/site\/wp-content\/uploads\/2026\/01\/IMG_0162.jpg","width":1023,"height":927},{"@type":"BreadcrumbList","@id":"https:\/\/www.notibras.com\/site\/santana-e-o-caso-do-buraco-no-muro\/#breadcrumb","itemListElement":[{"@type":"ListItem","position":1,"name":"In\u00edcio","item":"https:\/\/www.notibras.com\/site\/"},{"@type":"ListItem","position":2,"name":"Santana e o caso do buraco no muro"}]},{"@type":"WebSite","@id":"https:\/\/www.notibras.com\/site\/#website","url":"https:\/\/www.notibras.com\/site\/","name":"Notibras","description":"Not\u00edcias de Bras\u00edlia, do Brasil e do Mundo","publisher":{"@id":"https:\/\/www.notibras.com\/site\/#organization"},"potentialAction":[{"@type":"SearchAction","target":{"@type":"EntryPoint","urlTemplate":"https:\/\/www.notibras.com\/site\/?s={search_term_string}"},"query-input":{"@type":"PropertyValueSpecification","valueRequired":true,"valueName":"search_term_string"}}],"inLanguage":"pt-BR"},{"@type":"Organization","@id":"https:\/\/www.notibras.com\/site\/#organization","name":"Grupo Notibras de Comunica\u00e7\u00e3o","url":"https:\/\/www.notibras.com\/site\/","logo":{"@type":"ImageObject","inLanguage":"pt-BR","@id":"https:\/\/www.notibras.com\/site\/#\/schema\/logo\/image\/","url":"https:\/\/www.notibras.com\/site\/wp-content\/uploads\/2023\/01\/notibras23.png","contentUrl":"https:\/\/www.notibras.com\/site\/wp-content\/uploads\/2023\/01\/notibras23.png","width":350,"height":87,"caption":"Grupo Notibras de Comunica\u00e7\u00e3o"},"image":{"@id":"https:\/\/www.notibras.com\/site\/#\/schema\/logo\/image\/"},"sameAs":["https:\/\/www.facebook.com\/notibras\/","https:\/\/x.com\/Notibras","https:\/\/www.instagram.com\/notibras\/"]},{"@type":"Person","@id":"https:\/\/www.notibras.com\/site\/#\/schema\/person\/5b7fabf2aedc3ada2105f03b22b4d3dd","name":"Eduardo Mart\u00ednez","image":{"@type":"ImageObject","inLanguage":"pt-BR","@id":"https:\/\/secure.gravatar.com\/avatar\/7902f906289926289cbcda644b5197c796b893c6ffd7b9a536a42d290f7704a0?s=96&d=mm&r=g","url":"https:\/\/secure.gravatar.com\/avatar\/7902f906289926289cbcda644b5197c796b893c6ffd7b9a536a42d290f7704a0?s=96&d=mm&r=g","contentUrl":"https:\/\/secure.gravatar.com\/avatar\/7902f906289926289cbcda644b5197c796b893c6ffd7b9a536a42d290f7704a0?s=96&d=mm&r=g","caption":"Eduardo Mart\u00ednez"}}]}},"amp_enabled":true,"_links":{"self":[{"href":"https:\/\/www.notibras.com\/site\/wp-json\/wp\/v2\/posts\/378143","targetHints":{"allow":["GET"]}}],"collection":[{"href":"https:\/\/www.notibras.com\/site\/wp-json\/wp\/v2\/posts"}],"about":[{"href":"https:\/\/www.notibras.com\/site\/wp-json\/wp\/v2\/types\/post"}],"author":[{"embeddable":true,"href":"https:\/\/www.notibras.com\/site\/wp-json\/wp\/v2\/users\/21"}],"replies":[{"embeddable":true,"href":"https:\/\/www.notibras.com\/site\/wp-json\/wp\/v2\/comments?post=378143"}],"version-history":[{"count":3,"href":"https:\/\/www.notibras.com\/site\/wp-json\/wp\/v2\/posts\/378143\/revisions"}],"predecessor-version":[{"id":378147,"href":"https:\/\/www.notibras.com\/site\/wp-json\/wp\/v2\/posts\/378143\/revisions\/378147"}],"wp:featuredmedia":[{"embeddable":true,"href":"https:\/\/www.notibras.com\/site\/wp-json\/wp\/v2\/media\/378145"}],"wp:attachment":[{"href":"https:\/\/www.notibras.com\/site\/wp-json\/wp\/v2\/media?parent=378143"}],"wp:term":[{"taxonomy":"category","embeddable":true,"href":"https:\/\/www.notibras.com\/site\/wp-json\/wp\/v2\/categories?post=378143"},{"taxonomy":"post_tag","embeddable":true,"href":"https:\/\/www.notibras.com\/site\/wp-json\/wp\/v2\/tags?post=378143"}],"curies":[{"name":"wp","href":"https:\/\/api.w.org\/{rel}","templated":true}]}}