{"id":378148,"date":"2026-01-15T02:15:01","date_gmt":"2026-01-15T05:15:01","guid":{"rendered":"https:\/\/www.notibras.com\/site\/?p=378148"},"modified":"2026-01-08T01:51:44","modified_gmt":"2026-01-08T04:51:44","slug":"quando-o-corpo-precisa-falar","status":"publish","type":"post","link":"https:\/\/www.notibras.com\/site\/quando-o-corpo-precisa-falar\/","title":{"rendered":"Quando o Corpo Precisa Falar"},"content":{"rendered":"<p>N\u00f3s aprendemos a seguir em frente mesmo quando algo dentro de n\u00f3s pede pausa. Aprendemos a normalizar o excesso, a romantizar a resist\u00eancia, a chamar de for\u00e7a aquilo que, muitas vezes, \u00e9 apenas sobreviv\u00eancia. Mas o corpo n\u00e3o negocia com o sil\u00eancio da mente. Ele fala cedo ou tarde.<\/p>\n<p>Ficar doente depois de uma situa\u00e7\u00e3o dif\u00edcil nem sempre \u00e9 fraqueza. \u00c0s vezes, \u00e9 o \u00fanico idioma que o corpo encontra para expressar aquilo que j\u00e1 ultrapassou todos os limites. Quando n\u00e3o conseguimos dizer \u201cchega\u201d, o corpo diz. Quando n\u00e3o conseguimos parar, ele interrompe. Quando insistimos em suportar, ele desaba.<\/p>\n<p>N\u00f3s carregamos dores que n\u00e3o aparecem em exames imediatos: perdas mal elaboradas, rela\u00e7\u00f5es que exigiram mais do que pod\u00edamos dar, ambientes hostis, viol\u00eancias sutis acumuladas no cotidiano. Tudo isso se deposita em algum lugar. E, muitas vezes, esse lugar \u00e9 o corpo.<\/p>\n<p>Adoecer, nesse contexto, n\u00e3o \u00e9 falha moral nem falta de resili\u00eancia. \u00c9 sinal. \u00c9 alerta. \u00c9 um pedido de escuta que n\u00e3o foi atendido antes. O corpo n\u00e3o adoece por capricho, ele reage ao que foi demais por tempo demais. Ao que foi engolido em nome da funcionalidade, da apar\u00eancia de normalidade, da obriga\u00e7\u00e3o de seguir.<\/p>\n<p>N\u00f3s fomos ensinadas a ignorar sinais: o cansa\u00e7o persistente, a ansiedade constante, a tristeza sem nome, o sono que n\u00e3o descansa. Aprendemos a empurrar tudo para depois. Mas o depois chega. E quando chega, chega no ritmo do corpo, n\u00e3o no nosso.<\/p>\n<p>H\u00e1 algo profundamente humano em reconhecer isso. Em entender que adoecer tamb\u00e9m pode ser um ato de autoprote\u00e7\u00e3o involunt\u00e1rio. Uma tentativa do organismo de nos salvar de n\u00f3s mesmas, da insist\u00eancia em continuar em cen\u00e1rios que j\u00e1 n\u00e3o cabem mais.<\/p>\n<p>Quando o corpo fala, n\u00e3o \u00e9 para nos punir. \u00c9 para nos preservar. Ele nos obriga a parar, a rever, a cuidar. A perguntar, finalmente, o que estava sendo ignorado. E essa escuta, por mais dolorosa que seja, pode ser o in\u00edcio de uma rela\u00e7\u00e3o mais honesta conosco.<\/p>\n<p>N\u00f3s seguimos aprendendo n\u00e3o a sermos invenc\u00edveis, mas a sermos inteiras.<\/p>\n<p>E inteireza tamb\u00e9m inclui respeitar quando algo \u00e9 demais.<\/p>\n","protected":false},"excerpt":{"rendered":"<p>N\u00f3s aprendemos a seguir em frente mesmo quando algo dentro de n\u00f3s pede pausa. Aprendemos a normalizar o excesso, a romantizar a resist\u00eancia, a chamar de for\u00e7a aquilo que, muitas vezes, \u00e9 apenas sobreviv\u00eancia. Mas o corpo n\u00e3o negocia com o sil\u00eancio da mente. Ele fala cedo ou tarde. Ficar doente depois de uma situa\u00e7\u00e3o [&hellip;]<\/p>\n","protected":false},"author":21,"featured_media":378149,"comment_status":"closed","ping_status":"closed","sticky":false,"template":"","format":"standard","meta":{"_acf_changed":false,"footnotes":""},"categories":[236],"tags":[],"class_list":["post-378148","post","type-post","status-publish","format-standard","has-post-thumbnail","hentry","category-ponto-de-vista"],"acf":[],"yoast_head":"<!-- This site is optimized with the Yoast SEO plugin v27.2 - https:\/\/yoast.com\/product\/yoast-seo-wordpress\/ -->\n<title>Quando o Corpo Precisa Falar - Notibras<\/title>\n<meta name=\"robots\" content=\"index, follow, max-snippet:-1, max-image-preview:large, max-video-preview:-1\" \/>\n<link rel=\"canonical\" href=\"https:\/\/www.notibras.com\/site\/quando-o-corpo-precisa-falar\/\" \/>\n<meta property=\"og:locale\" content=\"pt_BR\" \/>\n<meta property=\"og:type\" content=\"article\" \/>\n<meta property=\"og:title\" content=\"Quando o Corpo Precisa Falar - Notibras\" \/>\n<meta property=\"og:description\" content=\"N\u00f3s aprendemos a seguir em frente mesmo quando algo dentro de n\u00f3s pede pausa. Aprendemos a normalizar o excesso, a romantizar a resist\u00eancia, a chamar de for\u00e7a aquilo que, muitas vezes, \u00e9 apenas sobreviv\u00eancia. Mas o corpo n\u00e3o negocia com o sil\u00eancio da mente. Ele fala cedo ou tarde. Ficar doente depois de uma situa\u00e7\u00e3o [&hellip;]\" \/>\n<meta property=\"og:url\" content=\"https:\/\/www.notibras.com\/site\/quando-o-corpo-precisa-falar\/\" \/>\n<meta property=\"og:site_name\" content=\"Notibras\" \/>\n<meta property=\"article:publisher\" content=\"https:\/\/www.facebook.com\/notibras\/\" \/>\n<meta property=\"article:published_time\" content=\"2026-01-15T05:15:01+00:00\" \/>\n<meta property=\"og:image\" content=\"https:\/\/www.notibras.com\/site\/wp-content\/uploads\/2026\/01\/bc1d47a6-ea80-448f-83af-29bdc600ca5d.jpg\" \/>\n\t<meta property=\"og:image:width\" content=\"809\" \/>\n\t<meta property=\"og:image:height\" content=\"948\" \/>\n\t<meta property=\"og:image:type\" content=\"image\/jpeg\" \/>\n<meta name=\"author\" content=\"Eduardo Mart\u00ednez\" \/>\n<meta name=\"twitter:card\" content=\"summary_large_image\" \/>\n<meta name=\"twitter:creator\" content=\"@Notibras\" \/>\n<meta name=\"twitter:site\" content=\"@Notibras\" \/>\n<meta name=\"twitter:label1\" content=\"Escrito por\" \/>\n\t<meta name=\"twitter:data1\" content=\"Eduardo Mart\u00ednez\" \/>\n\t<meta name=\"twitter:label2\" content=\"Est. tempo de leitura\" \/>\n\t<meta name=\"twitter:data2\" content=\"3 minutos\" \/>\n<script type=\"application\/ld+json\" class=\"yoast-schema-graph\">{\"@context\":\"https:\/\/schema.org\",\"@graph\":[{\"@type\":\"Article\",\"@id\":\"https:\/\/www.notibras.com\/site\/quando-o-corpo-precisa-falar\/#article\",\"isPartOf\":{\"@id\":\"https:\/\/www.notibras.com\/site\/quando-o-corpo-precisa-falar\/\"},\"author\":{\"name\":\"Eduardo Mart\u00ednez\",\"@id\":\"https:\/\/www.notibras.com\/site\/#\/schema\/person\/5b7fabf2aedc3ada2105f03b22b4d3dd\"},\"headline\":\"Quando o Corpo Precisa Falar\",\"datePublished\":\"2026-01-15T05:15:01+00:00\",\"mainEntityOfPage\":{\"@id\":\"https:\/\/www.notibras.com\/site\/quando-o-corpo-precisa-falar\/\"},\"wordCount\":381,\"publisher\":{\"@id\":\"https:\/\/www.notibras.com\/site\/#organization\"},\"image\":{\"@id\":\"https:\/\/www.notibras.com\/site\/quando-o-corpo-precisa-falar\/#primaryimage\"},\"thumbnailUrl\":\"https:\/\/www.notibras.com\/site\/wp-content\/uploads\/2026\/01\/bc1d47a6-ea80-448f-83af-29bdc600ca5d.jpg\",\"articleSection\":[\"Ponto de Vista\"],\"inLanguage\":\"pt-BR\"},{\"@type\":\"WebPage\",\"@id\":\"https:\/\/www.notibras.com\/site\/quando-o-corpo-precisa-falar\/\",\"url\":\"https:\/\/www.notibras.com\/site\/quando-o-corpo-precisa-falar\/\",\"name\":\"Quando o Corpo Precisa Falar - Notibras\",\"isPartOf\":{\"@id\":\"https:\/\/www.notibras.com\/site\/#website\"},\"primaryImageOfPage\":{\"@id\":\"https:\/\/www.notibras.com\/site\/quando-o-corpo-precisa-falar\/#primaryimage\"},\"image\":{\"@id\":\"https:\/\/www.notibras.com\/site\/quando-o-corpo-precisa-falar\/#primaryimage\"},\"thumbnailUrl\":\"https:\/\/www.notibras.com\/site\/wp-content\/uploads\/2026\/01\/bc1d47a6-ea80-448f-83af-29bdc600ca5d.jpg\",\"datePublished\":\"2026-01-15T05:15:01+00:00\",\"breadcrumb\":{\"@id\":\"https:\/\/www.notibras.com\/site\/quando-o-corpo-precisa-falar\/#breadcrumb\"},\"inLanguage\":\"pt-BR\",\"potentialAction\":[{\"@type\":\"ReadAction\",\"target\":[\"https:\/\/www.notibras.com\/site\/quando-o-corpo-precisa-falar\/\"]}]},{\"@type\":\"ImageObject\",\"inLanguage\":\"pt-BR\",\"@id\":\"https:\/\/www.notibras.com\/site\/quando-o-corpo-precisa-falar\/#primaryimage\",\"url\":\"https:\/\/www.notibras.com\/site\/wp-content\/uploads\/2026\/01\/bc1d47a6-ea80-448f-83af-29bdc600ca5d.jpg\",\"contentUrl\":\"https:\/\/www.notibras.com\/site\/wp-content\/uploads\/2026\/01\/bc1d47a6-ea80-448f-83af-29bdc600ca5d.jpg\",\"width\":809,\"height\":948},{\"@type\":\"BreadcrumbList\",\"@id\":\"https:\/\/www.notibras.com\/site\/quando-o-corpo-precisa-falar\/#breadcrumb\",\"itemListElement\":[{\"@type\":\"ListItem\",\"position\":1,\"name\":\"In\u00edcio\",\"item\":\"https:\/\/www.notibras.com\/site\/\"},{\"@type\":\"ListItem\",\"position\":2,\"name\":\"Quando o Corpo Precisa Falar\"}]},{\"@type\":\"WebSite\",\"@id\":\"https:\/\/www.notibras.com\/site\/#website\",\"url\":\"https:\/\/www.notibras.com\/site\/\",\"name\":\"Notibras\",\"description\":\"Not\u00edcias de Bras\u00edlia, do Brasil e do Mundo\",\"publisher\":{\"@id\":\"https:\/\/www.notibras.com\/site\/#organization\"},\"potentialAction\":[{\"@type\":\"SearchAction\",\"target\":{\"@type\":\"EntryPoint\",\"urlTemplate\":\"https:\/\/www.notibras.com\/site\/?s={search_term_string}\"},\"query-input\":{\"@type\":\"PropertyValueSpecification\",\"valueRequired\":true,\"valueName\":\"search_term_string\"}}],\"inLanguage\":\"pt-BR\"},{\"@type\":\"Organization\",\"@id\":\"https:\/\/www.notibras.com\/site\/#organization\",\"name\":\"Grupo Notibras de Comunica\u00e7\u00e3o\",\"url\":\"https:\/\/www.notibras.com\/site\/\",\"logo\":{\"@type\":\"ImageObject\",\"inLanguage\":\"pt-BR\",\"@id\":\"https:\/\/www.notibras.com\/site\/#\/schema\/logo\/image\/\",\"url\":\"https:\/\/www.notibras.com\/site\/wp-content\/uploads\/2023\/01\/notibras23.png\",\"contentUrl\":\"https:\/\/www.notibras.com\/site\/wp-content\/uploads\/2023\/01\/notibras23.png\",\"width\":350,\"height\":87,\"caption\":\"Grupo Notibras de Comunica\u00e7\u00e3o\"},\"image\":{\"@id\":\"https:\/\/www.notibras.com\/site\/#\/schema\/logo\/image\/\"},\"sameAs\":[\"https:\/\/www.facebook.com\/notibras\/\",\"https:\/\/x.com\/Notibras\",\"https:\/\/www.instagram.com\/notibras\/\"]},{\"@type\":\"Person\",\"@id\":\"https:\/\/www.notibras.com\/site\/#\/schema\/person\/5b7fabf2aedc3ada2105f03b22b4d3dd\",\"name\":\"Eduardo Mart\u00ednez\",\"image\":{\"@type\":\"ImageObject\",\"inLanguage\":\"pt-BR\",\"@id\":\"https:\/\/secure.gravatar.com\/avatar\/7902f906289926289cbcda644b5197c796b893c6ffd7b9a536a42d290f7704a0?s=96&d=mm&r=g\",\"url\":\"https:\/\/secure.gravatar.com\/avatar\/7902f906289926289cbcda644b5197c796b893c6ffd7b9a536a42d290f7704a0?s=96&d=mm&r=g\",\"contentUrl\":\"https:\/\/secure.gravatar.com\/avatar\/7902f906289926289cbcda644b5197c796b893c6ffd7b9a536a42d290f7704a0?s=96&d=mm&r=g\",\"caption\":\"Eduardo Mart\u00ednez\"}}]}<\/script>\n<!-- \/ Yoast SEO plugin. -->","yoast_head_json":{"title":"Quando o Corpo Precisa Falar - Notibras","robots":{"index":"index","follow":"follow","max-snippet":"max-snippet:-1","max-image-preview":"max-image-preview:large","max-video-preview":"max-video-preview:-1"},"canonical":"https:\/\/www.notibras.com\/site\/quando-o-corpo-precisa-falar\/","og_locale":"pt_BR","og_type":"article","og_title":"Quando o Corpo Precisa Falar - Notibras","og_description":"N\u00f3s aprendemos a seguir em frente mesmo quando algo dentro de n\u00f3s pede pausa. Aprendemos a normalizar o excesso, a romantizar a resist\u00eancia, a chamar de for\u00e7a aquilo que, muitas vezes, \u00e9 apenas sobreviv\u00eancia. Mas o corpo n\u00e3o negocia com o sil\u00eancio da mente. Ele fala cedo ou tarde. Ficar doente depois de uma situa\u00e7\u00e3o [&hellip;]","og_url":"https:\/\/www.notibras.com\/site\/quando-o-corpo-precisa-falar\/","og_site_name":"Notibras","article_publisher":"https:\/\/www.facebook.com\/notibras\/","article_published_time":"2026-01-15T05:15:01+00:00","og_image":[{"width":809,"height":948,"url":"https:\/\/www.notibras.com\/site\/wp-content\/uploads\/2026\/01\/bc1d47a6-ea80-448f-83af-29bdc600ca5d.jpg","type":"image\/jpeg"}],"author":"Eduardo Mart\u00ednez","twitter_card":"summary_large_image","twitter_creator":"@Notibras","twitter_site":"@Notibras","twitter_misc":{"Escrito por":"Eduardo Mart\u00ednez","Est. tempo de leitura":"3 minutos"},"schema":{"@context":"https:\/\/schema.org","@graph":[{"@type":"Article","@id":"https:\/\/www.notibras.com\/site\/quando-o-corpo-precisa-falar\/#article","isPartOf":{"@id":"https:\/\/www.notibras.com\/site\/quando-o-corpo-precisa-falar\/"},"author":{"name":"Eduardo Mart\u00ednez","@id":"https:\/\/www.notibras.com\/site\/#\/schema\/person\/5b7fabf2aedc3ada2105f03b22b4d3dd"},"headline":"Quando o Corpo Precisa Falar","datePublished":"2026-01-15T05:15:01+00:00","mainEntityOfPage":{"@id":"https:\/\/www.notibras.com\/site\/quando-o-corpo-precisa-falar\/"},"wordCount":381,"publisher":{"@id":"https:\/\/www.notibras.com\/site\/#organization"},"image":{"@id":"https:\/\/www.notibras.com\/site\/quando-o-corpo-precisa-falar\/#primaryimage"},"thumbnailUrl":"https:\/\/www.notibras.com\/site\/wp-content\/uploads\/2026\/01\/bc1d47a6-ea80-448f-83af-29bdc600ca5d.jpg","articleSection":["Ponto de Vista"],"inLanguage":"pt-BR"},{"@type":"WebPage","@id":"https:\/\/www.notibras.com\/site\/quando-o-corpo-precisa-falar\/","url":"https:\/\/www.notibras.com\/site\/quando-o-corpo-precisa-falar\/","name":"Quando o Corpo Precisa Falar - Notibras","isPartOf":{"@id":"https:\/\/www.notibras.com\/site\/#website"},"primaryImageOfPage":{"@id":"https:\/\/www.notibras.com\/site\/quando-o-corpo-precisa-falar\/#primaryimage"},"image":{"@id":"https:\/\/www.notibras.com\/site\/quando-o-corpo-precisa-falar\/#primaryimage"},"thumbnailUrl":"https:\/\/www.notibras.com\/site\/wp-content\/uploads\/2026\/01\/bc1d47a6-ea80-448f-83af-29bdc600ca5d.jpg","datePublished":"2026-01-15T05:15:01+00:00","breadcrumb":{"@id":"https:\/\/www.notibras.com\/site\/quando-o-corpo-precisa-falar\/#breadcrumb"},"inLanguage":"pt-BR","potentialAction":[{"@type":"ReadAction","target":["https:\/\/www.notibras.com\/site\/quando-o-corpo-precisa-falar\/"]}]},{"@type":"ImageObject","inLanguage":"pt-BR","@id":"https:\/\/www.notibras.com\/site\/quando-o-corpo-precisa-falar\/#primaryimage","url":"https:\/\/www.notibras.com\/site\/wp-content\/uploads\/2026\/01\/bc1d47a6-ea80-448f-83af-29bdc600ca5d.jpg","contentUrl":"https:\/\/www.notibras.com\/site\/wp-content\/uploads\/2026\/01\/bc1d47a6-ea80-448f-83af-29bdc600ca5d.jpg","width":809,"height":948},{"@type":"BreadcrumbList","@id":"https:\/\/www.notibras.com\/site\/quando-o-corpo-precisa-falar\/#breadcrumb","itemListElement":[{"@type":"ListItem","position":1,"name":"In\u00edcio","item":"https:\/\/www.notibras.com\/site\/"},{"@type":"ListItem","position":2,"name":"Quando o Corpo Precisa Falar"}]},{"@type":"WebSite","@id":"https:\/\/www.notibras.com\/site\/#website","url":"https:\/\/www.notibras.com\/site\/","name":"Notibras","description":"Not\u00edcias de Bras\u00edlia, do Brasil e do Mundo","publisher":{"@id":"https:\/\/www.notibras.com\/site\/#organization"},"potentialAction":[{"@type":"SearchAction","target":{"@type":"EntryPoint","urlTemplate":"https:\/\/www.notibras.com\/site\/?s={search_term_string}"},"query-input":{"@type":"PropertyValueSpecification","valueRequired":true,"valueName":"search_term_string"}}],"inLanguage":"pt-BR"},{"@type":"Organization","@id":"https:\/\/www.notibras.com\/site\/#organization","name":"Grupo Notibras de Comunica\u00e7\u00e3o","url":"https:\/\/www.notibras.com\/site\/","logo":{"@type":"ImageObject","inLanguage":"pt-BR","@id":"https:\/\/www.notibras.com\/site\/#\/schema\/logo\/image\/","url":"https:\/\/www.notibras.com\/site\/wp-content\/uploads\/2023\/01\/notibras23.png","contentUrl":"https:\/\/www.notibras.com\/site\/wp-content\/uploads\/2023\/01\/notibras23.png","width":350,"height":87,"caption":"Grupo Notibras de Comunica\u00e7\u00e3o"},"image":{"@id":"https:\/\/www.notibras.com\/site\/#\/schema\/logo\/image\/"},"sameAs":["https:\/\/www.facebook.com\/notibras\/","https:\/\/x.com\/Notibras","https:\/\/www.instagram.com\/notibras\/"]},{"@type":"Person","@id":"https:\/\/www.notibras.com\/site\/#\/schema\/person\/5b7fabf2aedc3ada2105f03b22b4d3dd","name":"Eduardo Mart\u00ednez","image":{"@type":"ImageObject","inLanguage":"pt-BR","@id":"https:\/\/secure.gravatar.com\/avatar\/7902f906289926289cbcda644b5197c796b893c6ffd7b9a536a42d290f7704a0?s=96&d=mm&r=g","url":"https:\/\/secure.gravatar.com\/avatar\/7902f906289926289cbcda644b5197c796b893c6ffd7b9a536a42d290f7704a0?s=96&d=mm&r=g","contentUrl":"https:\/\/secure.gravatar.com\/avatar\/7902f906289926289cbcda644b5197c796b893c6ffd7b9a536a42d290f7704a0?s=96&d=mm&r=g","caption":"Eduardo Mart\u00ednez"}}]}},"amp_enabled":true,"_links":{"self":[{"href":"https:\/\/www.notibras.com\/site\/wp-json\/wp\/v2\/posts\/378148","targetHints":{"allow":["GET"]}}],"collection":[{"href":"https:\/\/www.notibras.com\/site\/wp-json\/wp\/v2\/posts"}],"about":[{"href":"https:\/\/www.notibras.com\/site\/wp-json\/wp\/v2\/types\/post"}],"author":[{"embeddable":true,"href":"https:\/\/www.notibras.com\/site\/wp-json\/wp\/v2\/users\/21"}],"replies":[{"embeddable":true,"href":"https:\/\/www.notibras.com\/site\/wp-json\/wp\/v2\/comments?post=378148"}],"version-history":[{"count":2,"href":"https:\/\/www.notibras.com\/site\/wp-json\/wp\/v2\/posts\/378148\/revisions"}],"predecessor-version":[{"id":378151,"href":"https:\/\/www.notibras.com\/site\/wp-json\/wp\/v2\/posts\/378148\/revisions\/378151"}],"wp:featuredmedia":[{"embeddable":true,"href":"https:\/\/www.notibras.com\/site\/wp-json\/wp\/v2\/media\/378149"}],"wp:attachment":[{"href":"https:\/\/www.notibras.com\/site\/wp-json\/wp\/v2\/media?parent=378148"}],"wp:term":[{"taxonomy":"category","embeddable":true,"href":"https:\/\/www.notibras.com\/site\/wp-json\/wp\/v2\/categories?post=378148"},{"taxonomy":"post_tag","embeddable":true,"href":"https:\/\/www.notibras.com\/site\/wp-json\/wp\/v2\/tags?post=378148"}],"curies":[{"name":"wp","href":"https:\/\/api.w.org\/{rel}","templated":true}]}}