{"id":378152,"date":"2026-01-16T02:00:49","date_gmt":"2026-01-16T05:00:49","guid":{"rendered":"https:\/\/www.notibras.com\/site\/?p=378152"},"modified":"2026-01-08T01:58:02","modified_gmt":"2026-01-08T04:58:02","slug":"a-solidao-como-luxo","status":"publish","type":"post","link":"https:\/\/www.notibras.com\/site\/a-solidao-como-luxo\/","title":{"rendered":"A Solid\u00e3o Como Luxo"},"content":{"rendered":"<p>A solid\u00e3o pode ser um luxo, Clarice tinha raz\u00e3o. N\u00e3o a solid\u00e3o imposta, nem aquela que nasce do abandono, mas a solid\u00e3o escolhida, consciente, constru\u00edda como espa\u00e7o de escuta e preserva\u00e7\u00e3o. N\u00f3s aprendemos, com o tempo, que estar s\u00f3 nem sempre significa falta; \u00e0s vezes, significa excesso de n\u00f3s mesmas finalmente em ordem.<\/p>\n<p>Vivemos numa cultura que trata a companhia como prova de valor. Estar acompanhado \u00e9 sin\u00f4nimo de sucesso afetivo; estar s\u00f3, ind\u00edcio de fracasso. Clarice nos ensinou o contr\u00e1rio: a solid\u00e3o pode ser um territ\u00f3rio f\u00e9rtil, onde a vida deixa de ser ru\u00eddo e passa a ser pensamento. E n\u00f3s confirmamos isso quando percebemos o al\u00edvio de n\u00e3o precisar performar, explicar, justificar.<\/p>\n<p>A solid\u00e3o-luxo n\u00e3o \u00e9 isolamento, \u00e9 escolha. \u00c9 quando decidimos n\u00e3o preencher o sil\u00eancio com presen\u00e7as inadequadas. \u00c9 quando preferimos a pr\u00f3pria companhia a rela\u00e7\u00f5es que exigem concess\u00f5es demais. N\u00f3s aprendemos que nem toda conviv\u00eancia soma e que nem toda aus\u00eancia d\u00f3i. Algumas aus\u00eancias organizam.<\/p>\n<p>Estar s\u00f3, nesse sentido, \u00e9 um gesto de autonomia. \u00c9 cuidar do pr\u00f3prio tempo, do pr\u00f3prio corpo, do pr\u00f3prio pensamento. \u00c9 permitir que a vida se revele sem interfer\u00eancias, sem o olhar constante do outro regulando nossos afetos. Clarice escreveu sobre esse espa\u00e7o \u00edntimo onde a alma respira; n\u00f3s o vivemos quando a solid\u00e3o deixa de ser castigo e se torna ref\u00fagio.<\/p>\n<p>H\u00e1 um tipo de maturidade que s\u00f3 se alcan\u00e7a quando conseguimos ficar sozinhas sem nos sentirmos incompletas. Quando a solid\u00e3o n\u00e3o \u00e9 espera, mas presen\u00e7a. Quando n\u00e3o buscamos algu\u00e9m para nos salvar do vazio, porque entendemos que o vazio tamb\u00e9m ensina. N\u00f3s descobrimos que a solid\u00e3o pode ser rica, elegante, silenciosamente poderosa.<\/p>\n<p>Por isso, quando escolhemos a solid\u00e3o, n\u00e3o estamos desistindo do amor. Estamos refinando o crit\u00e9rio. N\u00e3o rejeitamos v\u00ednculos; recusamos qualquer v\u00ednculo. Preferimos o luxo de nos escutar ao barulho de rela\u00e7\u00f5es que nos desorganizam.<\/p>\n<p>Clarice tinha raz\u00e3o.<\/p>\n<p>A solid\u00e3o pode ser um luxo.<\/p>\n<p>E n\u00f3s aprendemos a usufru\u00ed-lo com dignidade.<\/p>\n","protected":false},"excerpt":{"rendered":"<p>A solid\u00e3o pode ser um luxo, Clarice tinha raz\u00e3o. N\u00e3o a solid\u00e3o imposta, nem aquela que nasce do abandono, mas a solid\u00e3o escolhida, consciente, constru\u00edda como espa\u00e7o de escuta e preserva\u00e7\u00e3o. N\u00f3s aprendemos, com o tempo, que estar s\u00f3 nem sempre significa falta; \u00e0s vezes, significa excesso de n\u00f3s mesmas finalmente em ordem. Vivemos numa [&hellip;]<\/p>\n","protected":false},"author":21,"featured_media":378153,"comment_status":"closed","ping_status":"closed","sticky":false,"template":"","format":"standard","meta":{"_acf_changed":false,"footnotes":""},"categories":[236],"tags":[],"class_list":["post-378152","post","type-post","status-publish","format-standard","has-post-thumbnail","hentry","category-ponto-de-vista"],"acf":[],"yoast_head":"<!-- This site is optimized with the Yoast SEO plugin v27.2 - https:\/\/yoast.com\/product\/yoast-seo-wordpress\/ -->\n<title>A Solid\u00e3o Como Luxo - Notibras<\/title>\n<meta name=\"robots\" content=\"index, follow, max-snippet:-1, max-image-preview:large, max-video-preview:-1\" \/>\n<link rel=\"canonical\" href=\"https:\/\/www.notibras.com\/site\/a-solidao-como-luxo\/\" \/>\n<meta property=\"og:locale\" content=\"pt_BR\" \/>\n<meta property=\"og:type\" content=\"article\" \/>\n<meta property=\"og:title\" content=\"A Solid\u00e3o Como Luxo - Notibras\" \/>\n<meta property=\"og:description\" content=\"A solid\u00e3o pode ser um luxo, Clarice tinha raz\u00e3o. N\u00e3o a solid\u00e3o imposta, nem aquela que nasce do abandono, mas a solid\u00e3o escolhida, consciente, constru\u00edda como espa\u00e7o de escuta e preserva\u00e7\u00e3o. N\u00f3s aprendemos, com o tempo, que estar s\u00f3 nem sempre significa falta; \u00e0s vezes, significa excesso de n\u00f3s mesmas finalmente em ordem. Vivemos numa [&hellip;]\" \/>\n<meta property=\"og:url\" content=\"https:\/\/www.notibras.com\/site\/a-solidao-como-luxo\/\" \/>\n<meta property=\"og:site_name\" content=\"Notibras\" \/>\n<meta property=\"article:publisher\" content=\"https:\/\/www.facebook.com\/notibras\/\" \/>\n<meta property=\"article:published_time\" content=\"2026-01-16T05:00:49+00:00\" \/>\n<meta property=\"og:image\" content=\"https:\/\/www.notibras.com\/site\/wp-content\/uploads\/2026\/01\/233b90bc-fb33-4979-bce6-04e60557321a.jpg\" \/>\n\t<meta property=\"og:image:width\" content=\"809\" \/>\n\t<meta property=\"og:image:height\" content=\"1045\" \/>\n\t<meta property=\"og:image:type\" content=\"image\/jpeg\" \/>\n<meta name=\"author\" content=\"Eduardo Mart\u00ednez\" \/>\n<meta name=\"twitter:card\" content=\"summary_large_image\" \/>\n<meta name=\"twitter:creator\" content=\"@Notibras\" \/>\n<meta name=\"twitter:site\" content=\"@Notibras\" \/>\n<meta name=\"twitter:label1\" content=\"Escrito por\" \/>\n\t<meta name=\"twitter:data1\" content=\"Eduardo Mart\u00ednez\" \/>\n\t<meta name=\"twitter:label2\" content=\"Est. tempo de leitura\" \/>\n\t<meta name=\"twitter:data2\" content=\"3 minutos\" \/>\n<script type=\"application\/ld+json\" class=\"yoast-schema-graph\">{\"@context\":\"https:\/\/schema.org\",\"@graph\":[{\"@type\":\"Article\",\"@id\":\"https:\/\/www.notibras.com\/site\/a-solidao-como-luxo\/#article\",\"isPartOf\":{\"@id\":\"https:\/\/www.notibras.com\/site\/a-solidao-como-luxo\/\"},\"author\":{\"name\":\"Eduardo Mart\u00ednez\",\"@id\":\"https:\/\/www.notibras.com\/site\/#\/schema\/person\/5b7fabf2aedc3ada2105f03b22b4d3dd\"},\"headline\":\"A Solid\u00e3o Como Luxo\",\"datePublished\":\"2026-01-16T05:00:49+00:00\",\"mainEntityOfPage\":{\"@id\":\"https:\/\/www.notibras.com\/site\/a-solidao-como-luxo\/\"},\"wordCount\":380,\"publisher\":{\"@id\":\"https:\/\/www.notibras.com\/site\/#organization\"},\"image\":{\"@id\":\"https:\/\/www.notibras.com\/site\/a-solidao-como-luxo\/#primaryimage\"},\"thumbnailUrl\":\"https:\/\/www.notibras.com\/site\/wp-content\/uploads\/2026\/01\/233b90bc-fb33-4979-bce6-04e60557321a.jpg\",\"articleSection\":[\"Ponto de Vista\"],\"inLanguage\":\"pt-BR\"},{\"@type\":\"WebPage\",\"@id\":\"https:\/\/www.notibras.com\/site\/a-solidao-como-luxo\/\",\"url\":\"https:\/\/www.notibras.com\/site\/a-solidao-como-luxo\/\",\"name\":\"A Solid\u00e3o Como Luxo - Notibras\",\"isPartOf\":{\"@id\":\"https:\/\/www.notibras.com\/site\/#website\"},\"primaryImageOfPage\":{\"@id\":\"https:\/\/www.notibras.com\/site\/a-solidao-como-luxo\/#primaryimage\"},\"image\":{\"@id\":\"https:\/\/www.notibras.com\/site\/a-solidao-como-luxo\/#primaryimage\"},\"thumbnailUrl\":\"https:\/\/www.notibras.com\/site\/wp-content\/uploads\/2026\/01\/233b90bc-fb33-4979-bce6-04e60557321a.jpg\",\"datePublished\":\"2026-01-16T05:00:49+00:00\",\"breadcrumb\":{\"@id\":\"https:\/\/www.notibras.com\/site\/a-solidao-como-luxo\/#breadcrumb\"},\"inLanguage\":\"pt-BR\",\"potentialAction\":[{\"@type\":\"ReadAction\",\"target\":[\"https:\/\/www.notibras.com\/site\/a-solidao-como-luxo\/\"]}]},{\"@type\":\"ImageObject\",\"inLanguage\":\"pt-BR\",\"@id\":\"https:\/\/www.notibras.com\/site\/a-solidao-como-luxo\/#primaryimage\",\"url\":\"https:\/\/www.notibras.com\/site\/wp-content\/uploads\/2026\/01\/233b90bc-fb33-4979-bce6-04e60557321a.jpg\",\"contentUrl\":\"https:\/\/www.notibras.com\/site\/wp-content\/uploads\/2026\/01\/233b90bc-fb33-4979-bce6-04e60557321a.jpg\",\"width\":809,\"height\":1045},{\"@type\":\"BreadcrumbList\",\"@id\":\"https:\/\/www.notibras.com\/site\/a-solidao-como-luxo\/#breadcrumb\",\"itemListElement\":[{\"@type\":\"ListItem\",\"position\":1,\"name\":\"In\u00edcio\",\"item\":\"https:\/\/www.notibras.com\/site\/\"},{\"@type\":\"ListItem\",\"position\":2,\"name\":\"A Solid\u00e3o Como Luxo\"}]},{\"@type\":\"WebSite\",\"@id\":\"https:\/\/www.notibras.com\/site\/#website\",\"url\":\"https:\/\/www.notibras.com\/site\/\",\"name\":\"Notibras\",\"description\":\"Not\u00edcias de Bras\u00edlia, do Brasil e do Mundo\",\"publisher\":{\"@id\":\"https:\/\/www.notibras.com\/site\/#organization\"},\"potentialAction\":[{\"@type\":\"SearchAction\",\"target\":{\"@type\":\"EntryPoint\",\"urlTemplate\":\"https:\/\/www.notibras.com\/site\/?s={search_term_string}\"},\"query-input\":{\"@type\":\"PropertyValueSpecification\",\"valueRequired\":true,\"valueName\":\"search_term_string\"}}],\"inLanguage\":\"pt-BR\"},{\"@type\":\"Organization\",\"@id\":\"https:\/\/www.notibras.com\/site\/#organization\",\"name\":\"Grupo Notibras de Comunica\u00e7\u00e3o\",\"url\":\"https:\/\/www.notibras.com\/site\/\",\"logo\":{\"@type\":\"ImageObject\",\"inLanguage\":\"pt-BR\",\"@id\":\"https:\/\/www.notibras.com\/site\/#\/schema\/logo\/image\/\",\"url\":\"https:\/\/www.notibras.com\/site\/wp-content\/uploads\/2023\/01\/notibras23.png\",\"contentUrl\":\"https:\/\/www.notibras.com\/site\/wp-content\/uploads\/2023\/01\/notibras23.png\",\"width\":350,\"height\":87,\"caption\":\"Grupo Notibras de Comunica\u00e7\u00e3o\"},\"image\":{\"@id\":\"https:\/\/www.notibras.com\/site\/#\/schema\/logo\/image\/\"},\"sameAs\":[\"https:\/\/www.facebook.com\/notibras\/\",\"https:\/\/x.com\/Notibras\",\"https:\/\/www.instagram.com\/notibras\/\"]},{\"@type\":\"Person\",\"@id\":\"https:\/\/www.notibras.com\/site\/#\/schema\/person\/5b7fabf2aedc3ada2105f03b22b4d3dd\",\"name\":\"Eduardo Mart\u00ednez\",\"image\":{\"@type\":\"ImageObject\",\"inLanguage\":\"pt-BR\",\"@id\":\"https:\/\/secure.gravatar.com\/avatar\/7902f906289926289cbcda644b5197c796b893c6ffd7b9a536a42d290f7704a0?s=96&d=mm&r=g\",\"url\":\"https:\/\/secure.gravatar.com\/avatar\/7902f906289926289cbcda644b5197c796b893c6ffd7b9a536a42d290f7704a0?s=96&d=mm&r=g\",\"contentUrl\":\"https:\/\/secure.gravatar.com\/avatar\/7902f906289926289cbcda644b5197c796b893c6ffd7b9a536a42d290f7704a0?s=96&d=mm&r=g\",\"caption\":\"Eduardo Mart\u00ednez\"}}]}<\/script>\n<!-- \/ Yoast SEO plugin. -->","yoast_head_json":{"title":"A Solid\u00e3o Como Luxo - Notibras","robots":{"index":"index","follow":"follow","max-snippet":"max-snippet:-1","max-image-preview":"max-image-preview:large","max-video-preview":"max-video-preview:-1"},"canonical":"https:\/\/www.notibras.com\/site\/a-solidao-como-luxo\/","og_locale":"pt_BR","og_type":"article","og_title":"A Solid\u00e3o Como Luxo - Notibras","og_description":"A solid\u00e3o pode ser um luxo, Clarice tinha raz\u00e3o. N\u00e3o a solid\u00e3o imposta, nem aquela que nasce do abandono, mas a solid\u00e3o escolhida, consciente, constru\u00edda como espa\u00e7o de escuta e preserva\u00e7\u00e3o. N\u00f3s aprendemos, com o tempo, que estar s\u00f3 nem sempre significa falta; \u00e0s vezes, significa excesso de n\u00f3s mesmas finalmente em ordem. Vivemos numa [&hellip;]","og_url":"https:\/\/www.notibras.com\/site\/a-solidao-como-luxo\/","og_site_name":"Notibras","article_publisher":"https:\/\/www.facebook.com\/notibras\/","article_published_time":"2026-01-16T05:00:49+00:00","og_image":[{"width":809,"height":1045,"url":"https:\/\/www.notibras.com\/site\/wp-content\/uploads\/2026\/01\/233b90bc-fb33-4979-bce6-04e60557321a.jpg","type":"image\/jpeg"}],"author":"Eduardo Mart\u00ednez","twitter_card":"summary_large_image","twitter_creator":"@Notibras","twitter_site":"@Notibras","twitter_misc":{"Escrito por":"Eduardo Mart\u00ednez","Est. tempo de leitura":"3 minutos"},"schema":{"@context":"https:\/\/schema.org","@graph":[{"@type":"Article","@id":"https:\/\/www.notibras.com\/site\/a-solidao-como-luxo\/#article","isPartOf":{"@id":"https:\/\/www.notibras.com\/site\/a-solidao-como-luxo\/"},"author":{"name":"Eduardo Mart\u00ednez","@id":"https:\/\/www.notibras.com\/site\/#\/schema\/person\/5b7fabf2aedc3ada2105f03b22b4d3dd"},"headline":"A Solid\u00e3o Como Luxo","datePublished":"2026-01-16T05:00:49+00:00","mainEntityOfPage":{"@id":"https:\/\/www.notibras.com\/site\/a-solidao-como-luxo\/"},"wordCount":380,"publisher":{"@id":"https:\/\/www.notibras.com\/site\/#organization"},"image":{"@id":"https:\/\/www.notibras.com\/site\/a-solidao-como-luxo\/#primaryimage"},"thumbnailUrl":"https:\/\/www.notibras.com\/site\/wp-content\/uploads\/2026\/01\/233b90bc-fb33-4979-bce6-04e60557321a.jpg","articleSection":["Ponto de Vista"],"inLanguage":"pt-BR"},{"@type":"WebPage","@id":"https:\/\/www.notibras.com\/site\/a-solidao-como-luxo\/","url":"https:\/\/www.notibras.com\/site\/a-solidao-como-luxo\/","name":"A Solid\u00e3o Como Luxo - Notibras","isPartOf":{"@id":"https:\/\/www.notibras.com\/site\/#website"},"primaryImageOfPage":{"@id":"https:\/\/www.notibras.com\/site\/a-solidao-como-luxo\/#primaryimage"},"image":{"@id":"https:\/\/www.notibras.com\/site\/a-solidao-como-luxo\/#primaryimage"},"thumbnailUrl":"https:\/\/www.notibras.com\/site\/wp-content\/uploads\/2026\/01\/233b90bc-fb33-4979-bce6-04e60557321a.jpg","datePublished":"2026-01-16T05:00:49+00:00","breadcrumb":{"@id":"https:\/\/www.notibras.com\/site\/a-solidao-como-luxo\/#breadcrumb"},"inLanguage":"pt-BR","potentialAction":[{"@type":"ReadAction","target":["https:\/\/www.notibras.com\/site\/a-solidao-como-luxo\/"]}]},{"@type":"ImageObject","inLanguage":"pt-BR","@id":"https:\/\/www.notibras.com\/site\/a-solidao-como-luxo\/#primaryimage","url":"https:\/\/www.notibras.com\/site\/wp-content\/uploads\/2026\/01\/233b90bc-fb33-4979-bce6-04e60557321a.jpg","contentUrl":"https:\/\/www.notibras.com\/site\/wp-content\/uploads\/2026\/01\/233b90bc-fb33-4979-bce6-04e60557321a.jpg","width":809,"height":1045},{"@type":"BreadcrumbList","@id":"https:\/\/www.notibras.com\/site\/a-solidao-como-luxo\/#breadcrumb","itemListElement":[{"@type":"ListItem","position":1,"name":"In\u00edcio","item":"https:\/\/www.notibras.com\/site\/"},{"@type":"ListItem","position":2,"name":"A Solid\u00e3o Como Luxo"}]},{"@type":"WebSite","@id":"https:\/\/www.notibras.com\/site\/#website","url":"https:\/\/www.notibras.com\/site\/","name":"Notibras","description":"Not\u00edcias de Bras\u00edlia, do Brasil e do Mundo","publisher":{"@id":"https:\/\/www.notibras.com\/site\/#organization"},"potentialAction":[{"@type":"SearchAction","target":{"@type":"EntryPoint","urlTemplate":"https:\/\/www.notibras.com\/site\/?s={search_term_string}"},"query-input":{"@type":"PropertyValueSpecification","valueRequired":true,"valueName":"search_term_string"}}],"inLanguage":"pt-BR"},{"@type":"Organization","@id":"https:\/\/www.notibras.com\/site\/#organization","name":"Grupo Notibras de Comunica\u00e7\u00e3o","url":"https:\/\/www.notibras.com\/site\/","logo":{"@type":"ImageObject","inLanguage":"pt-BR","@id":"https:\/\/www.notibras.com\/site\/#\/schema\/logo\/image\/","url":"https:\/\/www.notibras.com\/site\/wp-content\/uploads\/2023\/01\/notibras23.png","contentUrl":"https:\/\/www.notibras.com\/site\/wp-content\/uploads\/2023\/01\/notibras23.png","width":350,"height":87,"caption":"Grupo Notibras de Comunica\u00e7\u00e3o"},"image":{"@id":"https:\/\/www.notibras.com\/site\/#\/schema\/logo\/image\/"},"sameAs":["https:\/\/www.facebook.com\/notibras\/","https:\/\/x.com\/Notibras","https:\/\/www.instagram.com\/notibras\/"]},{"@type":"Person","@id":"https:\/\/www.notibras.com\/site\/#\/schema\/person\/5b7fabf2aedc3ada2105f03b22b4d3dd","name":"Eduardo Mart\u00ednez","image":{"@type":"ImageObject","inLanguage":"pt-BR","@id":"https:\/\/secure.gravatar.com\/avatar\/7902f906289926289cbcda644b5197c796b893c6ffd7b9a536a42d290f7704a0?s=96&d=mm&r=g","url":"https:\/\/secure.gravatar.com\/avatar\/7902f906289926289cbcda644b5197c796b893c6ffd7b9a536a42d290f7704a0?s=96&d=mm&r=g","contentUrl":"https:\/\/secure.gravatar.com\/avatar\/7902f906289926289cbcda644b5197c796b893c6ffd7b9a536a42d290f7704a0?s=96&d=mm&r=g","caption":"Eduardo Mart\u00ednez"}}]}},"amp_enabled":true,"_links":{"self":[{"href":"https:\/\/www.notibras.com\/site\/wp-json\/wp\/v2\/posts\/378152","targetHints":{"allow":["GET"]}}],"collection":[{"href":"https:\/\/www.notibras.com\/site\/wp-json\/wp\/v2\/posts"}],"about":[{"href":"https:\/\/www.notibras.com\/site\/wp-json\/wp\/v2\/types\/post"}],"author":[{"embeddable":true,"href":"https:\/\/www.notibras.com\/site\/wp-json\/wp\/v2\/users\/21"}],"replies":[{"embeddable":true,"href":"https:\/\/www.notibras.com\/site\/wp-json\/wp\/v2\/comments?post=378152"}],"version-history":[{"count":2,"href":"https:\/\/www.notibras.com\/site\/wp-json\/wp\/v2\/posts\/378152\/revisions"}],"predecessor-version":[{"id":378155,"href":"https:\/\/www.notibras.com\/site\/wp-json\/wp\/v2\/posts\/378152\/revisions\/378155"}],"wp:featuredmedia":[{"embeddable":true,"href":"https:\/\/www.notibras.com\/site\/wp-json\/wp\/v2\/media\/378153"}],"wp:attachment":[{"href":"https:\/\/www.notibras.com\/site\/wp-json\/wp\/v2\/media?parent=378152"}],"wp:term":[{"taxonomy":"category","embeddable":true,"href":"https:\/\/www.notibras.com\/site\/wp-json\/wp\/v2\/categories?post=378152"},{"taxonomy":"post_tag","embeddable":true,"href":"https:\/\/www.notibras.com\/site\/wp-json\/wp\/v2\/tags?post=378152"}],"curies":[{"name":"wp","href":"https:\/\/api.w.org\/{rel}","templated":true}]}}