{"id":378156,"date":"2026-01-17T02:15:06","date_gmt":"2026-01-17T05:15:06","guid":{"rendered":"https:\/\/www.notibras.com\/site\/?p=378156"},"modified":"2026-01-08T02:01:30","modified_gmt":"2026-01-08T05:01:30","slug":"o-tempo-em-que-somos","status":"publish","type":"post","link":"https:\/\/www.notibras.com\/site\/o-tempo-em-que-somos\/","title":{"rendered":"O Tempo em Que Somos"},"content":{"rendered":"<p>Nossos antigos amigos j\u00e1 n\u00e3o sabem da nossa vida atual. Os amigos que hoje caminham conosco n\u00e3o conhecem em detalhes a vida que tivemos antes. E isso, longe de ser perda, \u00e9 sinal de travessia. H\u00e1 etapas da vida que n\u00e3o precisam ser explicadas a quem n\u00e3o est\u00e1 mais nelas, precisam apenas ser compreendidas por n\u00f3s.<\/p>\n<p>N\u00f3s n\u00e3o somos uma linha cont\u00ednua sem rupturas. Somos feitos de fases, de vers\u00f5es que precisaram existir para que outras pudessem nascer. Algumas pessoas nos conheceram quando ainda est\u00e1vamos aprendendo a sobreviver. Outras nos encontram agora, quando j\u00e1 aprendemos a escolher. Nenhuma delas conhece tudo e n\u00e3o precisam conhecer.<\/p>\n<p>H\u00e1 uma ilus\u00e3o perigosa de que precisamos ser inteiramente transparentes o tempo todo, como se coer\u00eancia significasse repeti\u00e7\u00e3o. Mas a verdade \u00e9 que crescer tamb\u00e9m \u00e9 preservar. \u00c9 permitir que certas hist\u00f3rias fiquem onde pertencem: no passado que nos formou, mas que n\u00e3o nos define mais.<\/p>\n<p>N\u00f3s sabemos quem fomos quando doeu.<\/p>\n<p>Sabemos quem somos agora que entendemos.<\/p>\n<p>E sabemos, sobretudo, quem estamos nos tornando.<\/p>\n<p>Essa consci\u00eancia \u00e9 mais importante do que qualquer narrativa compartilhada. Porque somos n\u00f3s que habitamos esse intervalo esse per\u00edodo em que o passado j\u00e1 n\u00e3o governa e o futuro ainda est\u00e1 sendo constru\u00eddo. Somos n\u00f3s que carregamos a continuidade invis\u00edvel entre vers\u00f5es que, para os outros, parecem desconexas.<\/p>\n<p>N\u00e3o devemos explica\u00e7\u00f5es a quem n\u00e3o acompanhou o processo. Nem precisamos atualizar quem ficou para tr\u00e1s. Nossa vida n\u00e3o \u00e9 linha do tempo p\u00fablica \u00e9 experi\u00eancia vivida. E h\u00e1 uma dignidade silenciosa em saber que n\u00e3o precisamos ser compreendidas por todos para sermos inteiras.<\/p>\n<p>No fim, o que importa n\u00e3o \u00e9 quem sabe o qu\u00ea sobre n\u00f3s.<\/p>\n<p>Importa que n\u00f3s sabemos.<\/p>\n<p>Sabemos de onde viemos.<\/p>\n<p>Sabemos onde estamos.<\/p>\n<p>E sabemos que esse per\u00edodo, exatamente este, \u00e9 o que nos sustenta agora.<\/p>\n<p>E isso importa muito mais.<\/p>\n","protected":false},"excerpt":{"rendered":"<p>Nossos antigos amigos j\u00e1 n\u00e3o sabem da nossa vida atual. Os amigos que hoje caminham conosco n\u00e3o conhecem em detalhes a vida que tivemos antes. E isso, longe de ser perda, \u00e9 sinal de travessia. H\u00e1 etapas da vida que n\u00e3o precisam ser explicadas a quem n\u00e3o est\u00e1 mais nelas, precisam apenas ser compreendidas por [&hellip;]<\/p>\n","protected":false},"author":21,"featured_media":378157,"comment_status":"closed","ping_status":"closed","sticky":false,"template":"","format":"standard","meta":{"_acf_changed":false,"footnotes":""},"categories":[236],"tags":[],"class_list":["post-378156","post","type-post","status-publish","format-standard","has-post-thumbnail","hentry","category-ponto-de-vista"],"acf":[],"yoast_head":"<!-- This site is optimized with the Yoast SEO plugin v27.2 - https:\/\/yoast.com\/product\/yoast-seo-wordpress\/ -->\n<title>O Tempo em Que Somos - Notibras<\/title>\n<meta name=\"robots\" content=\"index, follow, max-snippet:-1, max-image-preview:large, max-video-preview:-1\" \/>\n<link rel=\"canonical\" href=\"https:\/\/www.notibras.com\/site\/o-tempo-em-que-somos\/\" \/>\n<meta property=\"og:locale\" content=\"pt_BR\" \/>\n<meta property=\"og:type\" content=\"article\" \/>\n<meta property=\"og:title\" content=\"O Tempo em Que Somos - Notibras\" \/>\n<meta property=\"og:description\" content=\"Nossos antigos amigos j\u00e1 n\u00e3o sabem da nossa vida atual. Os amigos que hoje caminham conosco n\u00e3o conhecem em detalhes a vida que tivemos antes. E isso, longe de ser perda, \u00e9 sinal de travessia. H\u00e1 etapas da vida que n\u00e3o precisam ser explicadas a quem n\u00e3o est\u00e1 mais nelas, precisam apenas ser compreendidas por [&hellip;]\" \/>\n<meta property=\"og:url\" content=\"https:\/\/www.notibras.com\/site\/o-tempo-em-que-somos\/\" \/>\n<meta property=\"og:site_name\" content=\"Notibras\" \/>\n<meta property=\"article:publisher\" content=\"https:\/\/www.facebook.com\/notibras\/\" \/>\n<meta property=\"article:published_time\" content=\"2026-01-17T05:15:06+00:00\" \/>\n<meta property=\"og:image\" content=\"https:\/\/www.notibras.com\/site\/wp-content\/uploads\/2026\/01\/9200f147-a327-4599-98a5-372fd56dea50.jpg\" \/>\n\t<meta property=\"og:image:width\" content=\"809\" \/>\n\t<meta property=\"og:image:height\" content=\"1016\" \/>\n\t<meta property=\"og:image:type\" content=\"image\/jpeg\" \/>\n<meta name=\"author\" content=\"Eduardo Mart\u00ednez\" \/>\n<meta name=\"twitter:card\" content=\"summary_large_image\" \/>\n<meta name=\"twitter:creator\" content=\"@Notibras\" \/>\n<meta name=\"twitter:site\" content=\"@Notibras\" \/>\n<meta name=\"twitter:label1\" content=\"Escrito por\" \/>\n\t<meta name=\"twitter:data1\" content=\"Eduardo Mart\u00ednez\" \/>\n\t<meta name=\"twitter:label2\" content=\"Est. tempo de leitura\" \/>\n\t<meta name=\"twitter:data2\" content=\"2 minutos\" \/>\n<script type=\"application\/ld+json\" class=\"yoast-schema-graph\">{\"@context\":\"https:\/\/schema.org\",\"@graph\":[{\"@type\":\"Article\",\"@id\":\"https:\/\/www.notibras.com\/site\/o-tempo-em-que-somos\/#article\",\"isPartOf\":{\"@id\":\"https:\/\/www.notibras.com\/site\/o-tempo-em-que-somos\/\"},\"author\":{\"name\":\"Eduardo Mart\u00ednez\",\"@id\":\"https:\/\/www.notibras.com\/site\/#\/schema\/person\/5b7fabf2aedc3ada2105f03b22b4d3dd\"},\"headline\":\"O Tempo em Que Somos\",\"datePublished\":\"2026-01-17T05:15:06+00:00\",\"mainEntityOfPage\":{\"@id\":\"https:\/\/www.notibras.com\/site\/o-tempo-em-que-somos\/\"},\"wordCount\":338,\"publisher\":{\"@id\":\"https:\/\/www.notibras.com\/site\/#organization\"},\"image\":{\"@id\":\"https:\/\/www.notibras.com\/site\/o-tempo-em-que-somos\/#primaryimage\"},\"thumbnailUrl\":\"https:\/\/www.notibras.com\/site\/wp-content\/uploads\/2026\/01\/9200f147-a327-4599-98a5-372fd56dea50.jpg\",\"articleSection\":[\"Ponto de Vista\"],\"inLanguage\":\"pt-BR\"},{\"@type\":\"WebPage\",\"@id\":\"https:\/\/www.notibras.com\/site\/o-tempo-em-que-somos\/\",\"url\":\"https:\/\/www.notibras.com\/site\/o-tempo-em-que-somos\/\",\"name\":\"O Tempo em Que Somos - Notibras\",\"isPartOf\":{\"@id\":\"https:\/\/www.notibras.com\/site\/#website\"},\"primaryImageOfPage\":{\"@id\":\"https:\/\/www.notibras.com\/site\/o-tempo-em-que-somos\/#primaryimage\"},\"image\":{\"@id\":\"https:\/\/www.notibras.com\/site\/o-tempo-em-que-somos\/#primaryimage\"},\"thumbnailUrl\":\"https:\/\/www.notibras.com\/site\/wp-content\/uploads\/2026\/01\/9200f147-a327-4599-98a5-372fd56dea50.jpg\",\"datePublished\":\"2026-01-17T05:15:06+00:00\",\"breadcrumb\":{\"@id\":\"https:\/\/www.notibras.com\/site\/o-tempo-em-que-somos\/#breadcrumb\"},\"inLanguage\":\"pt-BR\",\"potentialAction\":[{\"@type\":\"ReadAction\",\"target\":[\"https:\/\/www.notibras.com\/site\/o-tempo-em-que-somos\/\"]}]},{\"@type\":\"ImageObject\",\"inLanguage\":\"pt-BR\",\"@id\":\"https:\/\/www.notibras.com\/site\/o-tempo-em-que-somos\/#primaryimage\",\"url\":\"https:\/\/www.notibras.com\/site\/wp-content\/uploads\/2026\/01\/9200f147-a327-4599-98a5-372fd56dea50.jpg\",\"contentUrl\":\"https:\/\/www.notibras.com\/site\/wp-content\/uploads\/2026\/01\/9200f147-a327-4599-98a5-372fd56dea50.jpg\",\"width\":809,\"height\":1016},{\"@type\":\"BreadcrumbList\",\"@id\":\"https:\/\/www.notibras.com\/site\/o-tempo-em-que-somos\/#breadcrumb\",\"itemListElement\":[{\"@type\":\"ListItem\",\"position\":1,\"name\":\"In\u00edcio\",\"item\":\"https:\/\/www.notibras.com\/site\/\"},{\"@type\":\"ListItem\",\"position\":2,\"name\":\"O Tempo em Que Somos\"}]},{\"@type\":\"WebSite\",\"@id\":\"https:\/\/www.notibras.com\/site\/#website\",\"url\":\"https:\/\/www.notibras.com\/site\/\",\"name\":\"Notibras\",\"description\":\"Not\u00edcias de Bras\u00edlia, do Brasil e do Mundo\",\"publisher\":{\"@id\":\"https:\/\/www.notibras.com\/site\/#organization\"},\"potentialAction\":[{\"@type\":\"SearchAction\",\"target\":{\"@type\":\"EntryPoint\",\"urlTemplate\":\"https:\/\/www.notibras.com\/site\/?s={search_term_string}\"},\"query-input\":{\"@type\":\"PropertyValueSpecification\",\"valueRequired\":true,\"valueName\":\"search_term_string\"}}],\"inLanguage\":\"pt-BR\"},{\"@type\":\"Organization\",\"@id\":\"https:\/\/www.notibras.com\/site\/#organization\",\"name\":\"Grupo Notibras de Comunica\u00e7\u00e3o\",\"url\":\"https:\/\/www.notibras.com\/site\/\",\"logo\":{\"@type\":\"ImageObject\",\"inLanguage\":\"pt-BR\",\"@id\":\"https:\/\/www.notibras.com\/site\/#\/schema\/logo\/image\/\",\"url\":\"https:\/\/www.notibras.com\/site\/wp-content\/uploads\/2023\/01\/notibras23.png\",\"contentUrl\":\"https:\/\/www.notibras.com\/site\/wp-content\/uploads\/2023\/01\/notibras23.png\",\"width\":350,\"height\":87,\"caption\":\"Grupo Notibras de Comunica\u00e7\u00e3o\"},\"image\":{\"@id\":\"https:\/\/www.notibras.com\/site\/#\/schema\/logo\/image\/\"},\"sameAs\":[\"https:\/\/www.facebook.com\/notibras\/\",\"https:\/\/x.com\/Notibras\",\"https:\/\/www.instagram.com\/notibras\/\"]},{\"@type\":\"Person\",\"@id\":\"https:\/\/www.notibras.com\/site\/#\/schema\/person\/5b7fabf2aedc3ada2105f03b22b4d3dd\",\"name\":\"Eduardo Mart\u00ednez\",\"image\":{\"@type\":\"ImageObject\",\"inLanguage\":\"pt-BR\",\"@id\":\"https:\/\/secure.gravatar.com\/avatar\/7902f906289926289cbcda644b5197c796b893c6ffd7b9a536a42d290f7704a0?s=96&d=mm&r=g\",\"url\":\"https:\/\/secure.gravatar.com\/avatar\/7902f906289926289cbcda644b5197c796b893c6ffd7b9a536a42d290f7704a0?s=96&d=mm&r=g\",\"contentUrl\":\"https:\/\/secure.gravatar.com\/avatar\/7902f906289926289cbcda644b5197c796b893c6ffd7b9a536a42d290f7704a0?s=96&d=mm&r=g\",\"caption\":\"Eduardo Mart\u00ednez\"}}]}<\/script>\n<!-- \/ Yoast SEO plugin. -->","yoast_head_json":{"title":"O Tempo em Que Somos - Notibras","robots":{"index":"index","follow":"follow","max-snippet":"max-snippet:-1","max-image-preview":"max-image-preview:large","max-video-preview":"max-video-preview:-1"},"canonical":"https:\/\/www.notibras.com\/site\/o-tempo-em-que-somos\/","og_locale":"pt_BR","og_type":"article","og_title":"O Tempo em Que Somos - Notibras","og_description":"Nossos antigos amigos j\u00e1 n\u00e3o sabem da nossa vida atual. Os amigos que hoje caminham conosco n\u00e3o conhecem em detalhes a vida que tivemos antes. E isso, longe de ser perda, \u00e9 sinal de travessia. H\u00e1 etapas da vida que n\u00e3o precisam ser explicadas a quem n\u00e3o est\u00e1 mais nelas, precisam apenas ser compreendidas por [&hellip;]","og_url":"https:\/\/www.notibras.com\/site\/o-tempo-em-que-somos\/","og_site_name":"Notibras","article_publisher":"https:\/\/www.facebook.com\/notibras\/","article_published_time":"2026-01-17T05:15:06+00:00","og_image":[{"width":809,"height":1016,"url":"https:\/\/www.notibras.com\/site\/wp-content\/uploads\/2026\/01\/9200f147-a327-4599-98a5-372fd56dea50.jpg","type":"image\/jpeg"}],"author":"Eduardo Mart\u00ednez","twitter_card":"summary_large_image","twitter_creator":"@Notibras","twitter_site":"@Notibras","twitter_misc":{"Escrito por":"Eduardo Mart\u00ednez","Est. tempo de leitura":"2 minutos"},"schema":{"@context":"https:\/\/schema.org","@graph":[{"@type":"Article","@id":"https:\/\/www.notibras.com\/site\/o-tempo-em-que-somos\/#article","isPartOf":{"@id":"https:\/\/www.notibras.com\/site\/o-tempo-em-que-somos\/"},"author":{"name":"Eduardo Mart\u00ednez","@id":"https:\/\/www.notibras.com\/site\/#\/schema\/person\/5b7fabf2aedc3ada2105f03b22b4d3dd"},"headline":"O Tempo em Que Somos","datePublished":"2026-01-17T05:15:06+00:00","mainEntityOfPage":{"@id":"https:\/\/www.notibras.com\/site\/o-tempo-em-que-somos\/"},"wordCount":338,"publisher":{"@id":"https:\/\/www.notibras.com\/site\/#organization"},"image":{"@id":"https:\/\/www.notibras.com\/site\/o-tempo-em-que-somos\/#primaryimage"},"thumbnailUrl":"https:\/\/www.notibras.com\/site\/wp-content\/uploads\/2026\/01\/9200f147-a327-4599-98a5-372fd56dea50.jpg","articleSection":["Ponto de Vista"],"inLanguage":"pt-BR"},{"@type":"WebPage","@id":"https:\/\/www.notibras.com\/site\/o-tempo-em-que-somos\/","url":"https:\/\/www.notibras.com\/site\/o-tempo-em-que-somos\/","name":"O Tempo em Que Somos - Notibras","isPartOf":{"@id":"https:\/\/www.notibras.com\/site\/#website"},"primaryImageOfPage":{"@id":"https:\/\/www.notibras.com\/site\/o-tempo-em-que-somos\/#primaryimage"},"image":{"@id":"https:\/\/www.notibras.com\/site\/o-tempo-em-que-somos\/#primaryimage"},"thumbnailUrl":"https:\/\/www.notibras.com\/site\/wp-content\/uploads\/2026\/01\/9200f147-a327-4599-98a5-372fd56dea50.jpg","datePublished":"2026-01-17T05:15:06+00:00","breadcrumb":{"@id":"https:\/\/www.notibras.com\/site\/o-tempo-em-que-somos\/#breadcrumb"},"inLanguage":"pt-BR","potentialAction":[{"@type":"ReadAction","target":["https:\/\/www.notibras.com\/site\/o-tempo-em-que-somos\/"]}]},{"@type":"ImageObject","inLanguage":"pt-BR","@id":"https:\/\/www.notibras.com\/site\/o-tempo-em-que-somos\/#primaryimage","url":"https:\/\/www.notibras.com\/site\/wp-content\/uploads\/2026\/01\/9200f147-a327-4599-98a5-372fd56dea50.jpg","contentUrl":"https:\/\/www.notibras.com\/site\/wp-content\/uploads\/2026\/01\/9200f147-a327-4599-98a5-372fd56dea50.jpg","width":809,"height":1016},{"@type":"BreadcrumbList","@id":"https:\/\/www.notibras.com\/site\/o-tempo-em-que-somos\/#breadcrumb","itemListElement":[{"@type":"ListItem","position":1,"name":"In\u00edcio","item":"https:\/\/www.notibras.com\/site\/"},{"@type":"ListItem","position":2,"name":"O Tempo em Que Somos"}]},{"@type":"WebSite","@id":"https:\/\/www.notibras.com\/site\/#website","url":"https:\/\/www.notibras.com\/site\/","name":"Notibras","description":"Not\u00edcias de Bras\u00edlia, do Brasil e do Mundo","publisher":{"@id":"https:\/\/www.notibras.com\/site\/#organization"},"potentialAction":[{"@type":"SearchAction","target":{"@type":"EntryPoint","urlTemplate":"https:\/\/www.notibras.com\/site\/?s={search_term_string}"},"query-input":{"@type":"PropertyValueSpecification","valueRequired":true,"valueName":"search_term_string"}}],"inLanguage":"pt-BR"},{"@type":"Organization","@id":"https:\/\/www.notibras.com\/site\/#organization","name":"Grupo Notibras de Comunica\u00e7\u00e3o","url":"https:\/\/www.notibras.com\/site\/","logo":{"@type":"ImageObject","inLanguage":"pt-BR","@id":"https:\/\/www.notibras.com\/site\/#\/schema\/logo\/image\/","url":"https:\/\/www.notibras.com\/site\/wp-content\/uploads\/2023\/01\/notibras23.png","contentUrl":"https:\/\/www.notibras.com\/site\/wp-content\/uploads\/2023\/01\/notibras23.png","width":350,"height":87,"caption":"Grupo Notibras de Comunica\u00e7\u00e3o"},"image":{"@id":"https:\/\/www.notibras.com\/site\/#\/schema\/logo\/image\/"},"sameAs":["https:\/\/www.facebook.com\/notibras\/","https:\/\/x.com\/Notibras","https:\/\/www.instagram.com\/notibras\/"]},{"@type":"Person","@id":"https:\/\/www.notibras.com\/site\/#\/schema\/person\/5b7fabf2aedc3ada2105f03b22b4d3dd","name":"Eduardo Mart\u00ednez","image":{"@type":"ImageObject","inLanguage":"pt-BR","@id":"https:\/\/secure.gravatar.com\/avatar\/7902f906289926289cbcda644b5197c796b893c6ffd7b9a536a42d290f7704a0?s=96&d=mm&r=g","url":"https:\/\/secure.gravatar.com\/avatar\/7902f906289926289cbcda644b5197c796b893c6ffd7b9a536a42d290f7704a0?s=96&d=mm&r=g","contentUrl":"https:\/\/secure.gravatar.com\/avatar\/7902f906289926289cbcda644b5197c796b893c6ffd7b9a536a42d290f7704a0?s=96&d=mm&r=g","caption":"Eduardo Mart\u00ednez"}}]}},"amp_enabled":true,"_links":{"self":[{"href":"https:\/\/www.notibras.com\/site\/wp-json\/wp\/v2\/posts\/378156","targetHints":{"allow":["GET"]}}],"collection":[{"href":"https:\/\/www.notibras.com\/site\/wp-json\/wp\/v2\/posts"}],"about":[{"href":"https:\/\/www.notibras.com\/site\/wp-json\/wp\/v2\/types\/post"}],"author":[{"embeddable":true,"href":"https:\/\/www.notibras.com\/site\/wp-json\/wp\/v2\/users\/21"}],"replies":[{"embeddable":true,"href":"https:\/\/www.notibras.com\/site\/wp-json\/wp\/v2\/comments?post=378156"}],"version-history":[{"count":2,"href":"https:\/\/www.notibras.com\/site\/wp-json\/wp\/v2\/posts\/378156\/revisions"}],"predecessor-version":[{"id":378159,"href":"https:\/\/www.notibras.com\/site\/wp-json\/wp\/v2\/posts\/378156\/revisions\/378159"}],"wp:featuredmedia":[{"embeddable":true,"href":"https:\/\/www.notibras.com\/site\/wp-json\/wp\/v2\/media\/378157"}],"wp:attachment":[{"href":"https:\/\/www.notibras.com\/site\/wp-json\/wp\/v2\/media?parent=378156"}],"wp:term":[{"taxonomy":"category","embeddable":true,"href":"https:\/\/www.notibras.com\/site\/wp-json\/wp\/v2\/categories?post=378156"},{"taxonomy":"post_tag","embeddable":true,"href":"https:\/\/www.notibras.com\/site\/wp-json\/wp\/v2\/tags?post=378156"}],"curies":[{"name":"wp","href":"https:\/\/api.w.org\/{rel}","templated":true}]}}