{"id":378160,"date":"2026-01-08T02:30:11","date_gmt":"2026-01-08T05:30:11","guid":{"rendered":"https:\/\/www.notibras.com\/site\/?p=378160"},"modified":"2026-01-08T02:54:11","modified_gmt":"2026-01-08T05:54:11","slug":"janeiro-nao-comeca-em-branco","status":"publish","type":"post","link":"https:\/\/www.notibras.com\/site\/janeiro-nao-comeca-em-branco\/","title":{"rendered":"Janeiro N\u00e3o Come\u00e7a em Branco"},"content":{"rendered":"<p>N\u00f3s gostar\u00edamos de acreditar que o in\u00edcio de um novo ano \u00e9 sempre um territ\u00f3rio limpo. Um janeiro em que se escreve sobre resolu\u00e7\u00f5es \u00edntimas, pequenos rituais cotidianos, expectativas discretas. Gostar\u00edamos de inaugurar 2026 falando dos primeiros dias do calend\u00e1rio, do sol que insiste, da vida que tenta recome\u00e7ar. Mas o mundo raramente nos concede essa inoc\u00eancia.<\/p>\n<p>Enquanto tentamos organizar palavras para falar de n\u00f3s, o notici\u00e1rio nos atravessa com a brutalidade de sempre. Os Estados Unidos, mais uma vez, acionam um poder que se apresenta sob narrativas conhecidas, combate ao narcotr\u00e1fico, defesa da democracia, seguran\u00e7a internacional. Discursos antigos, repetidos com novas roupagens. Como nos lembra Noam Chomsky, o vocabul\u00e1rio do poder raramente revela suas reais motiva\u00e7\u00f5es; ele serve antes para torn\u00e1-las palat\u00e1veis.<\/p>\n<p>N\u00f3s sabemos, ou ao menos suspeitamos, que nenhuma a\u00e7\u00e3o geopol\u00edtica de grande escala acontece por acaso. Quando olhamos para a Venezuela, n\u00e3o vemos apenas uma crise pol\u00edtica: vemos corpos, vemos pessoas morrendo, vemos uma popula\u00e7\u00e3o historicamente atravessada por san\u00e7\u00f5es, bloqueios e disputas externas. E vemos, tamb\u00e9m, uma das maiores concentra\u00e7\u00f5es de petr\u00f3leo do mundo. Coincid\u00eancia nunca foi uma categoria confi\u00e1vel na an\u00e1lise social.<\/p>\n<p>A pergunta que nos persegue n\u00e3o \u00e9 nova: ser\u00e1 mesmo sobre narcotr\u00e1fico? Ou estamos diante de mais um cap\u00edtulo daquilo que Eduardo Galeano chamou de \u201cveias abertas\u201d da Am\u00e9rica Latina territ\u00f3rios ricos em recursos naturais e pobres em soberania? A hist\u00f3ria nos ensinou que o sul global raramente \u00e9 palco de interven\u00e7\u00f5es desinteressadas.<\/p>\n<p>Byung-Chul Han diria que vivemos numa era em que a viol\u00eancia n\u00e3o precisa mais se apresentar apenas como for\u00e7a bruta; ela opera tamb\u00e9m como narrativa, como gest\u00e3o do discurso, como administra\u00e7\u00e3o do sofrimento alheio \u00e0 dist\u00e2ncia. Morre-se longe, morre-se em sil\u00eancio, morre-se fora do enquadramento que gera como\u00e7\u00e3o. Algumas vidas seguem sendo consideradas descart\u00e1veis.<\/p>\n<p>N\u00f3s, que escrevemos desde o ch\u00e3o da Am\u00e9rica Latina, n\u00e3o conseguimos separar pol\u00edtica de exist\u00eancia. N\u00e3o h\u00e1 neutralidade poss\u00edvel quando a morte atravessa fronteiras e quando o poder decide, mais uma vez, quem pode viver e quem pode ser sacrificado em nome da estabilidade do mercado, da energia, do capital. Achille Mbembe chamaria isso de necropol\u00edtica: a administra\u00e7\u00e3o calculada da morte como estrat\u00e9gia de governo.<\/p>\n<p>Talvez por isso janeiro n\u00e3o comece em branco. Ele come\u00e7a manchado de hist\u00f3ria, de interesses, de lutos que n\u00e3o s\u00e3o oficialmente nossos, mas que nos dizem respeito. Porque toda vez que um pa\u00eds latino-americano \u00e9 tratado como quintal estrat\u00e9gico, todos n\u00f3s somos lembrados do lugar que nos reservaram no mundo.<\/p>\n<p>Ainda assim, escrever \u00e9 um gesto de resist\u00eancia. N\u00f3s escrevemos para n\u00e3o normalizar, para n\u00e3o aceitar o discurso pronto, para n\u00e3o nos acostumarmos \u00e0 morte dos outros. Escrevemos porque pensar criticamente tamb\u00e9m \u00e9 uma forma de cuidado coletivo. E porque, mesmo quando o mundo insiste em repetir suas viol\u00eancias, n\u00f3s insistimos em nome\u00e1-las.<\/p>\n<p>Talvez seja isso que nos reste no in\u00edcio de 2026: n\u00e3o a ilus\u00e3o de um recome\u00e7o puro, mas a lucidez de quem sabe que viver, aqui, sempre foi um ato pol\u00edtico. E que seguir pensando, escrevendo e se solidarizando \u00e9 uma maneira de dizer ainda estamos aqui.<\/p>\n","protected":false},"excerpt":{"rendered":"<p>N\u00f3s gostar\u00edamos de acreditar que o in\u00edcio de um novo ano \u00e9 sempre um territ\u00f3rio limpo. Um janeiro em que se escreve sobre resolu\u00e7\u00f5es \u00edntimas, pequenos rituais cotidianos, expectativas discretas. Gostar\u00edamos de inaugurar 2026 falando dos primeiros dias do calend\u00e1rio, do sol que insiste, da vida que tenta recome\u00e7ar. Mas o mundo raramente nos concede [&hellip;]<\/p>\n","protected":false},"author":21,"featured_media":378161,"comment_status":"closed","ping_status":"closed","sticky":false,"template":"","format":"standard","meta":{"_acf_changed":false,"footnotes":""},"categories":[236],"tags":[],"class_list":["post-378160","post","type-post","status-publish","format-standard","has-post-thumbnail","hentry","category-ponto-de-vista"],"acf":[],"yoast_head":"<!-- This site is optimized with the Yoast SEO plugin v27.2 - https:\/\/yoast.com\/product\/yoast-seo-wordpress\/ -->\n<title>Janeiro N\u00e3o Come\u00e7a em Branco - Notibras<\/title>\n<meta name=\"robots\" content=\"index, follow, max-snippet:-1, max-image-preview:large, max-video-preview:-1\" \/>\n<link rel=\"canonical\" href=\"https:\/\/www.notibras.com\/site\/janeiro-nao-comeca-em-branco\/\" \/>\n<meta property=\"og:locale\" content=\"pt_BR\" \/>\n<meta property=\"og:type\" content=\"article\" \/>\n<meta property=\"og:title\" content=\"Janeiro N\u00e3o Come\u00e7a em Branco - Notibras\" \/>\n<meta property=\"og:description\" content=\"N\u00f3s gostar\u00edamos de acreditar que o in\u00edcio de um novo ano \u00e9 sempre um territ\u00f3rio limpo. Um janeiro em que se escreve sobre resolu\u00e7\u00f5es \u00edntimas, pequenos rituais cotidianos, expectativas discretas. Gostar\u00edamos de inaugurar 2026 falando dos primeiros dias do calend\u00e1rio, do sol que insiste, da vida que tenta recome\u00e7ar. Mas o mundo raramente nos concede [&hellip;]\" \/>\n<meta property=\"og:url\" content=\"https:\/\/www.notibras.com\/site\/janeiro-nao-comeca-em-branco\/\" \/>\n<meta property=\"og:site_name\" content=\"Notibras\" \/>\n<meta property=\"article:publisher\" content=\"https:\/\/www.facebook.com\/notibras\/\" \/>\n<meta property=\"article:published_time\" content=\"2026-01-08T05:30:11+00:00\" \/>\n<meta property=\"article:modified_time\" content=\"2026-01-08T05:54:11+00:00\" \/>\n<meta property=\"og:image\" content=\"https:\/\/www.notibras.com\/site\/wp-content\/uploads\/2026\/01\/105874364_gettyimages-51400774.jpg.webp\" \/>\n\t<meta property=\"og:image:width\" content=\"640\" \/>\n\t<meta property=\"og:image:height\" content=\"360\" \/>\n\t<meta property=\"og:image:type\" content=\"image\/webp\" \/>\n<meta name=\"author\" content=\"Eduardo Mart\u00ednez\" \/>\n<meta name=\"twitter:card\" content=\"summary_large_image\" \/>\n<meta name=\"twitter:creator\" content=\"@Notibras\" \/>\n<meta name=\"twitter:site\" content=\"@Notibras\" \/>\n<meta name=\"twitter:label1\" content=\"Escrito por\" \/>\n\t<meta name=\"twitter:data1\" content=\"Eduardo Mart\u00ednez\" \/>\n\t<meta name=\"twitter:label2\" content=\"Est. tempo de leitura\" \/>\n\t<meta name=\"twitter:data2\" content=\"4 minutos\" \/>\n<script type=\"application\/ld+json\" class=\"yoast-schema-graph\">{\"@context\":\"https:\/\/schema.org\",\"@graph\":[{\"@type\":\"Article\",\"@id\":\"https:\/\/www.notibras.com\/site\/janeiro-nao-comeca-em-branco\/#article\",\"isPartOf\":{\"@id\":\"https:\/\/www.notibras.com\/site\/janeiro-nao-comeca-em-branco\/\"},\"author\":{\"name\":\"Eduardo Mart\u00ednez\",\"@id\":\"https:\/\/www.notibras.com\/site\/#\/schema\/person\/5b7fabf2aedc3ada2105f03b22b4d3dd\"},\"headline\":\"Janeiro N\u00e3o Come\u00e7a em Branco\",\"datePublished\":\"2026-01-08T05:30:11+00:00\",\"dateModified\":\"2026-01-08T05:54:11+00:00\",\"mainEntityOfPage\":{\"@id\":\"https:\/\/www.notibras.com\/site\/janeiro-nao-comeca-em-branco\/\"},\"wordCount\":584,\"publisher\":{\"@id\":\"https:\/\/www.notibras.com\/site\/#organization\"},\"image\":{\"@id\":\"https:\/\/www.notibras.com\/site\/janeiro-nao-comeca-em-branco\/#primaryimage\"},\"thumbnailUrl\":\"https:\/\/www.notibras.com\/site\/wp-content\/uploads\/2026\/01\/105874364_gettyimages-51400774.jpg.webp\",\"articleSection\":[\"Ponto de Vista\"],\"inLanguage\":\"pt-BR\"},{\"@type\":\"WebPage\",\"@id\":\"https:\/\/www.notibras.com\/site\/janeiro-nao-comeca-em-branco\/\",\"url\":\"https:\/\/www.notibras.com\/site\/janeiro-nao-comeca-em-branco\/\",\"name\":\"Janeiro N\u00e3o Come\u00e7a em Branco - Notibras\",\"isPartOf\":{\"@id\":\"https:\/\/www.notibras.com\/site\/#website\"},\"primaryImageOfPage\":{\"@id\":\"https:\/\/www.notibras.com\/site\/janeiro-nao-comeca-em-branco\/#primaryimage\"},\"image\":{\"@id\":\"https:\/\/www.notibras.com\/site\/janeiro-nao-comeca-em-branco\/#primaryimage\"},\"thumbnailUrl\":\"https:\/\/www.notibras.com\/site\/wp-content\/uploads\/2026\/01\/105874364_gettyimages-51400774.jpg.webp\",\"datePublished\":\"2026-01-08T05:30:11+00:00\",\"dateModified\":\"2026-01-08T05:54:11+00:00\",\"breadcrumb\":{\"@id\":\"https:\/\/www.notibras.com\/site\/janeiro-nao-comeca-em-branco\/#breadcrumb\"},\"inLanguage\":\"pt-BR\",\"potentialAction\":[{\"@type\":\"ReadAction\",\"target\":[\"https:\/\/www.notibras.com\/site\/janeiro-nao-comeca-em-branco\/\"]}]},{\"@type\":\"ImageObject\",\"inLanguage\":\"pt-BR\",\"@id\":\"https:\/\/www.notibras.com\/site\/janeiro-nao-comeca-em-branco\/#primaryimage\",\"url\":\"https:\/\/www.notibras.com\/site\/wp-content\/uploads\/2026\/01\/105874364_gettyimages-51400774.jpg.webp\",\"contentUrl\":\"https:\/\/www.notibras.com\/site\/wp-content\/uploads\/2026\/01\/105874364_gettyimages-51400774.jpg.webp\",\"width\":640,\"height\":360},{\"@type\":\"BreadcrumbList\",\"@id\":\"https:\/\/www.notibras.com\/site\/janeiro-nao-comeca-em-branco\/#breadcrumb\",\"itemListElement\":[{\"@type\":\"ListItem\",\"position\":1,\"name\":\"In\u00edcio\",\"item\":\"https:\/\/www.notibras.com\/site\/\"},{\"@type\":\"ListItem\",\"position\":2,\"name\":\"Janeiro N\u00e3o Come\u00e7a em Branco\"}]},{\"@type\":\"WebSite\",\"@id\":\"https:\/\/www.notibras.com\/site\/#website\",\"url\":\"https:\/\/www.notibras.com\/site\/\",\"name\":\"Notibras\",\"description\":\"Not\u00edcias de Bras\u00edlia, do Brasil e do Mundo\",\"publisher\":{\"@id\":\"https:\/\/www.notibras.com\/site\/#organization\"},\"potentialAction\":[{\"@type\":\"SearchAction\",\"target\":{\"@type\":\"EntryPoint\",\"urlTemplate\":\"https:\/\/www.notibras.com\/site\/?s={search_term_string}\"},\"query-input\":{\"@type\":\"PropertyValueSpecification\",\"valueRequired\":true,\"valueName\":\"search_term_string\"}}],\"inLanguage\":\"pt-BR\"},{\"@type\":\"Organization\",\"@id\":\"https:\/\/www.notibras.com\/site\/#organization\",\"name\":\"Grupo Notibras de Comunica\u00e7\u00e3o\",\"url\":\"https:\/\/www.notibras.com\/site\/\",\"logo\":{\"@type\":\"ImageObject\",\"inLanguage\":\"pt-BR\",\"@id\":\"https:\/\/www.notibras.com\/site\/#\/schema\/logo\/image\/\",\"url\":\"https:\/\/www.notibras.com\/site\/wp-content\/uploads\/2023\/01\/notibras23.png\",\"contentUrl\":\"https:\/\/www.notibras.com\/site\/wp-content\/uploads\/2023\/01\/notibras23.png\",\"width\":350,\"height\":87,\"caption\":\"Grupo Notibras de Comunica\u00e7\u00e3o\"},\"image\":{\"@id\":\"https:\/\/www.notibras.com\/site\/#\/schema\/logo\/image\/\"},\"sameAs\":[\"https:\/\/www.facebook.com\/notibras\/\",\"https:\/\/x.com\/Notibras\",\"https:\/\/www.instagram.com\/notibras\/\"]},{\"@type\":\"Person\",\"@id\":\"https:\/\/www.notibras.com\/site\/#\/schema\/person\/5b7fabf2aedc3ada2105f03b22b4d3dd\",\"name\":\"Eduardo Mart\u00ednez\",\"image\":{\"@type\":\"ImageObject\",\"inLanguage\":\"pt-BR\",\"@id\":\"https:\/\/secure.gravatar.com\/avatar\/7902f906289926289cbcda644b5197c796b893c6ffd7b9a536a42d290f7704a0?s=96&d=mm&r=g\",\"url\":\"https:\/\/secure.gravatar.com\/avatar\/7902f906289926289cbcda644b5197c796b893c6ffd7b9a536a42d290f7704a0?s=96&d=mm&r=g\",\"contentUrl\":\"https:\/\/secure.gravatar.com\/avatar\/7902f906289926289cbcda644b5197c796b893c6ffd7b9a536a42d290f7704a0?s=96&d=mm&r=g\",\"caption\":\"Eduardo Mart\u00ednez\"}}]}<\/script>\n<!-- \/ Yoast SEO plugin. -->","yoast_head_json":{"title":"Janeiro N\u00e3o Come\u00e7a em Branco - Notibras","robots":{"index":"index","follow":"follow","max-snippet":"max-snippet:-1","max-image-preview":"max-image-preview:large","max-video-preview":"max-video-preview:-1"},"canonical":"https:\/\/www.notibras.com\/site\/janeiro-nao-comeca-em-branco\/","og_locale":"pt_BR","og_type":"article","og_title":"Janeiro N\u00e3o Come\u00e7a em Branco - Notibras","og_description":"N\u00f3s gostar\u00edamos de acreditar que o in\u00edcio de um novo ano \u00e9 sempre um territ\u00f3rio limpo. Um janeiro em que se escreve sobre resolu\u00e7\u00f5es \u00edntimas, pequenos rituais cotidianos, expectativas discretas. Gostar\u00edamos de inaugurar 2026 falando dos primeiros dias do calend\u00e1rio, do sol que insiste, da vida que tenta recome\u00e7ar. Mas o mundo raramente nos concede [&hellip;]","og_url":"https:\/\/www.notibras.com\/site\/janeiro-nao-comeca-em-branco\/","og_site_name":"Notibras","article_publisher":"https:\/\/www.facebook.com\/notibras\/","article_published_time":"2026-01-08T05:30:11+00:00","article_modified_time":"2026-01-08T05:54:11+00:00","og_image":[{"width":640,"height":360,"url":"https:\/\/www.notibras.com\/site\/wp-content\/uploads\/2026\/01\/105874364_gettyimages-51400774.jpg.webp","type":"image\/webp"}],"author":"Eduardo Mart\u00ednez","twitter_card":"summary_large_image","twitter_creator":"@Notibras","twitter_site":"@Notibras","twitter_misc":{"Escrito por":"Eduardo Mart\u00ednez","Est. tempo de leitura":"4 minutos"},"schema":{"@context":"https:\/\/schema.org","@graph":[{"@type":"Article","@id":"https:\/\/www.notibras.com\/site\/janeiro-nao-comeca-em-branco\/#article","isPartOf":{"@id":"https:\/\/www.notibras.com\/site\/janeiro-nao-comeca-em-branco\/"},"author":{"name":"Eduardo Mart\u00ednez","@id":"https:\/\/www.notibras.com\/site\/#\/schema\/person\/5b7fabf2aedc3ada2105f03b22b4d3dd"},"headline":"Janeiro N\u00e3o Come\u00e7a em Branco","datePublished":"2026-01-08T05:30:11+00:00","dateModified":"2026-01-08T05:54:11+00:00","mainEntityOfPage":{"@id":"https:\/\/www.notibras.com\/site\/janeiro-nao-comeca-em-branco\/"},"wordCount":584,"publisher":{"@id":"https:\/\/www.notibras.com\/site\/#organization"},"image":{"@id":"https:\/\/www.notibras.com\/site\/janeiro-nao-comeca-em-branco\/#primaryimage"},"thumbnailUrl":"https:\/\/www.notibras.com\/site\/wp-content\/uploads\/2026\/01\/105874364_gettyimages-51400774.jpg.webp","articleSection":["Ponto de Vista"],"inLanguage":"pt-BR"},{"@type":"WebPage","@id":"https:\/\/www.notibras.com\/site\/janeiro-nao-comeca-em-branco\/","url":"https:\/\/www.notibras.com\/site\/janeiro-nao-comeca-em-branco\/","name":"Janeiro N\u00e3o Come\u00e7a em Branco - Notibras","isPartOf":{"@id":"https:\/\/www.notibras.com\/site\/#website"},"primaryImageOfPage":{"@id":"https:\/\/www.notibras.com\/site\/janeiro-nao-comeca-em-branco\/#primaryimage"},"image":{"@id":"https:\/\/www.notibras.com\/site\/janeiro-nao-comeca-em-branco\/#primaryimage"},"thumbnailUrl":"https:\/\/www.notibras.com\/site\/wp-content\/uploads\/2026\/01\/105874364_gettyimages-51400774.jpg.webp","datePublished":"2026-01-08T05:30:11+00:00","dateModified":"2026-01-08T05:54:11+00:00","breadcrumb":{"@id":"https:\/\/www.notibras.com\/site\/janeiro-nao-comeca-em-branco\/#breadcrumb"},"inLanguage":"pt-BR","potentialAction":[{"@type":"ReadAction","target":["https:\/\/www.notibras.com\/site\/janeiro-nao-comeca-em-branco\/"]}]},{"@type":"ImageObject","inLanguage":"pt-BR","@id":"https:\/\/www.notibras.com\/site\/janeiro-nao-comeca-em-branco\/#primaryimage","url":"https:\/\/www.notibras.com\/site\/wp-content\/uploads\/2026\/01\/105874364_gettyimages-51400774.jpg.webp","contentUrl":"https:\/\/www.notibras.com\/site\/wp-content\/uploads\/2026\/01\/105874364_gettyimages-51400774.jpg.webp","width":640,"height":360},{"@type":"BreadcrumbList","@id":"https:\/\/www.notibras.com\/site\/janeiro-nao-comeca-em-branco\/#breadcrumb","itemListElement":[{"@type":"ListItem","position":1,"name":"In\u00edcio","item":"https:\/\/www.notibras.com\/site\/"},{"@type":"ListItem","position":2,"name":"Janeiro N\u00e3o Come\u00e7a em Branco"}]},{"@type":"WebSite","@id":"https:\/\/www.notibras.com\/site\/#website","url":"https:\/\/www.notibras.com\/site\/","name":"Notibras","description":"Not\u00edcias de Bras\u00edlia, do Brasil e do Mundo","publisher":{"@id":"https:\/\/www.notibras.com\/site\/#organization"},"potentialAction":[{"@type":"SearchAction","target":{"@type":"EntryPoint","urlTemplate":"https:\/\/www.notibras.com\/site\/?s={search_term_string}"},"query-input":{"@type":"PropertyValueSpecification","valueRequired":true,"valueName":"search_term_string"}}],"inLanguage":"pt-BR"},{"@type":"Organization","@id":"https:\/\/www.notibras.com\/site\/#organization","name":"Grupo Notibras de Comunica\u00e7\u00e3o","url":"https:\/\/www.notibras.com\/site\/","logo":{"@type":"ImageObject","inLanguage":"pt-BR","@id":"https:\/\/www.notibras.com\/site\/#\/schema\/logo\/image\/","url":"https:\/\/www.notibras.com\/site\/wp-content\/uploads\/2023\/01\/notibras23.png","contentUrl":"https:\/\/www.notibras.com\/site\/wp-content\/uploads\/2023\/01\/notibras23.png","width":350,"height":87,"caption":"Grupo Notibras de Comunica\u00e7\u00e3o"},"image":{"@id":"https:\/\/www.notibras.com\/site\/#\/schema\/logo\/image\/"},"sameAs":["https:\/\/www.facebook.com\/notibras\/","https:\/\/x.com\/Notibras","https:\/\/www.instagram.com\/notibras\/"]},{"@type":"Person","@id":"https:\/\/www.notibras.com\/site\/#\/schema\/person\/5b7fabf2aedc3ada2105f03b22b4d3dd","name":"Eduardo Mart\u00ednez","image":{"@type":"ImageObject","inLanguage":"pt-BR","@id":"https:\/\/secure.gravatar.com\/avatar\/7902f906289926289cbcda644b5197c796b893c6ffd7b9a536a42d290f7704a0?s=96&d=mm&r=g","url":"https:\/\/secure.gravatar.com\/avatar\/7902f906289926289cbcda644b5197c796b893c6ffd7b9a536a42d290f7704a0?s=96&d=mm&r=g","contentUrl":"https:\/\/secure.gravatar.com\/avatar\/7902f906289926289cbcda644b5197c796b893c6ffd7b9a536a42d290f7704a0?s=96&d=mm&r=g","caption":"Eduardo Mart\u00ednez"}}]}},"amp_enabled":true,"_links":{"self":[{"href":"https:\/\/www.notibras.com\/site\/wp-json\/wp\/v2\/posts\/378160","targetHints":{"allow":["GET"]}}],"collection":[{"href":"https:\/\/www.notibras.com\/site\/wp-json\/wp\/v2\/posts"}],"about":[{"href":"https:\/\/www.notibras.com\/site\/wp-json\/wp\/v2\/types\/post"}],"author":[{"embeddable":true,"href":"https:\/\/www.notibras.com\/site\/wp-json\/wp\/v2\/users\/21"}],"replies":[{"embeddable":true,"href":"https:\/\/www.notibras.com\/site\/wp-json\/wp\/v2\/comments?post=378160"}],"version-history":[{"count":2,"href":"https:\/\/www.notibras.com\/site\/wp-json\/wp\/v2\/posts\/378160\/revisions"}],"predecessor-version":[{"id":378163,"href":"https:\/\/www.notibras.com\/site\/wp-json\/wp\/v2\/posts\/378160\/revisions\/378163"}],"wp:featuredmedia":[{"embeddable":true,"href":"https:\/\/www.notibras.com\/site\/wp-json\/wp\/v2\/media\/378161"}],"wp:attachment":[{"href":"https:\/\/www.notibras.com\/site\/wp-json\/wp\/v2\/media?parent=378160"}],"wp:term":[{"taxonomy":"category","embeddable":true,"href":"https:\/\/www.notibras.com\/site\/wp-json\/wp\/v2\/categories?post=378160"},{"taxonomy":"post_tag","embeddable":true,"href":"https:\/\/www.notibras.com\/site\/wp-json\/wp\/v2\/tags?post=378160"}],"curies":[{"name":"wp","href":"https:\/\/api.w.org\/{rel}","templated":true}]}}