{"id":378164,"date":"2026-01-09T02:30:15","date_gmt":"2026-01-09T05:30:15","guid":{"rendered":"https:\/\/www.notibras.com\/site\/?p=378164"},"modified":"2026-01-08T02:58:09","modified_gmt":"2026-01-08T05:58:09","slug":"a-liberdade-que-nunca-foi-nossa","status":"publish","type":"post","link":"https:\/\/www.notibras.com\/site\/a-liberdade-que-nunca-foi-nossa\/","title":{"rendered":"A Liberdade Que Nunca Foi Nossa"},"content":{"rendered":"<p>N\u00f3s achamos curioso quase tr\u00e1gico como esquecemos de ler aquilo que sempre esteve escrito nas entrelinhas: n\u00e3o existe nada de liberdade em Trump, assim como nunca existiu liberdade plena no chamado sonho americano. O que existe \u00e9 uma narrativa bem-sucedida, repetida \u00e0 exaust\u00e3o, at\u00e9 que pare\u00e7a verdade.<\/p>\n<p>Trump n\u00e3o \u00e9 uma ruptura; ele \u00e9 sintoma. Ele encarna, sem pudor, aquilo que sempre estruturou o poder nos Estados Unidos: nacionalismo econ\u00f4mico, supremacia disfar\u00e7ada de m\u00e9rito e uma ideia de liberdade restrita a quem pode pagar por ela. Hannah Arendt j\u00e1 alertava que regimes autorit\u00e1rios n\u00e3o surgem do nada eles se alimentam de frustra\u00e7\u00f5es, medos e da normaliza\u00e7\u00e3o do discurso da exclus\u00e3o.<\/p>\n<p>O sonho americano nunca foi coletivo. Ele sempre funcionou como promessa individual, baseada na competi\u00e7\u00e3o e na elimina\u00e7\u00e3o simb\u00f3lica do outro. Como lembra Angela Davis, n\u00e3o h\u00e1 liberdade poss\u00edvel em um sistema que depende da explora\u00e7\u00e3o cont\u00ednua de corpos racializados, imigrantes e pobres para sustentar o conforto de poucos. A liberdade vendida como produto nunca foi liberdade foi privil\u00e9gio.<\/p>\n<p>N\u00f3s aprendemos, desde cedo, a associar os Estados Unidos \u00e0 ideia de progresso, democracia e oportunidade. Mas, como aponta Noam Chomsky, a pol\u00edtica externa norte-americana sempre esteve menos comprometida com direitos humanos e mais alinhada \u00e0 manuten\u00e7\u00e3o de interesses econ\u00f4micos e geopol\u00edticos. O discurso da liberdade serve como cortina: atr\u00e1s dela, operam san\u00e7\u00f5es, interven\u00e7\u00f5es e guerras seletivas.<\/p>\n<p>Trump apenas retirou o verniz. Disse em voz alta o que antes era dito com diplomacia. Transformou o \u00f3dio em slogan e o isolamento em projeto pol\u00edtico. Mas o terreno j\u00e1 estava preparado. Byung-Chul Han diria que n\u00e3o se trata de um excesso, e sim da l\u00f3gica interna de um sistema que transforma tudo inclusive a pol\u00edtica em espet\u00e1culo e mercadoria.<\/p>\n<p>N\u00f3s, do sul global, nunca fomos convidados para esse sonho. Fomos o combust\u00edvel. Fomos o territ\u00f3rio explor\u00e1vel, o mercado consumidor, a m\u00e3o de obra barata e o laborat\u00f3rio de interven\u00e7\u00f5es. Eduardo Galeano j\u00e1 havia nos contado essa hist\u00f3ria: a liberdade de uns sempre custou a submiss\u00e3o de outros.<\/p>\n<p>Talvez o erro tenha sido acreditar que democracia se exporta como produto acabado. Ou que liberdade possa coexistir com fronteiras fechadas, pris\u00f5es lotadas e pol\u00edticas que decidem quais vidas importam. Achille Mbembe nos lembra que o poder contempor\u00e2neo escolhe quem pode viver e quem pode morrer e isso n\u00e3o \u00e9 liberdade, \u00e9 gest\u00e3o da morte.<\/p>\n<p>Ainda assim, n\u00f3s seguimos escrevendo. Porque lembrar tamb\u00e9m \u00e9 um ato pol\u00edtico. Ler o mundo com aten\u00e7\u00e3o \u00e9 uma forma de desobedecer \u00e0 narrativa dominante. E talvez a nossa liberdade a poss\u00edvel, a real esteja justamente nisso: em n\u00e3o aceitar sonhos que nunca foram feitos para nos incluir.<\/p>\n<p>N\u00f3s n\u00e3o esquecemos mais. E isso, por si s\u00f3, j\u00e1 \u00e9 um come\u00e7o.<\/p>\n","protected":false},"excerpt":{"rendered":"<p>N\u00f3s achamos curioso quase tr\u00e1gico como esquecemos de ler aquilo que sempre esteve escrito nas entrelinhas: n\u00e3o existe nada de liberdade em Trump, assim como nunca existiu liberdade plena no chamado sonho americano. O que existe \u00e9 uma narrativa bem-sucedida, repetida \u00e0 exaust\u00e3o, at\u00e9 que pare\u00e7a verdade. Trump n\u00e3o \u00e9 uma ruptura; ele \u00e9 sintoma. [&hellip;]<\/p>\n","protected":false},"author":21,"featured_media":378165,"comment_status":"closed","ping_status":"closed","sticky":false,"template":"","format":"standard","meta":{"_acf_changed":false,"footnotes":""},"categories":[236],"tags":[],"class_list":["post-378164","post","type-post","status-publish","format-standard","has-post-thumbnail","hentry","category-ponto-de-vista"],"acf":[],"yoast_head":"<!-- This site is optimized with the Yoast SEO plugin v27.2 - https:\/\/yoast.com\/product\/yoast-seo-wordpress\/ -->\n<title>A Liberdade Que Nunca Foi Nossa - Notibras<\/title>\n<meta name=\"robots\" content=\"index, follow, max-snippet:-1, max-image-preview:large, max-video-preview:-1\" \/>\n<link rel=\"canonical\" href=\"https:\/\/www.notibras.com\/site\/a-liberdade-que-nunca-foi-nossa\/\" \/>\n<meta property=\"og:locale\" content=\"pt_BR\" \/>\n<meta property=\"og:type\" content=\"article\" \/>\n<meta property=\"og:title\" content=\"A Liberdade Que Nunca Foi Nossa - Notibras\" \/>\n<meta property=\"og:description\" content=\"N\u00f3s achamos curioso quase tr\u00e1gico como esquecemos de ler aquilo que sempre esteve escrito nas entrelinhas: n\u00e3o existe nada de liberdade em Trump, assim como nunca existiu liberdade plena no chamado sonho americano. O que existe \u00e9 uma narrativa bem-sucedida, repetida \u00e0 exaust\u00e3o, at\u00e9 que pare\u00e7a verdade. Trump n\u00e3o \u00e9 uma ruptura; ele \u00e9 sintoma. [&hellip;]\" \/>\n<meta property=\"og:url\" content=\"https:\/\/www.notibras.com\/site\/a-liberdade-que-nunca-foi-nossa\/\" \/>\n<meta property=\"og:site_name\" content=\"Notibras\" \/>\n<meta property=\"article:publisher\" content=\"https:\/\/www.facebook.com\/notibras\/\" \/>\n<meta property=\"article:published_time\" content=\"2026-01-09T05:30:15+00:00\" \/>\n<meta property=\"og:image\" content=\"https:\/\/www.notibras.com\/site\/wp-content\/uploads\/2026\/01\/uss_kitty.webp\" \/>\n\t<meta property=\"og:image:width\" content=\"1170\" \/>\n\t<meta property=\"og:image:height\" content=\"700\" \/>\n\t<meta property=\"og:image:type\" content=\"image\/webp\" \/>\n<meta name=\"author\" content=\"Eduardo Mart\u00ednez\" \/>\n<meta name=\"twitter:card\" content=\"summary_large_image\" \/>\n<meta name=\"twitter:creator\" content=\"@Notibras\" \/>\n<meta name=\"twitter:site\" content=\"@Notibras\" \/>\n<meta name=\"twitter:label1\" content=\"Escrito por\" \/>\n\t<meta name=\"twitter:data1\" content=\"Eduardo Mart\u00ednez\" \/>\n\t<meta name=\"twitter:label2\" content=\"Est. tempo de leitura\" \/>\n\t<meta name=\"twitter:data2\" content=\"3 minutos\" \/>\n<script type=\"application\/ld+json\" class=\"yoast-schema-graph\">{\"@context\":\"https:\/\/schema.org\",\"@graph\":[{\"@type\":\"Article\",\"@id\":\"https:\/\/www.notibras.com\/site\/a-liberdade-que-nunca-foi-nossa\/#article\",\"isPartOf\":{\"@id\":\"https:\/\/www.notibras.com\/site\/a-liberdade-que-nunca-foi-nossa\/\"},\"author\":{\"name\":\"Eduardo Mart\u00ednez\",\"@id\":\"https:\/\/www.notibras.com\/site\/#\/schema\/person\/5b7fabf2aedc3ada2105f03b22b4d3dd\"},\"headline\":\"A Liberdade Que Nunca Foi Nossa\",\"datePublished\":\"2026-01-09T05:30:15+00:00\",\"mainEntityOfPage\":{\"@id\":\"https:\/\/www.notibras.com\/site\/a-liberdade-que-nunca-foi-nossa\/\"},\"wordCount\":503,\"publisher\":{\"@id\":\"https:\/\/www.notibras.com\/site\/#organization\"},\"image\":{\"@id\":\"https:\/\/www.notibras.com\/site\/a-liberdade-que-nunca-foi-nossa\/#primaryimage\"},\"thumbnailUrl\":\"https:\/\/www.notibras.com\/site\/wp-content\/uploads\/2026\/01\/uss_kitty.webp\",\"articleSection\":[\"Ponto de Vista\"],\"inLanguage\":\"pt-BR\"},{\"@type\":\"WebPage\",\"@id\":\"https:\/\/www.notibras.com\/site\/a-liberdade-que-nunca-foi-nossa\/\",\"url\":\"https:\/\/www.notibras.com\/site\/a-liberdade-que-nunca-foi-nossa\/\",\"name\":\"A Liberdade Que Nunca Foi Nossa - Notibras\",\"isPartOf\":{\"@id\":\"https:\/\/www.notibras.com\/site\/#website\"},\"primaryImageOfPage\":{\"@id\":\"https:\/\/www.notibras.com\/site\/a-liberdade-que-nunca-foi-nossa\/#primaryimage\"},\"image\":{\"@id\":\"https:\/\/www.notibras.com\/site\/a-liberdade-que-nunca-foi-nossa\/#primaryimage\"},\"thumbnailUrl\":\"https:\/\/www.notibras.com\/site\/wp-content\/uploads\/2026\/01\/uss_kitty.webp\",\"datePublished\":\"2026-01-09T05:30:15+00:00\",\"breadcrumb\":{\"@id\":\"https:\/\/www.notibras.com\/site\/a-liberdade-que-nunca-foi-nossa\/#breadcrumb\"},\"inLanguage\":\"pt-BR\",\"potentialAction\":[{\"@type\":\"ReadAction\",\"target\":[\"https:\/\/www.notibras.com\/site\/a-liberdade-que-nunca-foi-nossa\/\"]}]},{\"@type\":\"ImageObject\",\"inLanguage\":\"pt-BR\",\"@id\":\"https:\/\/www.notibras.com\/site\/a-liberdade-que-nunca-foi-nossa\/#primaryimage\",\"url\":\"https:\/\/www.notibras.com\/site\/wp-content\/uploads\/2026\/01\/uss_kitty.webp\",\"contentUrl\":\"https:\/\/www.notibras.com\/site\/wp-content\/uploads\/2026\/01\/uss_kitty.webp\",\"width\":1170,\"height\":700},{\"@type\":\"BreadcrumbList\",\"@id\":\"https:\/\/www.notibras.com\/site\/a-liberdade-que-nunca-foi-nossa\/#breadcrumb\",\"itemListElement\":[{\"@type\":\"ListItem\",\"position\":1,\"name\":\"In\u00edcio\",\"item\":\"https:\/\/www.notibras.com\/site\/\"},{\"@type\":\"ListItem\",\"position\":2,\"name\":\"A Liberdade Que Nunca Foi Nossa\"}]},{\"@type\":\"WebSite\",\"@id\":\"https:\/\/www.notibras.com\/site\/#website\",\"url\":\"https:\/\/www.notibras.com\/site\/\",\"name\":\"Notibras\",\"description\":\"Not\u00edcias de Bras\u00edlia, do Brasil e do Mundo\",\"publisher\":{\"@id\":\"https:\/\/www.notibras.com\/site\/#organization\"},\"potentialAction\":[{\"@type\":\"SearchAction\",\"target\":{\"@type\":\"EntryPoint\",\"urlTemplate\":\"https:\/\/www.notibras.com\/site\/?s={search_term_string}\"},\"query-input\":{\"@type\":\"PropertyValueSpecification\",\"valueRequired\":true,\"valueName\":\"search_term_string\"}}],\"inLanguage\":\"pt-BR\"},{\"@type\":\"Organization\",\"@id\":\"https:\/\/www.notibras.com\/site\/#organization\",\"name\":\"Grupo Notibras de Comunica\u00e7\u00e3o\",\"url\":\"https:\/\/www.notibras.com\/site\/\",\"logo\":{\"@type\":\"ImageObject\",\"inLanguage\":\"pt-BR\",\"@id\":\"https:\/\/www.notibras.com\/site\/#\/schema\/logo\/image\/\",\"url\":\"https:\/\/www.notibras.com\/site\/wp-content\/uploads\/2023\/01\/notibras23.png\",\"contentUrl\":\"https:\/\/www.notibras.com\/site\/wp-content\/uploads\/2023\/01\/notibras23.png\",\"width\":350,\"height\":87,\"caption\":\"Grupo Notibras de Comunica\u00e7\u00e3o\"},\"image\":{\"@id\":\"https:\/\/www.notibras.com\/site\/#\/schema\/logo\/image\/\"},\"sameAs\":[\"https:\/\/www.facebook.com\/notibras\/\",\"https:\/\/x.com\/Notibras\",\"https:\/\/www.instagram.com\/notibras\/\"]},{\"@type\":\"Person\",\"@id\":\"https:\/\/www.notibras.com\/site\/#\/schema\/person\/5b7fabf2aedc3ada2105f03b22b4d3dd\",\"name\":\"Eduardo Mart\u00ednez\",\"image\":{\"@type\":\"ImageObject\",\"inLanguage\":\"pt-BR\",\"@id\":\"https:\/\/secure.gravatar.com\/avatar\/7902f906289926289cbcda644b5197c796b893c6ffd7b9a536a42d290f7704a0?s=96&d=mm&r=g\",\"url\":\"https:\/\/secure.gravatar.com\/avatar\/7902f906289926289cbcda644b5197c796b893c6ffd7b9a536a42d290f7704a0?s=96&d=mm&r=g\",\"contentUrl\":\"https:\/\/secure.gravatar.com\/avatar\/7902f906289926289cbcda644b5197c796b893c6ffd7b9a536a42d290f7704a0?s=96&d=mm&r=g\",\"caption\":\"Eduardo Mart\u00ednez\"}}]}<\/script>\n<!-- \/ Yoast SEO plugin. -->","yoast_head_json":{"title":"A Liberdade Que Nunca Foi Nossa - Notibras","robots":{"index":"index","follow":"follow","max-snippet":"max-snippet:-1","max-image-preview":"max-image-preview:large","max-video-preview":"max-video-preview:-1"},"canonical":"https:\/\/www.notibras.com\/site\/a-liberdade-que-nunca-foi-nossa\/","og_locale":"pt_BR","og_type":"article","og_title":"A Liberdade Que Nunca Foi Nossa - Notibras","og_description":"N\u00f3s achamos curioso quase tr\u00e1gico como esquecemos de ler aquilo que sempre esteve escrito nas entrelinhas: n\u00e3o existe nada de liberdade em Trump, assim como nunca existiu liberdade plena no chamado sonho americano. O que existe \u00e9 uma narrativa bem-sucedida, repetida \u00e0 exaust\u00e3o, at\u00e9 que pare\u00e7a verdade. Trump n\u00e3o \u00e9 uma ruptura; ele \u00e9 sintoma. [&hellip;]","og_url":"https:\/\/www.notibras.com\/site\/a-liberdade-que-nunca-foi-nossa\/","og_site_name":"Notibras","article_publisher":"https:\/\/www.facebook.com\/notibras\/","article_published_time":"2026-01-09T05:30:15+00:00","og_image":[{"width":1170,"height":700,"url":"https:\/\/www.notibras.com\/site\/wp-content\/uploads\/2026\/01\/uss_kitty.webp","type":"image\/webp"}],"author":"Eduardo Mart\u00ednez","twitter_card":"summary_large_image","twitter_creator":"@Notibras","twitter_site":"@Notibras","twitter_misc":{"Escrito por":"Eduardo Mart\u00ednez","Est. tempo de leitura":"3 minutos"},"schema":{"@context":"https:\/\/schema.org","@graph":[{"@type":"Article","@id":"https:\/\/www.notibras.com\/site\/a-liberdade-que-nunca-foi-nossa\/#article","isPartOf":{"@id":"https:\/\/www.notibras.com\/site\/a-liberdade-que-nunca-foi-nossa\/"},"author":{"name":"Eduardo Mart\u00ednez","@id":"https:\/\/www.notibras.com\/site\/#\/schema\/person\/5b7fabf2aedc3ada2105f03b22b4d3dd"},"headline":"A Liberdade Que Nunca Foi Nossa","datePublished":"2026-01-09T05:30:15+00:00","mainEntityOfPage":{"@id":"https:\/\/www.notibras.com\/site\/a-liberdade-que-nunca-foi-nossa\/"},"wordCount":503,"publisher":{"@id":"https:\/\/www.notibras.com\/site\/#organization"},"image":{"@id":"https:\/\/www.notibras.com\/site\/a-liberdade-que-nunca-foi-nossa\/#primaryimage"},"thumbnailUrl":"https:\/\/www.notibras.com\/site\/wp-content\/uploads\/2026\/01\/uss_kitty.webp","articleSection":["Ponto de Vista"],"inLanguage":"pt-BR"},{"@type":"WebPage","@id":"https:\/\/www.notibras.com\/site\/a-liberdade-que-nunca-foi-nossa\/","url":"https:\/\/www.notibras.com\/site\/a-liberdade-que-nunca-foi-nossa\/","name":"A Liberdade Que Nunca Foi Nossa - Notibras","isPartOf":{"@id":"https:\/\/www.notibras.com\/site\/#website"},"primaryImageOfPage":{"@id":"https:\/\/www.notibras.com\/site\/a-liberdade-que-nunca-foi-nossa\/#primaryimage"},"image":{"@id":"https:\/\/www.notibras.com\/site\/a-liberdade-que-nunca-foi-nossa\/#primaryimage"},"thumbnailUrl":"https:\/\/www.notibras.com\/site\/wp-content\/uploads\/2026\/01\/uss_kitty.webp","datePublished":"2026-01-09T05:30:15+00:00","breadcrumb":{"@id":"https:\/\/www.notibras.com\/site\/a-liberdade-que-nunca-foi-nossa\/#breadcrumb"},"inLanguage":"pt-BR","potentialAction":[{"@type":"ReadAction","target":["https:\/\/www.notibras.com\/site\/a-liberdade-que-nunca-foi-nossa\/"]}]},{"@type":"ImageObject","inLanguage":"pt-BR","@id":"https:\/\/www.notibras.com\/site\/a-liberdade-que-nunca-foi-nossa\/#primaryimage","url":"https:\/\/www.notibras.com\/site\/wp-content\/uploads\/2026\/01\/uss_kitty.webp","contentUrl":"https:\/\/www.notibras.com\/site\/wp-content\/uploads\/2026\/01\/uss_kitty.webp","width":1170,"height":700},{"@type":"BreadcrumbList","@id":"https:\/\/www.notibras.com\/site\/a-liberdade-que-nunca-foi-nossa\/#breadcrumb","itemListElement":[{"@type":"ListItem","position":1,"name":"In\u00edcio","item":"https:\/\/www.notibras.com\/site\/"},{"@type":"ListItem","position":2,"name":"A Liberdade Que Nunca Foi Nossa"}]},{"@type":"WebSite","@id":"https:\/\/www.notibras.com\/site\/#website","url":"https:\/\/www.notibras.com\/site\/","name":"Notibras","description":"Not\u00edcias de Bras\u00edlia, do Brasil e do Mundo","publisher":{"@id":"https:\/\/www.notibras.com\/site\/#organization"},"potentialAction":[{"@type":"SearchAction","target":{"@type":"EntryPoint","urlTemplate":"https:\/\/www.notibras.com\/site\/?s={search_term_string}"},"query-input":{"@type":"PropertyValueSpecification","valueRequired":true,"valueName":"search_term_string"}}],"inLanguage":"pt-BR"},{"@type":"Organization","@id":"https:\/\/www.notibras.com\/site\/#organization","name":"Grupo Notibras de Comunica\u00e7\u00e3o","url":"https:\/\/www.notibras.com\/site\/","logo":{"@type":"ImageObject","inLanguage":"pt-BR","@id":"https:\/\/www.notibras.com\/site\/#\/schema\/logo\/image\/","url":"https:\/\/www.notibras.com\/site\/wp-content\/uploads\/2023\/01\/notibras23.png","contentUrl":"https:\/\/www.notibras.com\/site\/wp-content\/uploads\/2023\/01\/notibras23.png","width":350,"height":87,"caption":"Grupo Notibras de Comunica\u00e7\u00e3o"},"image":{"@id":"https:\/\/www.notibras.com\/site\/#\/schema\/logo\/image\/"},"sameAs":["https:\/\/www.facebook.com\/notibras\/","https:\/\/x.com\/Notibras","https:\/\/www.instagram.com\/notibras\/"]},{"@type":"Person","@id":"https:\/\/www.notibras.com\/site\/#\/schema\/person\/5b7fabf2aedc3ada2105f03b22b4d3dd","name":"Eduardo Mart\u00ednez","image":{"@type":"ImageObject","inLanguage":"pt-BR","@id":"https:\/\/secure.gravatar.com\/avatar\/7902f906289926289cbcda644b5197c796b893c6ffd7b9a536a42d290f7704a0?s=96&d=mm&r=g","url":"https:\/\/secure.gravatar.com\/avatar\/7902f906289926289cbcda644b5197c796b893c6ffd7b9a536a42d290f7704a0?s=96&d=mm&r=g","contentUrl":"https:\/\/secure.gravatar.com\/avatar\/7902f906289926289cbcda644b5197c796b893c6ffd7b9a536a42d290f7704a0?s=96&d=mm&r=g","caption":"Eduardo Mart\u00ednez"}}]}},"amp_enabled":true,"_links":{"self":[{"href":"https:\/\/www.notibras.com\/site\/wp-json\/wp\/v2\/posts\/378164","targetHints":{"allow":["GET"]}}],"collection":[{"href":"https:\/\/www.notibras.com\/site\/wp-json\/wp\/v2\/posts"}],"about":[{"href":"https:\/\/www.notibras.com\/site\/wp-json\/wp\/v2\/types\/post"}],"author":[{"embeddable":true,"href":"https:\/\/www.notibras.com\/site\/wp-json\/wp\/v2\/users\/21"}],"replies":[{"embeddable":true,"href":"https:\/\/www.notibras.com\/site\/wp-json\/wp\/v2\/comments?post=378164"}],"version-history":[{"count":2,"href":"https:\/\/www.notibras.com\/site\/wp-json\/wp\/v2\/posts\/378164\/revisions"}],"predecessor-version":[{"id":378167,"href":"https:\/\/www.notibras.com\/site\/wp-json\/wp\/v2\/posts\/378164\/revisions\/378167"}],"wp:featuredmedia":[{"embeddable":true,"href":"https:\/\/www.notibras.com\/site\/wp-json\/wp\/v2\/media\/378165"}],"wp:attachment":[{"href":"https:\/\/www.notibras.com\/site\/wp-json\/wp\/v2\/media?parent=378164"}],"wp:term":[{"taxonomy":"category","embeddable":true,"href":"https:\/\/www.notibras.com\/site\/wp-json\/wp\/v2\/categories?post=378164"},{"taxonomy":"post_tag","embeddable":true,"href":"https:\/\/www.notibras.com\/site\/wp-json\/wp\/v2\/tags?post=378164"}],"curies":[{"name":"wp","href":"https:\/\/api.w.org\/{rel}","templated":true}]}}