{"id":378168,"date":"2026-01-10T02:30:08","date_gmt":"2026-01-10T05:30:08","guid":{"rendered":"https:\/\/www.notibras.com\/site\/?p=378168"},"modified":"2026-01-10T06:19:40","modified_gmt":"2026-01-10T09:19:40","slug":"nunca-foi-sobre-maduro","status":"publish","type":"post","link":"https:\/\/www.notibras.com\/site\/nunca-foi-sobre-maduro\/","title":{"rendered":"Nunca Foi Sobre Maduro"},"content":{"rendered":"<p>N\u00f3s precisamos colocar isso na mente, sem rodeios e sem ingenuidade: os Estados Unidos atacariam a Venezuela com ou sem Maduro. O nome do presidente \u00e9 um detalhe circunstancial, o objetivo estrutural sempre foi o mesmo. Petr\u00f3leo. Territ\u00f3rio. Controle.<\/p>\n<p>Personalizar o conflito \u00e9 uma estrat\u00e9gia antiga. Ao transformar a disputa em um embate moral \u201cditador versus democracia\u201d, o imperialismo se absolve antes mesmo de agir. Como j\u00e1 nos ensinou Edward Said, o Ocidente constr\u00f3i narrativas que justificam suas interven\u00e7\u00f5es apresentando o outro como amea\u00e7a, atraso ou barb\u00e1rie. A Venezuela ocupa exatamente esse lugar no discurso hegem\u00f4nico.<\/p>\n<p>Se o presidente venezuelano fosse algu\u00e9m disposto a abrir as portas, privatizar recursos estrat\u00e9gicos e alinhar-se integralmente aos interesses norte-americanos, n\u00e3o haveria san\u00e7\u00f5es, nem bloqueios, nem discursos humanit\u00e1rios. N\u00e3o haveria como\u00e7\u00e3o internacional. Haveria aplausos. A hist\u00f3ria latino-americana est\u00e1 repleta desses exemplos.<\/p>\n<p>N\u00f3s sabemos disso porque j\u00e1 vimos acontecer. Vimos no Chile, vimos no Brasil, vimos na Bol\u00edvia, vimos na Argentina. Sempre que um governo amea\u00e7a, ainda que minimamente, a soberania econ\u00f4mica sobre seus pr\u00f3prios recursos, ele passa a ser tratado como problema global. O petr\u00f3leo venezuelano n\u00e3o \u00e9 apenas riqueza, \u00e9 poder geopol\u00edtico. E poder, quando n\u00e3o est\u00e1 nas m\u00e3os certas, precisa ser disciplinado.<\/p>\n<p>N\u00e3o \u00e9 coincid\u00eancia que pa\u00edses ricos em recursos naturais e pobres em alian\u00e7as submissas sejam constantemente enquadrados como \u201cinst\u00e1veis\u201d. Naomi Klein chama isso de capitalismo do desastre: primeiro cria-se o caos, depois oferece-se a solu\u00e7\u00e3o sempre privatizada, sempre estrangeira, sempre lucrativa para poucos.<\/p>\n<p>N\u00f3s tamb\u00e9m precisamos dizer o que muitos evitam: se figuras como Milei ou Bolsonaro estivessem no comando da Venezuela, a rela\u00e7\u00e3o seria outra. N\u00e3o porque seriam mais democr\u00e1ticos, mas porque aceitariam negociar a soberania como se fosse mercadoria. N\u00e3o haveria ataque, haveria contrato. N\u00e3o haveria guerra, haveria concess\u00e3o.<\/p>\n<p>O problema nunca foi autoritarismo. Os Estados Unidos convivem muito bem com regimes autorit\u00e1rios quando eles servem aos seus interesses. O problema \u00e9 quando um pa\u00eds insiste em decidir sobre si mesmo. Como aponta Noam Chomsky, a pol\u00edtica externa norte-americana n\u00e3o pune ditaduras, pune desobedi\u00eancias.<\/p>\n<p>Enquanto isso, quem paga o pre\u00e7o somos n\u00f3s. Os povos. As mulheres. As crian\u00e7as. As vidas comuns esmagadas entre san\u00e7\u00f5es econ\u00f4micas, infla\u00e7\u00e3o, escassez e discursos vazios sobre liberdade. Achille Mbembe j\u00e1 nomeou isso: necropol\u00edtica, o poder de decidir quem pode viver e quem pode morrer, em nome do mercado.<\/p>\n<p>N\u00f3s n\u00e3o estamos defendendo governos. Estamos denunciando estruturas. N\u00e3o se trata de amar Maduro ou odi\u00e1-lo. Trata-se de entender que a Am\u00e9rica Latina segue sendo tratada como quintal estrat\u00e9gico, onde a autodetermina\u00e7\u00e3o \u00e9 tolerada apenas enquanto n\u00e3o amea\u00e7a o lucro global.<\/p>\n<p>E talvez o mais violento seja isso: tentarem nos convencer de que tudo isso \u00e9 sobre democracia. N\u00e3o \u00e9. Nunca foi.<\/p>\n<p>N\u00f3s j\u00e1 aprendemos a ler o mundo para al\u00e9m das manchetes. E quem aprende a ler, n\u00e3o volta a acreditar em contos imperiais.<\/p>\n","protected":false},"excerpt":{"rendered":"<p>N\u00f3s precisamos colocar isso na mente, sem rodeios e sem ingenuidade: os Estados Unidos atacariam a Venezuela com ou sem Maduro. O nome do presidente \u00e9 um detalhe circunstancial, o objetivo estrutural sempre foi o mesmo. Petr\u00f3leo. Territ\u00f3rio. Controle. Personalizar o conflito \u00e9 uma estrat\u00e9gia antiga. Ao transformar a disputa em um embate moral \u201cditador [&hellip;]<\/p>\n","protected":false},"author":21,"featured_media":378169,"comment_status":"closed","ping_status":"closed","sticky":false,"template":"","format":"standard","meta":{"_acf_changed":false,"footnotes":""},"categories":[236],"tags":[],"class_list":["post-378168","post","type-post","status-publish","format-standard","has-post-thumbnail","hentry","category-ponto-de-vista"],"acf":[],"yoast_head":"<!-- This site is optimized with the Yoast SEO plugin v27.2 - https:\/\/yoast.com\/product\/yoast-seo-wordpress\/ -->\n<title>Nunca Foi Sobre Maduro - Notibras<\/title>\n<meta name=\"robots\" content=\"index, follow, max-snippet:-1, max-image-preview:large, max-video-preview:-1\" \/>\n<link rel=\"canonical\" href=\"https:\/\/www.notibras.com\/site\/nunca-foi-sobre-maduro\/\" \/>\n<meta property=\"og:locale\" content=\"pt_BR\" \/>\n<meta property=\"og:type\" content=\"article\" \/>\n<meta property=\"og:title\" content=\"Nunca Foi Sobre Maduro - Notibras\" \/>\n<meta property=\"og:description\" content=\"N\u00f3s precisamos colocar isso na mente, sem rodeios e sem ingenuidade: os Estados Unidos atacariam a Venezuela com ou sem Maduro. O nome do presidente \u00e9 um detalhe circunstancial, o objetivo estrutural sempre foi o mesmo. Petr\u00f3leo. Territ\u00f3rio. Controle. Personalizar o conflito \u00e9 uma estrat\u00e9gia antiga. Ao transformar a disputa em um embate moral \u201cditador [&hellip;]\" \/>\n<meta property=\"og:url\" content=\"https:\/\/www.notibras.com\/site\/nunca-foi-sobre-maduro\/\" \/>\n<meta property=\"og:site_name\" content=\"Notibras\" \/>\n<meta property=\"article:publisher\" content=\"https:\/\/www.facebook.com\/notibras\/\" \/>\n<meta property=\"article:published_time\" content=\"2026-01-10T05:30:08+00:00\" \/>\n<meta property=\"article:modified_time\" content=\"2026-01-10T09:19:40+00:00\" \/>\n<meta property=\"og:image\" content=\"https:\/\/www.notibras.com\/site\/wp-content\/uploads\/2026\/01\/0aed6580-b039-11f0-ba75-093eca1ac29b.png.webp\" \/>\n\t<meta property=\"og:image:width\" content=\"640\" \/>\n\t<meta property=\"og:image:height\" content=\"360\" \/>\n\t<meta property=\"og:image:type\" content=\"image\/webp\" \/>\n<meta name=\"author\" content=\"Eduardo Mart\u00ednez\" \/>\n<meta name=\"twitter:card\" content=\"summary_large_image\" \/>\n<meta name=\"twitter:creator\" content=\"@Notibras\" \/>\n<meta name=\"twitter:site\" content=\"@Notibras\" \/>\n<meta name=\"twitter:label1\" content=\"Escrito por\" \/>\n\t<meta name=\"twitter:data1\" content=\"Eduardo Mart\u00ednez\" \/>\n\t<meta name=\"twitter:label2\" content=\"Est. tempo de leitura\" \/>\n\t<meta name=\"twitter:data2\" content=\"3 minutos\" \/>\n<script type=\"application\/ld+json\" class=\"yoast-schema-graph\">{\"@context\":\"https:\/\/schema.org\",\"@graph\":[{\"@type\":\"Article\",\"@id\":\"https:\/\/www.notibras.com\/site\/nunca-foi-sobre-maduro\/#article\",\"isPartOf\":{\"@id\":\"https:\/\/www.notibras.com\/site\/nunca-foi-sobre-maduro\/\"},\"author\":{\"name\":\"Eduardo Mart\u00ednez\",\"@id\":\"https:\/\/www.notibras.com\/site\/#\/schema\/person\/5b7fabf2aedc3ada2105f03b22b4d3dd\"},\"headline\":\"Nunca Foi Sobre Maduro\",\"datePublished\":\"2026-01-10T05:30:08+00:00\",\"dateModified\":\"2026-01-10T09:19:40+00:00\",\"mainEntityOfPage\":{\"@id\":\"https:\/\/www.notibras.com\/site\/nunca-foi-sobre-maduro\/\"},\"wordCount\":531,\"publisher\":{\"@id\":\"https:\/\/www.notibras.com\/site\/#organization\"},\"image\":{\"@id\":\"https:\/\/www.notibras.com\/site\/nunca-foi-sobre-maduro\/#primaryimage\"},\"thumbnailUrl\":\"https:\/\/www.notibras.com\/site\/wp-content\/uploads\/2026\/01\/0aed6580-b039-11f0-ba75-093eca1ac29b.png.webp\",\"articleSection\":[\"Ponto de Vista\"],\"inLanguage\":\"pt-BR\"},{\"@type\":\"WebPage\",\"@id\":\"https:\/\/www.notibras.com\/site\/nunca-foi-sobre-maduro\/\",\"url\":\"https:\/\/www.notibras.com\/site\/nunca-foi-sobre-maduro\/\",\"name\":\"Nunca Foi Sobre Maduro - Notibras\",\"isPartOf\":{\"@id\":\"https:\/\/www.notibras.com\/site\/#website\"},\"primaryImageOfPage\":{\"@id\":\"https:\/\/www.notibras.com\/site\/nunca-foi-sobre-maduro\/#primaryimage\"},\"image\":{\"@id\":\"https:\/\/www.notibras.com\/site\/nunca-foi-sobre-maduro\/#primaryimage\"},\"thumbnailUrl\":\"https:\/\/www.notibras.com\/site\/wp-content\/uploads\/2026\/01\/0aed6580-b039-11f0-ba75-093eca1ac29b.png.webp\",\"datePublished\":\"2026-01-10T05:30:08+00:00\",\"dateModified\":\"2026-01-10T09:19:40+00:00\",\"breadcrumb\":{\"@id\":\"https:\/\/www.notibras.com\/site\/nunca-foi-sobre-maduro\/#breadcrumb\"},\"inLanguage\":\"pt-BR\",\"potentialAction\":[{\"@type\":\"ReadAction\",\"target\":[\"https:\/\/www.notibras.com\/site\/nunca-foi-sobre-maduro\/\"]}]},{\"@type\":\"ImageObject\",\"inLanguage\":\"pt-BR\",\"@id\":\"https:\/\/www.notibras.com\/site\/nunca-foi-sobre-maduro\/#primaryimage\",\"url\":\"https:\/\/www.notibras.com\/site\/wp-content\/uploads\/2026\/01\/0aed6580-b039-11f0-ba75-093eca1ac29b.png.webp\",\"contentUrl\":\"https:\/\/www.notibras.com\/site\/wp-content\/uploads\/2026\/01\/0aed6580-b039-11f0-ba75-093eca1ac29b.png.webp\",\"width\":640,\"height\":360},{\"@type\":\"BreadcrumbList\",\"@id\":\"https:\/\/www.notibras.com\/site\/nunca-foi-sobre-maduro\/#breadcrumb\",\"itemListElement\":[{\"@type\":\"ListItem\",\"position\":1,\"name\":\"In\u00edcio\",\"item\":\"https:\/\/www.notibras.com\/site\/\"},{\"@type\":\"ListItem\",\"position\":2,\"name\":\"Nunca Foi Sobre Maduro\"}]},{\"@type\":\"WebSite\",\"@id\":\"https:\/\/www.notibras.com\/site\/#website\",\"url\":\"https:\/\/www.notibras.com\/site\/\",\"name\":\"Notibras\",\"description\":\"Not\u00edcias de Bras\u00edlia, do Brasil e do Mundo\",\"publisher\":{\"@id\":\"https:\/\/www.notibras.com\/site\/#organization\"},\"potentialAction\":[{\"@type\":\"SearchAction\",\"target\":{\"@type\":\"EntryPoint\",\"urlTemplate\":\"https:\/\/www.notibras.com\/site\/?s={search_term_string}\"},\"query-input\":{\"@type\":\"PropertyValueSpecification\",\"valueRequired\":true,\"valueName\":\"search_term_string\"}}],\"inLanguage\":\"pt-BR\"},{\"@type\":\"Organization\",\"@id\":\"https:\/\/www.notibras.com\/site\/#organization\",\"name\":\"Grupo Notibras de Comunica\u00e7\u00e3o\",\"url\":\"https:\/\/www.notibras.com\/site\/\",\"logo\":{\"@type\":\"ImageObject\",\"inLanguage\":\"pt-BR\",\"@id\":\"https:\/\/www.notibras.com\/site\/#\/schema\/logo\/image\/\",\"url\":\"https:\/\/www.notibras.com\/site\/wp-content\/uploads\/2023\/01\/notibras23.png\",\"contentUrl\":\"https:\/\/www.notibras.com\/site\/wp-content\/uploads\/2023\/01\/notibras23.png\",\"width\":350,\"height\":87,\"caption\":\"Grupo Notibras de Comunica\u00e7\u00e3o\"},\"image\":{\"@id\":\"https:\/\/www.notibras.com\/site\/#\/schema\/logo\/image\/\"},\"sameAs\":[\"https:\/\/www.facebook.com\/notibras\/\",\"https:\/\/x.com\/Notibras\",\"https:\/\/www.instagram.com\/notibras\/\"]},{\"@type\":\"Person\",\"@id\":\"https:\/\/www.notibras.com\/site\/#\/schema\/person\/5b7fabf2aedc3ada2105f03b22b4d3dd\",\"name\":\"Eduardo Mart\u00ednez\",\"image\":{\"@type\":\"ImageObject\",\"inLanguage\":\"pt-BR\",\"@id\":\"https:\/\/secure.gravatar.com\/avatar\/7902f906289926289cbcda644b5197c796b893c6ffd7b9a536a42d290f7704a0?s=96&d=mm&r=g\",\"url\":\"https:\/\/secure.gravatar.com\/avatar\/7902f906289926289cbcda644b5197c796b893c6ffd7b9a536a42d290f7704a0?s=96&d=mm&r=g\",\"contentUrl\":\"https:\/\/secure.gravatar.com\/avatar\/7902f906289926289cbcda644b5197c796b893c6ffd7b9a536a42d290f7704a0?s=96&d=mm&r=g\",\"caption\":\"Eduardo Mart\u00ednez\"}}]}<\/script>\n<!-- \/ Yoast SEO plugin. -->","yoast_head_json":{"title":"Nunca Foi Sobre Maduro - Notibras","robots":{"index":"index","follow":"follow","max-snippet":"max-snippet:-1","max-image-preview":"max-image-preview:large","max-video-preview":"max-video-preview:-1"},"canonical":"https:\/\/www.notibras.com\/site\/nunca-foi-sobre-maduro\/","og_locale":"pt_BR","og_type":"article","og_title":"Nunca Foi Sobre Maduro - Notibras","og_description":"N\u00f3s precisamos colocar isso na mente, sem rodeios e sem ingenuidade: os Estados Unidos atacariam a Venezuela com ou sem Maduro. O nome do presidente \u00e9 um detalhe circunstancial, o objetivo estrutural sempre foi o mesmo. Petr\u00f3leo. Territ\u00f3rio. Controle. Personalizar o conflito \u00e9 uma estrat\u00e9gia antiga. Ao transformar a disputa em um embate moral \u201cditador [&hellip;]","og_url":"https:\/\/www.notibras.com\/site\/nunca-foi-sobre-maduro\/","og_site_name":"Notibras","article_publisher":"https:\/\/www.facebook.com\/notibras\/","article_published_time":"2026-01-10T05:30:08+00:00","article_modified_time":"2026-01-10T09:19:40+00:00","og_image":[{"width":640,"height":360,"url":"https:\/\/www.notibras.com\/site\/wp-content\/uploads\/2026\/01\/0aed6580-b039-11f0-ba75-093eca1ac29b.png.webp","type":"image\/webp"}],"author":"Eduardo Mart\u00ednez","twitter_card":"summary_large_image","twitter_creator":"@Notibras","twitter_site":"@Notibras","twitter_misc":{"Escrito por":"Eduardo Mart\u00ednez","Est. tempo de leitura":"3 minutos"},"schema":{"@context":"https:\/\/schema.org","@graph":[{"@type":"Article","@id":"https:\/\/www.notibras.com\/site\/nunca-foi-sobre-maduro\/#article","isPartOf":{"@id":"https:\/\/www.notibras.com\/site\/nunca-foi-sobre-maduro\/"},"author":{"name":"Eduardo Mart\u00ednez","@id":"https:\/\/www.notibras.com\/site\/#\/schema\/person\/5b7fabf2aedc3ada2105f03b22b4d3dd"},"headline":"Nunca Foi Sobre Maduro","datePublished":"2026-01-10T05:30:08+00:00","dateModified":"2026-01-10T09:19:40+00:00","mainEntityOfPage":{"@id":"https:\/\/www.notibras.com\/site\/nunca-foi-sobre-maduro\/"},"wordCount":531,"publisher":{"@id":"https:\/\/www.notibras.com\/site\/#organization"},"image":{"@id":"https:\/\/www.notibras.com\/site\/nunca-foi-sobre-maduro\/#primaryimage"},"thumbnailUrl":"https:\/\/www.notibras.com\/site\/wp-content\/uploads\/2026\/01\/0aed6580-b039-11f0-ba75-093eca1ac29b.png.webp","articleSection":["Ponto de Vista"],"inLanguage":"pt-BR"},{"@type":"WebPage","@id":"https:\/\/www.notibras.com\/site\/nunca-foi-sobre-maduro\/","url":"https:\/\/www.notibras.com\/site\/nunca-foi-sobre-maduro\/","name":"Nunca Foi Sobre Maduro - Notibras","isPartOf":{"@id":"https:\/\/www.notibras.com\/site\/#website"},"primaryImageOfPage":{"@id":"https:\/\/www.notibras.com\/site\/nunca-foi-sobre-maduro\/#primaryimage"},"image":{"@id":"https:\/\/www.notibras.com\/site\/nunca-foi-sobre-maduro\/#primaryimage"},"thumbnailUrl":"https:\/\/www.notibras.com\/site\/wp-content\/uploads\/2026\/01\/0aed6580-b039-11f0-ba75-093eca1ac29b.png.webp","datePublished":"2026-01-10T05:30:08+00:00","dateModified":"2026-01-10T09:19:40+00:00","breadcrumb":{"@id":"https:\/\/www.notibras.com\/site\/nunca-foi-sobre-maduro\/#breadcrumb"},"inLanguage":"pt-BR","potentialAction":[{"@type":"ReadAction","target":["https:\/\/www.notibras.com\/site\/nunca-foi-sobre-maduro\/"]}]},{"@type":"ImageObject","inLanguage":"pt-BR","@id":"https:\/\/www.notibras.com\/site\/nunca-foi-sobre-maduro\/#primaryimage","url":"https:\/\/www.notibras.com\/site\/wp-content\/uploads\/2026\/01\/0aed6580-b039-11f0-ba75-093eca1ac29b.png.webp","contentUrl":"https:\/\/www.notibras.com\/site\/wp-content\/uploads\/2026\/01\/0aed6580-b039-11f0-ba75-093eca1ac29b.png.webp","width":640,"height":360},{"@type":"BreadcrumbList","@id":"https:\/\/www.notibras.com\/site\/nunca-foi-sobre-maduro\/#breadcrumb","itemListElement":[{"@type":"ListItem","position":1,"name":"In\u00edcio","item":"https:\/\/www.notibras.com\/site\/"},{"@type":"ListItem","position":2,"name":"Nunca Foi Sobre Maduro"}]},{"@type":"WebSite","@id":"https:\/\/www.notibras.com\/site\/#website","url":"https:\/\/www.notibras.com\/site\/","name":"Notibras","description":"Not\u00edcias de Bras\u00edlia, do Brasil e do Mundo","publisher":{"@id":"https:\/\/www.notibras.com\/site\/#organization"},"potentialAction":[{"@type":"SearchAction","target":{"@type":"EntryPoint","urlTemplate":"https:\/\/www.notibras.com\/site\/?s={search_term_string}"},"query-input":{"@type":"PropertyValueSpecification","valueRequired":true,"valueName":"search_term_string"}}],"inLanguage":"pt-BR"},{"@type":"Organization","@id":"https:\/\/www.notibras.com\/site\/#organization","name":"Grupo Notibras de Comunica\u00e7\u00e3o","url":"https:\/\/www.notibras.com\/site\/","logo":{"@type":"ImageObject","inLanguage":"pt-BR","@id":"https:\/\/www.notibras.com\/site\/#\/schema\/logo\/image\/","url":"https:\/\/www.notibras.com\/site\/wp-content\/uploads\/2023\/01\/notibras23.png","contentUrl":"https:\/\/www.notibras.com\/site\/wp-content\/uploads\/2023\/01\/notibras23.png","width":350,"height":87,"caption":"Grupo Notibras de Comunica\u00e7\u00e3o"},"image":{"@id":"https:\/\/www.notibras.com\/site\/#\/schema\/logo\/image\/"},"sameAs":["https:\/\/www.facebook.com\/notibras\/","https:\/\/x.com\/Notibras","https:\/\/www.instagram.com\/notibras\/"]},{"@type":"Person","@id":"https:\/\/www.notibras.com\/site\/#\/schema\/person\/5b7fabf2aedc3ada2105f03b22b4d3dd","name":"Eduardo Mart\u00ednez","image":{"@type":"ImageObject","inLanguage":"pt-BR","@id":"https:\/\/secure.gravatar.com\/avatar\/7902f906289926289cbcda644b5197c796b893c6ffd7b9a536a42d290f7704a0?s=96&d=mm&r=g","url":"https:\/\/secure.gravatar.com\/avatar\/7902f906289926289cbcda644b5197c796b893c6ffd7b9a536a42d290f7704a0?s=96&d=mm&r=g","contentUrl":"https:\/\/secure.gravatar.com\/avatar\/7902f906289926289cbcda644b5197c796b893c6ffd7b9a536a42d290f7704a0?s=96&d=mm&r=g","caption":"Eduardo Mart\u00ednez"}}]}},"amp_enabled":true,"_links":{"self":[{"href":"https:\/\/www.notibras.com\/site\/wp-json\/wp\/v2\/posts\/378168","targetHints":{"allow":["GET"]}}],"collection":[{"href":"https:\/\/www.notibras.com\/site\/wp-json\/wp\/v2\/posts"}],"about":[{"href":"https:\/\/www.notibras.com\/site\/wp-json\/wp\/v2\/types\/post"}],"author":[{"embeddable":true,"href":"https:\/\/www.notibras.com\/site\/wp-json\/wp\/v2\/users\/21"}],"replies":[{"embeddable":true,"href":"https:\/\/www.notibras.com\/site\/wp-json\/wp\/v2\/comments?post=378168"}],"version-history":[{"count":3,"href":"https:\/\/www.notibras.com\/site\/wp-json\/wp\/v2\/posts\/378168\/revisions"}],"predecessor-version":[{"id":378415,"href":"https:\/\/www.notibras.com\/site\/wp-json\/wp\/v2\/posts\/378168\/revisions\/378415"}],"wp:featuredmedia":[{"embeddable":true,"href":"https:\/\/www.notibras.com\/site\/wp-json\/wp\/v2\/media\/378169"}],"wp:attachment":[{"href":"https:\/\/www.notibras.com\/site\/wp-json\/wp\/v2\/media?parent=378168"}],"wp:term":[{"taxonomy":"category","embeddable":true,"href":"https:\/\/www.notibras.com\/site\/wp-json\/wp\/v2\/categories?post=378168"},{"taxonomy":"post_tag","embeddable":true,"href":"https:\/\/www.notibras.com\/site\/wp-json\/wp\/v2\/tags?post=378168"}],"curies":[{"name":"wp","href":"https:\/\/api.w.org\/{rel}","templated":true}]}}