{"id":37817,"date":"2015-02-22T12:37:05","date_gmt":"2015-02-22T15:37:05","guid":{"rendered":"http:\/\/www.notibras.com\/site\/?p=37817"},"modified":"2015-02-22T12:37:05","modified_gmt":"2015-02-22T15:37:05","slug":"alonso-bate-forte-em-treino-e-vai-parar-em-hospital","status":"publish","type":"post","link":"https:\/\/www.notibras.com\/site\/alonso-bate-forte-em-treino-e-vai-parar-em-hospital\/","title":{"rendered":"Alonso bate forte em treino e vai parar em hospital"},"content":{"rendered":"<p>\u201cEle est\u00e1 consciente e falando. Os m\u00e9dicos o levaram para o hospital, de helic\u00f3ptero, para novos exames\u201d. A informa\u00e7\u00e3o \u00e9 de Silvia Hofner, assessora de imprensa da <span class=\"semantica-autolink-topico-tip\">McLaren<\/span>, equipe de <span class=\"semantica-autolink-topico-tip\">Fernando Alonso<\/span>, \u00e0s 13h45 (9h45 de Bras\u00edlia), deste domingo, no paddock do Circuito da Catalunha, em Barcelona.<\/p>\n<p>O piloto espanhol sofreu um acidente \u00e0s 12h36, no fim da sess\u00e3o da manh\u00e3 do \u00faltimo dia de testes desta s\u00e9rie. Alonso havia sa\u00eddo dos boxes naquela volta.<\/p>\n<p>Percorreu a parte final da grande reta, contornou as curvas 1 e 2, lentas, e acelerou trocando marchas que \u00e9 como se vence a curva 3, longa e r\u00e1pida. Mas no meio da curva o campe\u00e3o do mundo de 2005 e 2006 perdeu o controle da McLaren MP4\/30-Honda e tomou a dire\u00e7\u00e3o interna da curva, trajet\u00f3ria pouco comum naquele ponto.<\/p>\n<blockquote><p>N\u00e3o h\u00e1 imagens do acidente, ao menos oficiais. Quem estava pr\u00f3ximo registrou a din\u00e2mica do acidente com um celular.<\/p><\/blockquote>\n<p>Essas imagens mostram o choque da McLaren de lado no muro e em seguida percorrendo a \u00e1rea de escape, em trajet\u00f3ria paralela ao muro, at\u00e9 parar.<\/p>\n<p>At\u00e9 mesmo a desacelera\u00e7\u00e3o n\u00e3o foi abrupta. A impress\u00e3o gerada pelas imagens do v\u00eddeo sugerem que Alonso pode ter perdido a consci\u00eancia antes de bater. N\u00e3o confirmada pelos m\u00e9dicos, informalmente.<\/p>\n","protected":false},"excerpt":{"rendered":"<p>\u201cEle est\u00e1 consciente e falando. Os m\u00e9dicos o levaram para o hospital, de helic\u00f3ptero, para novos exames\u201d. A informa\u00e7\u00e3o \u00e9 de Silvia Hofner, assessora de imprensa da McLaren, equipe de Fernando Alonso, \u00e0s 13h45 (9h45 de Bras\u00edlia), deste domingo, no paddock do Circuito da Catalunha, em Barcelona. O piloto espanhol sofreu um acidente \u00e0s 12h36, [&hellip;]<\/p>\n","protected":false},"author":2,"featured_media":37818,"comment_status":"open","ping_status":"closed","sticky":false,"template":"","format":"standard","meta":{"_acf_changed":false,"footnotes":""},"categories":[27,19],"tags":[],"class_list":["post-37817","post","type-post","status-publish","format-standard","has-post-thumbnail","hentry","category-automobilismo","category-esportes"],"acf":[],"yoast_head":"<!-- This site is optimized with the Yoast SEO plugin v27.2 - https:\/\/yoast.com\/product\/yoast-seo-wordpress\/ -->\n<title>Alonso bate forte em treino e vai parar em hospital - Notibras<\/title>\n<meta name=\"robots\" content=\"index, follow, max-snippet:-1, max-image-preview:large, max-video-preview:-1\" \/>\n<link rel=\"canonical\" href=\"https:\/\/www.notibras.com\/site\/alonso-bate-forte-em-treino-e-vai-parar-em-hospital\/\" \/>\n<meta property=\"og:locale\" content=\"pt_BR\" \/>\n<meta property=\"og:type\" content=\"article\" \/>\n<meta property=\"og:title\" content=\"Alonso bate forte em treino e vai parar em hospital - Notibras\" \/>\n<meta property=\"og:description\" content=\"\u201cEle est\u00e1 consciente e falando. Os m\u00e9dicos o levaram para o hospital, de helic\u00f3ptero, para novos exames\u201d. A informa\u00e7\u00e3o \u00e9 de Silvia Hofner, assessora de imprensa da McLaren, equipe de Fernando Alonso, \u00e0s 13h45 (9h45 de Bras\u00edlia), deste domingo, no paddock do Circuito da Catalunha, em Barcelona. O piloto espanhol sofreu um acidente \u00e0s 12h36, [&hellip;]\" \/>\n<meta property=\"og:url\" content=\"https:\/\/www.notibras.com\/site\/alonso-bate-forte-em-treino-e-vai-parar-em-hospital\/\" \/>\n<meta property=\"og:site_name\" content=\"Notibras\" \/>\n<meta property=\"article:publisher\" content=\"https:\/\/www.facebook.com\/notibras\/\" \/>\n<meta property=\"article:published_time\" content=\"2015-02-22T15:37:05+00:00\" \/>\n<meta property=\"og:image\" content=\"https:\/\/www.notibras.com\/site\/wp-content\/uploads\/2015\/02\/alonso_get.jpg\" \/>\n\t<meta property=\"og:image:width\" content=\"690\" \/>\n\t<meta property=\"og:image:height\" content=\"436\" \/>\n\t<meta property=\"og:image:type\" content=\"image\/jpeg\" \/>\n<meta name=\"author\" content=\"Reda\u00e7\u00e3o\" \/>\n<meta name=\"twitter:card\" content=\"summary_large_image\" \/>\n<meta name=\"twitter:creator\" content=\"@Notibras\" \/>\n<meta name=\"twitter:site\" content=\"@Notibras\" \/>\n<meta name=\"twitter:label1\" content=\"Escrito por\" \/>\n\t<meta name=\"twitter:data1\" content=\"Reda\u00e7\u00e3o\" \/>\n\t<meta name=\"twitter:label2\" content=\"Est. tempo de leitura\" \/>\n\t<meta name=\"twitter:data2\" content=\"1 minuto\" \/>\n<script type=\"application\/ld+json\" class=\"yoast-schema-graph\">{\"@context\":\"https:\/\/schema.org\",\"@graph\":[{\"@type\":\"Article\",\"@id\":\"https:\/\/www.notibras.com\/site\/alonso-bate-forte-em-treino-e-vai-parar-em-hospital\/#article\",\"isPartOf\":{\"@id\":\"https:\/\/www.notibras.com\/site\/alonso-bate-forte-em-treino-e-vai-parar-em-hospital\/\"},\"author\":{\"name\":\"Reda\u00e7\u00e3o\",\"@id\":\"https:\/\/www.notibras.com\/site\/#\/schema\/person\/36ab0979449956132d3e5b517ea76ac8\"},\"headline\":\"Alonso bate forte em treino e vai parar em hospital\",\"datePublished\":\"2015-02-22T15:37:05+00:00\",\"mainEntityOfPage\":{\"@id\":\"https:\/\/www.notibras.com\/site\/alonso-bate-forte-em-treino-e-vai-parar-em-hospital\/\"},\"wordCount\":236,\"commentCount\":0,\"publisher\":{\"@id\":\"https:\/\/www.notibras.com\/site\/#organization\"},\"image\":{\"@id\":\"https:\/\/www.notibras.com\/site\/alonso-bate-forte-em-treino-e-vai-parar-em-hospital\/#primaryimage\"},\"thumbnailUrl\":\"https:\/\/www.notibras.com\/site\/wp-content\/uploads\/2015\/02\/alonso_get.jpg\",\"articleSection\":[\"Automobilismo\",\"Esportes\"],\"inLanguage\":\"pt-BR\",\"potentialAction\":[{\"@type\":\"CommentAction\",\"name\":\"Comment\",\"target\":[\"https:\/\/www.notibras.com\/site\/alonso-bate-forte-em-treino-e-vai-parar-em-hospital\/#respond\"]}]},{\"@type\":\"WebPage\",\"@id\":\"https:\/\/www.notibras.com\/site\/alonso-bate-forte-em-treino-e-vai-parar-em-hospital\/\",\"url\":\"https:\/\/www.notibras.com\/site\/alonso-bate-forte-em-treino-e-vai-parar-em-hospital\/\",\"name\":\"Alonso bate forte em treino e vai parar em hospital - Notibras\",\"isPartOf\":{\"@id\":\"https:\/\/www.notibras.com\/site\/#website\"},\"primaryImageOfPage\":{\"@id\":\"https:\/\/www.notibras.com\/site\/alonso-bate-forte-em-treino-e-vai-parar-em-hospital\/#primaryimage\"},\"image\":{\"@id\":\"https:\/\/www.notibras.com\/site\/alonso-bate-forte-em-treino-e-vai-parar-em-hospital\/#primaryimage\"},\"thumbnailUrl\":\"https:\/\/www.notibras.com\/site\/wp-content\/uploads\/2015\/02\/alonso_get.jpg\",\"datePublished\":\"2015-02-22T15:37:05+00:00\",\"breadcrumb\":{\"@id\":\"https:\/\/www.notibras.com\/site\/alonso-bate-forte-em-treino-e-vai-parar-em-hospital\/#breadcrumb\"},\"inLanguage\":\"pt-BR\",\"potentialAction\":[{\"@type\":\"ReadAction\",\"target\":[\"https:\/\/www.notibras.com\/site\/alonso-bate-forte-em-treino-e-vai-parar-em-hospital\/\"]}]},{\"@type\":\"ImageObject\",\"inLanguage\":\"pt-BR\",\"@id\":\"https:\/\/www.notibras.com\/site\/alonso-bate-forte-em-treino-e-vai-parar-em-hospital\/#primaryimage\",\"url\":\"https:\/\/www.notibras.com\/site\/wp-content\/uploads\/2015\/02\/alonso_get.jpg\",\"contentUrl\":\"https:\/\/www.notibras.com\/site\/wp-content\/uploads\/2015\/02\/alonso_get.jpg\",\"width\":690,\"height\":436},{\"@type\":\"BreadcrumbList\",\"@id\":\"https:\/\/www.notibras.com\/site\/alonso-bate-forte-em-treino-e-vai-parar-em-hospital\/#breadcrumb\",\"itemListElement\":[{\"@type\":\"ListItem\",\"position\":1,\"name\":\"In\u00edcio\",\"item\":\"https:\/\/www.notibras.com\/site\/\"},{\"@type\":\"ListItem\",\"position\":2,\"name\":\"Alonso bate forte em treino e vai parar em hospital\"}]},{\"@type\":\"WebSite\",\"@id\":\"https:\/\/www.notibras.com\/site\/#website\",\"url\":\"https:\/\/www.notibras.com\/site\/\",\"name\":\"Notibras\",\"description\":\"Not\u00edcias de Bras\u00edlia, do Brasil e do Mundo\",\"publisher\":{\"@id\":\"https:\/\/www.notibras.com\/site\/#organization\"},\"potentialAction\":[{\"@type\":\"SearchAction\",\"target\":{\"@type\":\"EntryPoint\",\"urlTemplate\":\"https:\/\/www.notibras.com\/site\/?s={search_term_string}\"},\"query-input\":{\"@type\":\"PropertyValueSpecification\",\"valueRequired\":true,\"valueName\":\"search_term_string\"}}],\"inLanguage\":\"pt-BR\"},{\"@type\":\"Organization\",\"@id\":\"https:\/\/www.notibras.com\/site\/#organization\",\"name\":\"Grupo Notibras de Comunica\u00e7\u00e3o\",\"url\":\"https:\/\/www.notibras.com\/site\/\",\"logo\":{\"@type\":\"ImageObject\",\"inLanguage\":\"pt-BR\",\"@id\":\"https:\/\/www.notibras.com\/site\/#\/schema\/logo\/image\/\",\"url\":\"https:\/\/www.notibras.com\/site\/wp-content\/uploads\/2023\/01\/notibras23.png\",\"contentUrl\":\"https:\/\/www.notibras.com\/site\/wp-content\/uploads\/2023\/01\/notibras23.png\",\"width\":350,\"height\":87,\"caption\":\"Grupo Notibras de Comunica\u00e7\u00e3o\"},\"image\":{\"@id\":\"https:\/\/www.notibras.com\/site\/#\/schema\/logo\/image\/\"},\"sameAs\":[\"https:\/\/www.facebook.com\/notibras\/\",\"https:\/\/x.com\/Notibras\",\"https:\/\/www.instagram.com\/notibras\/\"]},{\"@type\":\"Person\",\"@id\":\"https:\/\/www.notibras.com\/site\/#\/schema\/person\/36ab0979449956132d3e5b517ea76ac8\",\"name\":\"Reda\u00e7\u00e3o\",\"image\":{\"@type\":\"ImageObject\",\"inLanguage\":\"pt-BR\",\"@id\":\"https:\/\/secure.gravatar.com\/avatar\/e0a867bdedb85fd243eadf09663511f96fc81e0720a4a42581f334ad4303aa6b?s=96&d=mm&r=g\",\"url\":\"https:\/\/secure.gravatar.com\/avatar\/e0a867bdedb85fd243eadf09663511f96fc81e0720a4a42581f334ad4303aa6b?s=96&d=mm&r=g\",\"contentUrl\":\"https:\/\/secure.gravatar.com\/avatar\/e0a867bdedb85fd243eadf09663511f96fc81e0720a4a42581f334ad4303aa6b?s=96&d=mm&r=g\",\"caption\":\"Reda\u00e7\u00e3o\"}}]}<\/script>\n<!-- \/ Yoast SEO plugin. -->","yoast_head_json":{"title":"Alonso bate forte em treino e vai parar em hospital - Notibras","robots":{"index":"index","follow":"follow","max-snippet":"max-snippet:-1","max-image-preview":"max-image-preview:large","max-video-preview":"max-video-preview:-1"},"canonical":"https:\/\/www.notibras.com\/site\/alonso-bate-forte-em-treino-e-vai-parar-em-hospital\/","og_locale":"pt_BR","og_type":"article","og_title":"Alonso bate forte em treino e vai parar em hospital - Notibras","og_description":"\u201cEle est\u00e1 consciente e falando. Os m\u00e9dicos o levaram para o hospital, de helic\u00f3ptero, para novos exames\u201d. A informa\u00e7\u00e3o \u00e9 de Silvia Hofner, assessora de imprensa da McLaren, equipe de Fernando Alonso, \u00e0s 13h45 (9h45 de Bras\u00edlia), deste domingo, no paddock do Circuito da Catalunha, em Barcelona. O piloto espanhol sofreu um acidente \u00e0s 12h36, [&hellip;]","og_url":"https:\/\/www.notibras.com\/site\/alonso-bate-forte-em-treino-e-vai-parar-em-hospital\/","og_site_name":"Notibras","article_publisher":"https:\/\/www.facebook.com\/notibras\/","article_published_time":"2015-02-22T15:37:05+00:00","og_image":[{"width":690,"height":436,"url":"https:\/\/www.notibras.com\/site\/wp-content\/uploads\/2015\/02\/alonso_get.jpg","type":"image\/jpeg"}],"author":"Reda\u00e7\u00e3o","twitter_card":"summary_large_image","twitter_creator":"@Notibras","twitter_site":"@Notibras","twitter_misc":{"Escrito por":"Reda\u00e7\u00e3o","Est. tempo de leitura":"1 minuto"},"schema":{"@context":"https:\/\/schema.org","@graph":[{"@type":"Article","@id":"https:\/\/www.notibras.com\/site\/alonso-bate-forte-em-treino-e-vai-parar-em-hospital\/#article","isPartOf":{"@id":"https:\/\/www.notibras.com\/site\/alonso-bate-forte-em-treino-e-vai-parar-em-hospital\/"},"author":{"name":"Reda\u00e7\u00e3o","@id":"https:\/\/www.notibras.com\/site\/#\/schema\/person\/36ab0979449956132d3e5b517ea76ac8"},"headline":"Alonso bate forte em treino e vai parar em hospital","datePublished":"2015-02-22T15:37:05+00:00","mainEntityOfPage":{"@id":"https:\/\/www.notibras.com\/site\/alonso-bate-forte-em-treino-e-vai-parar-em-hospital\/"},"wordCount":236,"commentCount":0,"publisher":{"@id":"https:\/\/www.notibras.com\/site\/#organization"},"image":{"@id":"https:\/\/www.notibras.com\/site\/alonso-bate-forte-em-treino-e-vai-parar-em-hospital\/#primaryimage"},"thumbnailUrl":"https:\/\/www.notibras.com\/site\/wp-content\/uploads\/2015\/02\/alonso_get.jpg","articleSection":["Automobilismo","Esportes"],"inLanguage":"pt-BR","potentialAction":[{"@type":"CommentAction","name":"Comment","target":["https:\/\/www.notibras.com\/site\/alonso-bate-forte-em-treino-e-vai-parar-em-hospital\/#respond"]}]},{"@type":"WebPage","@id":"https:\/\/www.notibras.com\/site\/alonso-bate-forte-em-treino-e-vai-parar-em-hospital\/","url":"https:\/\/www.notibras.com\/site\/alonso-bate-forte-em-treino-e-vai-parar-em-hospital\/","name":"Alonso bate forte em treino e vai parar em hospital - Notibras","isPartOf":{"@id":"https:\/\/www.notibras.com\/site\/#website"},"primaryImageOfPage":{"@id":"https:\/\/www.notibras.com\/site\/alonso-bate-forte-em-treino-e-vai-parar-em-hospital\/#primaryimage"},"image":{"@id":"https:\/\/www.notibras.com\/site\/alonso-bate-forte-em-treino-e-vai-parar-em-hospital\/#primaryimage"},"thumbnailUrl":"https:\/\/www.notibras.com\/site\/wp-content\/uploads\/2015\/02\/alonso_get.jpg","datePublished":"2015-02-22T15:37:05+00:00","breadcrumb":{"@id":"https:\/\/www.notibras.com\/site\/alonso-bate-forte-em-treino-e-vai-parar-em-hospital\/#breadcrumb"},"inLanguage":"pt-BR","potentialAction":[{"@type":"ReadAction","target":["https:\/\/www.notibras.com\/site\/alonso-bate-forte-em-treino-e-vai-parar-em-hospital\/"]}]},{"@type":"ImageObject","inLanguage":"pt-BR","@id":"https:\/\/www.notibras.com\/site\/alonso-bate-forte-em-treino-e-vai-parar-em-hospital\/#primaryimage","url":"https:\/\/www.notibras.com\/site\/wp-content\/uploads\/2015\/02\/alonso_get.jpg","contentUrl":"https:\/\/www.notibras.com\/site\/wp-content\/uploads\/2015\/02\/alonso_get.jpg","width":690,"height":436},{"@type":"BreadcrumbList","@id":"https:\/\/www.notibras.com\/site\/alonso-bate-forte-em-treino-e-vai-parar-em-hospital\/#breadcrumb","itemListElement":[{"@type":"ListItem","position":1,"name":"In\u00edcio","item":"https:\/\/www.notibras.com\/site\/"},{"@type":"ListItem","position":2,"name":"Alonso bate forte em treino e vai parar em hospital"}]},{"@type":"WebSite","@id":"https:\/\/www.notibras.com\/site\/#website","url":"https:\/\/www.notibras.com\/site\/","name":"Notibras","description":"Not\u00edcias de Bras\u00edlia, do Brasil e do Mundo","publisher":{"@id":"https:\/\/www.notibras.com\/site\/#organization"},"potentialAction":[{"@type":"SearchAction","target":{"@type":"EntryPoint","urlTemplate":"https:\/\/www.notibras.com\/site\/?s={search_term_string}"},"query-input":{"@type":"PropertyValueSpecification","valueRequired":true,"valueName":"search_term_string"}}],"inLanguage":"pt-BR"},{"@type":"Organization","@id":"https:\/\/www.notibras.com\/site\/#organization","name":"Grupo Notibras de Comunica\u00e7\u00e3o","url":"https:\/\/www.notibras.com\/site\/","logo":{"@type":"ImageObject","inLanguage":"pt-BR","@id":"https:\/\/www.notibras.com\/site\/#\/schema\/logo\/image\/","url":"https:\/\/www.notibras.com\/site\/wp-content\/uploads\/2023\/01\/notibras23.png","contentUrl":"https:\/\/www.notibras.com\/site\/wp-content\/uploads\/2023\/01\/notibras23.png","width":350,"height":87,"caption":"Grupo Notibras de Comunica\u00e7\u00e3o"},"image":{"@id":"https:\/\/www.notibras.com\/site\/#\/schema\/logo\/image\/"},"sameAs":["https:\/\/www.facebook.com\/notibras\/","https:\/\/x.com\/Notibras","https:\/\/www.instagram.com\/notibras\/"]},{"@type":"Person","@id":"https:\/\/www.notibras.com\/site\/#\/schema\/person\/36ab0979449956132d3e5b517ea76ac8","name":"Reda\u00e7\u00e3o","image":{"@type":"ImageObject","inLanguage":"pt-BR","@id":"https:\/\/secure.gravatar.com\/avatar\/e0a867bdedb85fd243eadf09663511f96fc81e0720a4a42581f334ad4303aa6b?s=96&d=mm&r=g","url":"https:\/\/secure.gravatar.com\/avatar\/e0a867bdedb85fd243eadf09663511f96fc81e0720a4a42581f334ad4303aa6b?s=96&d=mm&r=g","contentUrl":"https:\/\/secure.gravatar.com\/avatar\/e0a867bdedb85fd243eadf09663511f96fc81e0720a4a42581f334ad4303aa6b?s=96&d=mm&r=g","caption":"Reda\u00e7\u00e3o"}}]}},"amp_enabled":true,"_links":{"self":[{"href":"https:\/\/www.notibras.com\/site\/wp-json\/wp\/v2\/posts\/37817","targetHints":{"allow":["GET"]}}],"collection":[{"href":"https:\/\/www.notibras.com\/site\/wp-json\/wp\/v2\/posts"}],"about":[{"href":"https:\/\/www.notibras.com\/site\/wp-json\/wp\/v2\/types\/post"}],"author":[{"embeddable":true,"href":"https:\/\/www.notibras.com\/site\/wp-json\/wp\/v2\/users\/2"}],"replies":[{"embeddable":true,"href":"https:\/\/www.notibras.com\/site\/wp-json\/wp\/v2\/comments?post=37817"}],"version-history":[{"count":0,"href":"https:\/\/www.notibras.com\/site\/wp-json\/wp\/v2\/posts\/37817\/revisions"}],"wp:featuredmedia":[{"embeddable":true,"href":"https:\/\/www.notibras.com\/site\/wp-json\/wp\/v2\/media\/37818"}],"wp:attachment":[{"href":"https:\/\/www.notibras.com\/site\/wp-json\/wp\/v2\/media?parent=37817"}],"wp:term":[{"taxonomy":"category","embeddable":true,"href":"https:\/\/www.notibras.com\/site\/wp-json\/wp\/v2\/categories?post=37817"},{"taxonomy":"post_tag","embeddable":true,"href":"https:\/\/www.notibras.com\/site\/wp-json\/wp\/v2\/tags?post=37817"}],"curies":[{"name":"wp","href":"https:\/\/api.w.org\/{rel}","templated":true}]}}